{"id":8016,"date":"2015-12-25T00:00:00","date_gmt":"2015-12-24T23:00:00","guid":{"rendered":"https:\/\/www.fbf-bff.be\/une-excellente-annee-2015-pour-la-franchise-daniel-moquet-signe-vos-allees\/"},"modified":"2015-12-25T00:00:00","modified_gmt":"2015-12-24T23:00:00","slug":"une-excellente-annee-2015-pour-la-franchise-daniel-moquet-signe-vos-allees","status":"publish","type":"post","link":"https:\/\/www.fbf-bff.be\/fr\/une-excellente-annee-2015-pour-la-franchise-daniel-moquet-signe-vos-allees\/","title":{"rendered":"Une excellente ann\u00e9e 2015 pour la franchise Daniel Moquet Signe Vos All\u00e9es"},"content":{"rendered":"<span style=\"font-weight: bold\">Chiffre d&rsquo;affaires en hausse de 38%<\/span> <div><br><\/div><div>Cette ann\u00e9e, les franchis\u00e9s du r\u00e9seau Daniel Moquet Signe Vos All\u00e9es ont r\u00e9alis\u00e9 un chiffre d\u2019affaires de 72 millions d\u2019euros. Une belle performance puisque ce chiffre est en progression de 38% par rapport \u00e0 2014. Cette progression s\u2019explique, bien s\u00fbr, par l\u2019augmentation du nombre de franchis\u00e9s, mais pas seulement. La communication nationale mise en place par le r\u00e9seau sur les fortes p\u00e9riodes de l\u2019ann\u00e9e a permis de booster la notori\u00e9t\u00e9 et les produits de marque d\u00e9velopp\u00e9s par l\u2019enseigne r\u00e9pondent aux besoins des clients. Le chiffre d\u2019affaires des franchis\u00e9s \u00e9tant, bien \u00e9videmment, un des indicateurs de la sant\u00e9 d\u2019un r\u00e9seau, on peut affirmer sans se tromper que le r\u00e9seau Daniel Moquet Signe Vos All\u00e9es a non seulement un concept viable, mais est surtout solide, et que l\u2019am\u00e9nagement des all\u00e9es, cours et terrasses \u00e0 encore de belles perspectives. <\/div><div>\u00a0 <\/div><div><span style=\"font-weight: bold\">Le r\u00e9seau acc\u00e9l\u00e8re son d\u00e9veloppement en 2015 avec 28 nouvelles franchises <\/span><\/div><div><br><\/div><div>Apr\u00e8s avoir franchi en 2014 le cap des 100 entreprises, Daniel Moquet Signe vos All\u00e9es acc\u00e9l\u00e8re encore son d\u00e9veloppement en 2015. <\/div><div>Cette ann\u00e9e 2015 a \u00e9t\u00e9 particuli\u00e8rement exceptionnelle pour le r\u00e9seau Daniel Moquet Signe Vos All\u00e9es en termes d\u2019ouvertures. 28 nouvelles entreprises ont en effet vu le jour, une forte acc\u00e9l\u00e9ration. Cr\u00e9er en 2005, l\u2019enseigne s\u2019est jusqu\u2019ici d\u00e9velopp\u00e9e au rythme \u00a0de 10 \u00e0 15 ouvertures par an. \u00ab\u00a0Nous pouvons expliquer ce rythme de d\u00e9veloppement par le succ\u00e8s des franchis\u00e9s en place qui dope le recrutement de nouveaux entrants.\u00a0 Cette acc\u00e9l\u00e9ration rentre aussi dans le cadre de nos perspectives pour 2020, \u00e0 savoir atteindre une couverture nationale avec 250 entreprises d\u2019ici 5 ans. Nous sommes structur\u00e9s pour pouvoir accueillir autant de nouveaux franchis\u00e9s chaque ann\u00e9e dans de tr\u00e8s bonnes conditions. <\/div><div>Pour l\u2019instant, nous avons d\u00e9j\u00e0 20 ouvertures de programm\u00e9es pour 2016, dont 8 qui d\u00e9butent d\u00e8s le 4 janvier.\u00a0\u00bb pr\u00e9cise Daniel Moquet. <\/div><div>\u00a0 <\/div><div>Gr\u00e2ce \u00e0 ses 35 ann\u00e9es d\u2019exp\u00e9rience et aux r\u00e9sultats r\u00e9alis\u00e9s par les franchis\u00e9s, les candidats \u00e0 la franchise sont vite convaincus de la rentabilit\u00e9 des entreprises.<\/div>","protected":false},"excerpt":{"rendered":"<p>Chiffre d&rsquo;affaires en hausse de 38%<\/p>\n<div>\n<\/div>\n<div>Cette ann\u00e9e, les franchis\u00e9s du r\u00e9seau Daniel Moquet Signe Vos All\u00e9es ont r\u00e9alis\u00e9 un chiffre d\u2019affaires de 72 millions d\u2019euros. Une belle performance puisque ce chiffre est en progression de 38% par rapport \u00e0 2014.<\/div>\n","protected":false},"author":1,"featured_media":0,"comment_status":"closed","ping_status":"open","sticky":false,"template":"","format":"standard","meta":{"ngg_post_thumbnail":0,"footnotes":""},"categories":[41],"tags":[],"acf":[],"yoast_head":"<!-- This site is optimized with the Yoast SEO plugin v23.5 - https:\/\/yoast.com\/wordpress\/plugins\/seo\/ -->\n<title>Une excellente ann\u00e9e 2015 pour la franchise Daniel Moquet Signe Vos All\u00e9es - F\u00e9d\u00e9ration Belge de la Franchise<\/title>\n<meta name=\"robots\" content=\"index, follow, max-snippet:-1, max-image-preview:large, max-video-preview:-1\" \/>\n<link rel=\"canonical\" href=\"https:\/\/www.fbf-bff.be\/fr\/une-excellente-annee-2015-pour-la-franchise-daniel-moquet-signe-vos-allees\/\" \/>\n<meta property=\"og:locale\" content=\"fr_FR\" \/>\n<meta property=\"og:type\" content=\"article\" \/>\n<meta property=\"og:title\" content=\"Une excellente ann\u00e9e 2015 pour la franchise Daniel Moquet Signe Vos All\u00e9es - F\u00e9d\u00e9ration Belge de la Franchise\" \/>\n<meta property=\"og:description\" content=\"Chiffre d&#039;affaires en hausse de 38% Cette ann\u00e9e, les franchis\u00e9s du r\u00e9seau Daniel Moquet Signe Vos All\u00e9es ont r\u00e9alis\u00e9 un chiffre d\u2019affaires de 72 millions d\u2019euros. Une belle performance puisque ce chiffre est en progression de 38% par rapport \u00e0 2014.\" \/>\n<meta property=\"og:url\" content=\"https:\/\/www.fbf-bff.be\/fr\/une-excellente-annee-2015-pour-la-franchise-daniel-moquet-signe-vos-allees\/\" \/>\n<meta property=\"og:site_name\" content=\"F\u00e9d\u00e9ration Belge de la Franchise\" \/>\n<meta property=\"article:published_time\" content=\"2015-12-24T23:00:00+00:00\" \/>\n<meta property=\"og:image\" content=\"https:\/\/www.fbf-bff.be\/wp-content\/uploads\/2017\/06\/fbf-bff-fb-cover.jpg\" \/>\n\t<meta property=\"og:image:width\" content=\"1200\" \/>\n\t<meta property=\"og:image:height\" content=\"630\" \/>\n\t<meta property=\"og:image:type\" content=\"image\/jpeg\" \/>\n<meta name=\"author\" content=\"fbf_admin\" \/>\n<meta name=\"twitter:card\" content=\"summary_large_image\" \/>\n<meta name=\"twitter:label1\" content=\"\u00c9crit par\" \/>\n\t<meta name=\"twitter:data1\" content=\"fbf_admin\" \/>\n\t<meta name=\"twitter:label2\" content=\"Dur\u00e9e de lecture estim\u00e9e\" \/>\n\t<meta name=\"twitter:data2\" content=\"2 minutes\" \/>\n<script type=\"application\/ld+json\" class=\"yoast-schema-graph\">{\"@context\":\"https:\/\/schema.org\",\"@graph\":[{\"@type\":\"WebPage\",\"@id\":\"https:\/\/www.fbf-bff.be\/fr\/une-excellente-annee-2015-pour-la-franchise-daniel-moquet-signe-vos-allees\/\",\"url\":\"https:\/\/www.fbf-bff.be\/fr\/une-excellente-annee-2015-pour-la-franchise-daniel-moquet-signe-vos-allees\/\",\"name\":\"Une excellente ann\u00e9e 2015 pour la franchise Daniel Moquet Signe Vos All\u00e9es - F\u00e9d\u00e9ration Belge de la Franchise\",\"isPartOf\":{\"@id\":\"https:\/\/www.fbf-bff.be\/#website\"},\"datePublished\":\"2015-12-24T23:00:00+00:00\",\"dateModified\":\"2015-12-24T23:00:00+00:00\",\"author\":{\"@id\":\"https:\/\/www.fbf-bff.be\/#\/schema\/person\/73a9cbee87288cba2b06e3fc29244fe7\"},\"breadcrumb\":{\"@id\":\"https:\/\/www.fbf-bff.be\/fr\/une-excellente-annee-2015-pour-la-franchise-daniel-moquet-signe-vos-allees\/#breadcrumb\"},\"inLanguage\":\"fr-FR\",\"potentialAction\":[{\"@type\":\"ReadAction\",\"target\":[\"https:\/\/www.fbf-bff.be\/fr\/une-excellente-annee-2015-pour-la-franchise-daniel-moquet-signe-vos-allees\/\"]}]},{\"@type\":\"BreadcrumbList\",\"@id\":\"https:\/\/www.fbf-bff.be\/fr\/une-excellente-annee-2015-pour-la-franchise-daniel-moquet-signe-vos-allees\/#breadcrumb\",\"itemListElement\":[{\"@type\":\"ListItem\",\"position\":1,\"name\":\"Home\",\"item\":\"https:\/\/www.fbf-bff.be\/fr\/\"},{\"@type\":\"ListItem\",\"position\":2,\"name\":\"Une excellente ann\u00e9e 2015 pour la franchise Daniel Moquet Signe Vos All\u00e9es\"}]},{\"@type\":\"WebSite\",\"@id\":\"https:\/\/www.fbf-bff.be\/#website\",\"url\":\"https:\/\/www.fbf-bff.be\/\",\"name\":\"F\u00e9d\u00e9ration Belge de la Franchise\",\"description\":\"Pour r\u00e9ussir ensemblee\",\"potentialAction\":[{\"@type\":\"SearchAction\",\"target\":{\"@type\":\"EntryPoint\",\"urlTemplate\":\"https:\/\/www.fbf-bff.be\/?s={search_term_string}\"},\"query-input\":{\"@type\":\"PropertyValueSpecification\",\"valueRequired\":true,\"valueName\":\"search_term_string\"}}],\"inLanguage\":\"fr-FR\"},{\"@type\":\"Person\",\"@id\":\"https:\/\/www.fbf-bff.be\/#\/schema\/person\/73a9cbee87288cba2b06e3fc29244fe7\",\"name\":\"fbf_admin\",\"image\":{\"@type\":\"ImageObject\",\"inLanguage\":\"fr-FR\",\"@id\":\"https:\/\/www.fbf-bff.be\/#\/schema\/person\/image\/\",\"url\":\"https:\/\/secure.gravatar.com\/avatar\/20f6483dbe2a69e0999ddcdd1744b7f7?s=96&d=mm&r=g\",\"contentUrl\":\"https:\/\/secure.gravatar.com\/avatar\/20f6483dbe2a69e0999ddcdd1744b7f7?s=96&d=mm&r=g\",\"caption\":\"fbf_admin\"}}]}<\/script>\n<!-- \/ Yoast SEO plugin. -->","yoast_head_json":{"title":"Une excellente ann\u00e9e 2015 pour la franchise Daniel Moquet Signe Vos All\u00e9es - F\u00e9d\u00e9ration Belge de la Franchise","robots":{"index":"index","follow":"follow","max-snippet":"max-snippet:-1","max-image-preview":"max-image-preview:large","max-video-preview":"max-video-preview:-1"},"canonical":"https:\/\/www.fbf-bff.be\/fr\/une-excellente-annee-2015-pour-la-franchise-daniel-moquet-signe-vos-allees\/","og_locale":"fr_FR","og_type":"article","og_title":"Une excellente ann\u00e9e 2015 pour la franchise Daniel Moquet Signe Vos All\u00e9es - F\u00e9d\u00e9ration Belge de la Franchise","og_description":"Chiffre d'affaires en hausse de 38% Cette ann\u00e9e, les franchis\u00e9s du r\u00e9seau Daniel Moquet Signe Vos All\u00e9es ont r\u00e9alis\u00e9 un chiffre d\u2019affaires de 72 millions d\u2019euros. Une belle performance puisque ce chiffre est en progression de 38% par rapport \u00e0 2014.","og_url":"https:\/\/www.fbf-bff.be\/fr\/une-excellente-annee-2015-pour-la-franchise-daniel-moquet-signe-vos-allees\/","og_site_name":"F\u00e9d\u00e9ration Belge de la Franchise","article_published_time":"2015-12-24T23:00:00+00:00","og_image":[{"width":1200,"height":630,"url":"https:\/\/www.fbf-bff.be\/wp-content\/uploads\/2017\/06\/fbf-bff-fb-cover.jpg","type":"image\/jpeg"}],"author":"fbf_admin","twitter_card":"summary_large_image","twitter_misc":{"\u00c9crit par":"fbf_admin","Dur\u00e9e de lecture estim\u00e9e":"2 minutes"},"schema":{"@context":"https:\/\/schema.org","@graph":[{"@type":"WebPage","@id":"https:\/\/www.fbf-bff.be\/fr\/une-excellente-annee-2015-pour-la-franchise-daniel-moquet-signe-vos-allees\/","url":"https:\/\/www.fbf-bff.be\/fr\/une-excellente-annee-2015-pour-la-franchise-daniel-moquet-signe-vos-allees\/","name":"Une excellente ann\u00e9e 2015 pour la franchise Daniel Moquet Signe Vos All\u00e9es - F\u00e9d\u00e9ration Belge de la Franchise","isPartOf":{"@id":"https:\/\/www.fbf-bff.be\/#website"},"datePublished":"2015-12-24T23:00:00+00:00","dateModified":"2015-12-24T23:00:00+00:00","author":{"@id":"https:\/\/www.fbf-bff.be\/#\/schema\/person\/73a9cbee87288cba2b06e3fc29244fe7"},"breadcrumb":{"@id":"https:\/\/www.fbf-bff.be\/fr\/une-excellente-annee-2015-pour-la-franchise-daniel-moquet-signe-vos-allees\/#breadcrumb"},"inLanguage":"fr-FR","potentialAction":[{"@type":"ReadAction","target":["https:\/\/www.fbf-bff.be\/fr\/une-excellente-annee-2015-pour-la-franchise-daniel-moquet-signe-vos-allees\/"]}]},{"@type":"BreadcrumbList","@id":"https:\/\/www.fbf-bff.be\/fr\/une-excellente-annee-2015-pour-la-franchise-daniel-moquet-signe-vos-allees\/#breadcrumb","itemListElement":[{"@type":"ListItem","position":1,"name":"Home","item":"https:\/\/www.fbf-bff.be\/fr\/"},{"@type":"ListItem","position":2,"name":"Une excellente ann\u00e9e 2015 pour la franchise Daniel Moquet Signe Vos All\u00e9es"}]},{"@type":"WebSite","@id":"https:\/\/www.fbf-bff.be\/#website","url":"https:\/\/www.fbf-bff.be\/","name":"F\u00e9d\u00e9ration Belge de la Franchise","description":"Pour r\u00e9ussir ensemblee","potentialAction":[{"@type":"SearchAction","target":{"@type":"EntryPoint","urlTemplate":"https:\/\/www.fbf-bff.be\/?s={search_term_string}"},"query-input":{"@type":"PropertyValueSpecification","valueRequired":true,"valueName":"search_term_string"}}],"inLanguage":"fr-FR"},{"@type":"Person","@id":"https:\/\/www.fbf-bff.be\/#\/schema\/person\/73a9cbee87288cba2b06e3fc29244fe7","name":"fbf_admin","image":{"@type":"ImageObject","inLanguage":"fr-FR","@id":"https:\/\/www.fbf-bff.be\/#\/schema\/person\/image\/","url":"https:\/\/secure.gravatar.com\/avatar\/20f6483dbe2a69e0999ddcdd1744b7f7?s=96&d=mm&r=g","contentUrl":"https:\/\/secure.gravatar.com\/avatar\/20f6483dbe2a69e0999ddcdd1744b7f7?s=96&d=mm&r=g","caption":"fbf_admin"}}]}},"_links":{"self":[{"href":"https:\/\/www.fbf-bff.be\/fr\/wp-json\/wp\/v2\/posts\/8016"}],"collection":[{"href":"https:\/\/www.fbf-bff.be\/fr\/wp-json\/wp\/v2\/posts"}],"about":[{"href":"https:\/\/www.fbf-bff.be\/fr\/wp-json\/wp\/v2\/types\/post"}],"author":[{"embeddable":true,"href":"https:\/\/www.fbf-bff.be\/fr\/wp-json\/wp\/v2\/users\/1"}],"replies":[{"embeddable":true,"href":"https:\/\/www.fbf-bff.be\/fr\/wp-json\/wp\/v2\/comments?post=8016"}],"version-history":[{"count":0,"href":"https:\/\/www.fbf-bff.be\/fr\/wp-json\/wp\/v2\/posts\/8016\/revisions"}],"wp:attachment":[{"href":"https:\/\/www.fbf-bff.be\/fr\/wp-json\/wp\/v2\/media?parent=8016"}],"wp:term":[{"taxonomy":"category","embeddable":true,"href":"https:\/\/www.fbf-bff.be\/fr\/wp-json\/wp\/v2\/categories?post=8016"},{"taxonomy":"post_tag","embeddable":true,"href":"https:\/\/www.fbf-bff.be\/fr\/wp-json\/wp\/v2\/tags?post=8016"}],"curies":[{"name":"wp","href":"https:\/\/api.w.org\/{rel}","templated":true}]}}