{"id":8007,"date":"2015-12-17T00:00:00","date_gmt":"2015-12-16T23:00:00","guid":{"rendered":"https:\/\/www.fbf-bff.be\/ouverture-dun-deuxieme-magazin-franchise-de-carrefour-express-a-ostende-le-16-decembre\/"},"modified":"2015-12-17T00:00:00","modified_gmt":"2015-12-16T23:00:00","slug":"ouverture-dun-deuxieme-magazin-franchise-de-carrefour-express-a-ostende-le-16-decembre","status":"publish","type":"post","link":"https:\/\/www.fbf-bff.be\/fr\/ouverture-dun-deuxieme-magazin-franchise-de-carrefour-express-a-ostende-le-16-decembre\/","title":{"rendered":"Ouverture d&#8217;un deuxieme magazin franchis\u00e9 de Carrefour Express \u00e0 Ostende le 16 d\u00e9cembre"},"content":{"rendered":"Un autre nouveau Carrefour Express franchis\u00e9 a ouvert ses portes Place Sainte Catherine \u00e0 Ostende hier 16 d\u00e9cembre 2015, le m\u00eame jour que le magazin Express franchis\u00e9 de Genk. Un doubl\u00e9 pour le r\u00e9seau de franchise Express qui a d\u00e9j\u00e0 ouvert quatre nouveaux magasins franchis\u00e9s depuis le d\u00e9but de ce mois de d\u00e9cembre 2015 (Namur, Bruxelles, Genk et Ostende). <div>\u00a0 <\/div><div>Le magasin de 350 m\u00b2 de la nouvelle g\u00e9n\u00e9ration est sous la direction du franchise Bart Buddaert et propose comme tous les nouveaux Express, un rayon frais, des solutions repas \u00ab\u00a0ready to go\u00a0\u00bb pour tous les moments de la journ\u00e9e et tous les produits indispensables de base en droguerie et \u00e9picerie. <\/div><div>\u00a0 <\/div><div>L&rsquo;Express d&rsquo;Ostende est ouvert du lundi au vendredi de 8h \u00e0 19 h et les dimanches et jours f\u00e9ri\u00e9s de 8h \u00e0 18h. <\/div><div>rl. <\/div><div><br><\/div>","protected":false},"excerpt":{"rendered":"<p>Un autre nouveau Carrefour Express franchis\u00e9 a ouvert ses portes Place Sainte Catherine \u00e0 Ostende hier 16 d\u00e9cembre 2015, le m\u00eame jour que le magazin Express franchis\u00e9 de Genk.<\/p>\n","protected":false},"author":1,"featured_media":0,"comment_status":"closed","ping_status":"open","sticky":false,"template":"","format":"standard","meta":{"ngg_post_thumbnail":0,"footnotes":""},"categories":[41],"tags":[],"acf":[],"yoast_head":"<!-- This site is optimized with the Yoast SEO plugin v23.5 - https:\/\/yoast.com\/wordpress\/plugins\/seo\/ -->\n<title>Ouverture d&#8217;un deuxieme magazin franchis\u00e9 de Carrefour Express \u00e0 Ostende le 16 d\u00e9cembre - F\u00e9d\u00e9ration Belge de la Franchise<\/title>\n<meta name=\"robots\" content=\"index, follow, max-snippet:-1, max-image-preview:large, max-video-preview:-1\" \/>\n<link rel=\"canonical\" href=\"https:\/\/www.fbf-bff.be\/fr\/ouverture-dun-deuxieme-magazin-franchise-de-carrefour-express-a-ostende-le-16-decembre\/\" \/>\n<meta property=\"og:locale\" content=\"fr_FR\" \/>\n<meta property=\"og:type\" content=\"article\" \/>\n<meta property=\"og:title\" content=\"Ouverture d&#8217;un deuxieme magazin franchis\u00e9 de Carrefour Express \u00e0 Ostende le 16 d\u00e9cembre - F\u00e9d\u00e9ration Belge de la Franchise\" \/>\n<meta property=\"og:description\" content=\"Un autre nouveau Carrefour Express franchis\u00e9 a ouvert ses portes Place Sainte Catherine \u00e0 Ostende hier 16 d\u00e9cembre 2015, le m\u00eame jour que le magazin Express franchis\u00e9 de Genk.\" \/>\n<meta property=\"og:url\" content=\"https:\/\/www.fbf-bff.be\/fr\/ouverture-dun-deuxieme-magazin-franchise-de-carrefour-express-a-ostende-le-16-decembre\/\" \/>\n<meta property=\"og:site_name\" content=\"F\u00e9d\u00e9ration Belge de la Franchise\" \/>\n<meta property=\"article:published_time\" content=\"2015-12-16T23:00:00+00:00\" \/>\n<meta property=\"og:image\" content=\"https:\/\/www.fbf-bff.be\/wp-content\/uploads\/2017\/06\/fbf-bff-fb-cover.jpg\" \/>\n\t<meta property=\"og:image:width\" content=\"1200\" \/>\n\t<meta property=\"og:image:height\" content=\"630\" \/>\n\t<meta property=\"og:image:type\" content=\"image\/jpeg\" \/>\n<meta name=\"author\" content=\"fbf_admin\" \/>\n<meta name=\"twitter:card\" content=\"summary_large_image\" \/>\n<meta name=\"twitter:label1\" content=\"\u00c9crit par\" \/>\n\t<meta name=\"twitter:data1\" content=\"fbf_admin\" \/>\n\t<meta name=\"twitter:label2\" content=\"Dur\u00e9e de lecture estim\u00e9e\" \/>\n\t<meta name=\"twitter:data2\" content=\"1 minute\" \/>\n<script type=\"application\/ld+json\" class=\"yoast-schema-graph\">{\"@context\":\"https:\/\/schema.org\",\"@graph\":[{\"@type\":\"WebPage\",\"@id\":\"https:\/\/www.fbf-bff.be\/fr\/ouverture-dun-deuxieme-magazin-franchise-de-carrefour-express-a-ostende-le-16-decembre\/\",\"url\":\"https:\/\/www.fbf-bff.be\/fr\/ouverture-dun-deuxieme-magazin-franchise-de-carrefour-express-a-ostende-le-16-decembre\/\",\"name\":\"Ouverture d&#8217;un deuxieme magazin franchis\u00e9 de Carrefour Express \u00e0 Ostende le 16 d\u00e9cembre - F\u00e9d\u00e9ration Belge de la Franchise\",\"isPartOf\":{\"@id\":\"https:\/\/www.fbf-bff.be\/#website\"},\"datePublished\":\"2015-12-16T23:00:00+00:00\",\"dateModified\":\"2015-12-16T23:00:00+00:00\",\"author\":{\"@id\":\"https:\/\/www.fbf-bff.be\/#\/schema\/person\/73a9cbee87288cba2b06e3fc29244fe7\"},\"breadcrumb\":{\"@id\":\"https:\/\/www.fbf-bff.be\/fr\/ouverture-dun-deuxieme-magazin-franchise-de-carrefour-express-a-ostende-le-16-decembre\/#breadcrumb\"},\"inLanguage\":\"fr-FR\",\"potentialAction\":[{\"@type\":\"ReadAction\",\"target\":[\"https:\/\/www.fbf-bff.be\/fr\/ouverture-dun-deuxieme-magazin-franchise-de-carrefour-express-a-ostende-le-16-decembre\/\"]}]},{\"@type\":\"BreadcrumbList\",\"@id\":\"https:\/\/www.fbf-bff.be\/fr\/ouverture-dun-deuxieme-magazin-franchise-de-carrefour-express-a-ostende-le-16-decembre\/#breadcrumb\",\"itemListElement\":[{\"@type\":\"ListItem\",\"position\":1,\"name\":\"Home\",\"item\":\"https:\/\/www.fbf-bff.be\/fr\/\"},{\"@type\":\"ListItem\",\"position\":2,\"name\":\"Ouverture d&#8217;un deuxieme magazin franchis\u00e9 de Carrefour Express \u00e0 Ostende le 16 d\u00e9cembre\"}]},{\"@type\":\"WebSite\",\"@id\":\"https:\/\/www.fbf-bff.be\/#website\",\"url\":\"https:\/\/www.fbf-bff.be\/\",\"name\":\"F\u00e9d\u00e9ration Belge de la Franchise\",\"description\":\"Pour r\u00e9ussir ensemblee\",\"potentialAction\":[{\"@type\":\"SearchAction\",\"target\":{\"@type\":\"EntryPoint\",\"urlTemplate\":\"https:\/\/www.fbf-bff.be\/?s={search_term_string}\"},\"query-input\":{\"@type\":\"PropertyValueSpecification\",\"valueRequired\":true,\"valueName\":\"search_term_string\"}}],\"inLanguage\":\"fr-FR\"},{\"@type\":\"Person\",\"@id\":\"https:\/\/www.fbf-bff.be\/#\/schema\/person\/73a9cbee87288cba2b06e3fc29244fe7\",\"name\":\"fbf_admin\",\"image\":{\"@type\":\"ImageObject\",\"inLanguage\":\"fr-FR\",\"@id\":\"https:\/\/www.fbf-bff.be\/#\/schema\/person\/image\/\",\"url\":\"https:\/\/secure.gravatar.com\/avatar\/20f6483dbe2a69e0999ddcdd1744b7f7?s=96&d=mm&r=g\",\"contentUrl\":\"https:\/\/secure.gravatar.com\/avatar\/20f6483dbe2a69e0999ddcdd1744b7f7?s=96&d=mm&r=g\",\"caption\":\"fbf_admin\"}}]}<\/script>\n<!-- \/ Yoast SEO plugin. -->","yoast_head_json":{"title":"Ouverture d&#8217;un deuxieme magazin franchis\u00e9 de Carrefour Express \u00e0 Ostende le 16 d\u00e9cembre - F\u00e9d\u00e9ration Belge de la Franchise","robots":{"index":"index","follow":"follow","max-snippet":"max-snippet:-1","max-image-preview":"max-image-preview:large","max-video-preview":"max-video-preview:-1"},"canonical":"https:\/\/www.fbf-bff.be\/fr\/ouverture-dun-deuxieme-magazin-franchise-de-carrefour-express-a-ostende-le-16-decembre\/","og_locale":"fr_FR","og_type":"article","og_title":"Ouverture d&#8217;un deuxieme magazin franchis\u00e9 de Carrefour Express \u00e0 Ostende le 16 d\u00e9cembre - F\u00e9d\u00e9ration Belge de la Franchise","og_description":"Un autre nouveau Carrefour Express franchis\u00e9 a ouvert ses portes Place Sainte Catherine \u00e0 Ostende hier 16 d\u00e9cembre 2015, le m\u00eame jour que le magazin Express franchis\u00e9 de Genk.","og_url":"https:\/\/www.fbf-bff.be\/fr\/ouverture-dun-deuxieme-magazin-franchise-de-carrefour-express-a-ostende-le-16-decembre\/","og_site_name":"F\u00e9d\u00e9ration Belge de la Franchise","article_published_time":"2015-12-16T23:00:00+00:00","og_image":[{"width":1200,"height":630,"url":"https:\/\/www.fbf-bff.be\/wp-content\/uploads\/2017\/06\/fbf-bff-fb-cover.jpg","type":"image\/jpeg"}],"author":"fbf_admin","twitter_card":"summary_large_image","twitter_misc":{"\u00c9crit par":"fbf_admin","Dur\u00e9e de lecture estim\u00e9e":"1 minute"},"schema":{"@context":"https:\/\/schema.org","@graph":[{"@type":"WebPage","@id":"https:\/\/www.fbf-bff.be\/fr\/ouverture-dun-deuxieme-magazin-franchise-de-carrefour-express-a-ostende-le-16-decembre\/","url":"https:\/\/www.fbf-bff.be\/fr\/ouverture-dun-deuxieme-magazin-franchise-de-carrefour-express-a-ostende-le-16-decembre\/","name":"Ouverture d&#8217;un deuxieme magazin franchis\u00e9 de Carrefour Express \u00e0 Ostende le 16 d\u00e9cembre - F\u00e9d\u00e9ration Belge de la Franchise","isPartOf":{"@id":"https:\/\/www.fbf-bff.be\/#website"},"datePublished":"2015-12-16T23:00:00+00:00","dateModified":"2015-12-16T23:00:00+00:00","author":{"@id":"https:\/\/www.fbf-bff.be\/#\/schema\/person\/73a9cbee87288cba2b06e3fc29244fe7"},"breadcrumb":{"@id":"https:\/\/www.fbf-bff.be\/fr\/ouverture-dun-deuxieme-magazin-franchise-de-carrefour-express-a-ostende-le-16-decembre\/#breadcrumb"},"inLanguage":"fr-FR","potentialAction":[{"@type":"ReadAction","target":["https:\/\/www.fbf-bff.be\/fr\/ouverture-dun-deuxieme-magazin-franchise-de-carrefour-express-a-ostende-le-16-decembre\/"]}]},{"@type":"BreadcrumbList","@id":"https:\/\/www.fbf-bff.be\/fr\/ouverture-dun-deuxieme-magazin-franchise-de-carrefour-express-a-ostende-le-16-decembre\/#breadcrumb","itemListElement":[{"@type":"ListItem","position":1,"name":"Home","item":"https:\/\/www.fbf-bff.be\/fr\/"},{"@type":"ListItem","position":2,"name":"Ouverture d&#8217;un deuxieme magazin franchis\u00e9 de Carrefour Express \u00e0 Ostende le 16 d\u00e9cembre"}]},{"@type":"WebSite","@id":"https:\/\/www.fbf-bff.be\/#website","url":"https:\/\/www.fbf-bff.be\/","name":"F\u00e9d\u00e9ration Belge de la Franchise","description":"Pour r\u00e9ussir ensemblee","potentialAction":[{"@type":"SearchAction","target":{"@type":"EntryPoint","urlTemplate":"https:\/\/www.fbf-bff.be\/?s={search_term_string}"},"query-input":{"@type":"PropertyValueSpecification","valueRequired":true,"valueName":"search_term_string"}}],"inLanguage":"fr-FR"},{"@type":"Person","@id":"https:\/\/www.fbf-bff.be\/#\/schema\/person\/73a9cbee87288cba2b06e3fc29244fe7","name":"fbf_admin","image":{"@type":"ImageObject","inLanguage":"fr-FR","@id":"https:\/\/www.fbf-bff.be\/#\/schema\/person\/image\/","url":"https:\/\/secure.gravatar.com\/avatar\/20f6483dbe2a69e0999ddcdd1744b7f7?s=96&d=mm&r=g","contentUrl":"https:\/\/secure.gravatar.com\/avatar\/20f6483dbe2a69e0999ddcdd1744b7f7?s=96&d=mm&r=g","caption":"fbf_admin"}}]}},"_links":{"self":[{"href":"https:\/\/www.fbf-bff.be\/fr\/wp-json\/wp\/v2\/posts\/8007"}],"collection":[{"href":"https:\/\/www.fbf-bff.be\/fr\/wp-json\/wp\/v2\/posts"}],"about":[{"href":"https:\/\/www.fbf-bff.be\/fr\/wp-json\/wp\/v2\/types\/post"}],"author":[{"embeddable":true,"href":"https:\/\/www.fbf-bff.be\/fr\/wp-json\/wp\/v2\/users\/1"}],"replies":[{"embeddable":true,"href":"https:\/\/www.fbf-bff.be\/fr\/wp-json\/wp\/v2\/comments?post=8007"}],"version-history":[{"count":0,"href":"https:\/\/www.fbf-bff.be\/fr\/wp-json\/wp\/v2\/posts\/8007\/revisions"}],"wp:attachment":[{"href":"https:\/\/www.fbf-bff.be\/fr\/wp-json\/wp\/v2\/media?parent=8007"}],"wp:term":[{"taxonomy":"category","embeddable":true,"href":"https:\/\/www.fbf-bff.be\/fr\/wp-json\/wp\/v2\/categories?post=8007"},{"taxonomy":"post_tag","embeddable":true,"href":"https:\/\/www.fbf-bff.be\/fr\/wp-json\/wp\/v2\/tags?post=8007"}],"curies":[{"name":"wp","href":"https:\/\/api.w.org\/{rel}","templated":true}]}}