{"id":8004,"date":"2015-12-14T00:00:00","date_gmt":"2015-12-13T23:00:00","guid":{"rendered":"https:\/\/www.fbf-bff.be\/pano-invite-son-reseau-a-participer-activement-a-la-protection-de-lenvironnement\/"},"modified":"2015-12-14T00:00:00","modified_gmt":"2015-12-13T23:00:00","slug":"pano-invite-son-reseau-a-participer-activement-a-la-protection-de-lenvironnement","status":"publish","type":"post","link":"https:\/\/www.fbf-bff.be\/fr\/pano-invite-son-reseau-a-participer-activement-a-la-protection-de-lenvironnement\/","title":{"rendered":"PANO invite son r\u00e9seau \u00e0 participer activement \u00e0 la protection de l\u2019environnement"},"content":{"rendered":"Dans le cadre de la COP 21 (Conf\u00e9rence Climat des Nations Unies), PANO invite son r\u00e9seau \u00e0 r\u00e9fl\u00e9chir sur une pratique quotidienne d\u2019aide \u00e0 la protection de l\u2019environnement. <div>\u00a0 <\/div><div>PANO, soucieux du respect de l\u2019environnement, est une entreprise internationale d\u2019experts en signal\u00e9tique et marquage publicitaire. <\/div><div>Afin de faire sa part pour la protection de l\u2019environnement, PANO s\u2019est engag\u00e9 dans une d\u00e9marche d\u2019entreprise citoyenne et a invit\u00e9 son r\u00e9seau \u00e0 int\u00e9grer la philosophie des trois R : \u00ab R\u00e9duire, R\u00e9utiliser, Recycler \u00bb. <\/div><div>Chaque concessionnaire peut proposer des d\u00e9marches pratiques via une bo\u00eete \u00e0 id\u00e9es sur l\u2019extranet PANO. Les autres concessionnaires peuvent alors \u00e0 leur tour appliquer ces id\u00e9es dans leur agence. <\/div><div>\u00a0 <\/div><div>Une initiative sympathique pour faire vivre cette philosophie. <\/div><div><br><\/div>","protected":false},"excerpt":{"rendered":"<p>Dans le cadre de la COP 21 (Conf\u00e9rence Climat des Nations Unies), PANO invite son r\u00e9seau \u00e0 r\u00e9fl\u00e9chir sur une pratique quotidienne d\u2019aide \u00e0 la protection de l\u2019environnement.<\/p>\n","protected":false},"author":1,"featured_media":0,"comment_status":"closed","ping_status":"open","sticky":false,"template":"","format":"standard","meta":{"ngg_post_thumbnail":0,"footnotes":""},"categories":[41],"tags":[],"acf":[],"yoast_head":"<!-- This site is optimized with the Yoast SEO plugin v23.5 - https:\/\/yoast.com\/wordpress\/plugins\/seo\/ -->\n<title>PANO invite son r\u00e9seau \u00e0 participer activement \u00e0 la protection de l\u2019environnement - F\u00e9d\u00e9ration Belge de la Franchise<\/title>\n<meta name=\"robots\" content=\"index, follow, max-snippet:-1, max-image-preview:large, max-video-preview:-1\" \/>\n<link rel=\"canonical\" href=\"https:\/\/www.fbf-bff.be\/fr\/pano-invite-son-reseau-a-participer-activement-a-la-protection-de-lenvironnement\/\" \/>\n<meta property=\"og:locale\" content=\"fr_FR\" \/>\n<meta property=\"og:type\" content=\"article\" \/>\n<meta property=\"og:title\" content=\"PANO invite son r\u00e9seau \u00e0 participer activement \u00e0 la protection de l\u2019environnement - F\u00e9d\u00e9ration Belge de la Franchise\" \/>\n<meta property=\"og:description\" content=\"Dans le cadre de la COP 21 (Conf\u00e9rence Climat des Nations Unies), PANO invite son r\u00e9seau \u00e0 r\u00e9fl\u00e9chir sur une pratique quotidienne d\u2019aide \u00e0 la protection de l\u2019environnement.\" \/>\n<meta property=\"og:url\" content=\"https:\/\/www.fbf-bff.be\/fr\/pano-invite-son-reseau-a-participer-activement-a-la-protection-de-lenvironnement\/\" \/>\n<meta property=\"og:site_name\" content=\"F\u00e9d\u00e9ration Belge de la Franchise\" \/>\n<meta property=\"article:published_time\" content=\"2015-12-13T23:00:00+00:00\" \/>\n<meta property=\"og:image\" content=\"https:\/\/www.fbf-bff.be\/wp-content\/uploads\/2017\/06\/fbf-bff-fb-cover.jpg\" \/>\n\t<meta property=\"og:image:width\" content=\"1200\" \/>\n\t<meta property=\"og:image:height\" content=\"630\" \/>\n\t<meta property=\"og:image:type\" content=\"image\/jpeg\" \/>\n<meta name=\"author\" content=\"fbf_admin\" \/>\n<meta name=\"twitter:card\" content=\"summary_large_image\" \/>\n<meta name=\"twitter:label1\" content=\"\u00c9crit par\" \/>\n\t<meta name=\"twitter:data1\" content=\"fbf_admin\" \/>\n\t<meta name=\"twitter:label2\" content=\"Dur\u00e9e de lecture estim\u00e9e\" \/>\n\t<meta name=\"twitter:data2\" content=\"1 minute\" \/>\n<script type=\"application\/ld+json\" class=\"yoast-schema-graph\">{\"@context\":\"https:\/\/schema.org\",\"@graph\":[{\"@type\":\"WebPage\",\"@id\":\"https:\/\/www.fbf-bff.be\/fr\/pano-invite-son-reseau-a-participer-activement-a-la-protection-de-lenvironnement\/\",\"url\":\"https:\/\/www.fbf-bff.be\/fr\/pano-invite-son-reseau-a-participer-activement-a-la-protection-de-lenvironnement\/\",\"name\":\"PANO invite son r\u00e9seau \u00e0 participer activement \u00e0 la protection de l\u2019environnement - F\u00e9d\u00e9ration Belge de la Franchise\",\"isPartOf\":{\"@id\":\"https:\/\/www.fbf-bff.be\/#website\"},\"datePublished\":\"2015-12-13T23:00:00+00:00\",\"dateModified\":\"2015-12-13T23:00:00+00:00\",\"author\":{\"@id\":\"https:\/\/www.fbf-bff.be\/#\/schema\/person\/73a9cbee87288cba2b06e3fc29244fe7\"},\"breadcrumb\":{\"@id\":\"https:\/\/www.fbf-bff.be\/fr\/pano-invite-son-reseau-a-participer-activement-a-la-protection-de-lenvironnement\/#breadcrumb\"},\"inLanguage\":\"fr-FR\",\"potentialAction\":[{\"@type\":\"ReadAction\",\"target\":[\"https:\/\/www.fbf-bff.be\/fr\/pano-invite-son-reseau-a-participer-activement-a-la-protection-de-lenvironnement\/\"]}]},{\"@type\":\"BreadcrumbList\",\"@id\":\"https:\/\/www.fbf-bff.be\/fr\/pano-invite-son-reseau-a-participer-activement-a-la-protection-de-lenvironnement\/#breadcrumb\",\"itemListElement\":[{\"@type\":\"ListItem\",\"position\":1,\"name\":\"Home\",\"item\":\"https:\/\/www.fbf-bff.be\/fr\/\"},{\"@type\":\"ListItem\",\"position\":2,\"name\":\"PANO invite son r\u00e9seau \u00e0 participer activement \u00e0 la protection de l\u2019environnement\"}]},{\"@type\":\"WebSite\",\"@id\":\"https:\/\/www.fbf-bff.be\/#website\",\"url\":\"https:\/\/www.fbf-bff.be\/\",\"name\":\"F\u00e9d\u00e9ration Belge de la Franchise\",\"description\":\"Pour r\u00e9ussir ensemblee\",\"potentialAction\":[{\"@type\":\"SearchAction\",\"target\":{\"@type\":\"EntryPoint\",\"urlTemplate\":\"https:\/\/www.fbf-bff.be\/?s={search_term_string}\"},\"query-input\":{\"@type\":\"PropertyValueSpecification\",\"valueRequired\":true,\"valueName\":\"search_term_string\"}}],\"inLanguage\":\"fr-FR\"},{\"@type\":\"Person\",\"@id\":\"https:\/\/www.fbf-bff.be\/#\/schema\/person\/73a9cbee87288cba2b06e3fc29244fe7\",\"name\":\"fbf_admin\",\"image\":{\"@type\":\"ImageObject\",\"inLanguage\":\"fr-FR\",\"@id\":\"https:\/\/www.fbf-bff.be\/#\/schema\/person\/image\/\",\"url\":\"https:\/\/secure.gravatar.com\/avatar\/20f6483dbe2a69e0999ddcdd1744b7f7?s=96&d=mm&r=g\",\"contentUrl\":\"https:\/\/secure.gravatar.com\/avatar\/20f6483dbe2a69e0999ddcdd1744b7f7?s=96&d=mm&r=g\",\"caption\":\"fbf_admin\"}}]}<\/script>\n<!-- \/ Yoast SEO plugin. -->","yoast_head_json":{"title":"PANO invite son r\u00e9seau \u00e0 participer activement \u00e0 la protection de l\u2019environnement - F\u00e9d\u00e9ration Belge de la Franchise","robots":{"index":"index","follow":"follow","max-snippet":"max-snippet:-1","max-image-preview":"max-image-preview:large","max-video-preview":"max-video-preview:-1"},"canonical":"https:\/\/www.fbf-bff.be\/fr\/pano-invite-son-reseau-a-participer-activement-a-la-protection-de-lenvironnement\/","og_locale":"fr_FR","og_type":"article","og_title":"PANO invite son r\u00e9seau \u00e0 participer activement \u00e0 la protection de l\u2019environnement - F\u00e9d\u00e9ration Belge de la Franchise","og_description":"Dans le cadre de la COP 21 (Conf\u00e9rence Climat des Nations Unies), PANO invite son r\u00e9seau \u00e0 r\u00e9fl\u00e9chir sur une pratique quotidienne d\u2019aide \u00e0 la protection de l\u2019environnement.","og_url":"https:\/\/www.fbf-bff.be\/fr\/pano-invite-son-reseau-a-participer-activement-a-la-protection-de-lenvironnement\/","og_site_name":"F\u00e9d\u00e9ration Belge de la Franchise","article_published_time":"2015-12-13T23:00:00+00:00","og_image":[{"width":1200,"height":630,"url":"https:\/\/www.fbf-bff.be\/wp-content\/uploads\/2017\/06\/fbf-bff-fb-cover.jpg","type":"image\/jpeg"}],"author":"fbf_admin","twitter_card":"summary_large_image","twitter_misc":{"\u00c9crit par":"fbf_admin","Dur\u00e9e de lecture estim\u00e9e":"1 minute"},"schema":{"@context":"https:\/\/schema.org","@graph":[{"@type":"WebPage","@id":"https:\/\/www.fbf-bff.be\/fr\/pano-invite-son-reseau-a-participer-activement-a-la-protection-de-lenvironnement\/","url":"https:\/\/www.fbf-bff.be\/fr\/pano-invite-son-reseau-a-participer-activement-a-la-protection-de-lenvironnement\/","name":"PANO invite son r\u00e9seau \u00e0 participer activement \u00e0 la protection de l\u2019environnement - F\u00e9d\u00e9ration Belge de la Franchise","isPartOf":{"@id":"https:\/\/www.fbf-bff.be\/#website"},"datePublished":"2015-12-13T23:00:00+00:00","dateModified":"2015-12-13T23:00:00+00:00","author":{"@id":"https:\/\/www.fbf-bff.be\/#\/schema\/person\/73a9cbee87288cba2b06e3fc29244fe7"},"breadcrumb":{"@id":"https:\/\/www.fbf-bff.be\/fr\/pano-invite-son-reseau-a-participer-activement-a-la-protection-de-lenvironnement\/#breadcrumb"},"inLanguage":"fr-FR","potentialAction":[{"@type":"ReadAction","target":["https:\/\/www.fbf-bff.be\/fr\/pano-invite-son-reseau-a-participer-activement-a-la-protection-de-lenvironnement\/"]}]},{"@type":"BreadcrumbList","@id":"https:\/\/www.fbf-bff.be\/fr\/pano-invite-son-reseau-a-participer-activement-a-la-protection-de-lenvironnement\/#breadcrumb","itemListElement":[{"@type":"ListItem","position":1,"name":"Home","item":"https:\/\/www.fbf-bff.be\/fr\/"},{"@type":"ListItem","position":2,"name":"PANO invite son r\u00e9seau \u00e0 participer activement \u00e0 la protection de l\u2019environnement"}]},{"@type":"WebSite","@id":"https:\/\/www.fbf-bff.be\/#website","url":"https:\/\/www.fbf-bff.be\/","name":"F\u00e9d\u00e9ration Belge de la Franchise","description":"Pour r\u00e9ussir ensemblee","potentialAction":[{"@type":"SearchAction","target":{"@type":"EntryPoint","urlTemplate":"https:\/\/www.fbf-bff.be\/?s={search_term_string}"},"query-input":{"@type":"PropertyValueSpecification","valueRequired":true,"valueName":"search_term_string"}}],"inLanguage":"fr-FR"},{"@type":"Person","@id":"https:\/\/www.fbf-bff.be\/#\/schema\/person\/73a9cbee87288cba2b06e3fc29244fe7","name":"fbf_admin","image":{"@type":"ImageObject","inLanguage":"fr-FR","@id":"https:\/\/www.fbf-bff.be\/#\/schema\/person\/image\/","url":"https:\/\/secure.gravatar.com\/avatar\/20f6483dbe2a69e0999ddcdd1744b7f7?s=96&d=mm&r=g","contentUrl":"https:\/\/secure.gravatar.com\/avatar\/20f6483dbe2a69e0999ddcdd1744b7f7?s=96&d=mm&r=g","caption":"fbf_admin"}}]}},"_links":{"self":[{"href":"https:\/\/www.fbf-bff.be\/fr\/wp-json\/wp\/v2\/posts\/8004"}],"collection":[{"href":"https:\/\/www.fbf-bff.be\/fr\/wp-json\/wp\/v2\/posts"}],"about":[{"href":"https:\/\/www.fbf-bff.be\/fr\/wp-json\/wp\/v2\/types\/post"}],"author":[{"embeddable":true,"href":"https:\/\/www.fbf-bff.be\/fr\/wp-json\/wp\/v2\/users\/1"}],"replies":[{"embeddable":true,"href":"https:\/\/www.fbf-bff.be\/fr\/wp-json\/wp\/v2\/comments?post=8004"}],"version-history":[{"count":0,"href":"https:\/\/www.fbf-bff.be\/fr\/wp-json\/wp\/v2\/posts\/8004\/revisions"}],"wp:attachment":[{"href":"https:\/\/www.fbf-bff.be\/fr\/wp-json\/wp\/v2\/media?parent=8004"}],"wp:term":[{"taxonomy":"category","embeddable":true,"href":"https:\/\/www.fbf-bff.be\/fr\/wp-json\/wp\/v2\/categories?post=8004"},{"taxonomy":"post_tag","embeddable":true,"href":"https:\/\/www.fbf-bff.be\/fr\/wp-json\/wp\/v2\/tags?post=8004"}],"curies":[{"name":"wp","href":"https:\/\/api.w.org\/{rel}","templated":true}]}}