{"id":7992,"date":"2015-12-02T00:00:00","date_gmt":"2015-12-01T23:00:00","guid":{"rendered":"https:\/\/www.fbf-bff.be\/un-nouveau-restaurant-franchise-pour-lunch-garden-a-libramont\/"},"modified":"2015-12-02T00:00:00","modified_gmt":"2015-12-01T23:00:00","slug":"un-nouveau-restaurant-franchise-pour-lunch-garden-a-libramont","status":"publish","type":"post","link":"https:\/\/www.fbf-bff.be\/fr\/un-nouveau-restaurant-franchise-pour-lunch-garden-a-libramont\/","title":{"rendered":"Un nouveau restaurant franchis\u00e9 pour Lunch Garden \u00e0 Libramont"},"content":{"rendered":"Le nouveau restaurant Lunch Garden de Libramont a ouvert ses portes le dimanche 22 Novembre. Cette ouverture du 72i\u00e8me restaurant, le 25i\u00e8me qui sera exploit\u00e9 en franchise, confirme la volont\u00e9 de Lunch Garden de d\u00e9velopper son parc de restaurants. Le nouveau restaurant franchis\u00e9 de Lunch Garden est situ\u00e9 sur l\u2019Avenue de Bouillon \u00e0 c\u00f4t\u00e9 du Traffic.<div><br><\/div><div>Ce restaurant dispose d\u2019une superficie de 540 m\u00b2, y compris une grande terrasse, et peut accueillir 200 personnes. Le restaurant sera exploit\u00e9 par le franchiseur Eric Defourny et seretrouvera dans un quartier en plein d\u00e9veloppement.<\/div><div><br><\/div><div>Des plats \u00e9quilibr\u00e9s \u00e0 un prix abordable\u2026<\/div><div><br><\/div><div>\u00a0Lorsque nous allons manger \u00e0 l\u2019ext\u00e9rieur, nous sommes de plus en plus \u00e0 la recherche d\u2019un repas rapide et sain. Depuis des ann\u00e9es, Lunch Garden offre la solution id\u00e9ale avec sa formule de d\u00e9licieux repas \u00e9quilibr\u00e9s \u00e0 un prix abordable. Au menu, les clients d\u00e9couvriront les grands classiques comme le vol-au-vent et les moules-frites ainsi que des plats contemporains tels que des p\u00e2tes, des woks et des grillades.<\/div><div><br><\/div><div>\u00a0\u2026 dans un environnement agr\u00e9able et moderne<\/div><div><br><\/div><div>\u00a0Comme dans tous les restaurants nouveaux et r\u00e9nov\u00e9s du parc, le restaurant franchis\u00e9 de Libramont adopte un look fonctionnel, contemporain et a\u00e9r\u00e9. Le mobilier et la d\u00e9coration r\u00e9solument plus moderne cr\u00e9ent une ambiance sympathique et familiale. Le concept pr\u00e9voit \u00e9galement plus de facilit\u00e9s self-service : les diff\u00e9rentes zones sont, par exemple, clairement indiqu\u00e9es et les clients peuvent plus facilement consulter les menus. De plus, Lunch Garden propose des espaces wifi o\u00f9 les clients peuvent s\u2019installer s\u2019ils d\u00e9sirent travailler ou surfer sur Internet.<\/div><div><br><\/div><div>Annick Van Overstraeten, General Manager de Lunch Garden, commente : \u00ab Nous croyons fermement au succ\u00e8s futur de ce nouveau restaurant Lunch Garden, en raison notamment de son excellente situation dans la zone commerciale de Recogne.<\/div><div><br><\/div><div>\u00a0<\/div>","protected":false},"excerpt":{"rendered":"<p>Le nouveau restaurant Lunch Garden de Libramont a ouvert ses portes le dimanche 22 Novembre. Cette ouverture du 72i\u00e8me restaurant, le 25i\u00e8me qui sera exploit\u00e9 en franchise, confirme la volont\u00e9 de Lunch Garden de d\u00e9velopper son parc de restaurants.\u00a0<\/p>\n","protected":false},"author":1,"featured_media":0,"comment_status":"closed","ping_status":"open","sticky":false,"template":"","format":"standard","meta":{"ngg_post_thumbnail":0,"footnotes":""},"categories":[41],"tags":[],"acf":[],"yoast_head":"<!-- This site is optimized with the Yoast SEO plugin v23.5 - https:\/\/yoast.com\/wordpress\/plugins\/seo\/ -->\n<title>Un nouveau restaurant franchis\u00e9 pour Lunch Garden \u00e0 Libramont - F\u00e9d\u00e9ration Belge de la Franchise<\/title>\n<meta name=\"robots\" content=\"index, follow, max-snippet:-1, max-image-preview:large, max-video-preview:-1\" \/>\n<link rel=\"canonical\" href=\"https:\/\/www.fbf-bff.be\/fr\/un-nouveau-restaurant-franchise-pour-lunch-garden-a-libramont\/\" \/>\n<meta property=\"og:locale\" content=\"fr_FR\" \/>\n<meta property=\"og:type\" content=\"article\" \/>\n<meta property=\"og:title\" content=\"Un nouveau restaurant franchis\u00e9 pour Lunch Garden \u00e0 Libramont - F\u00e9d\u00e9ration Belge de la Franchise\" \/>\n<meta property=\"og:description\" content=\"Le nouveau restaurant Lunch Garden de Libramont a ouvert ses portes le dimanche 22 Novembre. Cette ouverture du 72i\u00e8me restaurant, le 25i\u00e8me qui sera exploit\u00e9 en franchise, confirme la volont\u00e9 de Lunch Garden de d\u00e9velopper son parc de restaurants.\u00a0\" \/>\n<meta property=\"og:url\" content=\"https:\/\/www.fbf-bff.be\/fr\/un-nouveau-restaurant-franchise-pour-lunch-garden-a-libramont\/\" \/>\n<meta property=\"og:site_name\" content=\"F\u00e9d\u00e9ration Belge de la Franchise\" \/>\n<meta property=\"article:published_time\" content=\"2015-12-01T23:00:00+00:00\" \/>\n<meta property=\"og:image\" content=\"https:\/\/www.fbf-bff.be\/wp-content\/uploads\/2017\/06\/fbf-bff-fb-cover.jpg\" \/>\n\t<meta property=\"og:image:width\" content=\"1200\" \/>\n\t<meta property=\"og:image:height\" content=\"630\" \/>\n\t<meta property=\"og:image:type\" content=\"image\/jpeg\" \/>\n<meta name=\"author\" content=\"fbf_admin\" \/>\n<meta name=\"twitter:card\" content=\"summary_large_image\" \/>\n<meta name=\"twitter:label1\" content=\"\u00c9crit par\" \/>\n\t<meta name=\"twitter:data1\" content=\"fbf_admin\" \/>\n\t<meta name=\"twitter:label2\" content=\"Dur\u00e9e de lecture estim\u00e9e\" \/>\n\t<meta name=\"twitter:data2\" content=\"2 minutes\" \/>\n<script type=\"application\/ld+json\" class=\"yoast-schema-graph\">{\"@context\":\"https:\/\/schema.org\",\"@graph\":[{\"@type\":\"WebPage\",\"@id\":\"https:\/\/www.fbf-bff.be\/fr\/un-nouveau-restaurant-franchise-pour-lunch-garden-a-libramont\/\",\"url\":\"https:\/\/www.fbf-bff.be\/fr\/un-nouveau-restaurant-franchise-pour-lunch-garden-a-libramont\/\",\"name\":\"Un nouveau restaurant franchis\u00e9 pour Lunch Garden \u00e0 Libramont - F\u00e9d\u00e9ration Belge de la Franchise\",\"isPartOf\":{\"@id\":\"https:\/\/www.fbf-bff.be\/#website\"},\"datePublished\":\"2015-12-01T23:00:00+00:00\",\"dateModified\":\"2015-12-01T23:00:00+00:00\",\"author\":{\"@id\":\"https:\/\/www.fbf-bff.be\/#\/schema\/person\/73a9cbee87288cba2b06e3fc29244fe7\"},\"breadcrumb\":{\"@id\":\"https:\/\/www.fbf-bff.be\/fr\/un-nouveau-restaurant-franchise-pour-lunch-garden-a-libramont\/#breadcrumb\"},\"inLanguage\":\"fr-FR\",\"potentialAction\":[{\"@type\":\"ReadAction\",\"target\":[\"https:\/\/www.fbf-bff.be\/fr\/un-nouveau-restaurant-franchise-pour-lunch-garden-a-libramont\/\"]}]},{\"@type\":\"BreadcrumbList\",\"@id\":\"https:\/\/www.fbf-bff.be\/fr\/un-nouveau-restaurant-franchise-pour-lunch-garden-a-libramont\/#breadcrumb\",\"itemListElement\":[{\"@type\":\"ListItem\",\"position\":1,\"name\":\"Home\",\"item\":\"https:\/\/www.fbf-bff.be\/fr\/\"},{\"@type\":\"ListItem\",\"position\":2,\"name\":\"Un nouveau restaurant franchis\u00e9 pour Lunch Garden \u00e0 Libramont\"}]},{\"@type\":\"WebSite\",\"@id\":\"https:\/\/www.fbf-bff.be\/#website\",\"url\":\"https:\/\/www.fbf-bff.be\/\",\"name\":\"F\u00e9d\u00e9ration Belge de la Franchise\",\"description\":\"Pour r\u00e9ussir ensemblee\",\"potentialAction\":[{\"@type\":\"SearchAction\",\"target\":{\"@type\":\"EntryPoint\",\"urlTemplate\":\"https:\/\/www.fbf-bff.be\/?s={search_term_string}\"},\"query-input\":{\"@type\":\"PropertyValueSpecification\",\"valueRequired\":true,\"valueName\":\"search_term_string\"}}],\"inLanguage\":\"fr-FR\"},{\"@type\":\"Person\",\"@id\":\"https:\/\/www.fbf-bff.be\/#\/schema\/person\/73a9cbee87288cba2b06e3fc29244fe7\",\"name\":\"fbf_admin\",\"image\":{\"@type\":\"ImageObject\",\"inLanguage\":\"fr-FR\",\"@id\":\"https:\/\/www.fbf-bff.be\/#\/schema\/person\/image\/\",\"url\":\"https:\/\/secure.gravatar.com\/avatar\/20f6483dbe2a69e0999ddcdd1744b7f7?s=96&d=mm&r=g\",\"contentUrl\":\"https:\/\/secure.gravatar.com\/avatar\/20f6483dbe2a69e0999ddcdd1744b7f7?s=96&d=mm&r=g\",\"caption\":\"fbf_admin\"}}]}<\/script>\n<!-- \/ Yoast SEO plugin. -->","yoast_head_json":{"title":"Un nouveau restaurant franchis\u00e9 pour Lunch Garden \u00e0 Libramont - F\u00e9d\u00e9ration Belge de la Franchise","robots":{"index":"index","follow":"follow","max-snippet":"max-snippet:-1","max-image-preview":"max-image-preview:large","max-video-preview":"max-video-preview:-1"},"canonical":"https:\/\/www.fbf-bff.be\/fr\/un-nouveau-restaurant-franchise-pour-lunch-garden-a-libramont\/","og_locale":"fr_FR","og_type":"article","og_title":"Un nouveau restaurant franchis\u00e9 pour Lunch Garden \u00e0 Libramont - F\u00e9d\u00e9ration Belge de la Franchise","og_description":"Le nouveau restaurant Lunch Garden de Libramont a ouvert ses portes le dimanche 22 Novembre. Cette ouverture du 72i\u00e8me restaurant, le 25i\u00e8me qui sera exploit\u00e9 en franchise, confirme la volont\u00e9 de Lunch Garden de d\u00e9velopper son parc de restaurants.\u00a0","og_url":"https:\/\/www.fbf-bff.be\/fr\/un-nouveau-restaurant-franchise-pour-lunch-garden-a-libramont\/","og_site_name":"F\u00e9d\u00e9ration Belge de la Franchise","article_published_time":"2015-12-01T23:00:00+00:00","og_image":[{"width":1200,"height":630,"url":"https:\/\/www.fbf-bff.be\/wp-content\/uploads\/2017\/06\/fbf-bff-fb-cover.jpg","type":"image\/jpeg"}],"author":"fbf_admin","twitter_card":"summary_large_image","twitter_misc":{"\u00c9crit par":"fbf_admin","Dur\u00e9e de lecture estim\u00e9e":"2 minutes"},"schema":{"@context":"https:\/\/schema.org","@graph":[{"@type":"WebPage","@id":"https:\/\/www.fbf-bff.be\/fr\/un-nouveau-restaurant-franchise-pour-lunch-garden-a-libramont\/","url":"https:\/\/www.fbf-bff.be\/fr\/un-nouveau-restaurant-franchise-pour-lunch-garden-a-libramont\/","name":"Un nouveau restaurant franchis\u00e9 pour Lunch Garden \u00e0 Libramont - F\u00e9d\u00e9ration Belge de la Franchise","isPartOf":{"@id":"https:\/\/www.fbf-bff.be\/#website"},"datePublished":"2015-12-01T23:00:00+00:00","dateModified":"2015-12-01T23:00:00+00:00","author":{"@id":"https:\/\/www.fbf-bff.be\/#\/schema\/person\/73a9cbee87288cba2b06e3fc29244fe7"},"breadcrumb":{"@id":"https:\/\/www.fbf-bff.be\/fr\/un-nouveau-restaurant-franchise-pour-lunch-garden-a-libramont\/#breadcrumb"},"inLanguage":"fr-FR","potentialAction":[{"@type":"ReadAction","target":["https:\/\/www.fbf-bff.be\/fr\/un-nouveau-restaurant-franchise-pour-lunch-garden-a-libramont\/"]}]},{"@type":"BreadcrumbList","@id":"https:\/\/www.fbf-bff.be\/fr\/un-nouveau-restaurant-franchise-pour-lunch-garden-a-libramont\/#breadcrumb","itemListElement":[{"@type":"ListItem","position":1,"name":"Home","item":"https:\/\/www.fbf-bff.be\/fr\/"},{"@type":"ListItem","position":2,"name":"Un nouveau restaurant franchis\u00e9 pour Lunch Garden \u00e0 Libramont"}]},{"@type":"WebSite","@id":"https:\/\/www.fbf-bff.be\/#website","url":"https:\/\/www.fbf-bff.be\/","name":"F\u00e9d\u00e9ration Belge de la Franchise","description":"Pour r\u00e9ussir ensemblee","potentialAction":[{"@type":"SearchAction","target":{"@type":"EntryPoint","urlTemplate":"https:\/\/www.fbf-bff.be\/?s={search_term_string}"},"query-input":{"@type":"PropertyValueSpecification","valueRequired":true,"valueName":"search_term_string"}}],"inLanguage":"fr-FR"},{"@type":"Person","@id":"https:\/\/www.fbf-bff.be\/#\/schema\/person\/73a9cbee87288cba2b06e3fc29244fe7","name":"fbf_admin","image":{"@type":"ImageObject","inLanguage":"fr-FR","@id":"https:\/\/www.fbf-bff.be\/#\/schema\/person\/image\/","url":"https:\/\/secure.gravatar.com\/avatar\/20f6483dbe2a69e0999ddcdd1744b7f7?s=96&d=mm&r=g","contentUrl":"https:\/\/secure.gravatar.com\/avatar\/20f6483dbe2a69e0999ddcdd1744b7f7?s=96&d=mm&r=g","caption":"fbf_admin"}}]}},"_links":{"self":[{"href":"https:\/\/www.fbf-bff.be\/fr\/wp-json\/wp\/v2\/posts\/7992"}],"collection":[{"href":"https:\/\/www.fbf-bff.be\/fr\/wp-json\/wp\/v2\/posts"}],"about":[{"href":"https:\/\/www.fbf-bff.be\/fr\/wp-json\/wp\/v2\/types\/post"}],"author":[{"embeddable":true,"href":"https:\/\/www.fbf-bff.be\/fr\/wp-json\/wp\/v2\/users\/1"}],"replies":[{"embeddable":true,"href":"https:\/\/www.fbf-bff.be\/fr\/wp-json\/wp\/v2\/comments?post=7992"}],"version-history":[{"count":0,"href":"https:\/\/www.fbf-bff.be\/fr\/wp-json\/wp\/v2\/posts\/7992\/revisions"}],"wp:attachment":[{"href":"https:\/\/www.fbf-bff.be\/fr\/wp-json\/wp\/v2\/media?parent=7992"}],"wp:term":[{"taxonomy":"category","embeddable":true,"href":"https:\/\/www.fbf-bff.be\/fr\/wp-json\/wp\/v2\/categories?post=7992"},{"taxonomy":"post_tag","embeddable":true,"href":"https:\/\/www.fbf-bff.be\/fr\/wp-json\/wp\/v2\/tags?post=7992"}],"curies":[{"name":"wp","href":"https:\/\/api.w.org\/{rel}","templated":true}]}}