{"id":7977,"date":"2015-11-18T00:00:00","date_gmt":"2015-11-17T23:00:00","guid":{"rendered":"https:\/\/www.fbf-bff.be\/reouverture-du-magasin-franchise-spar-nouvelle-generation-de-kessel\/"},"modified":"2015-11-18T00:00:00","modified_gmt":"2015-11-17T23:00:00","slug":"reouverture-du-magasin-franchise-spar-nouvelle-generation-de-kessel","status":"publish","type":"post","link":"https:\/\/www.fbf-bff.be\/fr\/reouverture-du-magasin-franchise-spar-nouvelle-generation-de-kessel\/","title":{"rendered":"R\u00e9ouverture du magasin franchis\u00e9 Spar nouvelle g\u00e9n\u00e9ration de Kessel"},"content":{"rendered":"Apr\u00e8s cinq semaines de travaux de r\u00e9novation, le magasin franchis\u00e9 Spar de Kessel (Liersesteenweg 49) dans le centre de cette ville de la province d&rsquo;Anvers, a rouvert ses portes le 29 octobre 2015 et devient ainsi le premier magasin Spar de la nouvelle g\u00e9n\u00e9ration.\u00a0<div><br><\/div><div>Le magasin \u00e9tait exploit\u00e9 depuis d\u00e9j\u00e0 10 ans par les franchis\u00e9s Steven Stouten et Tim Anthonis qui sont heureux de pouvoir recevoir leur client\u00e8le dans un espace de vente qui a \u00e9t\u00e9 agrandi de 600 m\u00b2 \u00e0 962 m\u00b2, sous la nouvelle banni\u00e8re du Colruyt Group.<\/div><div><br><\/div><div>La nouvelle g\u00e9n\u00e9ration de ce magasin Spar offre un \u00e9clairage plus moderne, une circulation plus ais\u00e9e pour la client\u00e8le avec chaque d\u00e9partement disposant de sa couleur et avec un il\u00f4t central pour le d\u00e9partement frais donnant une atmosph\u00e8re de march\u00e9, un espace caf\u00e9 convivial et des \u00e9crans digitaux diffusant des informations sur les produits,etc. et de nouvelles caisses.<\/div><div><br><\/div><div>rl.<\/div>","protected":false},"excerpt":{"rendered":"<p>Apr\u00e8s cinq semaines de travaux de r\u00e9novation, le magasin franchis\u00e9 Spar de Kessel (Liersesteenweg 49) dans le centre de cette ville de la province d&rsquo;Anvers, a rouvert ses portes le 29 octobre 2015 et devient ainsi le premier magasin Spar de la nouvelle g\u00e9n\u00e9ration.\u00a0<\/p>\n","protected":false},"author":1,"featured_media":0,"comment_status":"closed","ping_status":"open","sticky":false,"template":"","format":"standard","meta":{"ngg_post_thumbnail":0,"footnotes":""},"categories":[41],"tags":[],"acf":[],"yoast_head":"<!-- This site is optimized with the Yoast SEO plugin v23.5 - https:\/\/yoast.com\/wordpress\/plugins\/seo\/ -->\n<title>R\u00e9ouverture du magasin franchis\u00e9 Spar nouvelle g\u00e9n\u00e9ration de Kessel - F\u00e9d\u00e9ration Belge de la Franchise<\/title>\n<meta name=\"robots\" content=\"index, follow, max-snippet:-1, max-image-preview:large, max-video-preview:-1\" \/>\n<link rel=\"canonical\" href=\"https:\/\/www.fbf-bff.be\/fr\/reouverture-du-magasin-franchise-spar-nouvelle-generation-de-kessel\/\" \/>\n<meta property=\"og:locale\" content=\"fr_FR\" \/>\n<meta property=\"og:type\" content=\"article\" \/>\n<meta property=\"og:title\" content=\"R\u00e9ouverture du magasin franchis\u00e9 Spar nouvelle g\u00e9n\u00e9ration de Kessel - F\u00e9d\u00e9ration Belge de la Franchise\" \/>\n<meta property=\"og:description\" content=\"Apr\u00e8s cinq semaines de travaux de r\u00e9novation, le magasin franchis\u00e9 Spar de Kessel (Liersesteenweg 49) dans le centre de cette ville de la province d&#039;Anvers, a rouvert ses portes le 29 octobre 2015 et devient ainsi le premier magasin Spar de la nouvelle g\u00e9n\u00e9ration.\u00a0\" \/>\n<meta property=\"og:url\" content=\"https:\/\/www.fbf-bff.be\/fr\/reouverture-du-magasin-franchise-spar-nouvelle-generation-de-kessel\/\" \/>\n<meta property=\"og:site_name\" content=\"F\u00e9d\u00e9ration Belge de la Franchise\" \/>\n<meta property=\"article:published_time\" content=\"2015-11-17T23:00:00+00:00\" \/>\n<meta property=\"og:image\" content=\"https:\/\/www.fbf-bff.be\/wp-content\/uploads\/2017\/06\/fbf-bff-fb-cover.jpg\" \/>\n\t<meta property=\"og:image:width\" content=\"1200\" \/>\n\t<meta property=\"og:image:height\" content=\"630\" \/>\n\t<meta property=\"og:image:type\" content=\"image\/jpeg\" \/>\n<meta name=\"author\" content=\"fbf_admin\" \/>\n<meta name=\"twitter:card\" content=\"summary_large_image\" \/>\n<meta name=\"twitter:label1\" content=\"\u00c9crit par\" \/>\n\t<meta name=\"twitter:data1\" content=\"fbf_admin\" \/>\n\t<meta name=\"twitter:label2\" content=\"Dur\u00e9e de lecture estim\u00e9e\" \/>\n\t<meta name=\"twitter:data2\" content=\"1 minute\" \/>\n<script type=\"application\/ld+json\" class=\"yoast-schema-graph\">{\"@context\":\"https:\/\/schema.org\",\"@graph\":[{\"@type\":\"WebPage\",\"@id\":\"https:\/\/www.fbf-bff.be\/fr\/reouverture-du-magasin-franchise-spar-nouvelle-generation-de-kessel\/\",\"url\":\"https:\/\/www.fbf-bff.be\/fr\/reouverture-du-magasin-franchise-spar-nouvelle-generation-de-kessel\/\",\"name\":\"R\u00e9ouverture du magasin franchis\u00e9 Spar nouvelle g\u00e9n\u00e9ration de Kessel - F\u00e9d\u00e9ration Belge de la Franchise\",\"isPartOf\":{\"@id\":\"https:\/\/www.fbf-bff.be\/#website\"},\"datePublished\":\"2015-11-17T23:00:00+00:00\",\"dateModified\":\"2015-11-17T23:00:00+00:00\",\"author\":{\"@id\":\"https:\/\/www.fbf-bff.be\/#\/schema\/person\/73a9cbee87288cba2b06e3fc29244fe7\"},\"breadcrumb\":{\"@id\":\"https:\/\/www.fbf-bff.be\/fr\/reouverture-du-magasin-franchise-spar-nouvelle-generation-de-kessel\/#breadcrumb\"},\"inLanguage\":\"fr-FR\",\"potentialAction\":[{\"@type\":\"ReadAction\",\"target\":[\"https:\/\/www.fbf-bff.be\/fr\/reouverture-du-magasin-franchise-spar-nouvelle-generation-de-kessel\/\"]}]},{\"@type\":\"BreadcrumbList\",\"@id\":\"https:\/\/www.fbf-bff.be\/fr\/reouverture-du-magasin-franchise-spar-nouvelle-generation-de-kessel\/#breadcrumb\",\"itemListElement\":[{\"@type\":\"ListItem\",\"position\":1,\"name\":\"Home\",\"item\":\"https:\/\/www.fbf-bff.be\/fr\/\"},{\"@type\":\"ListItem\",\"position\":2,\"name\":\"R\u00e9ouverture du magasin franchis\u00e9 Spar nouvelle g\u00e9n\u00e9ration de Kessel\"}]},{\"@type\":\"WebSite\",\"@id\":\"https:\/\/www.fbf-bff.be\/#website\",\"url\":\"https:\/\/www.fbf-bff.be\/\",\"name\":\"F\u00e9d\u00e9ration Belge de la Franchise\",\"description\":\"Pour r\u00e9ussir ensemblee\",\"potentialAction\":[{\"@type\":\"SearchAction\",\"target\":{\"@type\":\"EntryPoint\",\"urlTemplate\":\"https:\/\/www.fbf-bff.be\/?s={search_term_string}\"},\"query-input\":{\"@type\":\"PropertyValueSpecification\",\"valueRequired\":true,\"valueName\":\"search_term_string\"}}],\"inLanguage\":\"fr-FR\"},{\"@type\":\"Person\",\"@id\":\"https:\/\/www.fbf-bff.be\/#\/schema\/person\/73a9cbee87288cba2b06e3fc29244fe7\",\"name\":\"fbf_admin\",\"image\":{\"@type\":\"ImageObject\",\"inLanguage\":\"fr-FR\",\"@id\":\"https:\/\/www.fbf-bff.be\/#\/schema\/person\/image\/\",\"url\":\"https:\/\/secure.gravatar.com\/avatar\/20f6483dbe2a69e0999ddcdd1744b7f7?s=96&d=mm&r=g\",\"contentUrl\":\"https:\/\/secure.gravatar.com\/avatar\/20f6483dbe2a69e0999ddcdd1744b7f7?s=96&d=mm&r=g\",\"caption\":\"fbf_admin\"}}]}<\/script>\n<!-- \/ Yoast SEO plugin. -->","yoast_head_json":{"title":"R\u00e9ouverture du magasin franchis\u00e9 Spar nouvelle g\u00e9n\u00e9ration de Kessel - F\u00e9d\u00e9ration Belge de la Franchise","robots":{"index":"index","follow":"follow","max-snippet":"max-snippet:-1","max-image-preview":"max-image-preview:large","max-video-preview":"max-video-preview:-1"},"canonical":"https:\/\/www.fbf-bff.be\/fr\/reouverture-du-magasin-franchise-spar-nouvelle-generation-de-kessel\/","og_locale":"fr_FR","og_type":"article","og_title":"R\u00e9ouverture du magasin franchis\u00e9 Spar nouvelle g\u00e9n\u00e9ration de Kessel - F\u00e9d\u00e9ration Belge de la Franchise","og_description":"Apr\u00e8s cinq semaines de travaux de r\u00e9novation, le magasin franchis\u00e9 Spar de Kessel (Liersesteenweg 49) dans le centre de cette ville de la province d'Anvers, a rouvert ses portes le 29 octobre 2015 et devient ainsi le premier magasin Spar de la nouvelle g\u00e9n\u00e9ration.\u00a0","og_url":"https:\/\/www.fbf-bff.be\/fr\/reouverture-du-magasin-franchise-spar-nouvelle-generation-de-kessel\/","og_site_name":"F\u00e9d\u00e9ration Belge de la Franchise","article_published_time":"2015-11-17T23:00:00+00:00","og_image":[{"width":1200,"height":630,"url":"https:\/\/www.fbf-bff.be\/wp-content\/uploads\/2017\/06\/fbf-bff-fb-cover.jpg","type":"image\/jpeg"}],"author":"fbf_admin","twitter_card":"summary_large_image","twitter_misc":{"\u00c9crit par":"fbf_admin","Dur\u00e9e de lecture estim\u00e9e":"1 minute"},"schema":{"@context":"https:\/\/schema.org","@graph":[{"@type":"WebPage","@id":"https:\/\/www.fbf-bff.be\/fr\/reouverture-du-magasin-franchise-spar-nouvelle-generation-de-kessel\/","url":"https:\/\/www.fbf-bff.be\/fr\/reouverture-du-magasin-franchise-spar-nouvelle-generation-de-kessel\/","name":"R\u00e9ouverture du magasin franchis\u00e9 Spar nouvelle g\u00e9n\u00e9ration de Kessel - F\u00e9d\u00e9ration Belge de la Franchise","isPartOf":{"@id":"https:\/\/www.fbf-bff.be\/#website"},"datePublished":"2015-11-17T23:00:00+00:00","dateModified":"2015-11-17T23:00:00+00:00","author":{"@id":"https:\/\/www.fbf-bff.be\/#\/schema\/person\/73a9cbee87288cba2b06e3fc29244fe7"},"breadcrumb":{"@id":"https:\/\/www.fbf-bff.be\/fr\/reouverture-du-magasin-franchise-spar-nouvelle-generation-de-kessel\/#breadcrumb"},"inLanguage":"fr-FR","potentialAction":[{"@type":"ReadAction","target":["https:\/\/www.fbf-bff.be\/fr\/reouverture-du-magasin-franchise-spar-nouvelle-generation-de-kessel\/"]}]},{"@type":"BreadcrumbList","@id":"https:\/\/www.fbf-bff.be\/fr\/reouverture-du-magasin-franchise-spar-nouvelle-generation-de-kessel\/#breadcrumb","itemListElement":[{"@type":"ListItem","position":1,"name":"Home","item":"https:\/\/www.fbf-bff.be\/fr\/"},{"@type":"ListItem","position":2,"name":"R\u00e9ouverture du magasin franchis\u00e9 Spar nouvelle g\u00e9n\u00e9ration de Kessel"}]},{"@type":"WebSite","@id":"https:\/\/www.fbf-bff.be\/#website","url":"https:\/\/www.fbf-bff.be\/","name":"F\u00e9d\u00e9ration Belge de la Franchise","description":"Pour r\u00e9ussir ensemblee","potentialAction":[{"@type":"SearchAction","target":{"@type":"EntryPoint","urlTemplate":"https:\/\/www.fbf-bff.be\/?s={search_term_string}"},"query-input":{"@type":"PropertyValueSpecification","valueRequired":true,"valueName":"search_term_string"}}],"inLanguage":"fr-FR"},{"@type":"Person","@id":"https:\/\/www.fbf-bff.be\/#\/schema\/person\/73a9cbee87288cba2b06e3fc29244fe7","name":"fbf_admin","image":{"@type":"ImageObject","inLanguage":"fr-FR","@id":"https:\/\/www.fbf-bff.be\/#\/schema\/person\/image\/","url":"https:\/\/secure.gravatar.com\/avatar\/20f6483dbe2a69e0999ddcdd1744b7f7?s=96&d=mm&r=g","contentUrl":"https:\/\/secure.gravatar.com\/avatar\/20f6483dbe2a69e0999ddcdd1744b7f7?s=96&d=mm&r=g","caption":"fbf_admin"}}]}},"_links":{"self":[{"href":"https:\/\/www.fbf-bff.be\/fr\/wp-json\/wp\/v2\/posts\/7977"}],"collection":[{"href":"https:\/\/www.fbf-bff.be\/fr\/wp-json\/wp\/v2\/posts"}],"about":[{"href":"https:\/\/www.fbf-bff.be\/fr\/wp-json\/wp\/v2\/types\/post"}],"author":[{"embeddable":true,"href":"https:\/\/www.fbf-bff.be\/fr\/wp-json\/wp\/v2\/users\/1"}],"replies":[{"embeddable":true,"href":"https:\/\/www.fbf-bff.be\/fr\/wp-json\/wp\/v2\/comments?post=7977"}],"version-history":[{"count":0,"href":"https:\/\/www.fbf-bff.be\/fr\/wp-json\/wp\/v2\/posts\/7977\/revisions"}],"wp:attachment":[{"href":"https:\/\/www.fbf-bff.be\/fr\/wp-json\/wp\/v2\/media?parent=7977"}],"wp:term":[{"taxonomy":"category","embeddable":true,"href":"https:\/\/www.fbf-bff.be\/fr\/wp-json\/wp\/v2\/categories?post=7977"},{"taxonomy":"post_tag","embeddable":true,"href":"https:\/\/www.fbf-bff.be\/fr\/wp-json\/wp\/v2\/tags?post=7977"}],"curies":[{"name":"wp","href":"https:\/\/api.w.org\/{rel}","templated":true}]}}