{"id":7974,"date":"2015-11-18T00:00:00","date_gmt":"2015-11-17T23:00:00","guid":{"rendered":"https:\/\/www.fbf-bff.be\/ahold-et-delhaize-annoncent-lequipe-executive-de-la-future-societe-combinee\/"},"modified":"2015-11-18T00:00:00","modified_gmt":"2015-11-17T23:00:00","slug":"ahold-et-delhaize-annoncent-lequipe-executive-de-la-future-societe-combinee","status":"publish","type":"post","link":"https:\/\/www.fbf-bff.be\/fr\/ahold-et-delhaize-annoncent-lequipe-executive-de-la-future-societe-combinee\/","title":{"rendered":"Ahold et Delhaize annoncent l&#8217;Equipe Ex\u00e9cutive de la future soci\u00e9t\u00e9 combin\u00e9e"},"content":{"rendered":"Ahold et le Groupe Delhaize ont annonc\u00e9 aujourd&rsquo;hui la composition du futur Comit\u00e9 Ex\u00e9cutif propos\u00e9 pour Ahold Delhaize, qui sera op\u00e9rationnel d\u00e8s la finalisation de la fusion propos\u00e9e des deux soci\u00e9t\u00e9s.<div><br><\/div><div>Le futur Comit\u00e9 Ex\u00e9cutif comprendra les membres du Management Board et sera compl\u00e9t\u00e9 par les quatre membres suivants (en ordre alphab\u00e9tique), qui rapporteront directement au CEO d&rsquo;Ahold Delhaize:<\/div><div><br><\/div><div>\u00b7   Marc Croonen, chef Durabilit\u00e9, Transformation &amp; Communications Officer<\/div><div><span style=\"line-height: 1.42857\">\u00b7   Hanneke Faber, Directeur E-Commerce &amp; Innovation Officer<\/span><br><\/div><div><span style=\"line-height: 1.42857\">\u00b7   Jan Ernst de Groot, directeur des affaires juridiques<\/span><br><\/div><div><span style=\"line-height: 1.42857\">\u00b7    Abb\u00e9 Luersman, Directeur des Ressources Humaines Ressources<\/span><br><\/div><div><br><\/div><div>Ahold et le Groupe Delhaize ont cr\u00e9\u00e9 deux nouvelles fonctions importantes au sein du futur Comit\u00e9 Ex\u00e9cutif afin de permettre la configuration et l&rsquo;impl\u00e9mentation des ambitions de la soci\u00e9t\u00e9 en tant que distributeur responsable et innovant: Chief Sustainability, Transformation &amp; Communications Officer et Chief E-Commerce &amp; Innovation Officer. Au niveau du Supervisory Board, ces domaines seront supervis\u00e9s par le Sustainability &amp; Innovation Committee.<\/div><div><br><\/div><div>Comme annonc\u00e9, le futur Management Board d&rsquo;Ahold Delhaize comprend le CEO Dick Boer, le Deputy CEO et Chief Integration Officer Frans Muller, le CFO Jeff Carr, le COO Europe Pierre Bouchut, le COO USA Kevin Holt, et le COO USA James McCann.<\/div><div><br><\/div><div>Le Management Board sera responsable de la gestion globale et sera l&rsquo;organe d\u00e9cisionnel de la nouvelle soci\u00e9t\u00e9 et aura une responsabilit\u00e9 fiduciaire \u00e0 l&rsquo;\u00e9gard du Supervisory Board et des actionnaires.<\/div><div><br><\/div><div>Le futur Comit\u00e9 Ex\u00e9cutif sera charg\u00e9 de la gestion de la soci\u00e9t\u00e9 au quotidien. Cette \u00e9quipe dirigeante solide et \u00e9quilibr\u00e9e o\u00f9 les deux soci\u00e9t\u00e9s sont bien repr\u00e9sent\u00e9es, disposera d&rsquo;une combinaison id\u00e9ale de comp\u00e9tences fonctionnelles et d&rsquo;exp\u00e9rience en distribution pour diriger une soci\u00e9t\u00e9 qui \u00e9largira grandement ses activit\u00e9s afin d&rsquo;encore mieux servir ses clients et les collectivit\u00e9s. L&rsquo;\u00e9quipe sera bien positionn\u00e9e pour diriger et r\u00e9aliser l&rsquo;int\u00e9gration, tout en g\u00e9rant les activit\u00e9s de la soci\u00e9t\u00e9 afin de garantir un service continu \u00e0 la client\u00e8le et son succ\u00e8s commercial.<\/div><div><br><\/div><div>Le 24 juin 2015, Ahold et le Groupe Delhaize ont annonc\u00e9 leur intention de fusionner, cr\u00e9ant un distributeur international avec un portefeuille d&rsquo;enseignes fortes et reconnues localement avec plus de 375 000 collaborateurs au service de plus de 50 millions de clients par semaine aux Etats-Unis et en Europe.<\/div><div><br><\/div><div>Ahold et le Groupe Delhaize sont en bonne voie de finaliser la fusion propos\u00e9e pour la mi-2016.<\/div>","protected":false},"excerpt":{"rendered":"<p>Ahold et le Groupe Delhaize ont annonc\u00e9 aujourd&rsquo;hui la composition du futur Comit\u00e9 Ex\u00e9cutif propos\u00e9 pour Ahold Delhaize, qui sera op\u00e9rationnel d\u00e8s la finalisation de la fusion propos\u00e9e des deux soci\u00e9t\u00e9s.<\/p>\n","protected":false},"author":1,"featured_media":0,"comment_status":"closed","ping_status":"open","sticky":false,"template":"","format":"standard","meta":{"ngg_post_thumbnail":0,"footnotes":""},"categories":[37],"tags":[],"acf":[],"yoast_head":"<!-- This site is optimized with the Yoast SEO plugin v23.5 - https:\/\/yoast.com\/wordpress\/plugins\/seo\/ -->\n<title>Ahold et Delhaize annoncent l&#8217;Equipe Ex\u00e9cutive de la future soci\u00e9t\u00e9 combin\u00e9e - F\u00e9d\u00e9ration Belge de la Franchise<\/title>\n<meta name=\"robots\" content=\"index, follow, max-snippet:-1, max-image-preview:large, max-video-preview:-1\" \/>\n<link rel=\"canonical\" href=\"https:\/\/www.fbf-bff.be\/fr\/ahold-et-delhaize-annoncent-lequipe-executive-de-la-future-societe-combinee\/\" \/>\n<meta property=\"og:locale\" content=\"fr_FR\" \/>\n<meta property=\"og:type\" content=\"article\" \/>\n<meta property=\"og:title\" content=\"Ahold et Delhaize annoncent l&#8217;Equipe Ex\u00e9cutive de la future soci\u00e9t\u00e9 combin\u00e9e - F\u00e9d\u00e9ration Belge de la Franchise\" \/>\n<meta property=\"og:description\" content=\"Ahold et le Groupe Delhaize ont annonc\u00e9 aujourd&#039;hui la composition du futur Comit\u00e9 Ex\u00e9cutif propos\u00e9 pour Ahold Delhaize, qui sera op\u00e9rationnel d\u00e8s la finalisation de la fusion propos\u00e9e des deux soci\u00e9t\u00e9s.\" \/>\n<meta property=\"og:url\" content=\"https:\/\/www.fbf-bff.be\/fr\/ahold-et-delhaize-annoncent-lequipe-executive-de-la-future-societe-combinee\/\" \/>\n<meta property=\"og:site_name\" content=\"F\u00e9d\u00e9ration Belge de la Franchise\" \/>\n<meta property=\"article:published_time\" content=\"2015-11-17T23:00:00+00:00\" \/>\n<meta property=\"og:image\" content=\"https:\/\/www.fbf-bff.be\/wp-content\/uploads\/2017\/06\/fbf-bff-fb-cover.jpg\" \/>\n\t<meta property=\"og:image:width\" content=\"1200\" \/>\n\t<meta property=\"og:image:height\" content=\"630\" \/>\n\t<meta property=\"og:image:type\" content=\"image\/jpeg\" \/>\n<meta name=\"author\" content=\"fbf_admin\" \/>\n<meta name=\"twitter:card\" content=\"summary_large_image\" \/>\n<meta name=\"twitter:label1\" content=\"\u00c9crit par\" \/>\n\t<meta name=\"twitter:data1\" content=\"fbf_admin\" \/>\n\t<meta name=\"twitter:label2\" content=\"Dur\u00e9e de lecture estim\u00e9e\" \/>\n\t<meta name=\"twitter:data2\" content=\"2 minutes\" \/>\n<script type=\"application\/ld+json\" class=\"yoast-schema-graph\">{\"@context\":\"https:\/\/schema.org\",\"@graph\":[{\"@type\":\"WebPage\",\"@id\":\"https:\/\/www.fbf-bff.be\/fr\/ahold-et-delhaize-annoncent-lequipe-executive-de-la-future-societe-combinee\/\",\"url\":\"https:\/\/www.fbf-bff.be\/fr\/ahold-et-delhaize-annoncent-lequipe-executive-de-la-future-societe-combinee\/\",\"name\":\"Ahold et Delhaize annoncent l&#8217;Equipe Ex\u00e9cutive de la future soci\u00e9t\u00e9 combin\u00e9e - F\u00e9d\u00e9ration Belge de la Franchise\",\"isPartOf\":{\"@id\":\"https:\/\/www.fbf-bff.be\/#website\"},\"datePublished\":\"2015-11-17T23:00:00+00:00\",\"dateModified\":\"2015-11-17T23:00:00+00:00\",\"author\":{\"@id\":\"https:\/\/www.fbf-bff.be\/#\/schema\/person\/73a9cbee87288cba2b06e3fc29244fe7\"},\"breadcrumb\":{\"@id\":\"https:\/\/www.fbf-bff.be\/fr\/ahold-et-delhaize-annoncent-lequipe-executive-de-la-future-societe-combinee\/#breadcrumb\"},\"inLanguage\":\"fr-FR\",\"potentialAction\":[{\"@type\":\"ReadAction\",\"target\":[\"https:\/\/www.fbf-bff.be\/fr\/ahold-et-delhaize-annoncent-lequipe-executive-de-la-future-societe-combinee\/\"]}]},{\"@type\":\"BreadcrumbList\",\"@id\":\"https:\/\/www.fbf-bff.be\/fr\/ahold-et-delhaize-annoncent-lequipe-executive-de-la-future-societe-combinee\/#breadcrumb\",\"itemListElement\":[{\"@type\":\"ListItem\",\"position\":1,\"name\":\"Home\",\"item\":\"https:\/\/www.fbf-bff.be\/fr\/\"},{\"@type\":\"ListItem\",\"position\":2,\"name\":\"Ahold et Delhaize annoncent l&#8217;Equipe Ex\u00e9cutive de la future soci\u00e9t\u00e9 combin\u00e9e\"}]},{\"@type\":\"WebSite\",\"@id\":\"https:\/\/www.fbf-bff.be\/#website\",\"url\":\"https:\/\/www.fbf-bff.be\/\",\"name\":\"F\u00e9d\u00e9ration Belge de la Franchise\",\"description\":\"Pour r\u00e9ussir ensemblee\",\"potentialAction\":[{\"@type\":\"SearchAction\",\"target\":{\"@type\":\"EntryPoint\",\"urlTemplate\":\"https:\/\/www.fbf-bff.be\/?s={search_term_string}\"},\"query-input\":{\"@type\":\"PropertyValueSpecification\",\"valueRequired\":true,\"valueName\":\"search_term_string\"}}],\"inLanguage\":\"fr-FR\"},{\"@type\":\"Person\",\"@id\":\"https:\/\/www.fbf-bff.be\/#\/schema\/person\/73a9cbee87288cba2b06e3fc29244fe7\",\"name\":\"fbf_admin\",\"image\":{\"@type\":\"ImageObject\",\"inLanguage\":\"fr-FR\",\"@id\":\"https:\/\/www.fbf-bff.be\/#\/schema\/person\/image\/\",\"url\":\"https:\/\/secure.gravatar.com\/avatar\/20f6483dbe2a69e0999ddcdd1744b7f7?s=96&d=mm&r=g\",\"contentUrl\":\"https:\/\/secure.gravatar.com\/avatar\/20f6483dbe2a69e0999ddcdd1744b7f7?s=96&d=mm&r=g\",\"caption\":\"fbf_admin\"}}]}<\/script>\n<!-- \/ Yoast SEO plugin. -->","yoast_head_json":{"title":"Ahold et Delhaize annoncent l&#8217;Equipe Ex\u00e9cutive de la future soci\u00e9t\u00e9 combin\u00e9e - F\u00e9d\u00e9ration Belge de la Franchise","robots":{"index":"index","follow":"follow","max-snippet":"max-snippet:-1","max-image-preview":"max-image-preview:large","max-video-preview":"max-video-preview:-1"},"canonical":"https:\/\/www.fbf-bff.be\/fr\/ahold-et-delhaize-annoncent-lequipe-executive-de-la-future-societe-combinee\/","og_locale":"fr_FR","og_type":"article","og_title":"Ahold et Delhaize annoncent l&#8217;Equipe Ex\u00e9cutive de la future soci\u00e9t\u00e9 combin\u00e9e - F\u00e9d\u00e9ration Belge de la Franchise","og_description":"Ahold et le Groupe Delhaize ont annonc\u00e9 aujourd'hui la composition du futur Comit\u00e9 Ex\u00e9cutif propos\u00e9 pour Ahold Delhaize, qui sera op\u00e9rationnel d\u00e8s la finalisation de la fusion propos\u00e9e des deux soci\u00e9t\u00e9s.","og_url":"https:\/\/www.fbf-bff.be\/fr\/ahold-et-delhaize-annoncent-lequipe-executive-de-la-future-societe-combinee\/","og_site_name":"F\u00e9d\u00e9ration Belge de la Franchise","article_published_time":"2015-11-17T23:00:00+00:00","og_image":[{"width":1200,"height":630,"url":"https:\/\/www.fbf-bff.be\/wp-content\/uploads\/2017\/06\/fbf-bff-fb-cover.jpg","type":"image\/jpeg"}],"author":"fbf_admin","twitter_card":"summary_large_image","twitter_misc":{"\u00c9crit par":"fbf_admin","Dur\u00e9e de lecture estim\u00e9e":"2 minutes"},"schema":{"@context":"https:\/\/schema.org","@graph":[{"@type":"WebPage","@id":"https:\/\/www.fbf-bff.be\/fr\/ahold-et-delhaize-annoncent-lequipe-executive-de-la-future-societe-combinee\/","url":"https:\/\/www.fbf-bff.be\/fr\/ahold-et-delhaize-annoncent-lequipe-executive-de-la-future-societe-combinee\/","name":"Ahold et Delhaize annoncent l&#8217;Equipe Ex\u00e9cutive de la future soci\u00e9t\u00e9 combin\u00e9e - F\u00e9d\u00e9ration Belge de la Franchise","isPartOf":{"@id":"https:\/\/www.fbf-bff.be\/#website"},"datePublished":"2015-11-17T23:00:00+00:00","dateModified":"2015-11-17T23:00:00+00:00","author":{"@id":"https:\/\/www.fbf-bff.be\/#\/schema\/person\/73a9cbee87288cba2b06e3fc29244fe7"},"breadcrumb":{"@id":"https:\/\/www.fbf-bff.be\/fr\/ahold-et-delhaize-annoncent-lequipe-executive-de-la-future-societe-combinee\/#breadcrumb"},"inLanguage":"fr-FR","potentialAction":[{"@type":"ReadAction","target":["https:\/\/www.fbf-bff.be\/fr\/ahold-et-delhaize-annoncent-lequipe-executive-de-la-future-societe-combinee\/"]}]},{"@type":"BreadcrumbList","@id":"https:\/\/www.fbf-bff.be\/fr\/ahold-et-delhaize-annoncent-lequipe-executive-de-la-future-societe-combinee\/#breadcrumb","itemListElement":[{"@type":"ListItem","position":1,"name":"Home","item":"https:\/\/www.fbf-bff.be\/fr\/"},{"@type":"ListItem","position":2,"name":"Ahold et Delhaize annoncent l&#8217;Equipe Ex\u00e9cutive de la future soci\u00e9t\u00e9 combin\u00e9e"}]},{"@type":"WebSite","@id":"https:\/\/www.fbf-bff.be\/#website","url":"https:\/\/www.fbf-bff.be\/","name":"F\u00e9d\u00e9ration Belge de la Franchise","description":"Pour r\u00e9ussir ensemblee","potentialAction":[{"@type":"SearchAction","target":{"@type":"EntryPoint","urlTemplate":"https:\/\/www.fbf-bff.be\/?s={search_term_string}"},"query-input":{"@type":"PropertyValueSpecification","valueRequired":true,"valueName":"search_term_string"}}],"inLanguage":"fr-FR"},{"@type":"Person","@id":"https:\/\/www.fbf-bff.be\/#\/schema\/person\/73a9cbee87288cba2b06e3fc29244fe7","name":"fbf_admin","image":{"@type":"ImageObject","inLanguage":"fr-FR","@id":"https:\/\/www.fbf-bff.be\/#\/schema\/person\/image\/","url":"https:\/\/secure.gravatar.com\/avatar\/20f6483dbe2a69e0999ddcdd1744b7f7?s=96&d=mm&r=g","contentUrl":"https:\/\/secure.gravatar.com\/avatar\/20f6483dbe2a69e0999ddcdd1744b7f7?s=96&d=mm&r=g","caption":"fbf_admin"}}]}},"_links":{"self":[{"href":"https:\/\/www.fbf-bff.be\/fr\/wp-json\/wp\/v2\/posts\/7974"}],"collection":[{"href":"https:\/\/www.fbf-bff.be\/fr\/wp-json\/wp\/v2\/posts"}],"about":[{"href":"https:\/\/www.fbf-bff.be\/fr\/wp-json\/wp\/v2\/types\/post"}],"author":[{"embeddable":true,"href":"https:\/\/www.fbf-bff.be\/fr\/wp-json\/wp\/v2\/users\/1"}],"replies":[{"embeddable":true,"href":"https:\/\/www.fbf-bff.be\/fr\/wp-json\/wp\/v2\/comments?post=7974"}],"version-history":[{"count":0,"href":"https:\/\/www.fbf-bff.be\/fr\/wp-json\/wp\/v2\/posts\/7974\/revisions"}],"wp:attachment":[{"href":"https:\/\/www.fbf-bff.be\/fr\/wp-json\/wp\/v2\/media?parent=7974"}],"wp:term":[{"taxonomy":"category","embeddable":true,"href":"https:\/\/www.fbf-bff.be\/fr\/wp-json\/wp\/v2\/categories?post=7974"},{"taxonomy":"post_tag","embeddable":true,"href":"https:\/\/www.fbf-bff.be\/fr\/wp-json\/wp\/v2\/tags?post=7974"}],"curies":[{"name":"wp","href":"https:\/\/api.w.org\/{rel}","templated":true}]}}