{"id":7972,"date":"2015-11-17T00:00:00","date_gmt":"2015-11-16T23:00:00","guid":{"rendered":"https:\/\/www.fbf-bff.be\/albert-heijn-ouvre-un-nouveau-supermarche-franchise-a-oud-turnhout\/"},"modified":"2015-11-17T00:00:00","modified_gmt":"2015-11-16T23:00:00","slug":"albert-heijn-ouvre-un-nouveau-supermarche-franchise-a-oud-turnhout","status":"publish","type":"post","link":"https:\/\/www.fbf-bff.be\/fr\/albert-heijn-ouvre-un-nouveau-supermarche-franchise-a-oud-turnhout\/","title":{"rendered":"Albert Heijn ouvre un nouveau supermarch\u00e9 franchis\u00e9 \u00e0 Oud-Turnhout"},"content":{"rendered":"Il y a quelques mois, le distributeur ne\u00e9rlandais Albert Heijn signait un accord avec le groupe familial anversois Peeters-Govers pour convertir leurs 6 supermarch\u00e9s en province d&rsquo;Anvers en des franchises Albert Heijn, devenant ainsi le franchis\u00e9 le plus important de l&rsquo;enseigne en Belgique.<div><br><\/div><div>Le premier supermarch\u00e9 Albert Heijn du franchis\u00e9 Peeters-Govers ouvrira ses portes ce vendredi 13 novembre \u00e0 Oud-Turnhout (Zwanevensraat) en Campine anversoise. Le magasin disposera de 62 places de parking. Il s&rsquo;agit du 34\u00e8me point de vente de l&rsquo;enseigne Albert Heijn dans notre pays.<\/div><div><br><\/div><div>Le 31 octobre, le groupe Peeters-Govers fermait son supermarch\u00e9 de la Korte Gasthuisstraat \u00e0 Turnhout et la vingtaine de collaborateurs seront relocalis\u00e9s dans le nouveau magasin.<\/div><div><br><\/div><div>Deux autres supermarch\u00e9s Albert Heijn franchis\u00e9s issus de cet accord devront encore ouvrir leurs portes cette ann\u00e9e \u00e0 Gierle et \u00e0 Anvers.<\/div><div><br><\/div><div>\u00a0Outre les autres magasins du groupe Peeters-Govers de Gierle, Beerse, Anvers, Berchem et Deurne, l&rsquo;accord avec AH portait \u00e9galement sur 2 nouveaux supermarch\u00e9s qui verront le jour \u00e0 Brecht et dans le centre de Turnhout sur le site Turnova.<\/div><div><br><\/div><div>rl.<\/div>","protected":false},"excerpt":{"rendered":"<p>Il y a quelques mois, le distributeur ne\u00e9rlandais Albert Heijn signait un accord avec le groupe familial anversois Peeters-Govers pour convertir leurs 6 supermarch\u00e9s en province d&rsquo;Anvers en des franchises Albert Heijn, devenant ainsi le franchis\u00e9 le plus important de l&rsquo;enseigne en Belgique.<\/p>\n","protected":false},"author":1,"featured_media":0,"comment_status":"closed","ping_status":"open","sticky":false,"template":"","format":"standard","meta":{"ngg_post_thumbnail":0,"footnotes":""},"categories":[41],"tags":[],"acf":[],"yoast_head":"<!-- This site is optimized with the Yoast SEO plugin v23.5 - https:\/\/yoast.com\/wordpress\/plugins\/seo\/ -->\n<title>Albert Heijn ouvre un nouveau supermarch\u00e9 franchis\u00e9 \u00e0 Oud-Turnhout - F\u00e9d\u00e9ration Belge de la Franchise<\/title>\n<meta name=\"robots\" content=\"index, follow, max-snippet:-1, max-image-preview:large, max-video-preview:-1\" \/>\n<link rel=\"canonical\" href=\"https:\/\/www.fbf-bff.be\/fr\/albert-heijn-ouvre-un-nouveau-supermarche-franchise-a-oud-turnhout\/\" \/>\n<meta property=\"og:locale\" content=\"fr_FR\" \/>\n<meta property=\"og:type\" content=\"article\" \/>\n<meta property=\"og:title\" content=\"Albert Heijn ouvre un nouveau supermarch\u00e9 franchis\u00e9 \u00e0 Oud-Turnhout - F\u00e9d\u00e9ration Belge de la Franchise\" \/>\n<meta property=\"og:description\" content=\"Il y a quelques mois, le distributeur ne\u00e9rlandais Albert Heijn signait un accord avec le groupe familial anversois Peeters-Govers pour convertir leurs 6 supermarch\u00e9s en province d&#039;Anvers en des franchises Albert Heijn, devenant ainsi le franchis\u00e9 le plus important de l&#039;enseigne en Belgique.\" \/>\n<meta property=\"og:url\" content=\"https:\/\/www.fbf-bff.be\/fr\/albert-heijn-ouvre-un-nouveau-supermarche-franchise-a-oud-turnhout\/\" \/>\n<meta property=\"og:site_name\" content=\"F\u00e9d\u00e9ration Belge de la Franchise\" \/>\n<meta property=\"article:published_time\" content=\"2015-11-16T23:00:00+00:00\" \/>\n<meta property=\"og:image\" content=\"https:\/\/www.fbf-bff.be\/wp-content\/uploads\/2017\/06\/fbf-bff-fb-cover.jpg\" \/>\n\t<meta property=\"og:image:width\" content=\"1200\" \/>\n\t<meta property=\"og:image:height\" content=\"630\" \/>\n\t<meta property=\"og:image:type\" content=\"image\/jpeg\" \/>\n<meta name=\"author\" content=\"fbf_admin\" \/>\n<meta name=\"twitter:card\" content=\"summary_large_image\" \/>\n<meta name=\"twitter:label1\" content=\"\u00c9crit par\" \/>\n\t<meta name=\"twitter:data1\" content=\"fbf_admin\" \/>\n\t<meta name=\"twitter:label2\" content=\"Dur\u00e9e de lecture estim\u00e9e\" \/>\n\t<meta name=\"twitter:data2\" content=\"1 minute\" \/>\n<script type=\"application\/ld+json\" class=\"yoast-schema-graph\">{\"@context\":\"https:\/\/schema.org\",\"@graph\":[{\"@type\":\"WebPage\",\"@id\":\"https:\/\/www.fbf-bff.be\/fr\/albert-heijn-ouvre-un-nouveau-supermarche-franchise-a-oud-turnhout\/\",\"url\":\"https:\/\/www.fbf-bff.be\/fr\/albert-heijn-ouvre-un-nouveau-supermarche-franchise-a-oud-turnhout\/\",\"name\":\"Albert Heijn ouvre un nouveau supermarch\u00e9 franchis\u00e9 \u00e0 Oud-Turnhout - F\u00e9d\u00e9ration Belge de la Franchise\",\"isPartOf\":{\"@id\":\"https:\/\/www.fbf-bff.be\/#website\"},\"datePublished\":\"2015-11-16T23:00:00+00:00\",\"dateModified\":\"2015-11-16T23:00:00+00:00\",\"author\":{\"@id\":\"https:\/\/www.fbf-bff.be\/#\/schema\/person\/73a9cbee87288cba2b06e3fc29244fe7\"},\"breadcrumb\":{\"@id\":\"https:\/\/www.fbf-bff.be\/fr\/albert-heijn-ouvre-un-nouveau-supermarche-franchise-a-oud-turnhout\/#breadcrumb\"},\"inLanguage\":\"fr-FR\",\"potentialAction\":[{\"@type\":\"ReadAction\",\"target\":[\"https:\/\/www.fbf-bff.be\/fr\/albert-heijn-ouvre-un-nouveau-supermarche-franchise-a-oud-turnhout\/\"]}]},{\"@type\":\"BreadcrumbList\",\"@id\":\"https:\/\/www.fbf-bff.be\/fr\/albert-heijn-ouvre-un-nouveau-supermarche-franchise-a-oud-turnhout\/#breadcrumb\",\"itemListElement\":[{\"@type\":\"ListItem\",\"position\":1,\"name\":\"Home\",\"item\":\"https:\/\/www.fbf-bff.be\/fr\/\"},{\"@type\":\"ListItem\",\"position\":2,\"name\":\"Albert Heijn ouvre un nouveau supermarch\u00e9 franchis\u00e9 \u00e0 Oud-Turnhout\"}]},{\"@type\":\"WebSite\",\"@id\":\"https:\/\/www.fbf-bff.be\/#website\",\"url\":\"https:\/\/www.fbf-bff.be\/\",\"name\":\"F\u00e9d\u00e9ration Belge de la Franchise\",\"description\":\"Pour r\u00e9ussir ensemblee\",\"potentialAction\":[{\"@type\":\"SearchAction\",\"target\":{\"@type\":\"EntryPoint\",\"urlTemplate\":\"https:\/\/www.fbf-bff.be\/?s={search_term_string}\"},\"query-input\":{\"@type\":\"PropertyValueSpecification\",\"valueRequired\":true,\"valueName\":\"search_term_string\"}}],\"inLanguage\":\"fr-FR\"},{\"@type\":\"Person\",\"@id\":\"https:\/\/www.fbf-bff.be\/#\/schema\/person\/73a9cbee87288cba2b06e3fc29244fe7\",\"name\":\"fbf_admin\",\"image\":{\"@type\":\"ImageObject\",\"inLanguage\":\"fr-FR\",\"@id\":\"https:\/\/www.fbf-bff.be\/#\/schema\/person\/image\/\",\"url\":\"https:\/\/secure.gravatar.com\/avatar\/20f6483dbe2a69e0999ddcdd1744b7f7?s=96&d=mm&r=g\",\"contentUrl\":\"https:\/\/secure.gravatar.com\/avatar\/20f6483dbe2a69e0999ddcdd1744b7f7?s=96&d=mm&r=g\",\"caption\":\"fbf_admin\"}}]}<\/script>\n<!-- \/ Yoast SEO plugin. -->","yoast_head_json":{"title":"Albert Heijn ouvre un nouveau supermarch\u00e9 franchis\u00e9 \u00e0 Oud-Turnhout - F\u00e9d\u00e9ration Belge de la Franchise","robots":{"index":"index","follow":"follow","max-snippet":"max-snippet:-1","max-image-preview":"max-image-preview:large","max-video-preview":"max-video-preview:-1"},"canonical":"https:\/\/www.fbf-bff.be\/fr\/albert-heijn-ouvre-un-nouveau-supermarche-franchise-a-oud-turnhout\/","og_locale":"fr_FR","og_type":"article","og_title":"Albert Heijn ouvre un nouveau supermarch\u00e9 franchis\u00e9 \u00e0 Oud-Turnhout - F\u00e9d\u00e9ration Belge de la Franchise","og_description":"Il y a quelques mois, le distributeur ne\u00e9rlandais Albert Heijn signait un accord avec le groupe familial anversois Peeters-Govers pour convertir leurs 6 supermarch\u00e9s en province d'Anvers en des franchises Albert Heijn, devenant ainsi le franchis\u00e9 le plus important de l'enseigne en Belgique.","og_url":"https:\/\/www.fbf-bff.be\/fr\/albert-heijn-ouvre-un-nouveau-supermarche-franchise-a-oud-turnhout\/","og_site_name":"F\u00e9d\u00e9ration Belge de la Franchise","article_published_time":"2015-11-16T23:00:00+00:00","og_image":[{"width":1200,"height":630,"url":"https:\/\/www.fbf-bff.be\/wp-content\/uploads\/2017\/06\/fbf-bff-fb-cover.jpg","type":"image\/jpeg"}],"author":"fbf_admin","twitter_card":"summary_large_image","twitter_misc":{"\u00c9crit par":"fbf_admin","Dur\u00e9e de lecture estim\u00e9e":"1 minute"},"schema":{"@context":"https:\/\/schema.org","@graph":[{"@type":"WebPage","@id":"https:\/\/www.fbf-bff.be\/fr\/albert-heijn-ouvre-un-nouveau-supermarche-franchise-a-oud-turnhout\/","url":"https:\/\/www.fbf-bff.be\/fr\/albert-heijn-ouvre-un-nouveau-supermarche-franchise-a-oud-turnhout\/","name":"Albert Heijn ouvre un nouveau supermarch\u00e9 franchis\u00e9 \u00e0 Oud-Turnhout - F\u00e9d\u00e9ration Belge de la Franchise","isPartOf":{"@id":"https:\/\/www.fbf-bff.be\/#website"},"datePublished":"2015-11-16T23:00:00+00:00","dateModified":"2015-11-16T23:00:00+00:00","author":{"@id":"https:\/\/www.fbf-bff.be\/#\/schema\/person\/73a9cbee87288cba2b06e3fc29244fe7"},"breadcrumb":{"@id":"https:\/\/www.fbf-bff.be\/fr\/albert-heijn-ouvre-un-nouveau-supermarche-franchise-a-oud-turnhout\/#breadcrumb"},"inLanguage":"fr-FR","potentialAction":[{"@type":"ReadAction","target":["https:\/\/www.fbf-bff.be\/fr\/albert-heijn-ouvre-un-nouveau-supermarche-franchise-a-oud-turnhout\/"]}]},{"@type":"BreadcrumbList","@id":"https:\/\/www.fbf-bff.be\/fr\/albert-heijn-ouvre-un-nouveau-supermarche-franchise-a-oud-turnhout\/#breadcrumb","itemListElement":[{"@type":"ListItem","position":1,"name":"Home","item":"https:\/\/www.fbf-bff.be\/fr\/"},{"@type":"ListItem","position":2,"name":"Albert Heijn ouvre un nouveau supermarch\u00e9 franchis\u00e9 \u00e0 Oud-Turnhout"}]},{"@type":"WebSite","@id":"https:\/\/www.fbf-bff.be\/#website","url":"https:\/\/www.fbf-bff.be\/","name":"F\u00e9d\u00e9ration Belge de la Franchise","description":"Pour r\u00e9ussir ensemblee","potentialAction":[{"@type":"SearchAction","target":{"@type":"EntryPoint","urlTemplate":"https:\/\/www.fbf-bff.be\/?s={search_term_string}"},"query-input":{"@type":"PropertyValueSpecification","valueRequired":true,"valueName":"search_term_string"}}],"inLanguage":"fr-FR"},{"@type":"Person","@id":"https:\/\/www.fbf-bff.be\/#\/schema\/person\/73a9cbee87288cba2b06e3fc29244fe7","name":"fbf_admin","image":{"@type":"ImageObject","inLanguage":"fr-FR","@id":"https:\/\/www.fbf-bff.be\/#\/schema\/person\/image\/","url":"https:\/\/secure.gravatar.com\/avatar\/20f6483dbe2a69e0999ddcdd1744b7f7?s=96&d=mm&r=g","contentUrl":"https:\/\/secure.gravatar.com\/avatar\/20f6483dbe2a69e0999ddcdd1744b7f7?s=96&d=mm&r=g","caption":"fbf_admin"}}]}},"_links":{"self":[{"href":"https:\/\/www.fbf-bff.be\/fr\/wp-json\/wp\/v2\/posts\/7972"}],"collection":[{"href":"https:\/\/www.fbf-bff.be\/fr\/wp-json\/wp\/v2\/posts"}],"about":[{"href":"https:\/\/www.fbf-bff.be\/fr\/wp-json\/wp\/v2\/types\/post"}],"author":[{"embeddable":true,"href":"https:\/\/www.fbf-bff.be\/fr\/wp-json\/wp\/v2\/users\/1"}],"replies":[{"embeddable":true,"href":"https:\/\/www.fbf-bff.be\/fr\/wp-json\/wp\/v2\/comments?post=7972"}],"version-history":[{"count":0,"href":"https:\/\/www.fbf-bff.be\/fr\/wp-json\/wp\/v2\/posts\/7972\/revisions"}],"wp:attachment":[{"href":"https:\/\/www.fbf-bff.be\/fr\/wp-json\/wp\/v2\/media?parent=7972"}],"wp:term":[{"taxonomy":"category","embeddable":true,"href":"https:\/\/www.fbf-bff.be\/fr\/wp-json\/wp\/v2\/categories?post=7972"},{"taxonomy":"post_tag","embeddable":true,"href":"https:\/\/www.fbf-bff.be\/fr\/wp-json\/wp\/v2\/tags?post=7972"}],"curies":[{"name":"wp","href":"https:\/\/api.w.org\/{rel}","templated":true}]}}