{"id":7969,"date":"2015-11-11T00:00:00","date_gmt":"2015-11-10T23:00:00","guid":{"rendered":"https:\/\/www.fbf-bff.be\/une-nouvelle-franchise-brico-arrive-au-limbourg\/"},"modified":"2015-11-11T00:00:00","modified_gmt":"2015-11-10T23:00:00","slug":"une-nouvelle-franchise-brico-arrive-au-limbourg","status":"publish","type":"post","link":"https:\/\/www.fbf-bff.be\/fr\/une-nouvelle-franchise-brico-arrive-au-limbourg\/","title":{"rendered":"Une nouvelle franchise Brico arrive au Limbourg"},"content":{"rendered":"Un mois \u00e0 peine apr\u00e8s l&rsquo;inauguration d&rsquo;un magasin Brico franchis\u00e9 \u00e0 Mettet dans la province de Namur, l&rsquo;enseigne remet le couvert avec la prochaine ouverture le 27 novembre d&rsquo;un nouveau magasin franchis\u00e9 dans le Limbourg dans le shopping center be-Mine 5.<div><br><\/div><div>Ce magasin Brico sera le dixi\u00e8me de la province et le plus grand avec une surface de vente de 4.600 m\u00b2 y compris une surface \u00e0 l&rsquo;ext\u00e9rieur de 500 m\u00b2.\u00a0<\/div><div><br><\/div><div>Ce magasin est sous la direction du couple de multifranchis\u00e9s Sven en Debby Curinckx, accompagn\u00e9 d&rsquo;une \u00e9quipe de 17 collaborateurs. En effet, ils sont aussi les franchis\u00e9s du magasin Brico de Heusden \u00e9galement dans le Limbourg.<\/div><div><br><\/div><div>Le groupe Brico qui fait partie du groupe n\u00e9erlandais Maxeda compte actuellement en Belgique un r\u00e9seau de 131 magasins Brico dont 87 sont franchis\u00e9s (67%), de 16 Brico City, tous franchis\u00e9s et de 11 Brico Plan-it et d&rsquo;un Brico D\u00e9p\u00f4t.<\/div><div><br><\/div><div>rl.<\/div>","protected":false},"excerpt":{"rendered":"<p>Un mois \u00e0 peine apr\u00e8s l&rsquo;inauguration d&rsquo;un magasin Brico franchis\u00e9 \u00e0 Mettet dans la province de Namur, l&rsquo;enseigne remet le couvert avec la prochaine ouverture le 27 novembre d&rsquo;un nouveau magasin franchis\u00e9 dans le Limbourg dans le shopping center be-Mine 5.<\/p>\n<div><\/div>\n","protected":false},"author":1,"featured_media":0,"comment_status":"closed","ping_status":"open","sticky":false,"template":"","format":"standard","meta":{"ngg_post_thumbnail":0,"footnotes":""},"categories":[41],"tags":[],"acf":[],"yoast_head":"<!-- This site is optimized with the Yoast SEO plugin v23.5 - https:\/\/yoast.com\/wordpress\/plugins\/seo\/ -->\n<title>Une nouvelle franchise Brico arrive au Limbourg - F\u00e9d\u00e9ration Belge de la Franchise<\/title>\n<meta name=\"robots\" content=\"index, follow, max-snippet:-1, max-image-preview:large, max-video-preview:-1\" \/>\n<link rel=\"canonical\" href=\"https:\/\/www.fbf-bff.be\/fr\/une-nouvelle-franchise-brico-arrive-au-limbourg\/\" \/>\n<meta property=\"og:locale\" content=\"fr_FR\" \/>\n<meta property=\"og:type\" content=\"article\" \/>\n<meta property=\"og:title\" content=\"Une nouvelle franchise Brico arrive au Limbourg - F\u00e9d\u00e9ration Belge de la Franchise\" \/>\n<meta property=\"og:description\" content=\"Un mois \u00e0 peine apr\u00e8s l&#039;inauguration d&#039;un magasin Brico franchis\u00e9 \u00e0 Mettet dans la province de Namur, l&#039;enseigne remet le couvert avec la prochaine ouverture le 27 novembre d&#039;un nouveau magasin franchis\u00e9 dans le Limbourg dans le shopping center be-Mine 5.\" \/>\n<meta property=\"og:url\" content=\"https:\/\/www.fbf-bff.be\/fr\/une-nouvelle-franchise-brico-arrive-au-limbourg\/\" \/>\n<meta property=\"og:site_name\" content=\"F\u00e9d\u00e9ration Belge de la Franchise\" \/>\n<meta property=\"article:published_time\" content=\"2015-11-10T23:00:00+00:00\" \/>\n<meta property=\"og:image\" content=\"https:\/\/www.fbf-bff.be\/wp-content\/uploads\/2017\/06\/fbf-bff-fb-cover.jpg\" \/>\n\t<meta property=\"og:image:width\" content=\"1200\" \/>\n\t<meta property=\"og:image:height\" content=\"630\" \/>\n\t<meta property=\"og:image:type\" content=\"image\/jpeg\" \/>\n<meta name=\"author\" content=\"fbf_admin\" \/>\n<meta name=\"twitter:card\" content=\"summary_large_image\" \/>\n<meta name=\"twitter:label1\" content=\"\u00c9crit par\" \/>\n\t<meta name=\"twitter:data1\" content=\"fbf_admin\" \/>\n\t<meta name=\"twitter:label2\" content=\"Dur\u00e9e de lecture estim\u00e9e\" \/>\n\t<meta name=\"twitter:data2\" content=\"1 minute\" \/>\n<script type=\"application\/ld+json\" class=\"yoast-schema-graph\">{\"@context\":\"https:\/\/schema.org\",\"@graph\":[{\"@type\":\"WebPage\",\"@id\":\"https:\/\/www.fbf-bff.be\/fr\/une-nouvelle-franchise-brico-arrive-au-limbourg\/\",\"url\":\"https:\/\/www.fbf-bff.be\/fr\/une-nouvelle-franchise-brico-arrive-au-limbourg\/\",\"name\":\"Une nouvelle franchise Brico arrive au Limbourg - F\u00e9d\u00e9ration Belge de la Franchise\",\"isPartOf\":{\"@id\":\"https:\/\/www.fbf-bff.be\/#website\"},\"datePublished\":\"2015-11-10T23:00:00+00:00\",\"dateModified\":\"2015-11-10T23:00:00+00:00\",\"author\":{\"@id\":\"https:\/\/www.fbf-bff.be\/#\/schema\/person\/73a9cbee87288cba2b06e3fc29244fe7\"},\"breadcrumb\":{\"@id\":\"https:\/\/www.fbf-bff.be\/fr\/une-nouvelle-franchise-brico-arrive-au-limbourg\/#breadcrumb\"},\"inLanguage\":\"fr-FR\",\"potentialAction\":[{\"@type\":\"ReadAction\",\"target\":[\"https:\/\/www.fbf-bff.be\/fr\/une-nouvelle-franchise-brico-arrive-au-limbourg\/\"]}]},{\"@type\":\"BreadcrumbList\",\"@id\":\"https:\/\/www.fbf-bff.be\/fr\/une-nouvelle-franchise-brico-arrive-au-limbourg\/#breadcrumb\",\"itemListElement\":[{\"@type\":\"ListItem\",\"position\":1,\"name\":\"Home\",\"item\":\"https:\/\/www.fbf-bff.be\/fr\/\"},{\"@type\":\"ListItem\",\"position\":2,\"name\":\"Une nouvelle franchise Brico arrive au Limbourg\"}]},{\"@type\":\"WebSite\",\"@id\":\"https:\/\/www.fbf-bff.be\/#website\",\"url\":\"https:\/\/www.fbf-bff.be\/\",\"name\":\"F\u00e9d\u00e9ration Belge de la Franchise\",\"description\":\"Pour r\u00e9ussir ensemblee\",\"potentialAction\":[{\"@type\":\"SearchAction\",\"target\":{\"@type\":\"EntryPoint\",\"urlTemplate\":\"https:\/\/www.fbf-bff.be\/?s={search_term_string}\"},\"query-input\":{\"@type\":\"PropertyValueSpecification\",\"valueRequired\":true,\"valueName\":\"search_term_string\"}}],\"inLanguage\":\"fr-FR\"},{\"@type\":\"Person\",\"@id\":\"https:\/\/www.fbf-bff.be\/#\/schema\/person\/73a9cbee87288cba2b06e3fc29244fe7\",\"name\":\"fbf_admin\",\"image\":{\"@type\":\"ImageObject\",\"inLanguage\":\"fr-FR\",\"@id\":\"https:\/\/www.fbf-bff.be\/#\/schema\/person\/image\/\",\"url\":\"https:\/\/secure.gravatar.com\/avatar\/20f6483dbe2a69e0999ddcdd1744b7f7?s=96&d=mm&r=g\",\"contentUrl\":\"https:\/\/secure.gravatar.com\/avatar\/20f6483dbe2a69e0999ddcdd1744b7f7?s=96&d=mm&r=g\",\"caption\":\"fbf_admin\"}}]}<\/script>\n<!-- \/ Yoast SEO plugin. -->","yoast_head_json":{"title":"Une nouvelle franchise Brico arrive au Limbourg - F\u00e9d\u00e9ration Belge de la Franchise","robots":{"index":"index","follow":"follow","max-snippet":"max-snippet:-1","max-image-preview":"max-image-preview:large","max-video-preview":"max-video-preview:-1"},"canonical":"https:\/\/www.fbf-bff.be\/fr\/une-nouvelle-franchise-brico-arrive-au-limbourg\/","og_locale":"fr_FR","og_type":"article","og_title":"Une nouvelle franchise Brico arrive au Limbourg - F\u00e9d\u00e9ration Belge de la Franchise","og_description":"Un mois \u00e0 peine apr\u00e8s l'inauguration d'un magasin Brico franchis\u00e9 \u00e0 Mettet dans la province de Namur, l'enseigne remet le couvert avec la prochaine ouverture le 27 novembre d'un nouveau magasin franchis\u00e9 dans le Limbourg dans le shopping center be-Mine 5.","og_url":"https:\/\/www.fbf-bff.be\/fr\/une-nouvelle-franchise-brico-arrive-au-limbourg\/","og_site_name":"F\u00e9d\u00e9ration Belge de la Franchise","article_published_time":"2015-11-10T23:00:00+00:00","og_image":[{"width":1200,"height":630,"url":"https:\/\/www.fbf-bff.be\/wp-content\/uploads\/2017\/06\/fbf-bff-fb-cover.jpg","type":"image\/jpeg"}],"author":"fbf_admin","twitter_card":"summary_large_image","twitter_misc":{"\u00c9crit par":"fbf_admin","Dur\u00e9e de lecture estim\u00e9e":"1 minute"},"schema":{"@context":"https:\/\/schema.org","@graph":[{"@type":"WebPage","@id":"https:\/\/www.fbf-bff.be\/fr\/une-nouvelle-franchise-brico-arrive-au-limbourg\/","url":"https:\/\/www.fbf-bff.be\/fr\/une-nouvelle-franchise-brico-arrive-au-limbourg\/","name":"Une nouvelle franchise Brico arrive au Limbourg - F\u00e9d\u00e9ration Belge de la Franchise","isPartOf":{"@id":"https:\/\/www.fbf-bff.be\/#website"},"datePublished":"2015-11-10T23:00:00+00:00","dateModified":"2015-11-10T23:00:00+00:00","author":{"@id":"https:\/\/www.fbf-bff.be\/#\/schema\/person\/73a9cbee87288cba2b06e3fc29244fe7"},"breadcrumb":{"@id":"https:\/\/www.fbf-bff.be\/fr\/une-nouvelle-franchise-brico-arrive-au-limbourg\/#breadcrumb"},"inLanguage":"fr-FR","potentialAction":[{"@type":"ReadAction","target":["https:\/\/www.fbf-bff.be\/fr\/une-nouvelle-franchise-brico-arrive-au-limbourg\/"]}]},{"@type":"BreadcrumbList","@id":"https:\/\/www.fbf-bff.be\/fr\/une-nouvelle-franchise-brico-arrive-au-limbourg\/#breadcrumb","itemListElement":[{"@type":"ListItem","position":1,"name":"Home","item":"https:\/\/www.fbf-bff.be\/fr\/"},{"@type":"ListItem","position":2,"name":"Une nouvelle franchise Brico arrive au Limbourg"}]},{"@type":"WebSite","@id":"https:\/\/www.fbf-bff.be\/#website","url":"https:\/\/www.fbf-bff.be\/","name":"F\u00e9d\u00e9ration Belge de la Franchise","description":"Pour r\u00e9ussir ensemblee","potentialAction":[{"@type":"SearchAction","target":{"@type":"EntryPoint","urlTemplate":"https:\/\/www.fbf-bff.be\/?s={search_term_string}"},"query-input":{"@type":"PropertyValueSpecification","valueRequired":true,"valueName":"search_term_string"}}],"inLanguage":"fr-FR"},{"@type":"Person","@id":"https:\/\/www.fbf-bff.be\/#\/schema\/person\/73a9cbee87288cba2b06e3fc29244fe7","name":"fbf_admin","image":{"@type":"ImageObject","inLanguage":"fr-FR","@id":"https:\/\/www.fbf-bff.be\/#\/schema\/person\/image\/","url":"https:\/\/secure.gravatar.com\/avatar\/20f6483dbe2a69e0999ddcdd1744b7f7?s=96&d=mm&r=g","contentUrl":"https:\/\/secure.gravatar.com\/avatar\/20f6483dbe2a69e0999ddcdd1744b7f7?s=96&d=mm&r=g","caption":"fbf_admin"}}]}},"_links":{"self":[{"href":"https:\/\/www.fbf-bff.be\/fr\/wp-json\/wp\/v2\/posts\/7969"}],"collection":[{"href":"https:\/\/www.fbf-bff.be\/fr\/wp-json\/wp\/v2\/posts"}],"about":[{"href":"https:\/\/www.fbf-bff.be\/fr\/wp-json\/wp\/v2\/types\/post"}],"author":[{"embeddable":true,"href":"https:\/\/www.fbf-bff.be\/fr\/wp-json\/wp\/v2\/users\/1"}],"replies":[{"embeddable":true,"href":"https:\/\/www.fbf-bff.be\/fr\/wp-json\/wp\/v2\/comments?post=7969"}],"version-history":[{"count":0,"href":"https:\/\/www.fbf-bff.be\/fr\/wp-json\/wp\/v2\/posts\/7969\/revisions"}],"wp:attachment":[{"href":"https:\/\/www.fbf-bff.be\/fr\/wp-json\/wp\/v2\/media?parent=7969"}],"wp:term":[{"taxonomy":"category","embeddable":true,"href":"https:\/\/www.fbf-bff.be\/fr\/wp-json\/wp\/v2\/categories?post=7969"},{"taxonomy":"post_tag","embeddable":true,"href":"https:\/\/www.fbf-bff.be\/fr\/wp-json\/wp\/v2\/tags?post=7969"}],"curies":[{"name":"wp","href":"https:\/\/api.w.org\/{rel}","templated":true}]}}