{"id":7967,"date":"2015-11-11T00:00:00","date_gmt":"2015-11-10T23:00:00","guid":{"rendered":"https:\/\/www.fbf-bff.be\/une-nouvelle-boutique-franchisee-pralibel-a-cusset\/"},"modified":"2015-11-11T00:00:00","modified_gmt":"2015-11-10T23:00:00","slug":"une-nouvelle-boutique-franchisee-pralibel-a-cusset","status":"publish","type":"post","link":"https:\/\/www.fbf-bff.be\/fr\/une-nouvelle-boutique-franchisee-pralibel-a-cusset\/","title":{"rendered":"Une nouvelle boutique franchis\u00e9e Pralibel \u00e0 Cusset"},"content":{"rendered":"Un mois charg\u00e9 pour l&rsquo;enseigne du chocolatier belge Pralibel qui apr\u00e8s avoir inaugur\u00e9 au d\u00e9but du mois d&rsquo;octobre une nouvelle boutique franchis\u00e9e en France \u00e0 Rennes, en ouvrait une seconde \u00e0 Cusset dans le d\u00e9partement de l&rsquo;Allier en r\u00e9gion d&rsquo;Auvergne.<div><br><\/div><div>Cette nouvelle franchise qui se trouve dans le centre commercial Carrefour de la ville de Cusset est la quatorzi\u00e8me de l&rsquo;enseigne Pralibel en France. Elle est est dirig\u00e9e par le franchis\u00e9 Loli Bruno.<\/div><div><br><\/div><div>En Belgique, outre les derni\u00e8res boutiques franchis\u00e9es de Bruges et Zaventem ouvertes en mars dernier,et le magasin pilote de Vichte pr\u00e8s de Courtrai (si\u00e8ge de Pralibel), les autres magasins se situent respectivement \u00e0 Adinkerke, Bouillon, Gand, Kuurne, Tongres, Herck de Stad et Mouscron.<\/div>","protected":false},"excerpt":{"rendered":"<p>Un mois charg\u00e9 pour l&rsquo;enseigne du chocolatier belge Pralibel qui apr\u00e8s avoir inaugur\u00e9 au d\u00e9but du mois d&rsquo;octobre une nouvelle boutique franchis\u00e9e en France \u00e0 Rennes, en ouvrait une seconde \u00e0 Cusset dans le d\u00e9partement de l&rsquo;Allier en r\u00e9gion d&rsquo;Auvergne.<\/p>\n","protected":false},"author":1,"featured_media":0,"comment_status":"closed","ping_status":"open","sticky":false,"template":"","format":"standard","meta":{"ngg_post_thumbnail":0,"footnotes":""},"categories":[37],"tags":[],"acf":[],"yoast_head":"<!-- This site is optimized with the Yoast SEO plugin v23.5 - https:\/\/yoast.com\/wordpress\/plugins\/seo\/ -->\n<title>Une nouvelle boutique franchis\u00e9e Pralibel \u00e0 Cusset - F\u00e9d\u00e9ration Belge de la Franchise<\/title>\n<meta name=\"robots\" content=\"index, follow, max-snippet:-1, max-image-preview:large, max-video-preview:-1\" \/>\n<link rel=\"canonical\" href=\"https:\/\/www.fbf-bff.be\/fr\/une-nouvelle-boutique-franchisee-pralibel-a-cusset\/\" \/>\n<meta property=\"og:locale\" content=\"fr_FR\" \/>\n<meta property=\"og:type\" content=\"article\" \/>\n<meta property=\"og:title\" content=\"Une nouvelle boutique franchis\u00e9e Pralibel \u00e0 Cusset - F\u00e9d\u00e9ration Belge de la Franchise\" \/>\n<meta property=\"og:description\" content=\"Un mois charg\u00e9 pour l&#039;enseigne du chocolatier belge Pralibel qui apr\u00e8s avoir inaugur\u00e9 au d\u00e9but du mois d&#039;octobre une nouvelle boutique franchis\u00e9e en France \u00e0 Rennes, en ouvrait une seconde \u00e0 Cusset dans le d\u00e9partement de l&#039;Allier en r\u00e9gion d&#039;Auvergne.\" \/>\n<meta property=\"og:url\" content=\"https:\/\/www.fbf-bff.be\/fr\/une-nouvelle-boutique-franchisee-pralibel-a-cusset\/\" \/>\n<meta property=\"og:site_name\" content=\"F\u00e9d\u00e9ration Belge de la Franchise\" \/>\n<meta property=\"article:published_time\" content=\"2015-11-10T23:00:00+00:00\" \/>\n<meta property=\"og:image\" content=\"https:\/\/www.fbf-bff.be\/wp-content\/uploads\/2017\/06\/fbf-bff-fb-cover.jpg\" \/>\n\t<meta property=\"og:image:width\" content=\"1200\" \/>\n\t<meta property=\"og:image:height\" content=\"630\" \/>\n\t<meta property=\"og:image:type\" content=\"image\/jpeg\" \/>\n<meta name=\"author\" content=\"fbf_admin\" \/>\n<meta name=\"twitter:card\" content=\"summary_large_image\" \/>\n<meta name=\"twitter:label1\" content=\"\u00c9crit par\" \/>\n\t<meta name=\"twitter:data1\" content=\"fbf_admin\" \/>\n\t<meta name=\"twitter:label2\" content=\"Dur\u00e9e de lecture estim\u00e9e\" \/>\n\t<meta name=\"twitter:data2\" content=\"1 minute\" \/>\n<script type=\"application\/ld+json\" class=\"yoast-schema-graph\">{\"@context\":\"https:\/\/schema.org\",\"@graph\":[{\"@type\":\"WebPage\",\"@id\":\"https:\/\/www.fbf-bff.be\/fr\/une-nouvelle-boutique-franchisee-pralibel-a-cusset\/\",\"url\":\"https:\/\/www.fbf-bff.be\/fr\/une-nouvelle-boutique-franchisee-pralibel-a-cusset\/\",\"name\":\"Une nouvelle boutique franchis\u00e9e Pralibel \u00e0 Cusset - F\u00e9d\u00e9ration Belge de la Franchise\",\"isPartOf\":{\"@id\":\"https:\/\/www.fbf-bff.be\/#website\"},\"datePublished\":\"2015-11-10T23:00:00+00:00\",\"dateModified\":\"2015-11-10T23:00:00+00:00\",\"author\":{\"@id\":\"https:\/\/www.fbf-bff.be\/#\/schema\/person\/73a9cbee87288cba2b06e3fc29244fe7\"},\"breadcrumb\":{\"@id\":\"https:\/\/www.fbf-bff.be\/fr\/une-nouvelle-boutique-franchisee-pralibel-a-cusset\/#breadcrumb\"},\"inLanguage\":\"fr-FR\",\"potentialAction\":[{\"@type\":\"ReadAction\",\"target\":[\"https:\/\/www.fbf-bff.be\/fr\/une-nouvelle-boutique-franchisee-pralibel-a-cusset\/\"]}]},{\"@type\":\"BreadcrumbList\",\"@id\":\"https:\/\/www.fbf-bff.be\/fr\/une-nouvelle-boutique-franchisee-pralibel-a-cusset\/#breadcrumb\",\"itemListElement\":[{\"@type\":\"ListItem\",\"position\":1,\"name\":\"Home\",\"item\":\"https:\/\/www.fbf-bff.be\/fr\/\"},{\"@type\":\"ListItem\",\"position\":2,\"name\":\"Une nouvelle boutique franchis\u00e9e Pralibel \u00e0 Cusset\"}]},{\"@type\":\"WebSite\",\"@id\":\"https:\/\/www.fbf-bff.be\/#website\",\"url\":\"https:\/\/www.fbf-bff.be\/\",\"name\":\"F\u00e9d\u00e9ration Belge de la Franchise\",\"description\":\"Pour r\u00e9ussir ensemblee\",\"potentialAction\":[{\"@type\":\"SearchAction\",\"target\":{\"@type\":\"EntryPoint\",\"urlTemplate\":\"https:\/\/www.fbf-bff.be\/?s={search_term_string}\"},\"query-input\":{\"@type\":\"PropertyValueSpecification\",\"valueRequired\":true,\"valueName\":\"search_term_string\"}}],\"inLanguage\":\"fr-FR\"},{\"@type\":\"Person\",\"@id\":\"https:\/\/www.fbf-bff.be\/#\/schema\/person\/73a9cbee87288cba2b06e3fc29244fe7\",\"name\":\"fbf_admin\",\"image\":{\"@type\":\"ImageObject\",\"inLanguage\":\"fr-FR\",\"@id\":\"https:\/\/www.fbf-bff.be\/#\/schema\/person\/image\/\",\"url\":\"https:\/\/secure.gravatar.com\/avatar\/20f6483dbe2a69e0999ddcdd1744b7f7?s=96&d=mm&r=g\",\"contentUrl\":\"https:\/\/secure.gravatar.com\/avatar\/20f6483dbe2a69e0999ddcdd1744b7f7?s=96&d=mm&r=g\",\"caption\":\"fbf_admin\"}}]}<\/script>\n<!-- \/ Yoast SEO plugin. -->","yoast_head_json":{"title":"Une nouvelle boutique franchis\u00e9e Pralibel \u00e0 Cusset - F\u00e9d\u00e9ration Belge de la Franchise","robots":{"index":"index","follow":"follow","max-snippet":"max-snippet:-1","max-image-preview":"max-image-preview:large","max-video-preview":"max-video-preview:-1"},"canonical":"https:\/\/www.fbf-bff.be\/fr\/une-nouvelle-boutique-franchisee-pralibel-a-cusset\/","og_locale":"fr_FR","og_type":"article","og_title":"Une nouvelle boutique franchis\u00e9e Pralibel \u00e0 Cusset - F\u00e9d\u00e9ration Belge de la Franchise","og_description":"Un mois charg\u00e9 pour l'enseigne du chocolatier belge Pralibel qui apr\u00e8s avoir inaugur\u00e9 au d\u00e9but du mois d'octobre une nouvelle boutique franchis\u00e9e en France \u00e0 Rennes, en ouvrait une seconde \u00e0 Cusset dans le d\u00e9partement de l'Allier en r\u00e9gion d'Auvergne.","og_url":"https:\/\/www.fbf-bff.be\/fr\/une-nouvelle-boutique-franchisee-pralibel-a-cusset\/","og_site_name":"F\u00e9d\u00e9ration Belge de la Franchise","article_published_time":"2015-11-10T23:00:00+00:00","og_image":[{"width":1200,"height":630,"url":"https:\/\/www.fbf-bff.be\/wp-content\/uploads\/2017\/06\/fbf-bff-fb-cover.jpg","type":"image\/jpeg"}],"author":"fbf_admin","twitter_card":"summary_large_image","twitter_misc":{"\u00c9crit par":"fbf_admin","Dur\u00e9e de lecture estim\u00e9e":"1 minute"},"schema":{"@context":"https:\/\/schema.org","@graph":[{"@type":"WebPage","@id":"https:\/\/www.fbf-bff.be\/fr\/une-nouvelle-boutique-franchisee-pralibel-a-cusset\/","url":"https:\/\/www.fbf-bff.be\/fr\/une-nouvelle-boutique-franchisee-pralibel-a-cusset\/","name":"Une nouvelle boutique franchis\u00e9e Pralibel \u00e0 Cusset - F\u00e9d\u00e9ration Belge de la Franchise","isPartOf":{"@id":"https:\/\/www.fbf-bff.be\/#website"},"datePublished":"2015-11-10T23:00:00+00:00","dateModified":"2015-11-10T23:00:00+00:00","author":{"@id":"https:\/\/www.fbf-bff.be\/#\/schema\/person\/73a9cbee87288cba2b06e3fc29244fe7"},"breadcrumb":{"@id":"https:\/\/www.fbf-bff.be\/fr\/une-nouvelle-boutique-franchisee-pralibel-a-cusset\/#breadcrumb"},"inLanguage":"fr-FR","potentialAction":[{"@type":"ReadAction","target":["https:\/\/www.fbf-bff.be\/fr\/une-nouvelle-boutique-franchisee-pralibel-a-cusset\/"]}]},{"@type":"BreadcrumbList","@id":"https:\/\/www.fbf-bff.be\/fr\/une-nouvelle-boutique-franchisee-pralibel-a-cusset\/#breadcrumb","itemListElement":[{"@type":"ListItem","position":1,"name":"Home","item":"https:\/\/www.fbf-bff.be\/fr\/"},{"@type":"ListItem","position":2,"name":"Une nouvelle boutique franchis\u00e9e Pralibel \u00e0 Cusset"}]},{"@type":"WebSite","@id":"https:\/\/www.fbf-bff.be\/#website","url":"https:\/\/www.fbf-bff.be\/","name":"F\u00e9d\u00e9ration Belge de la Franchise","description":"Pour r\u00e9ussir ensemblee","potentialAction":[{"@type":"SearchAction","target":{"@type":"EntryPoint","urlTemplate":"https:\/\/www.fbf-bff.be\/?s={search_term_string}"},"query-input":{"@type":"PropertyValueSpecification","valueRequired":true,"valueName":"search_term_string"}}],"inLanguage":"fr-FR"},{"@type":"Person","@id":"https:\/\/www.fbf-bff.be\/#\/schema\/person\/73a9cbee87288cba2b06e3fc29244fe7","name":"fbf_admin","image":{"@type":"ImageObject","inLanguage":"fr-FR","@id":"https:\/\/www.fbf-bff.be\/#\/schema\/person\/image\/","url":"https:\/\/secure.gravatar.com\/avatar\/20f6483dbe2a69e0999ddcdd1744b7f7?s=96&d=mm&r=g","contentUrl":"https:\/\/secure.gravatar.com\/avatar\/20f6483dbe2a69e0999ddcdd1744b7f7?s=96&d=mm&r=g","caption":"fbf_admin"}}]}},"_links":{"self":[{"href":"https:\/\/www.fbf-bff.be\/fr\/wp-json\/wp\/v2\/posts\/7967"}],"collection":[{"href":"https:\/\/www.fbf-bff.be\/fr\/wp-json\/wp\/v2\/posts"}],"about":[{"href":"https:\/\/www.fbf-bff.be\/fr\/wp-json\/wp\/v2\/types\/post"}],"author":[{"embeddable":true,"href":"https:\/\/www.fbf-bff.be\/fr\/wp-json\/wp\/v2\/users\/1"}],"replies":[{"embeddable":true,"href":"https:\/\/www.fbf-bff.be\/fr\/wp-json\/wp\/v2\/comments?post=7967"}],"version-history":[{"count":0,"href":"https:\/\/www.fbf-bff.be\/fr\/wp-json\/wp\/v2\/posts\/7967\/revisions"}],"wp:attachment":[{"href":"https:\/\/www.fbf-bff.be\/fr\/wp-json\/wp\/v2\/media?parent=7967"}],"wp:term":[{"taxonomy":"category","embeddable":true,"href":"https:\/\/www.fbf-bff.be\/fr\/wp-json\/wp\/v2\/categories?post=7967"},{"taxonomy":"post_tag","embeddable":true,"href":"https:\/\/www.fbf-bff.be\/fr\/wp-json\/wp\/v2\/tags?post=7967"}],"curies":[{"name":"wp","href":"https:\/\/api.w.org\/{rel}","templated":true}]}}