{"id":7959,"date":"2015-11-04T00:00:00","date_gmt":"2015-11-03T23:00:00","guid":{"rendered":"https:\/\/www.fbf-bff.be\/yves-rocher-continue-son-expansion-en-franchise-en-belgique\/"},"modified":"2015-11-04T00:00:00","modified_gmt":"2015-11-03T23:00:00","slug":"yves-rocher-continue-son-expansion-en-franchise-en-belgique","status":"publish","type":"post","link":"https:\/\/www.fbf-bff.be\/fr\/yves-rocher-continue-son-expansion-en-franchise-en-belgique\/","title":{"rendered":"Yves Rocher continue son expansion en franchise en Belgique"},"content":{"rendered":"Apr\u00e8s avoir ouvert un nouveau magasin franchis\u00e9 cet \u00e9t\u00e9 \u00e0 Nieuwport, Yves Rocher continue l\u2019expansion de ses magasins en franchise . Le 23 octobre, l\u2019enseigne a ouvert un nouveau magasin en franchise au 76 chauss\u00e9e de Waterloo \u00e0 Saint Gilles. Ce nouvel Atelier de la Cosm\u00e9tique V\u00e9g\u00e9tale est g\u00e9r\u00e9 par la franchis\u00e9e ,Madame Sylvie Virzi qui, outre le magasin, dispose d\u2019un institut de soins \u00e0 la disposition de la client\u00e8le .<div><br><\/div><div>L\u2019Atelier de Cosm\u00e9tique V\u00e9g\u00e9tale de Pommerloch jusqu\u2019alors g\u00e9r\u00e9 en fonds propres a , lui, \u00e9t\u00e9 repris en Franchise cet \u00e9t\u00e9 par Madame Annabelle Pireino qui a \u00e9galement 2 cabines de soins afin d\u2019y  accueillir sa client\u00e8le .<\/div><div><br><\/div><div>Yves Rocher continue sa recherche active de franchis\u00e9es sur l\u2019ensemble du territoire.<\/div>","protected":false},"excerpt":{"rendered":"<p>Apr\u00e8s avoir ouvert un nouveau magasin franchis\u00e9 cet \u00e9t\u00e9 \u00e0 Nieuwport, Yves Rocher continue l\u2019expansion de ses magasins en franchise .\u00a0<\/p>\n","protected":false},"author":1,"featured_media":0,"comment_status":"closed","ping_status":"open","sticky":false,"template":"","format":"standard","meta":{"ngg_post_thumbnail":0,"footnotes":""},"categories":[41],"tags":[],"acf":[],"yoast_head":"<!-- This site is optimized with the Yoast SEO plugin v23.5 - https:\/\/yoast.com\/wordpress\/plugins\/seo\/ -->\n<title>Yves Rocher continue son expansion en franchise en Belgique - F\u00e9d\u00e9ration Belge de la Franchise<\/title>\n<meta name=\"robots\" content=\"index, follow, max-snippet:-1, max-image-preview:large, max-video-preview:-1\" \/>\n<link rel=\"canonical\" href=\"https:\/\/www.fbf-bff.be\/fr\/yves-rocher-continue-son-expansion-en-franchise-en-belgique\/\" \/>\n<meta property=\"og:locale\" content=\"fr_FR\" \/>\n<meta property=\"og:type\" content=\"article\" \/>\n<meta property=\"og:title\" content=\"Yves Rocher continue son expansion en franchise en Belgique - F\u00e9d\u00e9ration Belge de la Franchise\" \/>\n<meta property=\"og:description\" content=\"Apr\u00e8s avoir ouvert un nouveau magasin franchis\u00e9 cet \u00e9t\u00e9 \u00e0 Nieuwport, Yves Rocher continue l\u2019expansion de ses magasins en franchise .\u00a0\" \/>\n<meta property=\"og:url\" content=\"https:\/\/www.fbf-bff.be\/fr\/yves-rocher-continue-son-expansion-en-franchise-en-belgique\/\" \/>\n<meta property=\"og:site_name\" content=\"F\u00e9d\u00e9ration Belge de la Franchise\" \/>\n<meta property=\"article:published_time\" content=\"2015-11-03T23:00:00+00:00\" \/>\n<meta property=\"og:image\" content=\"https:\/\/www.fbf-bff.be\/wp-content\/uploads\/2017\/06\/fbf-bff-fb-cover.jpg\" \/>\n\t<meta property=\"og:image:width\" content=\"1200\" \/>\n\t<meta property=\"og:image:height\" content=\"630\" \/>\n\t<meta property=\"og:image:type\" content=\"image\/jpeg\" \/>\n<meta name=\"author\" content=\"fbf_admin\" \/>\n<meta name=\"twitter:card\" content=\"summary_large_image\" \/>\n<meta name=\"twitter:label1\" content=\"\u00c9crit par\" \/>\n\t<meta name=\"twitter:data1\" content=\"fbf_admin\" \/>\n\t<meta name=\"twitter:label2\" content=\"Dur\u00e9e de lecture estim\u00e9e\" \/>\n\t<meta name=\"twitter:data2\" content=\"1 minute\" \/>\n<script type=\"application\/ld+json\" class=\"yoast-schema-graph\">{\"@context\":\"https:\/\/schema.org\",\"@graph\":[{\"@type\":\"WebPage\",\"@id\":\"https:\/\/www.fbf-bff.be\/fr\/yves-rocher-continue-son-expansion-en-franchise-en-belgique\/\",\"url\":\"https:\/\/www.fbf-bff.be\/fr\/yves-rocher-continue-son-expansion-en-franchise-en-belgique\/\",\"name\":\"Yves Rocher continue son expansion en franchise en Belgique - F\u00e9d\u00e9ration Belge de la Franchise\",\"isPartOf\":{\"@id\":\"https:\/\/www.fbf-bff.be\/#website\"},\"datePublished\":\"2015-11-03T23:00:00+00:00\",\"dateModified\":\"2015-11-03T23:00:00+00:00\",\"author\":{\"@id\":\"https:\/\/www.fbf-bff.be\/#\/schema\/person\/73a9cbee87288cba2b06e3fc29244fe7\"},\"breadcrumb\":{\"@id\":\"https:\/\/www.fbf-bff.be\/fr\/yves-rocher-continue-son-expansion-en-franchise-en-belgique\/#breadcrumb\"},\"inLanguage\":\"fr-FR\",\"potentialAction\":[{\"@type\":\"ReadAction\",\"target\":[\"https:\/\/www.fbf-bff.be\/fr\/yves-rocher-continue-son-expansion-en-franchise-en-belgique\/\"]}]},{\"@type\":\"BreadcrumbList\",\"@id\":\"https:\/\/www.fbf-bff.be\/fr\/yves-rocher-continue-son-expansion-en-franchise-en-belgique\/#breadcrumb\",\"itemListElement\":[{\"@type\":\"ListItem\",\"position\":1,\"name\":\"Home\",\"item\":\"https:\/\/www.fbf-bff.be\/fr\/\"},{\"@type\":\"ListItem\",\"position\":2,\"name\":\"Yves Rocher continue son expansion en franchise en Belgique\"}]},{\"@type\":\"WebSite\",\"@id\":\"https:\/\/www.fbf-bff.be\/#website\",\"url\":\"https:\/\/www.fbf-bff.be\/\",\"name\":\"F\u00e9d\u00e9ration Belge de la Franchise\",\"description\":\"Pour r\u00e9ussir ensemblee\",\"potentialAction\":[{\"@type\":\"SearchAction\",\"target\":{\"@type\":\"EntryPoint\",\"urlTemplate\":\"https:\/\/www.fbf-bff.be\/?s={search_term_string}\"},\"query-input\":{\"@type\":\"PropertyValueSpecification\",\"valueRequired\":true,\"valueName\":\"search_term_string\"}}],\"inLanguage\":\"fr-FR\"},{\"@type\":\"Person\",\"@id\":\"https:\/\/www.fbf-bff.be\/#\/schema\/person\/73a9cbee87288cba2b06e3fc29244fe7\",\"name\":\"fbf_admin\",\"image\":{\"@type\":\"ImageObject\",\"inLanguage\":\"fr-FR\",\"@id\":\"https:\/\/www.fbf-bff.be\/#\/schema\/person\/image\/\",\"url\":\"https:\/\/secure.gravatar.com\/avatar\/20f6483dbe2a69e0999ddcdd1744b7f7?s=96&d=mm&r=g\",\"contentUrl\":\"https:\/\/secure.gravatar.com\/avatar\/20f6483dbe2a69e0999ddcdd1744b7f7?s=96&d=mm&r=g\",\"caption\":\"fbf_admin\"}}]}<\/script>\n<!-- \/ Yoast SEO plugin. -->","yoast_head_json":{"title":"Yves Rocher continue son expansion en franchise en Belgique - F\u00e9d\u00e9ration Belge de la Franchise","robots":{"index":"index","follow":"follow","max-snippet":"max-snippet:-1","max-image-preview":"max-image-preview:large","max-video-preview":"max-video-preview:-1"},"canonical":"https:\/\/www.fbf-bff.be\/fr\/yves-rocher-continue-son-expansion-en-franchise-en-belgique\/","og_locale":"fr_FR","og_type":"article","og_title":"Yves Rocher continue son expansion en franchise en Belgique - F\u00e9d\u00e9ration Belge de la Franchise","og_description":"Apr\u00e8s avoir ouvert un nouveau magasin franchis\u00e9 cet \u00e9t\u00e9 \u00e0 Nieuwport, Yves Rocher continue l\u2019expansion de ses magasins en franchise .\u00a0","og_url":"https:\/\/www.fbf-bff.be\/fr\/yves-rocher-continue-son-expansion-en-franchise-en-belgique\/","og_site_name":"F\u00e9d\u00e9ration Belge de la Franchise","article_published_time":"2015-11-03T23:00:00+00:00","og_image":[{"width":1200,"height":630,"url":"https:\/\/www.fbf-bff.be\/wp-content\/uploads\/2017\/06\/fbf-bff-fb-cover.jpg","type":"image\/jpeg"}],"author":"fbf_admin","twitter_card":"summary_large_image","twitter_misc":{"\u00c9crit par":"fbf_admin","Dur\u00e9e de lecture estim\u00e9e":"1 minute"},"schema":{"@context":"https:\/\/schema.org","@graph":[{"@type":"WebPage","@id":"https:\/\/www.fbf-bff.be\/fr\/yves-rocher-continue-son-expansion-en-franchise-en-belgique\/","url":"https:\/\/www.fbf-bff.be\/fr\/yves-rocher-continue-son-expansion-en-franchise-en-belgique\/","name":"Yves Rocher continue son expansion en franchise en Belgique - F\u00e9d\u00e9ration Belge de la Franchise","isPartOf":{"@id":"https:\/\/www.fbf-bff.be\/#website"},"datePublished":"2015-11-03T23:00:00+00:00","dateModified":"2015-11-03T23:00:00+00:00","author":{"@id":"https:\/\/www.fbf-bff.be\/#\/schema\/person\/73a9cbee87288cba2b06e3fc29244fe7"},"breadcrumb":{"@id":"https:\/\/www.fbf-bff.be\/fr\/yves-rocher-continue-son-expansion-en-franchise-en-belgique\/#breadcrumb"},"inLanguage":"fr-FR","potentialAction":[{"@type":"ReadAction","target":["https:\/\/www.fbf-bff.be\/fr\/yves-rocher-continue-son-expansion-en-franchise-en-belgique\/"]}]},{"@type":"BreadcrumbList","@id":"https:\/\/www.fbf-bff.be\/fr\/yves-rocher-continue-son-expansion-en-franchise-en-belgique\/#breadcrumb","itemListElement":[{"@type":"ListItem","position":1,"name":"Home","item":"https:\/\/www.fbf-bff.be\/fr\/"},{"@type":"ListItem","position":2,"name":"Yves Rocher continue son expansion en franchise en Belgique"}]},{"@type":"WebSite","@id":"https:\/\/www.fbf-bff.be\/#website","url":"https:\/\/www.fbf-bff.be\/","name":"F\u00e9d\u00e9ration Belge de la Franchise","description":"Pour r\u00e9ussir ensemblee","potentialAction":[{"@type":"SearchAction","target":{"@type":"EntryPoint","urlTemplate":"https:\/\/www.fbf-bff.be\/?s={search_term_string}"},"query-input":{"@type":"PropertyValueSpecification","valueRequired":true,"valueName":"search_term_string"}}],"inLanguage":"fr-FR"},{"@type":"Person","@id":"https:\/\/www.fbf-bff.be\/#\/schema\/person\/73a9cbee87288cba2b06e3fc29244fe7","name":"fbf_admin","image":{"@type":"ImageObject","inLanguage":"fr-FR","@id":"https:\/\/www.fbf-bff.be\/#\/schema\/person\/image\/","url":"https:\/\/secure.gravatar.com\/avatar\/20f6483dbe2a69e0999ddcdd1744b7f7?s=96&d=mm&r=g","contentUrl":"https:\/\/secure.gravatar.com\/avatar\/20f6483dbe2a69e0999ddcdd1744b7f7?s=96&d=mm&r=g","caption":"fbf_admin"}}]}},"_links":{"self":[{"href":"https:\/\/www.fbf-bff.be\/fr\/wp-json\/wp\/v2\/posts\/7959"}],"collection":[{"href":"https:\/\/www.fbf-bff.be\/fr\/wp-json\/wp\/v2\/posts"}],"about":[{"href":"https:\/\/www.fbf-bff.be\/fr\/wp-json\/wp\/v2\/types\/post"}],"author":[{"embeddable":true,"href":"https:\/\/www.fbf-bff.be\/fr\/wp-json\/wp\/v2\/users\/1"}],"replies":[{"embeddable":true,"href":"https:\/\/www.fbf-bff.be\/fr\/wp-json\/wp\/v2\/comments?post=7959"}],"version-history":[{"count":0,"href":"https:\/\/www.fbf-bff.be\/fr\/wp-json\/wp\/v2\/posts\/7959\/revisions"}],"wp:attachment":[{"href":"https:\/\/www.fbf-bff.be\/fr\/wp-json\/wp\/v2\/media?parent=7959"}],"wp:term":[{"taxonomy":"category","embeddable":true,"href":"https:\/\/www.fbf-bff.be\/fr\/wp-json\/wp\/v2\/categories?post=7959"},{"taxonomy":"post_tag","embeddable":true,"href":"https:\/\/www.fbf-bff.be\/fr\/wp-json\/wp\/v2\/tags?post=7959"}],"curies":[{"name":"wp","href":"https:\/\/api.w.org\/{rel}","templated":true}]}}