{"id":7955,"date":"2015-11-03T00:00:00","date_gmt":"2015-11-02T23:00:00","guid":{"rendered":"https:\/\/www.fbf-bff.be\/apres-la-belgique-le-reseau-en-franchise-daniel-moquet-part-a-la-conquete-de-langleterre\/"},"modified":"2015-11-03T00:00:00","modified_gmt":"2015-11-02T23:00:00","slug":"apres-la-belgique-le-reseau-en-franchise-daniel-moquet-part-a-la-conquete-de-langleterre","status":"publish","type":"post","link":"https:\/\/www.fbf-bff.be\/fr\/apres-la-belgique-le-reseau-en-franchise-daniel-moquet-part-a-la-conquete-de-langleterre\/","title":{"rendered":"Apr\u00e8s la Belgique, le r\u00e9seau en franchise Daniel Moquet part \u00e0 la conqu\u00eate de l&#8217;Angleterre"},"content":{"rendered":"En octobre dernier, Daniel et Camille Moquet sont all\u00e9s en Angleterre pour rencontrer des candidats franchis\u00e9s.\u00a0<div><br><\/div><div>L\u2019Angleterre est en effet le prochain pays apr\u00e8s la Belgique dans lequel le r\u00e9seau en franchise fran\u00e7ais souhaite se d\u00e9velopper. \u00ab L\u2019\u00e9tude de march\u00e9 ayant montr\u00e9 que le potentiel de ce pays \u00e9tait \u00e9quivalent \u00e0 celui de la France, nous avons donc d\u00e9cid\u00e9 de mettre les moyens en \u0153uvre pour s\u2019exporter vers ce nouveau territoire \u00bb, nous explique Camille Moquet. Le projet est d\u00e9sormais lanc\u00e9.<\/div><div><br><\/div><div>L&rsquo;enseigne en franchise Daniel Moquet Signe Vos All\u00e9es compte aujurd&rsquo;hui un r\u00e9seau de 133 franchis\u00e9s dont 2 franchis\u00e9s en Belgique (Benoit Lesens \u00e0 Ath depuis mars 2014 et Ralph Henry \u00e0 Arlon depuis janvier de cette ann\u00e9e).<\/div><div><span style=\"line-height: 1.42857\"><br><\/span><\/div><div><span style=\"line-height: 1.42857\">Souhaitez-vous avoir plus d\u2019information sur cette enseigne, cliquez <\/span><a href=\"https:\/\/franchisingbelgium.be\/formule\/daniel-moquet-signe-vos-allees\/?lang=fr\" target=\"_blank\" style=\"text-decoration: underline\" rel=\"noopener\">ici<\/a><span style=\"line-height: 1.42857\"> ou sur le logo dans  \u201cles enseignes se d\u00e9veloppent et cherchent des candidats \u00bb  sur la <\/span><a href=\"https:\/\/franchisingbelgium.be\/fr\/\" target=\"_blank\" style=\"text-decoration: underline\" rel=\"noopener\">homepage<\/a><span style=\"line-height: 1.42857\">.<\/span><\/div><div><span style=\"line-height: 1.42857\"><br><\/span><\/div><div><span style=\"line-height: 1.42857\">rl.<\/span><br><\/div>","protected":false},"excerpt":{"rendered":"<p>En octobre dernier, Daniel et Camille Moquet sont all\u00e9s en Angleterre pour rencontrer des candidats franchis\u00e9s.\u00a0<\/p>\n","protected":false},"author":1,"featured_media":0,"comment_status":"closed","ping_status":"open","sticky":false,"template":"","format":"standard","meta":{"ngg_post_thumbnail":0,"footnotes":""},"categories":[41],"tags":[],"acf":[],"yoast_head":"<!-- This site is optimized with the Yoast SEO plugin v23.5 - https:\/\/yoast.com\/wordpress\/plugins\/seo\/ -->\n<title>Apr\u00e8s la Belgique, le r\u00e9seau en franchise Daniel Moquet part \u00e0 la conqu\u00eate de l&#8217;Angleterre - F\u00e9d\u00e9ration Belge de la Franchise<\/title>\n<meta name=\"robots\" content=\"index, follow, max-snippet:-1, max-image-preview:large, max-video-preview:-1\" \/>\n<link rel=\"canonical\" href=\"https:\/\/www.fbf-bff.be\/fr\/apres-la-belgique-le-reseau-en-franchise-daniel-moquet-part-a-la-conquete-de-langleterre\/\" \/>\n<meta property=\"og:locale\" content=\"fr_FR\" \/>\n<meta property=\"og:type\" content=\"article\" \/>\n<meta property=\"og:title\" content=\"Apr\u00e8s la Belgique, le r\u00e9seau en franchise Daniel Moquet part \u00e0 la conqu\u00eate de l&#8217;Angleterre - F\u00e9d\u00e9ration Belge de la Franchise\" \/>\n<meta property=\"og:description\" content=\"En octobre dernier, Daniel et Camille Moquet sont all\u00e9s en Angleterre pour rencontrer des candidats franchis\u00e9s.\u00a0\" \/>\n<meta property=\"og:url\" content=\"https:\/\/www.fbf-bff.be\/fr\/apres-la-belgique-le-reseau-en-franchise-daniel-moquet-part-a-la-conquete-de-langleterre\/\" \/>\n<meta property=\"og:site_name\" content=\"F\u00e9d\u00e9ration Belge de la Franchise\" \/>\n<meta property=\"article:published_time\" content=\"2015-11-02T23:00:00+00:00\" \/>\n<meta property=\"og:image\" content=\"https:\/\/www.fbf-bff.be\/wp-content\/uploads\/2017\/06\/fbf-bff-fb-cover.jpg\" \/>\n\t<meta property=\"og:image:width\" content=\"1200\" \/>\n\t<meta property=\"og:image:height\" content=\"630\" \/>\n\t<meta property=\"og:image:type\" content=\"image\/jpeg\" \/>\n<meta name=\"author\" content=\"fbf_admin\" \/>\n<meta name=\"twitter:card\" content=\"summary_large_image\" \/>\n<meta name=\"twitter:label1\" content=\"\u00c9crit par\" \/>\n\t<meta name=\"twitter:data1\" content=\"fbf_admin\" \/>\n\t<meta name=\"twitter:label2\" content=\"Dur\u00e9e de lecture estim\u00e9e\" \/>\n\t<meta name=\"twitter:data2\" content=\"1 minute\" \/>\n<script type=\"application\/ld+json\" class=\"yoast-schema-graph\">{\"@context\":\"https:\/\/schema.org\",\"@graph\":[{\"@type\":\"WebPage\",\"@id\":\"https:\/\/www.fbf-bff.be\/fr\/apres-la-belgique-le-reseau-en-franchise-daniel-moquet-part-a-la-conquete-de-langleterre\/\",\"url\":\"https:\/\/www.fbf-bff.be\/fr\/apres-la-belgique-le-reseau-en-franchise-daniel-moquet-part-a-la-conquete-de-langleterre\/\",\"name\":\"Apr\u00e8s la Belgique, le r\u00e9seau en franchise Daniel Moquet part \u00e0 la conqu\u00eate de l&#8217;Angleterre - F\u00e9d\u00e9ration Belge de la Franchise\",\"isPartOf\":{\"@id\":\"https:\/\/www.fbf-bff.be\/#website\"},\"datePublished\":\"2015-11-02T23:00:00+00:00\",\"dateModified\":\"2015-11-02T23:00:00+00:00\",\"author\":{\"@id\":\"https:\/\/www.fbf-bff.be\/#\/schema\/person\/73a9cbee87288cba2b06e3fc29244fe7\"},\"breadcrumb\":{\"@id\":\"https:\/\/www.fbf-bff.be\/fr\/apres-la-belgique-le-reseau-en-franchise-daniel-moquet-part-a-la-conquete-de-langleterre\/#breadcrumb\"},\"inLanguage\":\"fr-FR\",\"potentialAction\":[{\"@type\":\"ReadAction\",\"target\":[\"https:\/\/www.fbf-bff.be\/fr\/apres-la-belgique-le-reseau-en-franchise-daniel-moquet-part-a-la-conquete-de-langleterre\/\"]}]},{\"@type\":\"BreadcrumbList\",\"@id\":\"https:\/\/www.fbf-bff.be\/fr\/apres-la-belgique-le-reseau-en-franchise-daniel-moquet-part-a-la-conquete-de-langleterre\/#breadcrumb\",\"itemListElement\":[{\"@type\":\"ListItem\",\"position\":1,\"name\":\"Home\",\"item\":\"https:\/\/www.fbf-bff.be\/fr\/\"},{\"@type\":\"ListItem\",\"position\":2,\"name\":\"Apr\u00e8s la Belgique, le r\u00e9seau en franchise Daniel Moquet part \u00e0 la conqu\u00eate de l&#8217;Angleterre\"}]},{\"@type\":\"WebSite\",\"@id\":\"https:\/\/www.fbf-bff.be\/#website\",\"url\":\"https:\/\/www.fbf-bff.be\/\",\"name\":\"F\u00e9d\u00e9ration Belge de la Franchise\",\"description\":\"Pour r\u00e9ussir ensemblee\",\"potentialAction\":[{\"@type\":\"SearchAction\",\"target\":{\"@type\":\"EntryPoint\",\"urlTemplate\":\"https:\/\/www.fbf-bff.be\/?s={search_term_string}\"},\"query-input\":{\"@type\":\"PropertyValueSpecification\",\"valueRequired\":true,\"valueName\":\"search_term_string\"}}],\"inLanguage\":\"fr-FR\"},{\"@type\":\"Person\",\"@id\":\"https:\/\/www.fbf-bff.be\/#\/schema\/person\/73a9cbee87288cba2b06e3fc29244fe7\",\"name\":\"fbf_admin\",\"image\":{\"@type\":\"ImageObject\",\"inLanguage\":\"fr-FR\",\"@id\":\"https:\/\/www.fbf-bff.be\/#\/schema\/person\/image\/\",\"url\":\"https:\/\/secure.gravatar.com\/avatar\/20f6483dbe2a69e0999ddcdd1744b7f7?s=96&d=mm&r=g\",\"contentUrl\":\"https:\/\/secure.gravatar.com\/avatar\/20f6483dbe2a69e0999ddcdd1744b7f7?s=96&d=mm&r=g\",\"caption\":\"fbf_admin\"}}]}<\/script>\n<!-- \/ Yoast SEO plugin. -->","yoast_head_json":{"title":"Apr\u00e8s la Belgique, le r\u00e9seau en franchise Daniel Moquet part \u00e0 la conqu\u00eate de l&#8217;Angleterre - F\u00e9d\u00e9ration Belge de la Franchise","robots":{"index":"index","follow":"follow","max-snippet":"max-snippet:-1","max-image-preview":"max-image-preview:large","max-video-preview":"max-video-preview:-1"},"canonical":"https:\/\/www.fbf-bff.be\/fr\/apres-la-belgique-le-reseau-en-franchise-daniel-moquet-part-a-la-conquete-de-langleterre\/","og_locale":"fr_FR","og_type":"article","og_title":"Apr\u00e8s la Belgique, le r\u00e9seau en franchise Daniel Moquet part \u00e0 la conqu\u00eate de l&#8217;Angleterre - F\u00e9d\u00e9ration Belge de la Franchise","og_description":"En octobre dernier, Daniel et Camille Moquet sont all\u00e9s en Angleterre pour rencontrer des candidats franchis\u00e9s.\u00a0","og_url":"https:\/\/www.fbf-bff.be\/fr\/apres-la-belgique-le-reseau-en-franchise-daniel-moquet-part-a-la-conquete-de-langleterre\/","og_site_name":"F\u00e9d\u00e9ration Belge de la Franchise","article_published_time":"2015-11-02T23:00:00+00:00","og_image":[{"width":1200,"height":630,"url":"https:\/\/www.fbf-bff.be\/wp-content\/uploads\/2017\/06\/fbf-bff-fb-cover.jpg","type":"image\/jpeg"}],"author":"fbf_admin","twitter_card":"summary_large_image","twitter_misc":{"\u00c9crit par":"fbf_admin","Dur\u00e9e de lecture estim\u00e9e":"1 minute"},"schema":{"@context":"https:\/\/schema.org","@graph":[{"@type":"WebPage","@id":"https:\/\/www.fbf-bff.be\/fr\/apres-la-belgique-le-reseau-en-franchise-daniel-moquet-part-a-la-conquete-de-langleterre\/","url":"https:\/\/www.fbf-bff.be\/fr\/apres-la-belgique-le-reseau-en-franchise-daniel-moquet-part-a-la-conquete-de-langleterre\/","name":"Apr\u00e8s la Belgique, le r\u00e9seau en franchise Daniel Moquet part \u00e0 la conqu\u00eate de l&#8217;Angleterre - F\u00e9d\u00e9ration Belge de la Franchise","isPartOf":{"@id":"https:\/\/www.fbf-bff.be\/#website"},"datePublished":"2015-11-02T23:00:00+00:00","dateModified":"2015-11-02T23:00:00+00:00","author":{"@id":"https:\/\/www.fbf-bff.be\/#\/schema\/person\/73a9cbee87288cba2b06e3fc29244fe7"},"breadcrumb":{"@id":"https:\/\/www.fbf-bff.be\/fr\/apres-la-belgique-le-reseau-en-franchise-daniel-moquet-part-a-la-conquete-de-langleterre\/#breadcrumb"},"inLanguage":"fr-FR","potentialAction":[{"@type":"ReadAction","target":["https:\/\/www.fbf-bff.be\/fr\/apres-la-belgique-le-reseau-en-franchise-daniel-moquet-part-a-la-conquete-de-langleterre\/"]}]},{"@type":"BreadcrumbList","@id":"https:\/\/www.fbf-bff.be\/fr\/apres-la-belgique-le-reseau-en-franchise-daniel-moquet-part-a-la-conquete-de-langleterre\/#breadcrumb","itemListElement":[{"@type":"ListItem","position":1,"name":"Home","item":"https:\/\/www.fbf-bff.be\/fr\/"},{"@type":"ListItem","position":2,"name":"Apr\u00e8s la Belgique, le r\u00e9seau en franchise Daniel Moquet part \u00e0 la conqu\u00eate de l&#8217;Angleterre"}]},{"@type":"WebSite","@id":"https:\/\/www.fbf-bff.be\/#website","url":"https:\/\/www.fbf-bff.be\/","name":"F\u00e9d\u00e9ration Belge de la Franchise","description":"Pour r\u00e9ussir ensemblee","potentialAction":[{"@type":"SearchAction","target":{"@type":"EntryPoint","urlTemplate":"https:\/\/www.fbf-bff.be\/?s={search_term_string}"},"query-input":{"@type":"PropertyValueSpecification","valueRequired":true,"valueName":"search_term_string"}}],"inLanguage":"fr-FR"},{"@type":"Person","@id":"https:\/\/www.fbf-bff.be\/#\/schema\/person\/73a9cbee87288cba2b06e3fc29244fe7","name":"fbf_admin","image":{"@type":"ImageObject","inLanguage":"fr-FR","@id":"https:\/\/www.fbf-bff.be\/#\/schema\/person\/image\/","url":"https:\/\/secure.gravatar.com\/avatar\/20f6483dbe2a69e0999ddcdd1744b7f7?s=96&d=mm&r=g","contentUrl":"https:\/\/secure.gravatar.com\/avatar\/20f6483dbe2a69e0999ddcdd1744b7f7?s=96&d=mm&r=g","caption":"fbf_admin"}}]}},"_links":{"self":[{"href":"https:\/\/www.fbf-bff.be\/fr\/wp-json\/wp\/v2\/posts\/7955"}],"collection":[{"href":"https:\/\/www.fbf-bff.be\/fr\/wp-json\/wp\/v2\/posts"}],"about":[{"href":"https:\/\/www.fbf-bff.be\/fr\/wp-json\/wp\/v2\/types\/post"}],"author":[{"embeddable":true,"href":"https:\/\/www.fbf-bff.be\/fr\/wp-json\/wp\/v2\/users\/1"}],"replies":[{"embeddable":true,"href":"https:\/\/www.fbf-bff.be\/fr\/wp-json\/wp\/v2\/comments?post=7955"}],"version-history":[{"count":0,"href":"https:\/\/www.fbf-bff.be\/fr\/wp-json\/wp\/v2\/posts\/7955\/revisions"}],"wp:attachment":[{"href":"https:\/\/www.fbf-bff.be\/fr\/wp-json\/wp\/v2\/media?parent=7955"}],"wp:term":[{"taxonomy":"category","embeddable":true,"href":"https:\/\/www.fbf-bff.be\/fr\/wp-json\/wp\/v2\/categories?post=7955"},{"taxonomy":"post_tag","embeddable":true,"href":"https:\/\/www.fbf-bff.be\/fr\/wp-json\/wp\/v2\/tags?post=7955"}],"curies":[{"name":"wp","href":"https:\/\/api.w.org\/{rel}","templated":true}]}}