{"id":7944,"date":"2015-10-27T00:00:00","date_gmt":"2015-10-26T23:00:00","guid":{"rendered":"https:\/\/www.fbf-bff.be\/albert-heijn-se-rapproche-de-bruxelles\/"},"modified":"2015-10-27T00:00:00","modified_gmt":"2015-10-26T23:00:00","slug":"albert-heijn-se-rapproche-de-bruxelles","status":"publish","type":"post","link":"https:\/\/www.fbf-bff.be\/fr\/albert-heijn-se-rapproche-de-bruxelles\/","title":{"rendered":"Albert Heijn se rapproche de Bruxelles ?"},"content":{"rendered":"Il est maintenant connu que l&rsquo;enseigne n\u00e9erlandaise Albert Heijn ne communique sur l&rsquo;ouverture de ces supermarch\u00e9s en Belgique qu&rsquo;en derni\u00e8re minute, mais la presse n\u00e9erlandophone belge semble toujours bien renseign\u00e9e \u00e0 ce sujet bien avant les communiqu\u00e9s de presse de l&rsquo;enseigne.<div><br><\/div><div>Ainsi r\u00e9cemment le site n\u00e9erlandophone brusselsnieuws.be annon\u00e7ait l&rsquo;arriv\u00e9e prochaine de supermarch\u00e9s Albert Heijn dans les environs de la r\u00e9gion bruxelloise.\u00a0<\/div><div><br><\/div><div>Le premier devrait se situer sur la Chauss\u00e9e Romaine \u00e0 la fronti\u00e8re entre Bruxelles et Wemmel et le second \u00e0 Zellik (partie de la commune de Asse) en Brabant flamand, pr\u00e8s du ring, c&rsquo;est-a-dire \u00e0 la fronti\u00e8re de la r\u00e9gion bruxelloise;<\/div><div><br><\/div><div>S&rsquo;agira-t-il de magasins franchis\u00e9s ou de succursales, nul ne peut le dire \u00e0 ce jour.<\/div><div><br><\/div><div>Selon le site brusselsnieuws.be, le porte-parole de l&rsquo;enseigne, Sally Herygers, confirme que Albert Heijn sera pr\u00e9sent dans toutes les provinces flamandes mais reste silencieuse quant \u00e0 une implantation \u00e0 Bruxelles. Avec ses 32 implantations actuelles en 4 ans dans notre pays, Albert Heijn devrait atteindre sans probl\u00e8me les 50 supermarch\u00e9s en Flandre pour la fin de 2016.<\/div><div><br><\/div><div>rl.<\/div>","protected":false},"excerpt":{"rendered":"<p>Il est maintenant connu que l&rsquo;enseigne n\u00e9erlandaise Albert Heijn ne communique sur l&rsquo;ouverture de ces supermarch\u00e9s en Belgique qu&rsquo;en derni\u00e8re minute, mais la presse n\u00e9erlandophone belge semble toujours bien renseign\u00e9e \u00e0 ce sujet bien avant les communiqu\u00e9s de presse de l&rsquo;enseigne.<\/p>\n","protected":false},"author":1,"featured_media":0,"comment_status":"closed","ping_status":"open","sticky":false,"template":"","format":"standard","meta":{"ngg_post_thumbnail":0,"footnotes":""},"categories":[41],"tags":[],"acf":[],"yoast_head":"<!-- This site is optimized with the Yoast SEO plugin v23.5 - https:\/\/yoast.com\/wordpress\/plugins\/seo\/ -->\n<title>Albert Heijn se rapproche de Bruxelles ? - F\u00e9d\u00e9ration Belge de la Franchise<\/title>\n<meta name=\"robots\" content=\"index, follow, max-snippet:-1, max-image-preview:large, max-video-preview:-1\" \/>\n<link rel=\"canonical\" href=\"https:\/\/www.fbf-bff.be\/fr\/albert-heijn-se-rapproche-de-bruxelles\/\" \/>\n<meta property=\"og:locale\" content=\"fr_FR\" \/>\n<meta property=\"og:type\" content=\"article\" \/>\n<meta property=\"og:title\" content=\"Albert Heijn se rapproche de Bruxelles ? - F\u00e9d\u00e9ration Belge de la Franchise\" \/>\n<meta property=\"og:description\" content=\"Il est maintenant connu que l&#039;enseigne n\u00e9erlandaise Albert Heijn ne communique sur l&#039;ouverture de ces supermarch\u00e9s en Belgique qu&#039;en derni\u00e8re minute, mais la presse n\u00e9erlandophone belge semble toujours bien renseign\u00e9e \u00e0 ce sujet bien avant les communiqu\u00e9s de presse de l&#039;enseigne.\" \/>\n<meta property=\"og:url\" content=\"https:\/\/www.fbf-bff.be\/fr\/albert-heijn-se-rapproche-de-bruxelles\/\" \/>\n<meta property=\"og:site_name\" content=\"F\u00e9d\u00e9ration Belge de la Franchise\" \/>\n<meta property=\"article:published_time\" content=\"2015-10-26T23:00:00+00:00\" \/>\n<meta property=\"og:image\" content=\"https:\/\/www.fbf-bff.be\/wp-content\/uploads\/2017\/06\/fbf-bff-fb-cover.jpg\" \/>\n\t<meta property=\"og:image:width\" content=\"1200\" \/>\n\t<meta property=\"og:image:height\" content=\"630\" \/>\n\t<meta property=\"og:image:type\" content=\"image\/jpeg\" \/>\n<meta name=\"author\" content=\"fbf_admin\" \/>\n<meta name=\"twitter:card\" content=\"summary_large_image\" \/>\n<meta name=\"twitter:label1\" content=\"\u00c9crit par\" \/>\n\t<meta name=\"twitter:data1\" content=\"fbf_admin\" \/>\n\t<meta name=\"twitter:label2\" content=\"Dur\u00e9e de lecture estim\u00e9e\" \/>\n\t<meta name=\"twitter:data2\" content=\"1 minute\" \/>\n<script type=\"application\/ld+json\" class=\"yoast-schema-graph\">{\"@context\":\"https:\/\/schema.org\",\"@graph\":[{\"@type\":\"WebPage\",\"@id\":\"https:\/\/www.fbf-bff.be\/fr\/albert-heijn-se-rapproche-de-bruxelles\/\",\"url\":\"https:\/\/www.fbf-bff.be\/fr\/albert-heijn-se-rapproche-de-bruxelles\/\",\"name\":\"Albert Heijn se rapproche de Bruxelles ? - F\u00e9d\u00e9ration Belge de la Franchise\",\"isPartOf\":{\"@id\":\"https:\/\/www.fbf-bff.be\/#website\"},\"datePublished\":\"2015-10-26T23:00:00+00:00\",\"dateModified\":\"2015-10-26T23:00:00+00:00\",\"author\":{\"@id\":\"https:\/\/www.fbf-bff.be\/#\/schema\/person\/73a9cbee87288cba2b06e3fc29244fe7\"},\"breadcrumb\":{\"@id\":\"https:\/\/www.fbf-bff.be\/fr\/albert-heijn-se-rapproche-de-bruxelles\/#breadcrumb\"},\"inLanguage\":\"fr-FR\",\"potentialAction\":[{\"@type\":\"ReadAction\",\"target\":[\"https:\/\/www.fbf-bff.be\/fr\/albert-heijn-se-rapproche-de-bruxelles\/\"]}]},{\"@type\":\"BreadcrumbList\",\"@id\":\"https:\/\/www.fbf-bff.be\/fr\/albert-heijn-se-rapproche-de-bruxelles\/#breadcrumb\",\"itemListElement\":[{\"@type\":\"ListItem\",\"position\":1,\"name\":\"Home\",\"item\":\"https:\/\/www.fbf-bff.be\/fr\/\"},{\"@type\":\"ListItem\",\"position\":2,\"name\":\"Albert Heijn se rapproche de Bruxelles ?\"}]},{\"@type\":\"WebSite\",\"@id\":\"https:\/\/www.fbf-bff.be\/#website\",\"url\":\"https:\/\/www.fbf-bff.be\/\",\"name\":\"F\u00e9d\u00e9ration Belge de la Franchise\",\"description\":\"Pour r\u00e9ussir ensemblee\",\"potentialAction\":[{\"@type\":\"SearchAction\",\"target\":{\"@type\":\"EntryPoint\",\"urlTemplate\":\"https:\/\/www.fbf-bff.be\/?s={search_term_string}\"},\"query-input\":{\"@type\":\"PropertyValueSpecification\",\"valueRequired\":true,\"valueName\":\"search_term_string\"}}],\"inLanguage\":\"fr-FR\"},{\"@type\":\"Person\",\"@id\":\"https:\/\/www.fbf-bff.be\/#\/schema\/person\/73a9cbee87288cba2b06e3fc29244fe7\",\"name\":\"fbf_admin\",\"image\":{\"@type\":\"ImageObject\",\"inLanguage\":\"fr-FR\",\"@id\":\"https:\/\/www.fbf-bff.be\/#\/schema\/person\/image\/\",\"url\":\"https:\/\/secure.gravatar.com\/avatar\/20f6483dbe2a69e0999ddcdd1744b7f7?s=96&d=mm&r=g\",\"contentUrl\":\"https:\/\/secure.gravatar.com\/avatar\/20f6483dbe2a69e0999ddcdd1744b7f7?s=96&d=mm&r=g\",\"caption\":\"fbf_admin\"}}]}<\/script>\n<!-- \/ Yoast SEO plugin. -->","yoast_head_json":{"title":"Albert Heijn se rapproche de Bruxelles ? - F\u00e9d\u00e9ration Belge de la Franchise","robots":{"index":"index","follow":"follow","max-snippet":"max-snippet:-1","max-image-preview":"max-image-preview:large","max-video-preview":"max-video-preview:-1"},"canonical":"https:\/\/www.fbf-bff.be\/fr\/albert-heijn-se-rapproche-de-bruxelles\/","og_locale":"fr_FR","og_type":"article","og_title":"Albert Heijn se rapproche de Bruxelles ? - F\u00e9d\u00e9ration Belge de la Franchise","og_description":"Il est maintenant connu que l'enseigne n\u00e9erlandaise Albert Heijn ne communique sur l'ouverture de ces supermarch\u00e9s en Belgique qu'en derni\u00e8re minute, mais la presse n\u00e9erlandophone belge semble toujours bien renseign\u00e9e \u00e0 ce sujet bien avant les communiqu\u00e9s de presse de l'enseigne.","og_url":"https:\/\/www.fbf-bff.be\/fr\/albert-heijn-se-rapproche-de-bruxelles\/","og_site_name":"F\u00e9d\u00e9ration Belge de la Franchise","article_published_time":"2015-10-26T23:00:00+00:00","og_image":[{"width":1200,"height":630,"url":"https:\/\/www.fbf-bff.be\/wp-content\/uploads\/2017\/06\/fbf-bff-fb-cover.jpg","type":"image\/jpeg"}],"author":"fbf_admin","twitter_card":"summary_large_image","twitter_misc":{"\u00c9crit par":"fbf_admin","Dur\u00e9e de lecture estim\u00e9e":"1 minute"},"schema":{"@context":"https:\/\/schema.org","@graph":[{"@type":"WebPage","@id":"https:\/\/www.fbf-bff.be\/fr\/albert-heijn-se-rapproche-de-bruxelles\/","url":"https:\/\/www.fbf-bff.be\/fr\/albert-heijn-se-rapproche-de-bruxelles\/","name":"Albert Heijn se rapproche de Bruxelles ? - F\u00e9d\u00e9ration Belge de la Franchise","isPartOf":{"@id":"https:\/\/www.fbf-bff.be\/#website"},"datePublished":"2015-10-26T23:00:00+00:00","dateModified":"2015-10-26T23:00:00+00:00","author":{"@id":"https:\/\/www.fbf-bff.be\/#\/schema\/person\/73a9cbee87288cba2b06e3fc29244fe7"},"breadcrumb":{"@id":"https:\/\/www.fbf-bff.be\/fr\/albert-heijn-se-rapproche-de-bruxelles\/#breadcrumb"},"inLanguage":"fr-FR","potentialAction":[{"@type":"ReadAction","target":["https:\/\/www.fbf-bff.be\/fr\/albert-heijn-se-rapproche-de-bruxelles\/"]}]},{"@type":"BreadcrumbList","@id":"https:\/\/www.fbf-bff.be\/fr\/albert-heijn-se-rapproche-de-bruxelles\/#breadcrumb","itemListElement":[{"@type":"ListItem","position":1,"name":"Home","item":"https:\/\/www.fbf-bff.be\/fr\/"},{"@type":"ListItem","position":2,"name":"Albert Heijn se rapproche de Bruxelles ?"}]},{"@type":"WebSite","@id":"https:\/\/www.fbf-bff.be\/#website","url":"https:\/\/www.fbf-bff.be\/","name":"F\u00e9d\u00e9ration Belge de la Franchise","description":"Pour r\u00e9ussir ensemblee","potentialAction":[{"@type":"SearchAction","target":{"@type":"EntryPoint","urlTemplate":"https:\/\/www.fbf-bff.be\/?s={search_term_string}"},"query-input":{"@type":"PropertyValueSpecification","valueRequired":true,"valueName":"search_term_string"}}],"inLanguage":"fr-FR"},{"@type":"Person","@id":"https:\/\/www.fbf-bff.be\/#\/schema\/person\/73a9cbee87288cba2b06e3fc29244fe7","name":"fbf_admin","image":{"@type":"ImageObject","inLanguage":"fr-FR","@id":"https:\/\/www.fbf-bff.be\/#\/schema\/person\/image\/","url":"https:\/\/secure.gravatar.com\/avatar\/20f6483dbe2a69e0999ddcdd1744b7f7?s=96&d=mm&r=g","contentUrl":"https:\/\/secure.gravatar.com\/avatar\/20f6483dbe2a69e0999ddcdd1744b7f7?s=96&d=mm&r=g","caption":"fbf_admin"}}]}},"_links":{"self":[{"href":"https:\/\/www.fbf-bff.be\/fr\/wp-json\/wp\/v2\/posts\/7944"}],"collection":[{"href":"https:\/\/www.fbf-bff.be\/fr\/wp-json\/wp\/v2\/posts"}],"about":[{"href":"https:\/\/www.fbf-bff.be\/fr\/wp-json\/wp\/v2\/types\/post"}],"author":[{"embeddable":true,"href":"https:\/\/www.fbf-bff.be\/fr\/wp-json\/wp\/v2\/users\/1"}],"replies":[{"embeddable":true,"href":"https:\/\/www.fbf-bff.be\/fr\/wp-json\/wp\/v2\/comments?post=7944"}],"version-history":[{"count":0,"href":"https:\/\/www.fbf-bff.be\/fr\/wp-json\/wp\/v2\/posts\/7944\/revisions"}],"wp:attachment":[{"href":"https:\/\/www.fbf-bff.be\/fr\/wp-json\/wp\/v2\/media?parent=7944"}],"wp:term":[{"taxonomy":"category","embeddable":true,"href":"https:\/\/www.fbf-bff.be\/fr\/wp-json\/wp\/v2\/categories?post=7944"},{"taxonomy":"post_tag","embeddable":true,"href":"https:\/\/www.fbf-bff.be\/fr\/wp-json\/wp\/v2\/tags?post=7944"}],"curies":[{"name":"wp","href":"https:\/\/api.w.org\/{rel}","templated":true}]}}