{"id":7938,"date":"2015-10-21T00:00:00","date_gmt":"2015-10-20T22:00:00","guid":{"rendered":"https:\/\/www.fbf-bff.be\/brico-continue-son-expansion-en-franchise\/"},"modified":"2015-10-21T00:00:00","modified_gmt":"2015-10-20T22:00:00","slug":"brico-continue-son-expansion-en-franchise","status":"publish","type":"post","link":"https:\/\/www.fbf-bff.be\/fr\/brico-continue-son-expansion-en-franchise\/","title":{"rendered":"Brico continue son expansion en Franchise"},"content":{"rendered":"Brico continue son expansion en franchise dans la Province de Namur avec l\u2019ouverture d\u2019un nouveau magasin franchis\u00e9 \u00e0 Mettet. Le jeudi 29 octobre, ce nouveau Brico, situ\u00e9 rue Hennevauche 76 \u00e0 Mettet, ouvre ses portes au grand public.\u00a0<div><br><\/div><div><span style=\"font-weight: bold\">Des remises pour f\u00eater ce nouveau magasin en franchise<\/span><\/div><div><br><\/div><div>A l\u2019occasion de l\u2019ouverture, une remise de 21% sera offerte sur la plupart des produits pendant la p\u00e9riode du 29 octobre au 2 novembre 2015.\u00a0<\/div><div>En plus, le magasin franchis\u00e9 est ouvert tous les dimanches de 9h \u00e0 13h et exceptionnellement aussi le dimanche 1er novembre (jour f\u00e9ri\u00e9).<\/div><div><br><\/div><div><span style=\"font-weight: bold\">Un nouveau Brico d\u2019une surface de vente de 2000m\u00b2 pour les habitants de Mettet<\/span><\/div><div><br><\/div><div>Ce magasin est le premier magasin franchis\u00e9 appartenant \u00e0 Jean-Fran\u00e7ois Gubin, qui connait bien Brico comme il g\u00e9rait d\u00e9j\u00e0 le magasin franchis\u00e9 Brico de Clabecq exploit\u00e9 par sa compagne depuis de nombreuses ann\u00e9es. J-F Gubin est assist\u00e9 par 9 personnes. Il s\u2019agit d\u2019un magasin franchis\u00e9 d\u2019une surface de vente de 2000 m\u00b2. Ce Brico devrait permettre aux habitants de Mettet et des alentours d\u2019avoir un tr\u00e8s large assortiment DIY \u00e0 proximit\u00e9 de chez eux.<\/div><div><br><\/div><div><span style=\"font-weight: bold\">Trouvez tout pour votre maison et jardin chez Brico et utilisez vos \u00e9co-ch\u00e8ques\u00a0<\/span><\/div><div><br><\/div><div>Le client y trouve tout pour le jardin et le jardinage ainsi qu\u2019un tr\u00e8s large assortiment d\u2019autres produits, allant du sanitaire avec les marques propres Aquavive et Aquazuro, des peintures (\u00e9cologiques) Perfection \u201cmulti-surfaces\u201d, de la d\u00e9coration, des outils jusqu\u2019au bois et mat\u00e9riaux de construction et encore beaucoup plus. Le magasin offre \u00e9galement de tr\u00e8s nombreux services tels que la location d\u2019outils, la d\u00e9coupe gratuite de bois, la machine \u00e0 teinter, la possibilit\u00e9 de livraison et de placement \u00e0 domicile, etc.\u00a0<\/div><div>Et \u00e9videmment diff\u00e9rents produits peuvent \u00eatre pay\u00e9s avec des Eco-ch\u00e8ques.<\/div><div><br><\/div><div><br><\/div>","protected":false},"excerpt":{"rendered":"<p>Brico continue son expansion en franchise dans la Province de Namur avec l\u2019ouverture d\u2019un nouveau magasin franchis\u00e9 \u00e0 Mettet. Le jeudi 29 octobre, ce nouveau Brico, situ\u00e9 rue Hennevauche 76 \u00e0 Mettet, ouvre ses portes au grand public.\u00a0<\/p>\n","protected":false},"author":1,"featured_media":0,"comment_status":"closed","ping_status":"open","sticky":false,"template":"","format":"standard","meta":{"ngg_post_thumbnail":0,"footnotes":""},"categories":[41],"tags":[],"acf":[],"yoast_head":"<!-- This site is optimized with the Yoast SEO plugin v23.5 - https:\/\/yoast.com\/wordpress\/plugins\/seo\/ -->\n<title>Brico continue son expansion en Franchise - F\u00e9d\u00e9ration Belge de la Franchise<\/title>\n<meta name=\"robots\" content=\"index, follow, max-snippet:-1, max-image-preview:large, max-video-preview:-1\" \/>\n<link rel=\"canonical\" href=\"https:\/\/www.fbf-bff.be\/fr\/brico-continue-son-expansion-en-franchise\/\" \/>\n<meta property=\"og:locale\" content=\"fr_FR\" \/>\n<meta property=\"og:type\" content=\"article\" \/>\n<meta property=\"og:title\" content=\"Brico continue son expansion en Franchise - F\u00e9d\u00e9ration Belge de la Franchise\" \/>\n<meta property=\"og:description\" content=\"Brico continue son expansion en franchise dans la Province de Namur avec l\u2019ouverture d\u2019un nouveau magasin franchis\u00e9 \u00e0 Mettet. Le jeudi 29 octobre, ce nouveau Brico, situ\u00e9 rue Hennevauche 76 \u00e0 Mettet, ouvre ses portes au grand public.\u00a0\" \/>\n<meta property=\"og:url\" content=\"https:\/\/www.fbf-bff.be\/fr\/brico-continue-son-expansion-en-franchise\/\" \/>\n<meta property=\"og:site_name\" content=\"F\u00e9d\u00e9ration Belge de la Franchise\" \/>\n<meta property=\"article:published_time\" content=\"2015-10-20T22:00:00+00:00\" \/>\n<meta property=\"og:image\" content=\"https:\/\/www.fbf-bff.be\/wp-content\/uploads\/2017\/06\/fbf-bff-fb-cover.jpg\" \/>\n\t<meta property=\"og:image:width\" content=\"1200\" \/>\n\t<meta property=\"og:image:height\" content=\"630\" \/>\n\t<meta property=\"og:image:type\" content=\"image\/jpeg\" \/>\n<meta name=\"author\" content=\"fbf_admin\" \/>\n<meta name=\"twitter:card\" content=\"summary_large_image\" \/>\n<meta name=\"twitter:label1\" content=\"\u00c9crit par\" \/>\n\t<meta name=\"twitter:data1\" content=\"fbf_admin\" \/>\n\t<meta name=\"twitter:label2\" content=\"Dur\u00e9e de lecture estim\u00e9e\" \/>\n\t<meta name=\"twitter:data2\" content=\"1 minute\" \/>\n<script type=\"application\/ld+json\" class=\"yoast-schema-graph\">{\"@context\":\"https:\/\/schema.org\",\"@graph\":[{\"@type\":\"WebPage\",\"@id\":\"https:\/\/www.fbf-bff.be\/fr\/brico-continue-son-expansion-en-franchise\/\",\"url\":\"https:\/\/www.fbf-bff.be\/fr\/brico-continue-son-expansion-en-franchise\/\",\"name\":\"Brico continue son expansion en Franchise - F\u00e9d\u00e9ration Belge de la Franchise\",\"isPartOf\":{\"@id\":\"https:\/\/www.fbf-bff.be\/#website\"},\"datePublished\":\"2015-10-20T22:00:00+00:00\",\"dateModified\":\"2015-10-20T22:00:00+00:00\",\"author\":{\"@id\":\"https:\/\/www.fbf-bff.be\/#\/schema\/person\/73a9cbee87288cba2b06e3fc29244fe7\"},\"breadcrumb\":{\"@id\":\"https:\/\/www.fbf-bff.be\/fr\/brico-continue-son-expansion-en-franchise\/#breadcrumb\"},\"inLanguage\":\"fr-FR\",\"potentialAction\":[{\"@type\":\"ReadAction\",\"target\":[\"https:\/\/www.fbf-bff.be\/fr\/brico-continue-son-expansion-en-franchise\/\"]}]},{\"@type\":\"BreadcrumbList\",\"@id\":\"https:\/\/www.fbf-bff.be\/fr\/brico-continue-son-expansion-en-franchise\/#breadcrumb\",\"itemListElement\":[{\"@type\":\"ListItem\",\"position\":1,\"name\":\"Home\",\"item\":\"https:\/\/www.fbf-bff.be\/fr\/\"},{\"@type\":\"ListItem\",\"position\":2,\"name\":\"Brico continue son expansion en Franchise\"}]},{\"@type\":\"WebSite\",\"@id\":\"https:\/\/www.fbf-bff.be\/#website\",\"url\":\"https:\/\/www.fbf-bff.be\/\",\"name\":\"F\u00e9d\u00e9ration Belge de la Franchise\",\"description\":\"Pour r\u00e9ussir ensemblee\",\"potentialAction\":[{\"@type\":\"SearchAction\",\"target\":{\"@type\":\"EntryPoint\",\"urlTemplate\":\"https:\/\/www.fbf-bff.be\/?s={search_term_string}\"},\"query-input\":{\"@type\":\"PropertyValueSpecification\",\"valueRequired\":true,\"valueName\":\"search_term_string\"}}],\"inLanguage\":\"fr-FR\"},{\"@type\":\"Person\",\"@id\":\"https:\/\/www.fbf-bff.be\/#\/schema\/person\/73a9cbee87288cba2b06e3fc29244fe7\",\"name\":\"fbf_admin\",\"image\":{\"@type\":\"ImageObject\",\"inLanguage\":\"fr-FR\",\"@id\":\"https:\/\/www.fbf-bff.be\/#\/schema\/person\/image\/\",\"url\":\"https:\/\/secure.gravatar.com\/avatar\/20f6483dbe2a69e0999ddcdd1744b7f7?s=96&d=mm&r=g\",\"contentUrl\":\"https:\/\/secure.gravatar.com\/avatar\/20f6483dbe2a69e0999ddcdd1744b7f7?s=96&d=mm&r=g\",\"caption\":\"fbf_admin\"}}]}<\/script>\n<!-- \/ Yoast SEO plugin. -->","yoast_head_json":{"title":"Brico continue son expansion en Franchise - F\u00e9d\u00e9ration Belge de la Franchise","robots":{"index":"index","follow":"follow","max-snippet":"max-snippet:-1","max-image-preview":"max-image-preview:large","max-video-preview":"max-video-preview:-1"},"canonical":"https:\/\/www.fbf-bff.be\/fr\/brico-continue-son-expansion-en-franchise\/","og_locale":"fr_FR","og_type":"article","og_title":"Brico continue son expansion en Franchise - F\u00e9d\u00e9ration Belge de la Franchise","og_description":"Brico continue son expansion en franchise dans la Province de Namur avec l\u2019ouverture d\u2019un nouveau magasin franchis\u00e9 \u00e0 Mettet. Le jeudi 29 octobre, ce nouveau Brico, situ\u00e9 rue Hennevauche 76 \u00e0 Mettet, ouvre ses portes au grand public.\u00a0","og_url":"https:\/\/www.fbf-bff.be\/fr\/brico-continue-son-expansion-en-franchise\/","og_site_name":"F\u00e9d\u00e9ration Belge de la Franchise","article_published_time":"2015-10-20T22:00:00+00:00","og_image":[{"width":1200,"height":630,"url":"https:\/\/www.fbf-bff.be\/wp-content\/uploads\/2017\/06\/fbf-bff-fb-cover.jpg","type":"image\/jpeg"}],"author":"fbf_admin","twitter_card":"summary_large_image","twitter_misc":{"\u00c9crit par":"fbf_admin","Dur\u00e9e de lecture estim\u00e9e":"1 minute"},"schema":{"@context":"https:\/\/schema.org","@graph":[{"@type":"WebPage","@id":"https:\/\/www.fbf-bff.be\/fr\/brico-continue-son-expansion-en-franchise\/","url":"https:\/\/www.fbf-bff.be\/fr\/brico-continue-son-expansion-en-franchise\/","name":"Brico continue son expansion en Franchise - F\u00e9d\u00e9ration Belge de la Franchise","isPartOf":{"@id":"https:\/\/www.fbf-bff.be\/#website"},"datePublished":"2015-10-20T22:00:00+00:00","dateModified":"2015-10-20T22:00:00+00:00","author":{"@id":"https:\/\/www.fbf-bff.be\/#\/schema\/person\/73a9cbee87288cba2b06e3fc29244fe7"},"breadcrumb":{"@id":"https:\/\/www.fbf-bff.be\/fr\/brico-continue-son-expansion-en-franchise\/#breadcrumb"},"inLanguage":"fr-FR","potentialAction":[{"@type":"ReadAction","target":["https:\/\/www.fbf-bff.be\/fr\/brico-continue-son-expansion-en-franchise\/"]}]},{"@type":"BreadcrumbList","@id":"https:\/\/www.fbf-bff.be\/fr\/brico-continue-son-expansion-en-franchise\/#breadcrumb","itemListElement":[{"@type":"ListItem","position":1,"name":"Home","item":"https:\/\/www.fbf-bff.be\/fr\/"},{"@type":"ListItem","position":2,"name":"Brico continue son expansion en Franchise"}]},{"@type":"WebSite","@id":"https:\/\/www.fbf-bff.be\/#website","url":"https:\/\/www.fbf-bff.be\/","name":"F\u00e9d\u00e9ration Belge de la Franchise","description":"Pour r\u00e9ussir ensemblee","potentialAction":[{"@type":"SearchAction","target":{"@type":"EntryPoint","urlTemplate":"https:\/\/www.fbf-bff.be\/?s={search_term_string}"},"query-input":{"@type":"PropertyValueSpecification","valueRequired":true,"valueName":"search_term_string"}}],"inLanguage":"fr-FR"},{"@type":"Person","@id":"https:\/\/www.fbf-bff.be\/#\/schema\/person\/73a9cbee87288cba2b06e3fc29244fe7","name":"fbf_admin","image":{"@type":"ImageObject","inLanguage":"fr-FR","@id":"https:\/\/www.fbf-bff.be\/#\/schema\/person\/image\/","url":"https:\/\/secure.gravatar.com\/avatar\/20f6483dbe2a69e0999ddcdd1744b7f7?s=96&d=mm&r=g","contentUrl":"https:\/\/secure.gravatar.com\/avatar\/20f6483dbe2a69e0999ddcdd1744b7f7?s=96&d=mm&r=g","caption":"fbf_admin"}}]}},"_links":{"self":[{"href":"https:\/\/www.fbf-bff.be\/fr\/wp-json\/wp\/v2\/posts\/7938"}],"collection":[{"href":"https:\/\/www.fbf-bff.be\/fr\/wp-json\/wp\/v2\/posts"}],"about":[{"href":"https:\/\/www.fbf-bff.be\/fr\/wp-json\/wp\/v2\/types\/post"}],"author":[{"embeddable":true,"href":"https:\/\/www.fbf-bff.be\/fr\/wp-json\/wp\/v2\/users\/1"}],"replies":[{"embeddable":true,"href":"https:\/\/www.fbf-bff.be\/fr\/wp-json\/wp\/v2\/comments?post=7938"}],"version-history":[{"count":0,"href":"https:\/\/www.fbf-bff.be\/fr\/wp-json\/wp\/v2\/posts\/7938\/revisions"}],"wp:attachment":[{"href":"https:\/\/www.fbf-bff.be\/fr\/wp-json\/wp\/v2\/media?parent=7938"}],"wp:term":[{"taxonomy":"category","embeddable":true,"href":"https:\/\/www.fbf-bff.be\/fr\/wp-json\/wp\/v2\/categories?post=7938"},{"taxonomy":"post_tag","embeddable":true,"href":"https:\/\/www.fbf-bff.be\/fr\/wp-json\/wp\/v2\/tags?post=7938"}],"curies":[{"name":"wp","href":"https:\/\/api.w.org\/{rel}","templated":true}]}}