{"id":7934,"date":"2015-10-20T00:00:00","date_gmt":"2015-10-19T22:00:00","guid":{"rendered":"https:\/\/www.fbf-bff.be\/un-nouveau-carrefour-express-franchise-ouvre-ses-portes-a-vise\/"},"modified":"2015-10-20T00:00:00","modified_gmt":"2015-10-19T22:00:00","slug":"un-nouveau-carrefour-express-franchise-ouvre-ses-portes-a-vise","status":"publish","type":"post","link":"https:\/\/www.fbf-bff.be\/fr\/un-nouveau-carrefour-express-franchise-ouvre-ses-portes-a-vise\/","title":{"rendered":"Un nouveau Carrefour Express franchis\u00e9 ouvre ses portes \u00e0 Vis\u00e9"},"content":{"rendered":"A peine 15 jours apr\u00e8s l&rsquo;ouverture du Carrefour Express de Tildonck en Brabant flamand, c&rsquo;est dans la province de Li\u00e8ge que s&rsquo;est ouvert le 15 octobre, un nouveau Carrefour Express \u00e0 Vis\u00e9 (All\u00e9e Verte 30) .<div><br><\/div><div>Ce magasin est sous la direction du multifranchis\u00e9 Anis Amri, qui poss\u00e8de d\u00e9j\u00e0 deux autres Carrefour Express dans la r\u00e9gion, l\u2019un \u00e0 Fl\u00e9malle et l\u2019autre \u00e0 Amay.\u00a0<\/div><div><br><\/div><div>Comme tous les Carrefour Express \u00ab\u00a0new concept\u00a0\u00bb, ce magasin adapte id\u00e9alement son offre aux attentes du consommateur dans ce type de quartier.\u00a0<\/div><div><br><\/div><div>Les heures d&rsquo;ouverture du magasin sont \u00e9galement un de ses meilleurs attraits : du lundi au samedi de 8 h 00 \u00e0 20 h et le dimanche et les jours f\u00e9ri\u00e9s de 9 \u00e0 19 h.<\/div><div>rl.<\/div>","protected":false},"excerpt":{"rendered":"<p>A peine 15 jours apr\u00e8s l&rsquo;ouverture du Carrefour Express de Tildonck en Brabant flamand, c&rsquo;est dans la province de Li\u00e8ge que s&rsquo;est ouvert le 15 octobre, un nouveau Carrefour Express \u00e0 Vis\u00e9 (All\u00e9e Verte 30) .<\/p>\n","protected":false},"author":1,"featured_media":0,"comment_status":"closed","ping_status":"open","sticky":false,"template":"","format":"standard","meta":{"ngg_post_thumbnail":0,"footnotes":""},"categories":[41],"tags":[],"acf":[],"yoast_head":"<!-- This site is optimized with the Yoast SEO plugin v23.5 - https:\/\/yoast.com\/wordpress\/plugins\/seo\/ -->\n<title>Un nouveau Carrefour Express franchis\u00e9 ouvre ses portes \u00e0 Vis\u00e9 - F\u00e9d\u00e9ration Belge de la Franchise<\/title>\n<meta name=\"robots\" content=\"index, follow, max-snippet:-1, max-image-preview:large, max-video-preview:-1\" \/>\n<link rel=\"canonical\" href=\"https:\/\/www.fbf-bff.be\/fr\/un-nouveau-carrefour-express-franchise-ouvre-ses-portes-a-vise\/\" \/>\n<meta property=\"og:locale\" content=\"fr_FR\" \/>\n<meta property=\"og:type\" content=\"article\" \/>\n<meta property=\"og:title\" content=\"Un nouveau Carrefour Express franchis\u00e9 ouvre ses portes \u00e0 Vis\u00e9 - F\u00e9d\u00e9ration Belge de la Franchise\" \/>\n<meta property=\"og:description\" content=\"A peine 15 jours apr\u00e8s l&#039;ouverture du Carrefour Express de Tildonck en Brabant flamand, c&#039;est dans la province de Li\u00e8ge que s&#039;est ouvert le 15 octobre, un nouveau Carrefour Express \u00e0 Vis\u00e9 (All\u00e9e Verte 30) .\" \/>\n<meta property=\"og:url\" content=\"https:\/\/www.fbf-bff.be\/fr\/un-nouveau-carrefour-express-franchise-ouvre-ses-portes-a-vise\/\" \/>\n<meta property=\"og:site_name\" content=\"F\u00e9d\u00e9ration Belge de la Franchise\" \/>\n<meta property=\"article:published_time\" content=\"2015-10-19T22:00:00+00:00\" \/>\n<meta property=\"og:image\" content=\"https:\/\/www.fbf-bff.be\/wp-content\/uploads\/2017\/06\/fbf-bff-fb-cover.jpg\" \/>\n\t<meta property=\"og:image:width\" content=\"1200\" \/>\n\t<meta property=\"og:image:height\" content=\"630\" \/>\n\t<meta property=\"og:image:type\" content=\"image\/jpeg\" \/>\n<meta name=\"author\" content=\"fbf_admin\" \/>\n<meta name=\"twitter:card\" content=\"summary_large_image\" \/>\n<meta name=\"twitter:label1\" content=\"\u00c9crit par\" \/>\n\t<meta name=\"twitter:data1\" content=\"fbf_admin\" \/>\n\t<meta name=\"twitter:label2\" content=\"Dur\u00e9e de lecture estim\u00e9e\" \/>\n\t<meta name=\"twitter:data2\" content=\"1 minute\" \/>\n<script type=\"application\/ld+json\" class=\"yoast-schema-graph\">{\"@context\":\"https:\/\/schema.org\",\"@graph\":[{\"@type\":\"WebPage\",\"@id\":\"https:\/\/www.fbf-bff.be\/fr\/un-nouveau-carrefour-express-franchise-ouvre-ses-portes-a-vise\/\",\"url\":\"https:\/\/www.fbf-bff.be\/fr\/un-nouveau-carrefour-express-franchise-ouvre-ses-portes-a-vise\/\",\"name\":\"Un nouveau Carrefour Express franchis\u00e9 ouvre ses portes \u00e0 Vis\u00e9 - F\u00e9d\u00e9ration Belge de la Franchise\",\"isPartOf\":{\"@id\":\"https:\/\/www.fbf-bff.be\/#website\"},\"datePublished\":\"2015-10-19T22:00:00+00:00\",\"dateModified\":\"2015-10-19T22:00:00+00:00\",\"author\":{\"@id\":\"https:\/\/www.fbf-bff.be\/#\/schema\/person\/73a9cbee87288cba2b06e3fc29244fe7\"},\"breadcrumb\":{\"@id\":\"https:\/\/www.fbf-bff.be\/fr\/un-nouveau-carrefour-express-franchise-ouvre-ses-portes-a-vise\/#breadcrumb\"},\"inLanguage\":\"fr-FR\",\"potentialAction\":[{\"@type\":\"ReadAction\",\"target\":[\"https:\/\/www.fbf-bff.be\/fr\/un-nouveau-carrefour-express-franchise-ouvre-ses-portes-a-vise\/\"]}]},{\"@type\":\"BreadcrumbList\",\"@id\":\"https:\/\/www.fbf-bff.be\/fr\/un-nouveau-carrefour-express-franchise-ouvre-ses-portes-a-vise\/#breadcrumb\",\"itemListElement\":[{\"@type\":\"ListItem\",\"position\":1,\"name\":\"Home\",\"item\":\"https:\/\/www.fbf-bff.be\/fr\/\"},{\"@type\":\"ListItem\",\"position\":2,\"name\":\"Un nouveau Carrefour Express franchis\u00e9 ouvre ses portes \u00e0 Vis\u00e9\"}]},{\"@type\":\"WebSite\",\"@id\":\"https:\/\/www.fbf-bff.be\/#website\",\"url\":\"https:\/\/www.fbf-bff.be\/\",\"name\":\"F\u00e9d\u00e9ration Belge de la Franchise\",\"description\":\"Pour r\u00e9ussir ensemblee\",\"potentialAction\":[{\"@type\":\"SearchAction\",\"target\":{\"@type\":\"EntryPoint\",\"urlTemplate\":\"https:\/\/www.fbf-bff.be\/?s={search_term_string}\"},\"query-input\":{\"@type\":\"PropertyValueSpecification\",\"valueRequired\":true,\"valueName\":\"search_term_string\"}}],\"inLanguage\":\"fr-FR\"},{\"@type\":\"Person\",\"@id\":\"https:\/\/www.fbf-bff.be\/#\/schema\/person\/73a9cbee87288cba2b06e3fc29244fe7\",\"name\":\"fbf_admin\",\"image\":{\"@type\":\"ImageObject\",\"inLanguage\":\"fr-FR\",\"@id\":\"https:\/\/www.fbf-bff.be\/#\/schema\/person\/image\/\",\"url\":\"https:\/\/secure.gravatar.com\/avatar\/20f6483dbe2a69e0999ddcdd1744b7f7?s=96&d=mm&r=g\",\"contentUrl\":\"https:\/\/secure.gravatar.com\/avatar\/20f6483dbe2a69e0999ddcdd1744b7f7?s=96&d=mm&r=g\",\"caption\":\"fbf_admin\"}}]}<\/script>\n<!-- \/ Yoast SEO plugin. -->","yoast_head_json":{"title":"Un nouveau Carrefour Express franchis\u00e9 ouvre ses portes \u00e0 Vis\u00e9 - F\u00e9d\u00e9ration Belge de la Franchise","robots":{"index":"index","follow":"follow","max-snippet":"max-snippet:-1","max-image-preview":"max-image-preview:large","max-video-preview":"max-video-preview:-1"},"canonical":"https:\/\/www.fbf-bff.be\/fr\/un-nouveau-carrefour-express-franchise-ouvre-ses-portes-a-vise\/","og_locale":"fr_FR","og_type":"article","og_title":"Un nouveau Carrefour Express franchis\u00e9 ouvre ses portes \u00e0 Vis\u00e9 - F\u00e9d\u00e9ration Belge de la Franchise","og_description":"A peine 15 jours apr\u00e8s l'ouverture du Carrefour Express de Tildonck en Brabant flamand, c'est dans la province de Li\u00e8ge que s'est ouvert le 15 octobre, un nouveau Carrefour Express \u00e0 Vis\u00e9 (All\u00e9e Verte 30) .","og_url":"https:\/\/www.fbf-bff.be\/fr\/un-nouveau-carrefour-express-franchise-ouvre-ses-portes-a-vise\/","og_site_name":"F\u00e9d\u00e9ration Belge de la Franchise","article_published_time":"2015-10-19T22:00:00+00:00","og_image":[{"width":1200,"height":630,"url":"https:\/\/www.fbf-bff.be\/wp-content\/uploads\/2017\/06\/fbf-bff-fb-cover.jpg","type":"image\/jpeg"}],"author":"fbf_admin","twitter_card":"summary_large_image","twitter_misc":{"\u00c9crit par":"fbf_admin","Dur\u00e9e de lecture estim\u00e9e":"1 minute"},"schema":{"@context":"https:\/\/schema.org","@graph":[{"@type":"WebPage","@id":"https:\/\/www.fbf-bff.be\/fr\/un-nouveau-carrefour-express-franchise-ouvre-ses-portes-a-vise\/","url":"https:\/\/www.fbf-bff.be\/fr\/un-nouveau-carrefour-express-franchise-ouvre-ses-portes-a-vise\/","name":"Un nouveau Carrefour Express franchis\u00e9 ouvre ses portes \u00e0 Vis\u00e9 - F\u00e9d\u00e9ration Belge de la Franchise","isPartOf":{"@id":"https:\/\/www.fbf-bff.be\/#website"},"datePublished":"2015-10-19T22:00:00+00:00","dateModified":"2015-10-19T22:00:00+00:00","author":{"@id":"https:\/\/www.fbf-bff.be\/#\/schema\/person\/73a9cbee87288cba2b06e3fc29244fe7"},"breadcrumb":{"@id":"https:\/\/www.fbf-bff.be\/fr\/un-nouveau-carrefour-express-franchise-ouvre-ses-portes-a-vise\/#breadcrumb"},"inLanguage":"fr-FR","potentialAction":[{"@type":"ReadAction","target":["https:\/\/www.fbf-bff.be\/fr\/un-nouveau-carrefour-express-franchise-ouvre-ses-portes-a-vise\/"]}]},{"@type":"BreadcrumbList","@id":"https:\/\/www.fbf-bff.be\/fr\/un-nouveau-carrefour-express-franchise-ouvre-ses-portes-a-vise\/#breadcrumb","itemListElement":[{"@type":"ListItem","position":1,"name":"Home","item":"https:\/\/www.fbf-bff.be\/fr\/"},{"@type":"ListItem","position":2,"name":"Un nouveau Carrefour Express franchis\u00e9 ouvre ses portes \u00e0 Vis\u00e9"}]},{"@type":"WebSite","@id":"https:\/\/www.fbf-bff.be\/#website","url":"https:\/\/www.fbf-bff.be\/","name":"F\u00e9d\u00e9ration Belge de la Franchise","description":"Pour r\u00e9ussir ensemblee","potentialAction":[{"@type":"SearchAction","target":{"@type":"EntryPoint","urlTemplate":"https:\/\/www.fbf-bff.be\/?s={search_term_string}"},"query-input":{"@type":"PropertyValueSpecification","valueRequired":true,"valueName":"search_term_string"}}],"inLanguage":"fr-FR"},{"@type":"Person","@id":"https:\/\/www.fbf-bff.be\/#\/schema\/person\/73a9cbee87288cba2b06e3fc29244fe7","name":"fbf_admin","image":{"@type":"ImageObject","inLanguage":"fr-FR","@id":"https:\/\/www.fbf-bff.be\/#\/schema\/person\/image\/","url":"https:\/\/secure.gravatar.com\/avatar\/20f6483dbe2a69e0999ddcdd1744b7f7?s=96&d=mm&r=g","contentUrl":"https:\/\/secure.gravatar.com\/avatar\/20f6483dbe2a69e0999ddcdd1744b7f7?s=96&d=mm&r=g","caption":"fbf_admin"}}]}},"_links":{"self":[{"href":"https:\/\/www.fbf-bff.be\/fr\/wp-json\/wp\/v2\/posts\/7934"}],"collection":[{"href":"https:\/\/www.fbf-bff.be\/fr\/wp-json\/wp\/v2\/posts"}],"about":[{"href":"https:\/\/www.fbf-bff.be\/fr\/wp-json\/wp\/v2\/types\/post"}],"author":[{"embeddable":true,"href":"https:\/\/www.fbf-bff.be\/fr\/wp-json\/wp\/v2\/users\/1"}],"replies":[{"embeddable":true,"href":"https:\/\/www.fbf-bff.be\/fr\/wp-json\/wp\/v2\/comments?post=7934"}],"version-history":[{"count":0,"href":"https:\/\/www.fbf-bff.be\/fr\/wp-json\/wp\/v2\/posts\/7934\/revisions"}],"wp:attachment":[{"href":"https:\/\/www.fbf-bff.be\/fr\/wp-json\/wp\/v2\/media?parent=7934"}],"wp:term":[{"taxonomy":"category","embeddable":true,"href":"https:\/\/www.fbf-bff.be\/fr\/wp-json\/wp\/v2\/categories?post=7934"},{"taxonomy":"post_tag","embeddable":true,"href":"https:\/\/www.fbf-bff.be\/fr\/wp-json\/wp\/v2\/tags?post=7934"}],"curies":[{"name":"wp","href":"https:\/\/api.w.org\/{rel}","templated":true}]}}