{"id":7902,"date":"2015-09-30T00:00:00","date_gmt":"2015-09-29T22:00:00","guid":{"rendered":"https:\/\/www.fbf-bff.be\/caro-van-eekelen-coo-de-accor-hotels-benelux-au-brussels-distribution-conference\/"},"modified":"2015-09-30T00:00:00","modified_gmt":"2015-09-29T22:00:00","slug":"caro-van-eekelen-coo-de-accor-hotels-benelux-au-brussels-distribution-conference","status":"publish","type":"post","link":"https:\/\/www.fbf-bff.be\/fr\/caro-van-eekelen-coo-de-accor-hotels-benelux-au-brussels-distribution-conference\/","title":{"rendered":"Caro van Eekelen, COO de Accor Hotels Benelux au Brussels Distribution Conference"},"content":{"rendered":"Sofitel, Pullman, Mercure, Ibis, Novotel,&#8230;  vous connaissez tous ces marques ; mais savez-vous qu&rsquo;elles appartiennent toutes au Groupe Accor et symbolisent son succ\u00e8s?  Le Groupe emploie pr\u00e8s de 180.000 personnes \u00e0 travers 3.800 h\u00f4tels r\u00e9partis dans le monde entier et est leader du march\u00e9 dans le secteur. \u00a0<div><br><\/div><div>A l&rsquo;occasion de la Brussels Distribution Conference, le 1er octobre 2015, Caro Van Eekelen, COO de ACCOR Hotels Benelux expliquera les \u00e9l\u00e9ments cl\u00e9s du succ\u00e8s de ce groupe. Comment Accor est-il en mesure de proposer rapidement des solutions innovantes pour r\u00e9pondre aux besoins du voyageur contemporain et \u00e0 l&rsquo;\u00e9mergence de nouveaux interm\u00e9diaires (Booking.com, Airbnb,&#8230;) ? Les r\u00e9ponses d&rsquo;Accor aux changements survenus dans le monde du voyage sont pertinentes pour tous les acteurs de la distribution commerciale.<\/div>","protected":false},"excerpt":{"rendered":"<p>Sofitel, Pullman, Mercure, Ibis, Novotel,&#8230; vous connaissez tous ces marques ; mais savez-vous qu&rsquo;elles appartiennent toutes au Groupe Accor et symbolisent son succ\u00e8s? Le Groupe emploie pr\u00e8s de 180.000 personnes \u00e0 travers 3.800 h\u00f4tels r\u00e9partis dans le monde entier et est leader du march\u00e9 dans le secteur. \u00a0<\/p>\n","protected":false},"author":1,"featured_media":0,"comment_status":"closed","ping_status":"open","sticky":false,"template":"","format":"standard","meta":{"ngg_post_thumbnail":0,"footnotes":""},"categories":[41],"tags":[],"acf":[],"yoast_head":"<!-- This site is optimized with the Yoast SEO plugin v23.5 - https:\/\/yoast.com\/wordpress\/plugins\/seo\/ -->\n<title>Caro van Eekelen, COO de Accor Hotels Benelux au Brussels Distribution Conference - F\u00e9d\u00e9ration Belge de la Franchise<\/title>\n<meta name=\"robots\" content=\"index, follow, max-snippet:-1, max-image-preview:large, max-video-preview:-1\" \/>\n<link rel=\"canonical\" href=\"https:\/\/www.fbf-bff.be\/fr\/caro-van-eekelen-coo-de-accor-hotels-benelux-au-brussels-distribution-conference\/\" \/>\n<meta property=\"og:locale\" content=\"fr_FR\" \/>\n<meta property=\"og:type\" content=\"article\" \/>\n<meta property=\"og:title\" content=\"Caro van Eekelen, COO de Accor Hotels Benelux au Brussels Distribution Conference - F\u00e9d\u00e9ration Belge de la Franchise\" \/>\n<meta property=\"og:description\" content=\"Sofitel, Pullman, Mercure, Ibis, Novotel,... vous connaissez tous ces marques ; mais savez-vous qu&#039;elles appartiennent toutes au Groupe Accor et symbolisent son succ\u00e8s? Le Groupe emploie pr\u00e8s de 180.000 personnes \u00e0 travers 3.800 h\u00f4tels r\u00e9partis dans le monde entier et est leader du march\u00e9 dans le secteur. \u00a0\" \/>\n<meta property=\"og:url\" content=\"https:\/\/www.fbf-bff.be\/fr\/caro-van-eekelen-coo-de-accor-hotels-benelux-au-brussels-distribution-conference\/\" \/>\n<meta property=\"og:site_name\" content=\"F\u00e9d\u00e9ration Belge de la Franchise\" \/>\n<meta property=\"article:published_time\" content=\"2015-09-29T22:00:00+00:00\" \/>\n<meta property=\"og:image\" content=\"https:\/\/www.fbf-bff.be\/wp-content\/uploads\/2017\/06\/fbf-bff-fb-cover.jpg\" \/>\n\t<meta property=\"og:image:width\" content=\"1200\" \/>\n\t<meta property=\"og:image:height\" content=\"630\" \/>\n\t<meta property=\"og:image:type\" content=\"image\/jpeg\" \/>\n<meta name=\"author\" content=\"fbf_admin\" \/>\n<meta name=\"twitter:card\" content=\"summary_large_image\" \/>\n<meta name=\"twitter:label1\" content=\"\u00c9crit par\" \/>\n\t<meta name=\"twitter:data1\" content=\"fbf_admin\" \/>\n\t<meta name=\"twitter:label2\" content=\"Dur\u00e9e de lecture estim\u00e9e\" \/>\n\t<meta name=\"twitter:data2\" content=\"1 minute\" \/>\n<script type=\"application\/ld+json\" class=\"yoast-schema-graph\">{\"@context\":\"https:\/\/schema.org\",\"@graph\":[{\"@type\":\"WebPage\",\"@id\":\"https:\/\/www.fbf-bff.be\/fr\/caro-van-eekelen-coo-de-accor-hotels-benelux-au-brussels-distribution-conference\/\",\"url\":\"https:\/\/www.fbf-bff.be\/fr\/caro-van-eekelen-coo-de-accor-hotels-benelux-au-brussels-distribution-conference\/\",\"name\":\"Caro van Eekelen, COO de Accor Hotels Benelux au Brussels Distribution Conference - F\u00e9d\u00e9ration Belge de la Franchise\",\"isPartOf\":{\"@id\":\"https:\/\/www.fbf-bff.be\/#website\"},\"datePublished\":\"2015-09-29T22:00:00+00:00\",\"dateModified\":\"2015-09-29T22:00:00+00:00\",\"author\":{\"@id\":\"https:\/\/www.fbf-bff.be\/#\/schema\/person\/73a9cbee87288cba2b06e3fc29244fe7\"},\"breadcrumb\":{\"@id\":\"https:\/\/www.fbf-bff.be\/fr\/caro-van-eekelen-coo-de-accor-hotels-benelux-au-brussels-distribution-conference\/#breadcrumb\"},\"inLanguage\":\"fr-FR\",\"potentialAction\":[{\"@type\":\"ReadAction\",\"target\":[\"https:\/\/www.fbf-bff.be\/fr\/caro-van-eekelen-coo-de-accor-hotels-benelux-au-brussels-distribution-conference\/\"]}]},{\"@type\":\"BreadcrumbList\",\"@id\":\"https:\/\/www.fbf-bff.be\/fr\/caro-van-eekelen-coo-de-accor-hotels-benelux-au-brussels-distribution-conference\/#breadcrumb\",\"itemListElement\":[{\"@type\":\"ListItem\",\"position\":1,\"name\":\"Home\",\"item\":\"https:\/\/www.fbf-bff.be\/fr\/\"},{\"@type\":\"ListItem\",\"position\":2,\"name\":\"Caro van Eekelen, COO de Accor Hotels Benelux au Brussels Distribution Conference\"}]},{\"@type\":\"WebSite\",\"@id\":\"https:\/\/www.fbf-bff.be\/#website\",\"url\":\"https:\/\/www.fbf-bff.be\/\",\"name\":\"F\u00e9d\u00e9ration Belge de la Franchise\",\"description\":\"Pour r\u00e9ussir ensemblee\",\"potentialAction\":[{\"@type\":\"SearchAction\",\"target\":{\"@type\":\"EntryPoint\",\"urlTemplate\":\"https:\/\/www.fbf-bff.be\/?s={search_term_string}\"},\"query-input\":{\"@type\":\"PropertyValueSpecification\",\"valueRequired\":true,\"valueName\":\"search_term_string\"}}],\"inLanguage\":\"fr-FR\"},{\"@type\":\"Person\",\"@id\":\"https:\/\/www.fbf-bff.be\/#\/schema\/person\/73a9cbee87288cba2b06e3fc29244fe7\",\"name\":\"fbf_admin\",\"image\":{\"@type\":\"ImageObject\",\"inLanguage\":\"fr-FR\",\"@id\":\"https:\/\/www.fbf-bff.be\/#\/schema\/person\/image\/\",\"url\":\"https:\/\/secure.gravatar.com\/avatar\/20f6483dbe2a69e0999ddcdd1744b7f7?s=96&d=mm&r=g\",\"contentUrl\":\"https:\/\/secure.gravatar.com\/avatar\/20f6483dbe2a69e0999ddcdd1744b7f7?s=96&d=mm&r=g\",\"caption\":\"fbf_admin\"}}]}<\/script>\n<!-- \/ Yoast SEO plugin. -->","yoast_head_json":{"title":"Caro van Eekelen, COO de Accor Hotels Benelux au Brussels Distribution Conference - F\u00e9d\u00e9ration Belge de la Franchise","robots":{"index":"index","follow":"follow","max-snippet":"max-snippet:-1","max-image-preview":"max-image-preview:large","max-video-preview":"max-video-preview:-1"},"canonical":"https:\/\/www.fbf-bff.be\/fr\/caro-van-eekelen-coo-de-accor-hotels-benelux-au-brussels-distribution-conference\/","og_locale":"fr_FR","og_type":"article","og_title":"Caro van Eekelen, COO de Accor Hotels Benelux au Brussels Distribution Conference - F\u00e9d\u00e9ration Belge de la Franchise","og_description":"Sofitel, Pullman, Mercure, Ibis, Novotel,... vous connaissez tous ces marques ; mais savez-vous qu'elles appartiennent toutes au Groupe Accor et symbolisent son succ\u00e8s? Le Groupe emploie pr\u00e8s de 180.000 personnes \u00e0 travers 3.800 h\u00f4tels r\u00e9partis dans le monde entier et est leader du march\u00e9 dans le secteur. \u00a0","og_url":"https:\/\/www.fbf-bff.be\/fr\/caro-van-eekelen-coo-de-accor-hotels-benelux-au-brussels-distribution-conference\/","og_site_name":"F\u00e9d\u00e9ration Belge de la Franchise","article_published_time":"2015-09-29T22:00:00+00:00","og_image":[{"width":1200,"height":630,"url":"https:\/\/www.fbf-bff.be\/wp-content\/uploads\/2017\/06\/fbf-bff-fb-cover.jpg","type":"image\/jpeg"}],"author":"fbf_admin","twitter_card":"summary_large_image","twitter_misc":{"\u00c9crit par":"fbf_admin","Dur\u00e9e de lecture estim\u00e9e":"1 minute"},"schema":{"@context":"https:\/\/schema.org","@graph":[{"@type":"WebPage","@id":"https:\/\/www.fbf-bff.be\/fr\/caro-van-eekelen-coo-de-accor-hotels-benelux-au-brussels-distribution-conference\/","url":"https:\/\/www.fbf-bff.be\/fr\/caro-van-eekelen-coo-de-accor-hotels-benelux-au-brussels-distribution-conference\/","name":"Caro van Eekelen, COO de Accor Hotels Benelux au Brussels Distribution Conference - F\u00e9d\u00e9ration Belge de la Franchise","isPartOf":{"@id":"https:\/\/www.fbf-bff.be\/#website"},"datePublished":"2015-09-29T22:00:00+00:00","dateModified":"2015-09-29T22:00:00+00:00","author":{"@id":"https:\/\/www.fbf-bff.be\/#\/schema\/person\/73a9cbee87288cba2b06e3fc29244fe7"},"breadcrumb":{"@id":"https:\/\/www.fbf-bff.be\/fr\/caro-van-eekelen-coo-de-accor-hotels-benelux-au-brussels-distribution-conference\/#breadcrumb"},"inLanguage":"fr-FR","potentialAction":[{"@type":"ReadAction","target":["https:\/\/www.fbf-bff.be\/fr\/caro-van-eekelen-coo-de-accor-hotels-benelux-au-brussels-distribution-conference\/"]}]},{"@type":"BreadcrumbList","@id":"https:\/\/www.fbf-bff.be\/fr\/caro-van-eekelen-coo-de-accor-hotels-benelux-au-brussels-distribution-conference\/#breadcrumb","itemListElement":[{"@type":"ListItem","position":1,"name":"Home","item":"https:\/\/www.fbf-bff.be\/fr\/"},{"@type":"ListItem","position":2,"name":"Caro van Eekelen, COO de Accor Hotels Benelux au Brussels Distribution Conference"}]},{"@type":"WebSite","@id":"https:\/\/www.fbf-bff.be\/#website","url":"https:\/\/www.fbf-bff.be\/","name":"F\u00e9d\u00e9ration Belge de la Franchise","description":"Pour r\u00e9ussir ensemblee","potentialAction":[{"@type":"SearchAction","target":{"@type":"EntryPoint","urlTemplate":"https:\/\/www.fbf-bff.be\/?s={search_term_string}"},"query-input":{"@type":"PropertyValueSpecification","valueRequired":true,"valueName":"search_term_string"}}],"inLanguage":"fr-FR"},{"@type":"Person","@id":"https:\/\/www.fbf-bff.be\/#\/schema\/person\/73a9cbee87288cba2b06e3fc29244fe7","name":"fbf_admin","image":{"@type":"ImageObject","inLanguage":"fr-FR","@id":"https:\/\/www.fbf-bff.be\/#\/schema\/person\/image\/","url":"https:\/\/secure.gravatar.com\/avatar\/20f6483dbe2a69e0999ddcdd1744b7f7?s=96&d=mm&r=g","contentUrl":"https:\/\/secure.gravatar.com\/avatar\/20f6483dbe2a69e0999ddcdd1744b7f7?s=96&d=mm&r=g","caption":"fbf_admin"}}]}},"_links":{"self":[{"href":"https:\/\/www.fbf-bff.be\/fr\/wp-json\/wp\/v2\/posts\/7902"}],"collection":[{"href":"https:\/\/www.fbf-bff.be\/fr\/wp-json\/wp\/v2\/posts"}],"about":[{"href":"https:\/\/www.fbf-bff.be\/fr\/wp-json\/wp\/v2\/types\/post"}],"author":[{"embeddable":true,"href":"https:\/\/www.fbf-bff.be\/fr\/wp-json\/wp\/v2\/users\/1"}],"replies":[{"embeddable":true,"href":"https:\/\/www.fbf-bff.be\/fr\/wp-json\/wp\/v2\/comments?post=7902"}],"version-history":[{"count":0,"href":"https:\/\/www.fbf-bff.be\/fr\/wp-json\/wp\/v2\/posts\/7902\/revisions"}],"wp:attachment":[{"href":"https:\/\/www.fbf-bff.be\/fr\/wp-json\/wp\/v2\/media?parent=7902"}],"wp:term":[{"taxonomy":"category","embeddable":true,"href":"https:\/\/www.fbf-bff.be\/fr\/wp-json\/wp\/v2\/categories?post=7902"},{"taxonomy":"post_tag","embeddable":true,"href":"https:\/\/www.fbf-bff.be\/fr\/wp-json\/wp\/v2\/tags?post=7902"}],"curies":[{"name":"wp","href":"https:\/\/api.w.org\/{rel}","templated":true}]}}