{"id":7892,"date":"2015-09-23T00:00:00","date_gmt":"2015-09-22T22:00:00","guid":{"rendered":"https:\/\/www.fbf-bff.be\/daniel-moquet-signe-vos-allees-15-nouveaux-franchises-en-septembre\/"},"modified":"2015-09-23T00:00:00","modified_gmt":"2015-09-22T22:00:00","slug":"daniel-moquet-signe-vos-allees-15-nouveaux-franchises-en-septembre","status":"publish","type":"post","link":"https:\/\/www.fbf-bff.be\/fr\/daniel-moquet-signe-vos-allees-15-nouveaux-franchises-en-septembre\/","title":{"rendered":"Daniel Moquet Signe Vos All\u00e9es : 15 nouveaux franchis\u00e9s en septembre!"},"content":{"rendered":"Quinze nouvelles entreprises adh\u00e9rentes au r\u00e9seau Daniel Moquet Signe Vos All\u00e9es se sont cr\u00e9\u00e9es d\u00e9but septembre. Les nouveaux franchis\u00e9s sont actuellement en formation initiale.\u00a0<div><br><\/div><div>Cette formation s\u2019\u00e9tale sur 6 semaines et aborde tous les domaines que le franchis\u00e9 doit ma\u00eetriser pour sa future activit\u00e9, afin d\u2019avoir une formation compl\u00e8te et op\u00e9rationnelle. Tous les aspects du m\u00e9tier sont vus dans les d\u00e9tails : commercial, technique, mais aussi l\u2019organisation, la gestion, le management, en passant par l\u2019informatique et l\u2019administratif. Cette formation est principalement dispens\u00e9e par Daniel Moquet, et certains intervenants, qui seront ensuite des interlocuteurs privil\u00e9gi\u00e9s, sont \u00e9galement convi\u00e9s ponctuellement.<\/div><div><br><\/div><div>Le maillage territorial se densifie principalement en France avec cette nouvelle session, et de nouveaux d\u00e9partements peuvent d\u00e9sormais faire appel \u00e0 un entrepreneur Daniel Moquet.<\/div><div><br><\/div><div>Souhaitez-vous avoir plus d\u2019information sur cette enseigne, cliquez sur leur logo chez  \u201cces enseignes se d\u00e9veloppent et cherchent des candidats \u00bb  sur la home page et posez directement votre question chez eux !<\/div>","protected":false},"excerpt":{"rendered":"<p>Quinze nouvelles entreprises adh\u00e9rentes au r\u00e9seau Daniel Moquet Signe Vos All\u00e9es se sont cr\u00e9\u00e9es d\u00e9but septembre. Les nouveaux franchis\u00e9s sont actuellement en formation initiale.\u00a0<\/p>\n","protected":false},"author":1,"featured_media":0,"comment_status":"closed","ping_status":"open","sticky":false,"template":"","format":"standard","meta":{"ngg_post_thumbnail":0,"footnotes":""},"categories":[41],"tags":[],"acf":[],"yoast_head":"<!-- This site is optimized with the Yoast SEO plugin v23.5 - https:\/\/yoast.com\/wordpress\/plugins\/seo\/ -->\n<title>Daniel Moquet Signe Vos All\u00e9es : 15 nouveaux franchis\u00e9s en septembre! - F\u00e9d\u00e9ration Belge de la Franchise<\/title>\n<meta name=\"robots\" content=\"index, follow, max-snippet:-1, max-image-preview:large, max-video-preview:-1\" \/>\n<link rel=\"canonical\" href=\"https:\/\/www.fbf-bff.be\/fr\/daniel-moquet-signe-vos-allees-15-nouveaux-franchises-en-septembre\/\" \/>\n<meta property=\"og:locale\" content=\"fr_FR\" \/>\n<meta property=\"og:type\" content=\"article\" \/>\n<meta property=\"og:title\" content=\"Daniel Moquet Signe Vos All\u00e9es : 15 nouveaux franchis\u00e9s en septembre! - F\u00e9d\u00e9ration Belge de la Franchise\" \/>\n<meta property=\"og:description\" content=\"Quinze nouvelles entreprises adh\u00e9rentes au r\u00e9seau Daniel Moquet Signe Vos All\u00e9es se sont cr\u00e9\u00e9es d\u00e9but septembre. Les nouveaux franchis\u00e9s sont actuellement en formation initiale.\u00a0\" \/>\n<meta property=\"og:url\" content=\"https:\/\/www.fbf-bff.be\/fr\/daniel-moquet-signe-vos-allees-15-nouveaux-franchises-en-septembre\/\" \/>\n<meta property=\"og:site_name\" content=\"F\u00e9d\u00e9ration Belge de la Franchise\" \/>\n<meta property=\"article:published_time\" content=\"2015-09-22T22:00:00+00:00\" \/>\n<meta property=\"og:image\" content=\"https:\/\/www.fbf-bff.be\/wp-content\/uploads\/2017\/06\/fbf-bff-fb-cover.jpg\" \/>\n\t<meta property=\"og:image:width\" content=\"1200\" \/>\n\t<meta property=\"og:image:height\" content=\"630\" \/>\n\t<meta property=\"og:image:type\" content=\"image\/jpeg\" \/>\n<meta name=\"author\" content=\"fbf_admin\" \/>\n<meta name=\"twitter:card\" content=\"summary_large_image\" \/>\n<meta name=\"twitter:label1\" content=\"\u00c9crit par\" \/>\n\t<meta name=\"twitter:data1\" content=\"fbf_admin\" \/>\n\t<meta name=\"twitter:label2\" content=\"Dur\u00e9e de lecture estim\u00e9e\" \/>\n\t<meta name=\"twitter:data2\" content=\"1 minute\" \/>\n<script type=\"application\/ld+json\" class=\"yoast-schema-graph\">{\"@context\":\"https:\/\/schema.org\",\"@graph\":[{\"@type\":\"WebPage\",\"@id\":\"https:\/\/www.fbf-bff.be\/fr\/daniel-moquet-signe-vos-allees-15-nouveaux-franchises-en-septembre\/\",\"url\":\"https:\/\/www.fbf-bff.be\/fr\/daniel-moquet-signe-vos-allees-15-nouveaux-franchises-en-septembre\/\",\"name\":\"Daniel Moquet Signe Vos All\u00e9es : 15 nouveaux franchis\u00e9s en septembre! - F\u00e9d\u00e9ration Belge de la Franchise\",\"isPartOf\":{\"@id\":\"https:\/\/www.fbf-bff.be\/#website\"},\"datePublished\":\"2015-09-22T22:00:00+00:00\",\"dateModified\":\"2015-09-22T22:00:00+00:00\",\"author\":{\"@id\":\"https:\/\/www.fbf-bff.be\/#\/schema\/person\/73a9cbee87288cba2b06e3fc29244fe7\"},\"breadcrumb\":{\"@id\":\"https:\/\/www.fbf-bff.be\/fr\/daniel-moquet-signe-vos-allees-15-nouveaux-franchises-en-septembre\/#breadcrumb\"},\"inLanguage\":\"fr-FR\",\"potentialAction\":[{\"@type\":\"ReadAction\",\"target\":[\"https:\/\/www.fbf-bff.be\/fr\/daniel-moquet-signe-vos-allees-15-nouveaux-franchises-en-septembre\/\"]}]},{\"@type\":\"BreadcrumbList\",\"@id\":\"https:\/\/www.fbf-bff.be\/fr\/daniel-moquet-signe-vos-allees-15-nouveaux-franchises-en-septembre\/#breadcrumb\",\"itemListElement\":[{\"@type\":\"ListItem\",\"position\":1,\"name\":\"Home\",\"item\":\"https:\/\/www.fbf-bff.be\/fr\/\"},{\"@type\":\"ListItem\",\"position\":2,\"name\":\"Daniel Moquet Signe Vos All\u00e9es : 15 nouveaux franchis\u00e9s en septembre!\"}]},{\"@type\":\"WebSite\",\"@id\":\"https:\/\/www.fbf-bff.be\/#website\",\"url\":\"https:\/\/www.fbf-bff.be\/\",\"name\":\"F\u00e9d\u00e9ration Belge de la Franchise\",\"description\":\"Pour r\u00e9ussir ensemblee\",\"potentialAction\":[{\"@type\":\"SearchAction\",\"target\":{\"@type\":\"EntryPoint\",\"urlTemplate\":\"https:\/\/www.fbf-bff.be\/?s={search_term_string}\"},\"query-input\":{\"@type\":\"PropertyValueSpecification\",\"valueRequired\":true,\"valueName\":\"search_term_string\"}}],\"inLanguage\":\"fr-FR\"},{\"@type\":\"Person\",\"@id\":\"https:\/\/www.fbf-bff.be\/#\/schema\/person\/73a9cbee87288cba2b06e3fc29244fe7\",\"name\":\"fbf_admin\",\"image\":{\"@type\":\"ImageObject\",\"inLanguage\":\"fr-FR\",\"@id\":\"https:\/\/www.fbf-bff.be\/#\/schema\/person\/image\/\",\"url\":\"https:\/\/secure.gravatar.com\/avatar\/20f6483dbe2a69e0999ddcdd1744b7f7?s=96&d=mm&r=g\",\"contentUrl\":\"https:\/\/secure.gravatar.com\/avatar\/20f6483dbe2a69e0999ddcdd1744b7f7?s=96&d=mm&r=g\",\"caption\":\"fbf_admin\"}}]}<\/script>\n<!-- \/ Yoast SEO plugin. -->","yoast_head_json":{"title":"Daniel Moquet Signe Vos All\u00e9es : 15 nouveaux franchis\u00e9s en septembre! - F\u00e9d\u00e9ration Belge de la Franchise","robots":{"index":"index","follow":"follow","max-snippet":"max-snippet:-1","max-image-preview":"max-image-preview:large","max-video-preview":"max-video-preview:-1"},"canonical":"https:\/\/www.fbf-bff.be\/fr\/daniel-moquet-signe-vos-allees-15-nouveaux-franchises-en-septembre\/","og_locale":"fr_FR","og_type":"article","og_title":"Daniel Moquet Signe Vos All\u00e9es : 15 nouveaux franchis\u00e9s en septembre! - F\u00e9d\u00e9ration Belge de la Franchise","og_description":"Quinze nouvelles entreprises adh\u00e9rentes au r\u00e9seau Daniel Moquet Signe Vos All\u00e9es se sont cr\u00e9\u00e9es d\u00e9but septembre. Les nouveaux franchis\u00e9s sont actuellement en formation initiale.\u00a0","og_url":"https:\/\/www.fbf-bff.be\/fr\/daniel-moquet-signe-vos-allees-15-nouveaux-franchises-en-septembre\/","og_site_name":"F\u00e9d\u00e9ration Belge de la Franchise","article_published_time":"2015-09-22T22:00:00+00:00","og_image":[{"width":1200,"height":630,"url":"https:\/\/www.fbf-bff.be\/wp-content\/uploads\/2017\/06\/fbf-bff-fb-cover.jpg","type":"image\/jpeg"}],"author":"fbf_admin","twitter_card":"summary_large_image","twitter_misc":{"\u00c9crit par":"fbf_admin","Dur\u00e9e de lecture estim\u00e9e":"1 minute"},"schema":{"@context":"https:\/\/schema.org","@graph":[{"@type":"WebPage","@id":"https:\/\/www.fbf-bff.be\/fr\/daniel-moquet-signe-vos-allees-15-nouveaux-franchises-en-septembre\/","url":"https:\/\/www.fbf-bff.be\/fr\/daniel-moquet-signe-vos-allees-15-nouveaux-franchises-en-septembre\/","name":"Daniel Moquet Signe Vos All\u00e9es : 15 nouveaux franchis\u00e9s en septembre! - F\u00e9d\u00e9ration Belge de la Franchise","isPartOf":{"@id":"https:\/\/www.fbf-bff.be\/#website"},"datePublished":"2015-09-22T22:00:00+00:00","dateModified":"2015-09-22T22:00:00+00:00","author":{"@id":"https:\/\/www.fbf-bff.be\/#\/schema\/person\/73a9cbee87288cba2b06e3fc29244fe7"},"breadcrumb":{"@id":"https:\/\/www.fbf-bff.be\/fr\/daniel-moquet-signe-vos-allees-15-nouveaux-franchises-en-septembre\/#breadcrumb"},"inLanguage":"fr-FR","potentialAction":[{"@type":"ReadAction","target":["https:\/\/www.fbf-bff.be\/fr\/daniel-moquet-signe-vos-allees-15-nouveaux-franchises-en-septembre\/"]}]},{"@type":"BreadcrumbList","@id":"https:\/\/www.fbf-bff.be\/fr\/daniel-moquet-signe-vos-allees-15-nouveaux-franchises-en-septembre\/#breadcrumb","itemListElement":[{"@type":"ListItem","position":1,"name":"Home","item":"https:\/\/www.fbf-bff.be\/fr\/"},{"@type":"ListItem","position":2,"name":"Daniel Moquet Signe Vos All\u00e9es : 15 nouveaux franchis\u00e9s en septembre!"}]},{"@type":"WebSite","@id":"https:\/\/www.fbf-bff.be\/#website","url":"https:\/\/www.fbf-bff.be\/","name":"F\u00e9d\u00e9ration Belge de la Franchise","description":"Pour r\u00e9ussir ensemblee","potentialAction":[{"@type":"SearchAction","target":{"@type":"EntryPoint","urlTemplate":"https:\/\/www.fbf-bff.be\/?s={search_term_string}"},"query-input":{"@type":"PropertyValueSpecification","valueRequired":true,"valueName":"search_term_string"}}],"inLanguage":"fr-FR"},{"@type":"Person","@id":"https:\/\/www.fbf-bff.be\/#\/schema\/person\/73a9cbee87288cba2b06e3fc29244fe7","name":"fbf_admin","image":{"@type":"ImageObject","inLanguage":"fr-FR","@id":"https:\/\/www.fbf-bff.be\/#\/schema\/person\/image\/","url":"https:\/\/secure.gravatar.com\/avatar\/20f6483dbe2a69e0999ddcdd1744b7f7?s=96&d=mm&r=g","contentUrl":"https:\/\/secure.gravatar.com\/avatar\/20f6483dbe2a69e0999ddcdd1744b7f7?s=96&d=mm&r=g","caption":"fbf_admin"}}]}},"_links":{"self":[{"href":"https:\/\/www.fbf-bff.be\/fr\/wp-json\/wp\/v2\/posts\/7892"}],"collection":[{"href":"https:\/\/www.fbf-bff.be\/fr\/wp-json\/wp\/v2\/posts"}],"about":[{"href":"https:\/\/www.fbf-bff.be\/fr\/wp-json\/wp\/v2\/types\/post"}],"author":[{"embeddable":true,"href":"https:\/\/www.fbf-bff.be\/fr\/wp-json\/wp\/v2\/users\/1"}],"replies":[{"embeddable":true,"href":"https:\/\/www.fbf-bff.be\/fr\/wp-json\/wp\/v2\/comments?post=7892"}],"version-history":[{"count":0,"href":"https:\/\/www.fbf-bff.be\/fr\/wp-json\/wp\/v2\/posts\/7892\/revisions"}],"wp:attachment":[{"href":"https:\/\/www.fbf-bff.be\/fr\/wp-json\/wp\/v2\/media?parent=7892"}],"wp:term":[{"taxonomy":"category","embeddable":true,"href":"https:\/\/www.fbf-bff.be\/fr\/wp-json\/wp\/v2\/categories?post=7892"},{"taxonomy":"post_tag","embeddable":true,"href":"https:\/\/www.fbf-bff.be\/fr\/wp-json\/wp\/v2\/tags?post=7892"}],"curies":[{"name":"wp","href":"https:\/\/api.w.org\/{rel}","templated":true}]}}