{"id":7891,"date":"2015-09-23T00:00:00","date_gmt":"2015-09-22T22:00:00","guid":{"rendered":"https:\/\/www.fbf-bff.be\/bientot-un-nouveau-magasin-franchise-pour-kvik\/"},"modified":"2015-09-23T00:00:00","modified_gmt":"2015-09-22T22:00:00","slug":"bientot-un-nouveau-magasin-franchise-pour-kvik","status":"publish","type":"post","link":"https:\/\/www.fbf-bff.be\/fr\/bientot-un-nouveau-magasin-franchise-pour-kvik\/","title":{"rendered":"Bient\u00f4t un nouveau magasin franchis\u00e9 pour KVIK"},"content":{"rendered":"Le fabricant de meubles de cuisines et de salles de bains ne jure que par le syst\u00e8me de la franchise. Avec d\u00e9j\u00e0 21 magasins en Belgique, la maison m\u00e8re compte en ouvrir un nouveau pour le mois de d\u00e9cembre aux alentours de Gand.\u00a0<div><br><\/div><div>Mais les ambitions ne s\u2019arr\u00eatent pas l\u00e0 : \u00ab l\u2019objectif serait d\u2019avoir une trentaine de magasins franchis\u00e9s d\u2019ici trois ans en ouvrant deux \u00e0 trois nouvelles enseignes par ann\u00e9e.\u00bb, explique Dimitri Stockbroeckx, le responsable pour l`expansion et le suivi des nouveaux magasins en Belgique, Pays Bas, France et Espagne.\u00a0<\/div><div><br><\/div><div>D\u2019ici d\u00e9cembre 2015, un nouvel \u00e9tablissement devrait voir le jour. Le responsable affirme avoir d\u00e9j\u00e0 l\u2019emplacement pr\u00e8s de Gand mais \u00eatre toujours \u00e0 la recherche d\u2019un franchis\u00e9.<\/div><div><br><\/div><div>La marque danoise KVIK utilise uniquement un r\u00e9seau de franchises et compte d\u00e9j\u00e0 135 magasins dans toute l\u2019Europe, comme l\u2019explique Monsieur Stockbroeckx : \u00ab Nous fonctionnons que par un r\u00e9seau de franchises. Cela a d\u00e9j\u00e0 fait ses preuves et nous ne comptons pas changer notre fa\u00e7on de proc\u00e9der. \u00bb\u00a0<\/div><div><br><\/div><div><span style=\"line-height: 1.42857\">Souhaitez-vous avoir plus d\u2019information sur cette enseigne, cliquez sur leur logo chez  \u201cces enseignes se d\u00e9veloppent et cherchent des candidats \u00bb  sur la home page et posez directement votre question chez eux !<\/span><\/div><div><span style=\"line-height: 1.42857\">SP\u00a0<\/span><br><\/div>","protected":false},"excerpt":{"rendered":"<p>Le fabricant de meubles de cuisines et de salles de bains ne jure que par le syst\u00e8me de la franchise. Avec d\u00e9j\u00e0 21 magasins en Belgique, la maison m\u00e8re compte en ouvrir un nouveau pour le mois de d\u00e9cembre aux alentours de Gand.\u00a0<\/p>\n","protected":false},"author":1,"featured_media":0,"comment_status":"closed","ping_status":"open","sticky":false,"template":"","format":"standard","meta":{"ngg_post_thumbnail":0,"footnotes":""},"categories":[41],"tags":[],"acf":[],"yoast_head":"<!-- This site is optimized with the Yoast SEO plugin v23.5 - https:\/\/yoast.com\/wordpress\/plugins\/seo\/ -->\n<title>Bient\u00f4t un nouveau magasin franchis\u00e9 pour KVIK - F\u00e9d\u00e9ration Belge de la Franchise<\/title>\n<meta name=\"robots\" content=\"index, follow, max-snippet:-1, max-image-preview:large, max-video-preview:-1\" \/>\n<link rel=\"canonical\" href=\"https:\/\/www.fbf-bff.be\/fr\/bientot-un-nouveau-magasin-franchise-pour-kvik\/\" \/>\n<meta property=\"og:locale\" content=\"fr_FR\" \/>\n<meta property=\"og:type\" content=\"article\" \/>\n<meta property=\"og:title\" content=\"Bient\u00f4t un nouveau magasin franchis\u00e9 pour KVIK - F\u00e9d\u00e9ration Belge de la Franchise\" \/>\n<meta property=\"og:description\" content=\"Le fabricant de meubles de cuisines et de salles de bains ne jure que par le syst\u00e8me de la franchise. Avec d\u00e9j\u00e0 21 magasins en Belgique, la maison m\u00e8re compte en ouvrir un nouveau pour le mois de d\u00e9cembre aux alentours de Gand.\u00a0\" \/>\n<meta property=\"og:url\" content=\"https:\/\/www.fbf-bff.be\/fr\/bientot-un-nouveau-magasin-franchise-pour-kvik\/\" \/>\n<meta property=\"og:site_name\" content=\"F\u00e9d\u00e9ration Belge de la Franchise\" \/>\n<meta property=\"article:published_time\" content=\"2015-09-22T22:00:00+00:00\" \/>\n<meta property=\"og:image\" content=\"https:\/\/www.fbf-bff.be\/wp-content\/uploads\/2017\/06\/fbf-bff-fb-cover.jpg\" \/>\n\t<meta property=\"og:image:width\" content=\"1200\" \/>\n\t<meta property=\"og:image:height\" content=\"630\" \/>\n\t<meta property=\"og:image:type\" content=\"image\/jpeg\" \/>\n<meta name=\"author\" content=\"fbf_admin\" \/>\n<meta name=\"twitter:card\" content=\"summary_large_image\" \/>\n<meta name=\"twitter:label1\" content=\"\u00c9crit par\" \/>\n\t<meta name=\"twitter:data1\" content=\"fbf_admin\" \/>\n\t<meta name=\"twitter:label2\" content=\"Dur\u00e9e de lecture estim\u00e9e\" \/>\n\t<meta name=\"twitter:data2\" content=\"1 minute\" \/>\n<script type=\"application\/ld+json\" class=\"yoast-schema-graph\">{\"@context\":\"https:\/\/schema.org\",\"@graph\":[{\"@type\":\"WebPage\",\"@id\":\"https:\/\/www.fbf-bff.be\/fr\/bientot-un-nouveau-magasin-franchise-pour-kvik\/\",\"url\":\"https:\/\/www.fbf-bff.be\/fr\/bientot-un-nouveau-magasin-franchise-pour-kvik\/\",\"name\":\"Bient\u00f4t un nouveau magasin franchis\u00e9 pour KVIK - F\u00e9d\u00e9ration Belge de la Franchise\",\"isPartOf\":{\"@id\":\"https:\/\/www.fbf-bff.be\/#website\"},\"datePublished\":\"2015-09-22T22:00:00+00:00\",\"dateModified\":\"2015-09-22T22:00:00+00:00\",\"author\":{\"@id\":\"https:\/\/www.fbf-bff.be\/#\/schema\/person\/73a9cbee87288cba2b06e3fc29244fe7\"},\"breadcrumb\":{\"@id\":\"https:\/\/www.fbf-bff.be\/fr\/bientot-un-nouveau-magasin-franchise-pour-kvik\/#breadcrumb\"},\"inLanguage\":\"fr-FR\",\"potentialAction\":[{\"@type\":\"ReadAction\",\"target\":[\"https:\/\/www.fbf-bff.be\/fr\/bientot-un-nouveau-magasin-franchise-pour-kvik\/\"]}]},{\"@type\":\"BreadcrumbList\",\"@id\":\"https:\/\/www.fbf-bff.be\/fr\/bientot-un-nouveau-magasin-franchise-pour-kvik\/#breadcrumb\",\"itemListElement\":[{\"@type\":\"ListItem\",\"position\":1,\"name\":\"Home\",\"item\":\"https:\/\/www.fbf-bff.be\/fr\/\"},{\"@type\":\"ListItem\",\"position\":2,\"name\":\"Bient\u00f4t un nouveau magasin franchis\u00e9 pour KVIK\"}]},{\"@type\":\"WebSite\",\"@id\":\"https:\/\/www.fbf-bff.be\/#website\",\"url\":\"https:\/\/www.fbf-bff.be\/\",\"name\":\"F\u00e9d\u00e9ration Belge de la Franchise\",\"description\":\"Pour r\u00e9ussir ensemblee\",\"potentialAction\":[{\"@type\":\"SearchAction\",\"target\":{\"@type\":\"EntryPoint\",\"urlTemplate\":\"https:\/\/www.fbf-bff.be\/?s={search_term_string}\"},\"query-input\":{\"@type\":\"PropertyValueSpecification\",\"valueRequired\":true,\"valueName\":\"search_term_string\"}}],\"inLanguage\":\"fr-FR\"},{\"@type\":\"Person\",\"@id\":\"https:\/\/www.fbf-bff.be\/#\/schema\/person\/73a9cbee87288cba2b06e3fc29244fe7\",\"name\":\"fbf_admin\",\"image\":{\"@type\":\"ImageObject\",\"inLanguage\":\"fr-FR\",\"@id\":\"https:\/\/www.fbf-bff.be\/#\/schema\/person\/image\/\",\"url\":\"https:\/\/secure.gravatar.com\/avatar\/20f6483dbe2a69e0999ddcdd1744b7f7?s=96&d=mm&r=g\",\"contentUrl\":\"https:\/\/secure.gravatar.com\/avatar\/20f6483dbe2a69e0999ddcdd1744b7f7?s=96&d=mm&r=g\",\"caption\":\"fbf_admin\"}}]}<\/script>\n<!-- \/ Yoast SEO plugin. -->","yoast_head_json":{"title":"Bient\u00f4t un nouveau magasin franchis\u00e9 pour KVIK - F\u00e9d\u00e9ration Belge de la Franchise","robots":{"index":"index","follow":"follow","max-snippet":"max-snippet:-1","max-image-preview":"max-image-preview:large","max-video-preview":"max-video-preview:-1"},"canonical":"https:\/\/www.fbf-bff.be\/fr\/bientot-un-nouveau-magasin-franchise-pour-kvik\/","og_locale":"fr_FR","og_type":"article","og_title":"Bient\u00f4t un nouveau magasin franchis\u00e9 pour KVIK - F\u00e9d\u00e9ration Belge de la Franchise","og_description":"Le fabricant de meubles de cuisines et de salles de bains ne jure que par le syst\u00e8me de la franchise. Avec d\u00e9j\u00e0 21 magasins en Belgique, la maison m\u00e8re compte en ouvrir un nouveau pour le mois de d\u00e9cembre aux alentours de Gand.\u00a0","og_url":"https:\/\/www.fbf-bff.be\/fr\/bientot-un-nouveau-magasin-franchise-pour-kvik\/","og_site_name":"F\u00e9d\u00e9ration Belge de la Franchise","article_published_time":"2015-09-22T22:00:00+00:00","og_image":[{"width":1200,"height":630,"url":"https:\/\/www.fbf-bff.be\/wp-content\/uploads\/2017\/06\/fbf-bff-fb-cover.jpg","type":"image\/jpeg"}],"author":"fbf_admin","twitter_card":"summary_large_image","twitter_misc":{"\u00c9crit par":"fbf_admin","Dur\u00e9e de lecture estim\u00e9e":"1 minute"},"schema":{"@context":"https:\/\/schema.org","@graph":[{"@type":"WebPage","@id":"https:\/\/www.fbf-bff.be\/fr\/bientot-un-nouveau-magasin-franchise-pour-kvik\/","url":"https:\/\/www.fbf-bff.be\/fr\/bientot-un-nouveau-magasin-franchise-pour-kvik\/","name":"Bient\u00f4t un nouveau magasin franchis\u00e9 pour KVIK - F\u00e9d\u00e9ration Belge de la Franchise","isPartOf":{"@id":"https:\/\/www.fbf-bff.be\/#website"},"datePublished":"2015-09-22T22:00:00+00:00","dateModified":"2015-09-22T22:00:00+00:00","author":{"@id":"https:\/\/www.fbf-bff.be\/#\/schema\/person\/73a9cbee87288cba2b06e3fc29244fe7"},"breadcrumb":{"@id":"https:\/\/www.fbf-bff.be\/fr\/bientot-un-nouveau-magasin-franchise-pour-kvik\/#breadcrumb"},"inLanguage":"fr-FR","potentialAction":[{"@type":"ReadAction","target":["https:\/\/www.fbf-bff.be\/fr\/bientot-un-nouveau-magasin-franchise-pour-kvik\/"]}]},{"@type":"BreadcrumbList","@id":"https:\/\/www.fbf-bff.be\/fr\/bientot-un-nouveau-magasin-franchise-pour-kvik\/#breadcrumb","itemListElement":[{"@type":"ListItem","position":1,"name":"Home","item":"https:\/\/www.fbf-bff.be\/fr\/"},{"@type":"ListItem","position":2,"name":"Bient\u00f4t un nouveau magasin franchis\u00e9 pour KVIK"}]},{"@type":"WebSite","@id":"https:\/\/www.fbf-bff.be\/#website","url":"https:\/\/www.fbf-bff.be\/","name":"F\u00e9d\u00e9ration Belge de la Franchise","description":"Pour r\u00e9ussir ensemblee","potentialAction":[{"@type":"SearchAction","target":{"@type":"EntryPoint","urlTemplate":"https:\/\/www.fbf-bff.be\/?s={search_term_string}"},"query-input":{"@type":"PropertyValueSpecification","valueRequired":true,"valueName":"search_term_string"}}],"inLanguage":"fr-FR"},{"@type":"Person","@id":"https:\/\/www.fbf-bff.be\/#\/schema\/person\/73a9cbee87288cba2b06e3fc29244fe7","name":"fbf_admin","image":{"@type":"ImageObject","inLanguage":"fr-FR","@id":"https:\/\/www.fbf-bff.be\/#\/schema\/person\/image\/","url":"https:\/\/secure.gravatar.com\/avatar\/20f6483dbe2a69e0999ddcdd1744b7f7?s=96&d=mm&r=g","contentUrl":"https:\/\/secure.gravatar.com\/avatar\/20f6483dbe2a69e0999ddcdd1744b7f7?s=96&d=mm&r=g","caption":"fbf_admin"}}]}},"_links":{"self":[{"href":"https:\/\/www.fbf-bff.be\/fr\/wp-json\/wp\/v2\/posts\/7891"}],"collection":[{"href":"https:\/\/www.fbf-bff.be\/fr\/wp-json\/wp\/v2\/posts"}],"about":[{"href":"https:\/\/www.fbf-bff.be\/fr\/wp-json\/wp\/v2\/types\/post"}],"author":[{"embeddable":true,"href":"https:\/\/www.fbf-bff.be\/fr\/wp-json\/wp\/v2\/users\/1"}],"replies":[{"embeddable":true,"href":"https:\/\/www.fbf-bff.be\/fr\/wp-json\/wp\/v2\/comments?post=7891"}],"version-history":[{"count":0,"href":"https:\/\/www.fbf-bff.be\/fr\/wp-json\/wp\/v2\/posts\/7891\/revisions"}],"wp:attachment":[{"href":"https:\/\/www.fbf-bff.be\/fr\/wp-json\/wp\/v2\/media?parent=7891"}],"wp:term":[{"taxonomy":"category","embeddable":true,"href":"https:\/\/www.fbf-bff.be\/fr\/wp-json\/wp\/v2\/categories?post=7891"},{"taxonomy":"post_tag","embeddable":true,"href":"https:\/\/www.fbf-bff.be\/fr\/wp-json\/wp\/v2\/tags?post=7891"}],"curies":[{"name":"wp","href":"https:\/\/api.w.org\/{rel}","templated":true}]}}