{"id":7890,"date":"2015-09-23T00:00:00","date_gmt":"2015-09-22T22:00:00","guid":{"rendered":"https:\/\/www.fbf-bff.be\/michael-rosin-secretaire-general-de-ixina-orateur-a-la-brussels-distribution-conference\/"},"modified":"2015-09-23T00:00:00","modified_gmt":"2015-09-22T22:00:00","slug":"michael-rosin-secretaire-general-de-ixina-orateur-a-la-brussels-distribution-conference","status":"publish","type":"post","link":"https:\/\/www.fbf-bff.be\/fr\/michael-rosin-secretaire-general-de-ixina-orateur-a-la-brussels-distribution-conference\/","title":{"rendered":"Michael Rosin, secr\u00e9taire g\u00e9n\u00e9ral de Ixina, orateur \u00e0 la Brussels Distribution Conference"},"content":{"rendered":"Dans le cadre de la Brussels Distribution Conf\u00e9rence qui se tiendra le 1er octobre 2015 \u00e0 Bruxelles dans le Palais des Acad\u00e9mies, Michael Roisin, Secr\u00e9taire g\u00e9n\u00e9ral de l&rsquo;enseigne Ixina prendra part comme orateur \u00e0 la table ronde \u00ab\u00a0Etablir son r\u00e9seau de distribution \u00e0 l&rsquo;\u00e9tranger\u00a0\u00bb.<div><br><\/div><div>Il sera accompagn\u00e9 par Ian Cook, Directeur g\u00e9n\u00e9ral de ERA Belgium et Edwin Dedoncker, Directeur g\u00e9n\u00e9ral des Bi\u00e8res de Chimay et Chimay Fromages qui aborderont notamment les sujets suivants : comment lancer son concept, son enseigne, son produit \u00e0 l&rsquo;\u00e9tranger ? Quels sont les \u00e9l\u00e9ments d\u00e9clencheurs qui motivent le choix de se lancer dans d&rsquo;autres pays ? Quel est le type de contrat le plus adapt\u00e9 entre contrat de (master)franchise, d&rsquo;agence ou de concession ? L&rsquo;expansion du r\u00e9seau n\u00e9cessite-t-elle des adaptations du concept, des produits et\/ou de services ?<\/div><div><br><\/div><div>\u00a0Cette table ronde se focalisera aussi sur l&rsquo;importance de la g\u00e9o-localisation dans l&rsquo;\u00e9tablissement d&rsquo;un r\u00e9seau de distribution et ses cons\u00e9quences juridiques avec\u00a0<\/div><div><br><\/div><div>Fran\u00e7ois-Luc Simon, associ\u00e9 au sein du cabinet Simon Associ\u00e9s, et Laurent Kruch, pr\u00e9sident de Territoires &amp; marketing et membre du coll\u00e8ge des experts de la F\u00e9d\u00e9ration Fran\u00e7aise de la Franchise.<\/div><div><br><\/div><div>Leur intervention se concentrera sur les \u00e9tudes de march\u00e9 \u00e0 disposition d&rsquo;un r\u00e9seau qui conclut des contrats de distribution (franchise, commission-affiliation, groupements, licence de marque, etc&#8230;) : protections et risques juridiques.<\/div><div><br><\/div><div>Pour plus d&rsquo;information sur le programme complet de la conf\u00e9rence et le module d\u2019inscription : http:\/\/www.brusselsdistributionconference.eu\/. \u00a0<\/div><div><br><\/div><div>rl.<\/div>","protected":false},"excerpt":{"rendered":"<p>Dans le cadre de la Brussels Distribution Conf\u00e9rence qui se tiendra le 1er octobre 2015 \u00e0 Bruxelles dans le Palais des Acad\u00e9mies, Michael Roisin, Secr\u00e9taire g\u00e9n\u00e9ral de l&rsquo;enseigne Ixina prendra part comme orateur \u00e0 la table ronde \u00ab\u00a0Etablir son r\u00e9seau de distribution \u00e0 l&rsquo;\u00e9tranger\u00a0\u00bb.<\/p>\n","protected":false},"author":1,"featured_media":0,"comment_status":"closed","ping_status":"open","sticky":false,"template":"","format":"standard","meta":{"ngg_post_thumbnail":0,"footnotes":""},"categories":[41],"tags":[],"acf":[],"yoast_head":"<!-- This site is optimized with the Yoast SEO plugin v23.5 - https:\/\/yoast.com\/wordpress\/plugins\/seo\/ -->\n<title>Michael Rosin, secr\u00e9taire g\u00e9n\u00e9ral de Ixina, orateur \u00e0 la Brussels Distribution Conference - F\u00e9d\u00e9ration Belge de la Franchise<\/title>\n<meta name=\"robots\" content=\"index, follow, max-snippet:-1, max-image-preview:large, max-video-preview:-1\" \/>\n<link rel=\"canonical\" href=\"https:\/\/www.fbf-bff.be\/fr\/michael-rosin-secretaire-general-de-ixina-orateur-a-la-brussels-distribution-conference\/\" \/>\n<meta property=\"og:locale\" content=\"fr_FR\" \/>\n<meta property=\"og:type\" content=\"article\" \/>\n<meta property=\"og:title\" content=\"Michael Rosin, secr\u00e9taire g\u00e9n\u00e9ral de Ixina, orateur \u00e0 la Brussels Distribution Conference - F\u00e9d\u00e9ration Belge de la Franchise\" \/>\n<meta property=\"og:description\" content=\"Dans le cadre de la Brussels Distribution Conf\u00e9rence qui se tiendra le 1er octobre 2015 \u00e0 Bruxelles dans le Palais des Acad\u00e9mies, Michael Roisin, Secr\u00e9taire g\u00e9n\u00e9ral de l&#039;enseigne Ixina prendra part comme orateur \u00e0 la table ronde &quot;Etablir son r\u00e9seau de distribution \u00e0 l&#039;\u00e9tranger&quot;.\" \/>\n<meta property=\"og:url\" content=\"https:\/\/www.fbf-bff.be\/fr\/michael-rosin-secretaire-general-de-ixina-orateur-a-la-brussels-distribution-conference\/\" \/>\n<meta property=\"og:site_name\" content=\"F\u00e9d\u00e9ration Belge de la Franchise\" \/>\n<meta property=\"article:published_time\" content=\"2015-09-22T22:00:00+00:00\" \/>\n<meta property=\"og:image\" content=\"https:\/\/www.fbf-bff.be\/wp-content\/uploads\/2017\/06\/fbf-bff-fb-cover.jpg\" \/>\n\t<meta property=\"og:image:width\" content=\"1200\" \/>\n\t<meta property=\"og:image:height\" content=\"630\" \/>\n\t<meta property=\"og:image:type\" content=\"image\/jpeg\" \/>\n<meta name=\"author\" content=\"fbf_admin\" \/>\n<meta name=\"twitter:card\" content=\"summary_large_image\" \/>\n<meta name=\"twitter:label1\" content=\"\u00c9crit par\" \/>\n\t<meta name=\"twitter:data1\" content=\"fbf_admin\" \/>\n\t<meta name=\"twitter:label2\" content=\"Dur\u00e9e de lecture estim\u00e9e\" \/>\n\t<meta name=\"twitter:data2\" content=\"1 minute\" \/>\n<script type=\"application\/ld+json\" class=\"yoast-schema-graph\">{\"@context\":\"https:\/\/schema.org\",\"@graph\":[{\"@type\":\"WebPage\",\"@id\":\"https:\/\/www.fbf-bff.be\/fr\/michael-rosin-secretaire-general-de-ixina-orateur-a-la-brussels-distribution-conference\/\",\"url\":\"https:\/\/www.fbf-bff.be\/fr\/michael-rosin-secretaire-general-de-ixina-orateur-a-la-brussels-distribution-conference\/\",\"name\":\"Michael Rosin, secr\u00e9taire g\u00e9n\u00e9ral de Ixina, orateur \u00e0 la Brussels Distribution Conference - F\u00e9d\u00e9ration Belge de la Franchise\",\"isPartOf\":{\"@id\":\"https:\/\/www.fbf-bff.be\/#website\"},\"datePublished\":\"2015-09-22T22:00:00+00:00\",\"dateModified\":\"2015-09-22T22:00:00+00:00\",\"author\":{\"@id\":\"https:\/\/www.fbf-bff.be\/#\/schema\/person\/73a9cbee87288cba2b06e3fc29244fe7\"},\"breadcrumb\":{\"@id\":\"https:\/\/www.fbf-bff.be\/fr\/michael-rosin-secretaire-general-de-ixina-orateur-a-la-brussels-distribution-conference\/#breadcrumb\"},\"inLanguage\":\"fr-FR\",\"potentialAction\":[{\"@type\":\"ReadAction\",\"target\":[\"https:\/\/www.fbf-bff.be\/fr\/michael-rosin-secretaire-general-de-ixina-orateur-a-la-brussels-distribution-conference\/\"]}]},{\"@type\":\"BreadcrumbList\",\"@id\":\"https:\/\/www.fbf-bff.be\/fr\/michael-rosin-secretaire-general-de-ixina-orateur-a-la-brussels-distribution-conference\/#breadcrumb\",\"itemListElement\":[{\"@type\":\"ListItem\",\"position\":1,\"name\":\"Home\",\"item\":\"https:\/\/www.fbf-bff.be\/fr\/\"},{\"@type\":\"ListItem\",\"position\":2,\"name\":\"Michael Rosin, secr\u00e9taire g\u00e9n\u00e9ral de Ixina, orateur \u00e0 la Brussels Distribution Conference\"}]},{\"@type\":\"WebSite\",\"@id\":\"https:\/\/www.fbf-bff.be\/#website\",\"url\":\"https:\/\/www.fbf-bff.be\/\",\"name\":\"F\u00e9d\u00e9ration Belge de la Franchise\",\"description\":\"Pour r\u00e9ussir ensemblee\",\"potentialAction\":[{\"@type\":\"SearchAction\",\"target\":{\"@type\":\"EntryPoint\",\"urlTemplate\":\"https:\/\/www.fbf-bff.be\/?s={search_term_string}\"},\"query-input\":{\"@type\":\"PropertyValueSpecification\",\"valueRequired\":true,\"valueName\":\"search_term_string\"}}],\"inLanguage\":\"fr-FR\"},{\"@type\":\"Person\",\"@id\":\"https:\/\/www.fbf-bff.be\/#\/schema\/person\/73a9cbee87288cba2b06e3fc29244fe7\",\"name\":\"fbf_admin\",\"image\":{\"@type\":\"ImageObject\",\"inLanguage\":\"fr-FR\",\"@id\":\"https:\/\/www.fbf-bff.be\/#\/schema\/person\/image\/\",\"url\":\"https:\/\/secure.gravatar.com\/avatar\/20f6483dbe2a69e0999ddcdd1744b7f7?s=96&d=mm&r=g\",\"contentUrl\":\"https:\/\/secure.gravatar.com\/avatar\/20f6483dbe2a69e0999ddcdd1744b7f7?s=96&d=mm&r=g\",\"caption\":\"fbf_admin\"}}]}<\/script>\n<!-- \/ Yoast SEO plugin. -->","yoast_head_json":{"title":"Michael Rosin, secr\u00e9taire g\u00e9n\u00e9ral de Ixina, orateur \u00e0 la Brussels Distribution Conference - F\u00e9d\u00e9ration Belge de la Franchise","robots":{"index":"index","follow":"follow","max-snippet":"max-snippet:-1","max-image-preview":"max-image-preview:large","max-video-preview":"max-video-preview:-1"},"canonical":"https:\/\/www.fbf-bff.be\/fr\/michael-rosin-secretaire-general-de-ixina-orateur-a-la-brussels-distribution-conference\/","og_locale":"fr_FR","og_type":"article","og_title":"Michael Rosin, secr\u00e9taire g\u00e9n\u00e9ral de Ixina, orateur \u00e0 la Brussels Distribution Conference - F\u00e9d\u00e9ration Belge de la Franchise","og_description":"Dans le cadre de la Brussels Distribution Conf\u00e9rence qui se tiendra le 1er octobre 2015 \u00e0 Bruxelles dans le Palais des Acad\u00e9mies, Michael Roisin, Secr\u00e9taire g\u00e9n\u00e9ral de l'enseigne Ixina prendra part comme orateur \u00e0 la table ronde \"Etablir son r\u00e9seau de distribution \u00e0 l'\u00e9tranger\".","og_url":"https:\/\/www.fbf-bff.be\/fr\/michael-rosin-secretaire-general-de-ixina-orateur-a-la-brussels-distribution-conference\/","og_site_name":"F\u00e9d\u00e9ration Belge de la Franchise","article_published_time":"2015-09-22T22:00:00+00:00","og_image":[{"width":1200,"height":630,"url":"https:\/\/www.fbf-bff.be\/wp-content\/uploads\/2017\/06\/fbf-bff-fb-cover.jpg","type":"image\/jpeg"}],"author":"fbf_admin","twitter_card":"summary_large_image","twitter_misc":{"\u00c9crit par":"fbf_admin","Dur\u00e9e de lecture estim\u00e9e":"1 minute"},"schema":{"@context":"https:\/\/schema.org","@graph":[{"@type":"WebPage","@id":"https:\/\/www.fbf-bff.be\/fr\/michael-rosin-secretaire-general-de-ixina-orateur-a-la-brussels-distribution-conference\/","url":"https:\/\/www.fbf-bff.be\/fr\/michael-rosin-secretaire-general-de-ixina-orateur-a-la-brussels-distribution-conference\/","name":"Michael Rosin, secr\u00e9taire g\u00e9n\u00e9ral de Ixina, orateur \u00e0 la Brussels Distribution Conference - F\u00e9d\u00e9ration Belge de la Franchise","isPartOf":{"@id":"https:\/\/www.fbf-bff.be\/#website"},"datePublished":"2015-09-22T22:00:00+00:00","dateModified":"2015-09-22T22:00:00+00:00","author":{"@id":"https:\/\/www.fbf-bff.be\/#\/schema\/person\/73a9cbee87288cba2b06e3fc29244fe7"},"breadcrumb":{"@id":"https:\/\/www.fbf-bff.be\/fr\/michael-rosin-secretaire-general-de-ixina-orateur-a-la-brussels-distribution-conference\/#breadcrumb"},"inLanguage":"fr-FR","potentialAction":[{"@type":"ReadAction","target":["https:\/\/www.fbf-bff.be\/fr\/michael-rosin-secretaire-general-de-ixina-orateur-a-la-brussels-distribution-conference\/"]}]},{"@type":"BreadcrumbList","@id":"https:\/\/www.fbf-bff.be\/fr\/michael-rosin-secretaire-general-de-ixina-orateur-a-la-brussels-distribution-conference\/#breadcrumb","itemListElement":[{"@type":"ListItem","position":1,"name":"Home","item":"https:\/\/www.fbf-bff.be\/fr\/"},{"@type":"ListItem","position":2,"name":"Michael Rosin, secr\u00e9taire g\u00e9n\u00e9ral de Ixina, orateur \u00e0 la Brussels Distribution Conference"}]},{"@type":"WebSite","@id":"https:\/\/www.fbf-bff.be\/#website","url":"https:\/\/www.fbf-bff.be\/","name":"F\u00e9d\u00e9ration Belge de la Franchise","description":"Pour r\u00e9ussir ensemblee","potentialAction":[{"@type":"SearchAction","target":{"@type":"EntryPoint","urlTemplate":"https:\/\/www.fbf-bff.be\/?s={search_term_string}"},"query-input":{"@type":"PropertyValueSpecification","valueRequired":true,"valueName":"search_term_string"}}],"inLanguage":"fr-FR"},{"@type":"Person","@id":"https:\/\/www.fbf-bff.be\/#\/schema\/person\/73a9cbee87288cba2b06e3fc29244fe7","name":"fbf_admin","image":{"@type":"ImageObject","inLanguage":"fr-FR","@id":"https:\/\/www.fbf-bff.be\/#\/schema\/person\/image\/","url":"https:\/\/secure.gravatar.com\/avatar\/20f6483dbe2a69e0999ddcdd1744b7f7?s=96&d=mm&r=g","contentUrl":"https:\/\/secure.gravatar.com\/avatar\/20f6483dbe2a69e0999ddcdd1744b7f7?s=96&d=mm&r=g","caption":"fbf_admin"}}]}},"_links":{"self":[{"href":"https:\/\/www.fbf-bff.be\/fr\/wp-json\/wp\/v2\/posts\/7890"}],"collection":[{"href":"https:\/\/www.fbf-bff.be\/fr\/wp-json\/wp\/v2\/posts"}],"about":[{"href":"https:\/\/www.fbf-bff.be\/fr\/wp-json\/wp\/v2\/types\/post"}],"author":[{"embeddable":true,"href":"https:\/\/www.fbf-bff.be\/fr\/wp-json\/wp\/v2\/users\/1"}],"replies":[{"embeddable":true,"href":"https:\/\/www.fbf-bff.be\/fr\/wp-json\/wp\/v2\/comments?post=7890"}],"version-history":[{"count":0,"href":"https:\/\/www.fbf-bff.be\/fr\/wp-json\/wp\/v2\/posts\/7890\/revisions"}],"wp:attachment":[{"href":"https:\/\/www.fbf-bff.be\/fr\/wp-json\/wp\/v2\/media?parent=7890"}],"wp:term":[{"taxonomy":"category","embeddable":true,"href":"https:\/\/www.fbf-bff.be\/fr\/wp-json\/wp\/v2\/categories?post=7890"},{"taxonomy":"post_tag","embeddable":true,"href":"https:\/\/www.fbf-bff.be\/fr\/wp-json\/wp\/v2\/tags?post=7890"}],"curies":[{"name":"wp","href":"https:\/\/api.w.org\/{rel}","templated":true}]}}