{"id":7869,"date":"2015-09-09T00:00:00","date_gmt":"2015-09-08T22:00:00","guid":{"rendered":"https:\/\/www.fbf-bff.be\/brussels-distribution-conference-une-initiative-de-2-avocats-membre-de-la-commission-juridique-de-la-federation-belge-de-la-franchise\/"},"modified":"2015-09-09T00:00:00","modified_gmt":"2015-09-08T22:00:00","slug":"brussels-distribution-conference-une-initiative-de-2-avocats-membre-de-la-commission-juridique-de-la-federation-belge-de-la-franchise","status":"publish","type":"post","link":"https:\/\/www.fbf-bff.be\/fr\/brussels-distribution-conference-une-initiative-de-2-avocats-membre-de-la-commission-juridique-de-la-federation-belge-de-la-franchise\/","title":{"rendered":"Brussels Distribution Conference &#8211; une initiative de 2 avocats, membre de la commission juridique de la F\u00e9d\u00e9ration Belge de la Franchise"},"content":{"rendered":"Pour sa premi\u00e8re \u00e9dition en octobre 2013, la Brussels Distribution Conference (BDC) avait r\u00e9uni pr\u00e8s de 150 participants tous actifs dans le secteur de la distribution. Ce succ\u00e8s de foule a refl\u00e9t\u00e9 la vitalit\u00e9 \u00e9conomique du secteur de la distribution commerciale au niveau europ\u00e9en.<div><br><\/div><div>La 2\u00e8me \u00e9dition de la BDC se tient une nouvelle fois dans le cadre prestigieux du Palais des Acad\u00e9mies \u00e0 Bruxelles, le jeudi 1er octobre 2015. La BDC ne renie pas ses fondamentaux et se veut toujours comme le lieu d\u2019\u00e9changes par excellence sur les derni\u00e8res tendances du secteur de la distribution commerciale.<\/div><div><br><\/div><div>Pierre DEMOLIN et Beno\u00eet SIMPELAERE, associ\u00e9s du cabinet d\u2019avocats DBB organisateur de la conf\u00e9rence, et membres actifs de la commission juridique de la F\u00e9d\u00e9ration belge de la franchise, n\u2019ont qu\u2019un seul souhait : chaque participant doit repartir de la BDC avec une connaissance approfondie des r\u00e9cents d\u00e9veloppements juridiques, \u00e9conomiques et comptables de la distribution commerciale, tant au niveau national qu\u2019international.<\/div><div><br><\/div><div>La BDC peut compter sur de nombreux orateurs prestigieux au 1er rang desquels Monsieur le Vice-Premier Ministre Peeters qui inaugurera la conf\u00e9rence en faisant \u00e9tat des derni\u00e8res initiatives gouvernementales attendues dans les prochains mois, notamment dans le secteur de l&rsquo;horeca (contrats de  brasserie).<\/div><div><br><\/div><div>Des avocats renomm\u00e9s, des repr\u00e9sentants de la Commission europ\u00e9enne, de l\u2019autorit\u00e9 belge de la concurrence ainsi que du monde de l\u2019entreprise (ING, la Fiduciaire Pardoen, Bi\u00e8res de Chimay, ACCOR, Carrefour, ERA, \u2026) viendront \u00e9galement partager leur expertise.<\/div><div><br><\/div><div>Un panel de discussion d\u00e9di\u00e9 au lancement d\u2019un concept (franchise) ou d\u2019une enseigne  \u00e0 l&rsquo;\u00e9tranger r\u00e9unira divers intervenants qui \u00e9claireront les participants de leur exp\u00e9rience personnelle.  Les panelistes mettront ainsi en avant les diff\u00e9rences \u00e9conomiques et culturelles per\u00e7ues en Belgique ou \u00e0 l\u2019\u00e9tranger.\u00a0<\/div><div><br><\/div><div>Le programme complet de la conf\u00e9rence ainsi que le module d\u2019inscription (20% de r\u00e9duction pour les membres de la F\u00e9d\u00e9ration belge de la franchise) ont disponibles \u00e0 l\u2019adresse suivante :<\/div><div><br><\/div><div>http:\/\/www.brusselsdistributionconference.eu\/.<\/div><div><br><\/div><div>L\u2019inscription \u00e0 la conf\u00e9rence donne droit au lunch du midi, au livre reprenant les interventions des diff\u00e9rents orateurs ainsi qu\u2019au cocktail de cl\u00f4ture.\u00a0<\/div>","protected":false},"excerpt":{"rendered":"<p>Pour sa premi\u00e8re \u00e9dition en octobre 2013, la Brussels Distribution Conference (BDC) avait r\u00e9uni pr\u00e8s de 150 participants tous actifs dans le secteur de la distribution. Ce succ\u00e8s de foule a refl\u00e9t\u00e9 la vitalit\u00e9 \u00e9conomique du secteur de la distribution commerciale au niveau europ\u00e9en.<\/p>\n","protected":false},"author":1,"featured_media":0,"comment_status":"closed","ping_status":"open","sticky":false,"template":"","format":"standard","meta":{"ngg_post_thumbnail":0,"footnotes":""},"categories":[41],"tags":[],"acf":[],"yoast_head":"<!-- This site is optimized with the Yoast SEO plugin v23.5 - https:\/\/yoast.com\/wordpress\/plugins\/seo\/ -->\n<title>Brussels Distribution Conference &#8211; une initiative de 2 avocats, membre de la commission juridique de la F\u00e9d\u00e9ration Belge de la Franchise - F\u00e9d\u00e9ration Belge de la Franchise<\/title>\n<meta name=\"robots\" content=\"index, follow, max-snippet:-1, max-image-preview:large, max-video-preview:-1\" \/>\n<link rel=\"canonical\" href=\"https:\/\/www.fbf-bff.be\/fr\/brussels-distribution-conference-une-initiative-de-2-avocats-membre-de-la-commission-juridique-de-la-federation-belge-de-la-franchise\/\" \/>\n<meta property=\"og:locale\" content=\"fr_FR\" \/>\n<meta property=\"og:type\" content=\"article\" \/>\n<meta property=\"og:title\" content=\"Brussels Distribution Conference &#8211; une initiative de 2 avocats, membre de la commission juridique de la F\u00e9d\u00e9ration Belge de la Franchise - F\u00e9d\u00e9ration Belge de la Franchise\" \/>\n<meta property=\"og:description\" content=\"Pour sa premi\u00e8re \u00e9dition en octobre 2013, la Brussels Distribution Conference (BDC) avait r\u00e9uni pr\u00e8s de 150 participants tous actifs dans le secteur de la distribution. Ce succ\u00e8s de foule a refl\u00e9t\u00e9 la vitalit\u00e9 \u00e9conomique du secteur de la distribution commerciale au niveau europ\u00e9en.\" \/>\n<meta property=\"og:url\" content=\"https:\/\/www.fbf-bff.be\/fr\/brussels-distribution-conference-une-initiative-de-2-avocats-membre-de-la-commission-juridique-de-la-federation-belge-de-la-franchise\/\" \/>\n<meta property=\"og:site_name\" content=\"F\u00e9d\u00e9ration Belge de la Franchise\" \/>\n<meta property=\"article:published_time\" content=\"2015-09-08T22:00:00+00:00\" \/>\n<meta property=\"og:image\" content=\"https:\/\/www.fbf-bff.be\/wp-content\/uploads\/2017\/06\/fbf-bff-fb-cover.jpg\" \/>\n\t<meta property=\"og:image:width\" content=\"1200\" \/>\n\t<meta property=\"og:image:height\" content=\"630\" \/>\n\t<meta property=\"og:image:type\" content=\"image\/jpeg\" \/>\n<meta name=\"author\" content=\"fbf_admin\" \/>\n<meta name=\"twitter:card\" content=\"summary_large_image\" \/>\n<meta name=\"twitter:label1\" content=\"\u00c9crit par\" \/>\n\t<meta name=\"twitter:data1\" content=\"fbf_admin\" \/>\n\t<meta name=\"twitter:label2\" content=\"Dur\u00e9e de lecture estim\u00e9e\" \/>\n\t<meta name=\"twitter:data2\" content=\"2 minutes\" \/>\n<script type=\"application\/ld+json\" class=\"yoast-schema-graph\">{\"@context\":\"https:\/\/schema.org\",\"@graph\":[{\"@type\":\"WebPage\",\"@id\":\"https:\/\/www.fbf-bff.be\/fr\/brussels-distribution-conference-une-initiative-de-2-avocats-membre-de-la-commission-juridique-de-la-federation-belge-de-la-franchise\/\",\"url\":\"https:\/\/www.fbf-bff.be\/fr\/brussels-distribution-conference-une-initiative-de-2-avocats-membre-de-la-commission-juridique-de-la-federation-belge-de-la-franchise\/\",\"name\":\"Brussels Distribution Conference &#8211; une initiative de 2 avocats, membre de la commission juridique de la F\u00e9d\u00e9ration Belge de la Franchise - F\u00e9d\u00e9ration Belge de la Franchise\",\"isPartOf\":{\"@id\":\"https:\/\/www.fbf-bff.be\/#website\"},\"datePublished\":\"2015-09-08T22:00:00+00:00\",\"dateModified\":\"2015-09-08T22:00:00+00:00\",\"author\":{\"@id\":\"https:\/\/www.fbf-bff.be\/#\/schema\/person\/73a9cbee87288cba2b06e3fc29244fe7\"},\"breadcrumb\":{\"@id\":\"https:\/\/www.fbf-bff.be\/fr\/brussels-distribution-conference-une-initiative-de-2-avocats-membre-de-la-commission-juridique-de-la-federation-belge-de-la-franchise\/#breadcrumb\"},\"inLanguage\":\"fr-FR\",\"potentialAction\":[{\"@type\":\"ReadAction\",\"target\":[\"https:\/\/www.fbf-bff.be\/fr\/brussels-distribution-conference-une-initiative-de-2-avocats-membre-de-la-commission-juridique-de-la-federation-belge-de-la-franchise\/\"]}]},{\"@type\":\"BreadcrumbList\",\"@id\":\"https:\/\/www.fbf-bff.be\/fr\/brussels-distribution-conference-une-initiative-de-2-avocats-membre-de-la-commission-juridique-de-la-federation-belge-de-la-franchise\/#breadcrumb\",\"itemListElement\":[{\"@type\":\"ListItem\",\"position\":1,\"name\":\"Home\",\"item\":\"https:\/\/www.fbf-bff.be\/fr\/\"},{\"@type\":\"ListItem\",\"position\":2,\"name\":\"Brussels Distribution Conference &#8211; une initiative de 2 avocats, membre de la commission juridique de la F\u00e9d\u00e9ration Belge de la Franchise\"}]},{\"@type\":\"WebSite\",\"@id\":\"https:\/\/www.fbf-bff.be\/#website\",\"url\":\"https:\/\/www.fbf-bff.be\/\",\"name\":\"F\u00e9d\u00e9ration Belge de la Franchise\",\"description\":\"Pour r\u00e9ussir ensemblee\",\"potentialAction\":[{\"@type\":\"SearchAction\",\"target\":{\"@type\":\"EntryPoint\",\"urlTemplate\":\"https:\/\/www.fbf-bff.be\/?s={search_term_string}\"},\"query-input\":{\"@type\":\"PropertyValueSpecification\",\"valueRequired\":true,\"valueName\":\"search_term_string\"}}],\"inLanguage\":\"fr-FR\"},{\"@type\":\"Person\",\"@id\":\"https:\/\/www.fbf-bff.be\/#\/schema\/person\/73a9cbee87288cba2b06e3fc29244fe7\",\"name\":\"fbf_admin\",\"image\":{\"@type\":\"ImageObject\",\"inLanguage\":\"fr-FR\",\"@id\":\"https:\/\/www.fbf-bff.be\/#\/schema\/person\/image\/\",\"url\":\"https:\/\/secure.gravatar.com\/avatar\/20f6483dbe2a69e0999ddcdd1744b7f7?s=96&d=mm&r=g\",\"contentUrl\":\"https:\/\/secure.gravatar.com\/avatar\/20f6483dbe2a69e0999ddcdd1744b7f7?s=96&d=mm&r=g\",\"caption\":\"fbf_admin\"}}]}<\/script>\n<!-- \/ Yoast SEO plugin. -->","yoast_head_json":{"title":"Brussels Distribution Conference &#8211; une initiative de 2 avocats, membre de la commission juridique de la F\u00e9d\u00e9ration Belge de la Franchise - F\u00e9d\u00e9ration Belge de la Franchise","robots":{"index":"index","follow":"follow","max-snippet":"max-snippet:-1","max-image-preview":"max-image-preview:large","max-video-preview":"max-video-preview:-1"},"canonical":"https:\/\/www.fbf-bff.be\/fr\/brussels-distribution-conference-une-initiative-de-2-avocats-membre-de-la-commission-juridique-de-la-federation-belge-de-la-franchise\/","og_locale":"fr_FR","og_type":"article","og_title":"Brussels Distribution Conference &#8211; une initiative de 2 avocats, membre de la commission juridique de la F\u00e9d\u00e9ration Belge de la Franchise - F\u00e9d\u00e9ration Belge de la Franchise","og_description":"Pour sa premi\u00e8re \u00e9dition en octobre 2013, la Brussels Distribution Conference (BDC) avait r\u00e9uni pr\u00e8s de 150 participants tous actifs dans le secteur de la distribution. Ce succ\u00e8s de foule a refl\u00e9t\u00e9 la vitalit\u00e9 \u00e9conomique du secteur de la distribution commerciale au niveau europ\u00e9en.","og_url":"https:\/\/www.fbf-bff.be\/fr\/brussels-distribution-conference-une-initiative-de-2-avocats-membre-de-la-commission-juridique-de-la-federation-belge-de-la-franchise\/","og_site_name":"F\u00e9d\u00e9ration Belge de la Franchise","article_published_time":"2015-09-08T22:00:00+00:00","og_image":[{"width":1200,"height":630,"url":"https:\/\/www.fbf-bff.be\/wp-content\/uploads\/2017\/06\/fbf-bff-fb-cover.jpg","type":"image\/jpeg"}],"author":"fbf_admin","twitter_card":"summary_large_image","twitter_misc":{"\u00c9crit par":"fbf_admin","Dur\u00e9e de lecture estim\u00e9e":"2 minutes"},"schema":{"@context":"https:\/\/schema.org","@graph":[{"@type":"WebPage","@id":"https:\/\/www.fbf-bff.be\/fr\/brussels-distribution-conference-une-initiative-de-2-avocats-membre-de-la-commission-juridique-de-la-federation-belge-de-la-franchise\/","url":"https:\/\/www.fbf-bff.be\/fr\/brussels-distribution-conference-une-initiative-de-2-avocats-membre-de-la-commission-juridique-de-la-federation-belge-de-la-franchise\/","name":"Brussels Distribution Conference &#8211; une initiative de 2 avocats, membre de la commission juridique de la F\u00e9d\u00e9ration Belge de la Franchise - F\u00e9d\u00e9ration Belge de la Franchise","isPartOf":{"@id":"https:\/\/www.fbf-bff.be\/#website"},"datePublished":"2015-09-08T22:00:00+00:00","dateModified":"2015-09-08T22:00:00+00:00","author":{"@id":"https:\/\/www.fbf-bff.be\/#\/schema\/person\/73a9cbee87288cba2b06e3fc29244fe7"},"breadcrumb":{"@id":"https:\/\/www.fbf-bff.be\/fr\/brussels-distribution-conference-une-initiative-de-2-avocats-membre-de-la-commission-juridique-de-la-federation-belge-de-la-franchise\/#breadcrumb"},"inLanguage":"fr-FR","potentialAction":[{"@type":"ReadAction","target":["https:\/\/www.fbf-bff.be\/fr\/brussels-distribution-conference-une-initiative-de-2-avocats-membre-de-la-commission-juridique-de-la-federation-belge-de-la-franchise\/"]}]},{"@type":"BreadcrumbList","@id":"https:\/\/www.fbf-bff.be\/fr\/brussels-distribution-conference-une-initiative-de-2-avocats-membre-de-la-commission-juridique-de-la-federation-belge-de-la-franchise\/#breadcrumb","itemListElement":[{"@type":"ListItem","position":1,"name":"Home","item":"https:\/\/www.fbf-bff.be\/fr\/"},{"@type":"ListItem","position":2,"name":"Brussels Distribution Conference &#8211; une initiative de 2 avocats, membre de la commission juridique de la F\u00e9d\u00e9ration Belge de la Franchise"}]},{"@type":"WebSite","@id":"https:\/\/www.fbf-bff.be\/#website","url":"https:\/\/www.fbf-bff.be\/","name":"F\u00e9d\u00e9ration Belge de la Franchise","description":"Pour r\u00e9ussir ensemblee","potentialAction":[{"@type":"SearchAction","target":{"@type":"EntryPoint","urlTemplate":"https:\/\/www.fbf-bff.be\/?s={search_term_string}"},"query-input":{"@type":"PropertyValueSpecification","valueRequired":true,"valueName":"search_term_string"}}],"inLanguage":"fr-FR"},{"@type":"Person","@id":"https:\/\/www.fbf-bff.be\/#\/schema\/person\/73a9cbee87288cba2b06e3fc29244fe7","name":"fbf_admin","image":{"@type":"ImageObject","inLanguage":"fr-FR","@id":"https:\/\/www.fbf-bff.be\/#\/schema\/person\/image\/","url":"https:\/\/secure.gravatar.com\/avatar\/20f6483dbe2a69e0999ddcdd1744b7f7?s=96&d=mm&r=g","contentUrl":"https:\/\/secure.gravatar.com\/avatar\/20f6483dbe2a69e0999ddcdd1744b7f7?s=96&d=mm&r=g","caption":"fbf_admin"}}]}},"_links":{"self":[{"href":"https:\/\/www.fbf-bff.be\/fr\/wp-json\/wp\/v2\/posts\/7869"}],"collection":[{"href":"https:\/\/www.fbf-bff.be\/fr\/wp-json\/wp\/v2\/posts"}],"about":[{"href":"https:\/\/www.fbf-bff.be\/fr\/wp-json\/wp\/v2\/types\/post"}],"author":[{"embeddable":true,"href":"https:\/\/www.fbf-bff.be\/fr\/wp-json\/wp\/v2\/users\/1"}],"replies":[{"embeddable":true,"href":"https:\/\/www.fbf-bff.be\/fr\/wp-json\/wp\/v2\/comments?post=7869"}],"version-history":[{"count":0,"href":"https:\/\/www.fbf-bff.be\/fr\/wp-json\/wp\/v2\/posts\/7869\/revisions"}],"wp:attachment":[{"href":"https:\/\/www.fbf-bff.be\/fr\/wp-json\/wp\/v2\/media?parent=7869"}],"wp:term":[{"taxonomy":"category","embeddable":true,"href":"https:\/\/www.fbf-bff.be\/fr\/wp-json\/wp\/v2\/categories?post=7869"},{"taxonomy":"post_tag","embeddable":true,"href":"https:\/\/www.fbf-bff.be\/fr\/wp-json\/wp\/v2\/tags?post=7869"}],"curies":[{"name":"wp","href":"https:\/\/api.w.org\/{rel}","templated":true}]}}