{"id":7862,"date":"2015-09-07T00:00:00","date_gmt":"2015-09-06T22:00:00","guid":{"rendered":"https:\/\/www.fbf-bff.be\/rentree-pleine-de-nouveautes-chez-heytens\/"},"modified":"2015-09-07T00:00:00","modified_gmt":"2015-09-06T22:00:00","slug":"rentree-pleine-de-nouveautes-chez-heytens","status":"publish","type":"post","link":"https:\/\/www.fbf-bff.be\/fr\/rentree-pleine-de-nouveautes-chez-heytens\/","title":{"rendered":"Rentr\u00e9e pleine de nouveaut\u00e9s chez Heytens!"},"content":{"rendered":"Les magasins de l&rsquo;enseigne Heytens de Wevelgem en Flandre-Occidentale et Hognoul en province de Li\u00e8ge sont franchis\u00e9s depuis ce 1er septembre 2015.<div><br><\/div><div>A Wevelgem, c&rsquo;est Corine Goussart qui apr\u00e8s avoir travaill\u00e9 10 ann\u00e9es pour Heytens, a d\u00e9cid\u00e9 de franchir le pas et s&rsquo;offre son propre magasin franchis\u00e9.<\/div><div><br><\/div><div>A Hognoul, c&rsquo;est l&rsquo;\u00e9poux de la g\u00e9rante du magasin de Diest, Dominique Van Den Broeck, qui reprend comme franchis\u00e9 ce magasin qui sera r\u00e9nov\u00e9 dans les prochaines semaines.<\/div><div><br><\/div><div>D&rsquo;autre part, l&rsquo;enseigne continue les r\u00e9novations de ses magasins selon le nouveau concept, ainsi les magasins de Bruges, Drogenbos, Cannes, Paris Maine et Paris Plaisir rouvriront leurs portes en ce mois de septembre apr\u00e8s avoir subi des r\u00e9novations.<\/div><div><br><\/div><div><br><\/div><div>Heytens, sp\u00e9cialiste de l&rsquo;habillage sur-meure de toutes les fen\u00eatres de la maison, avec un panel de services \u00e0 domicile (conseil d\u00e9co, prise de mesure, livraison et pose), compte aujourd&rsquo;hui un r\u00e9seau 89 magasins dans 4 pays, en Belgique (43), France (40), Suisse (4) et Luxembourg (2).\u00a0<\/div><div><br><\/div><div>Parmi ceux-ci on compte 30 franchis\u00e9s dont 23 en Belgique et 7 en France. Heytens qui a relanc\u00e9 son d\u00e9veloppement via le biais de la franchise d\u00e8s le d\u00e9but de l&rsquo;ann\u00e9e 2014,  progresse rapidement dans cette voie, notamment en convertissant d&rsquo;anciens magasins en gestion propre en franchise.<\/div>","protected":false},"excerpt":{"rendered":"<p>Les magasins de l&rsquo;enseigne Heytens de Wevelgem en Flandre-Occidentale et Hognoul en province de Li\u00e8ge sont franchis\u00e9s depuis ce 1er septembre 2015.<\/p>\n","protected":false},"author":1,"featured_media":0,"comment_status":"closed","ping_status":"open","sticky":false,"template":"","format":"standard","meta":{"ngg_post_thumbnail":0,"footnotes":""},"categories":[41],"tags":[],"acf":[],"yoast_head":"<!-- This site is optimized with the Yoast SEO plugin v23.5 - https:\/\/yoast.com\/wordpress\/plugins\/seo\/ -->\n<title>Rentr\u00e9e pleine de nouveaut\u00e9s chez Heytens! - F\u00e9d\u00e9ration Belge de la Franchise<\/title>\n<meta name=\"robots\" content=\"index, follow, max-snippet:-1, max-image-preview:large, max-video-preview:-1\" \/>\n<link rel=\"canonical\" href=\"https:\/\/www.fbf-bff.be\/fr\/rentree-pleine-de-nouveautes-chez-heytens\/\" \/>\n<meta property=\"og:locale\" content=\"fr_FR\" \/>\n<meta property=\"og:type\" content=\"article\" \/>\n<meta property=\"og:title\" content=\"Rentr\u00e9e pleine de nouveaut\u00e9s chez Heytens! - F\u00e9d\u00e9ration Belge de la Franchise\" \/>\n<meta property=\"og:description\" content=\"Les magasins de l&#039;enseigne Heytens de Wevelgem en Flandre-Occidentale et Hognoul en province de Li\u00e8ge sont franchis\u00e9s depuis ce 1er septembre 2015.\" \/>\n<meta property=\"og:url\" content=\"https:\/\/www.fbf-bff.be\/fr\/rentree-pleine-de-nouveautes-chez-heytens\/\" \/>\n<meta property=\"og:site_name\" content=\"F\u00e9d\u00e9ration Belge de la Franchise\" \/>\n<meta property=\"article:published_time\" content=\"2015-09-06T22:00:00+00:00\" \/>\n<meta property=\"og:image\" content=\"https:\/\/www.fbf-bff.be\/wp-content\/uploads\/2017\/06\/fbf-bff-fb-cover.jpg\" \/>\n\t<meta property=\"og:image:width\" content=\"1200\" \/>\n\t<meta property=\"og:image:height\" content=\"630\" \/>\n\t<meta property=\"og:image:type\" content=\"image\/jpeg\" \/>\n<meta name=\"author\" content=\"fbf_admin\" \/>\n<meta name=\"twitter:card\" content=\"summary_large_image\" \/>\n<meta name=\"twitter:label1\" content=\"\u00c9crit par\" \/>\n\t<meta name=\"twitter:data1\" content=\"fbf_admin\" \/>\n\t<meta name=\"twitter:label2\" content=\"Dur\u00e9e de lecture estim\u00e9e\" \/>\n\t<meta name=\"twitter:data2\" content=\"1 minute\" \/>\n<script type=\"application\/ld+json\" class=\"yoast-schema-graph\">{\"@context\":\"https:\/\/schema.org\",\"@graph\":[{\"@type\":\"WebPage\",\"@id\":\"https:\/\/www.fbf-bff.be\/fr\/rentree-pleine-de-nouveautes-chez-heytens\/\",\"url\":\"https:\/\/www.fbf-bff.be\/fr\/rentree-pleine-de-nouveautes-chez-heytens\/\",\"name\":\"Rentr\u00e9e pleine de nouveaut\u00e9s chez Heytens! - F\u00e9d\u00e9ration Belge de la Franchise\",\"isPartOf\":{\"@id\":\"https:\/\/www.fbf-bff.be\/#website\"},\"datePublished\":\"2015-09-06T22:00:00+00:00\",\"dateModified\":\"2015-09-06T22:00:00+00:00\",\"author\":{\"@id\":\"https:\/\/www.fbf-bff.be\/#\/schema\/person\/73a9cbee87288cba2b06e3fc29244fe7\"},\"breadcrumb\":{\"@id\":\"https:\/\/www.fbf-bff.be\/fr\/rentree-pleine-de-nouveautes-chez-heytens\/#breadcrumb\"},\"inLanguage\":\"fr-FR\",\"potentialAction\":[{\"@type\":\"ReadAction\",\"target\":[\"https:\/\/www.fbf-bff.be\/fr\/rentree-pleine-de-nouveautes-chez-heytens\/\"]}]},{\"@type\":\"BreadcrumbList\",\"@id\":\"https:\/\/www.fbf-bff.be\/fr\/rentree-pleine-de-nouveautes-chez-heytens\/#breadcrumb\",\"itemListElement\":[{\"@type\":\"ListItem\",\"position\":1,\"name\":\"Home\",\"item\":\"https:\/\/www.fbf-bff.be\/fr\/\"},{\"@type\":\"ListItem\",\"position\":2,\"name\":\"Rentr\u00e9e pleine de nouveaut\u00e9s chez Heytens!\"}]},{\"@type\":\"WebSite\",\"@id\":\"https:\/\/www.fbf-bff.be\/#website\",\"url\":\"https:\/\/www.fbf-bff.be\/\",\"name\":\"F\u00e9d\u00e9ration Belge de la Franchise\",\"description\":\"Pour r\u00e9ussir ensemblee\",\"potentialAction\":[{\"@type\":\"SearchAction\",\"target\":{\"@type\":\"EntryPoint\",\"urlTemplate\":\"https:\/\/www.fbf-bff.be\/?s={search_term_string}\"},\"query-input\":{\"@type\":\"PropertyValueSpecification\",\"valueRequired\":true,\"valueName\":\"search_term_string\"}}],\"inLanguage\":\"fr-FR\"},{\"@type\":\"Person\",\"@id\":\"https:\/\/www.fbf-bff.be\/#\/schema\/person\/73a9cbee87288cba2b06e3fc29244fe7\",\"name\":\"fbf_admin\",\"image\":{\"@type\":\"ImageObject\",\"inLanguage\":\"fr-FR\",\"@id\":\"https:\/\/www.fbf-bff.be\/#\/schema\/person\/image\/\",\"url\":\"https:\/\/secure.gravatar.com\/avatar\/20f6483dbe2a69e0999ddcdd1744b7f7?s=96&d=mm&r=g\",\"contentUrl\":\"https:\/\/secure.gravatar.com\/avatar\/20f6483dbe2a69e0999ddcdd1744b7f7?s=96&d=mm&r=g\",\"caption\":\"fbf_admin\"}}]}<\/script>\n<!-- \/ Yoast SEO plugin. -->","yoast_head_json":{"title":"Rentr\u00e9e pleine de nouveaut\u00e9s chez Heytens! - F\u00e9d\u00e9ration Belge de la Franchise","robots":{"index":"index","follow":"follow","max-snippet":"max-snippet:-1","max-image-preview":"max-image-preview:large","max-video-preview":"max-video-preview:-1"},"canonical":"https:\/\/www.fbf-bff.be\/fr\/rentree-pleine-de-nouveautes-chez-heytens\/","og_locale":"fr_FR","og_type":"article","og_title":"Rentr\u00e9e pleine de nouveaut\u00e9s chez Heytens! - F\u00e9d\u00e9ration Belge de la Franchise","og_description":"Les magasins de l'enseigne Heytens de Wevelgem en Flandre-Occidentale et Hognoul en province de Li\u00e8ge sont franchis\u00e9s depuis ce 1er septembre 2015.","og_url":"https:\/\/www.fbf-bff.be\/fr\/rentree-pleine-de-nouveautes-chez-heytens\/","og_site_name":"F\u00e9d\u00e9ration Belge de la Franchise","article_published_time":"2015-09-06T22:00:00+00:00","og_image":[{"width":1200,"height":630,"url":"https:\/\/www.fbf-bff.be\/wp-content\/uploads\/2017\/06\/fbf-bff-fb-cover.jpg","type":"image\/jpeg"}],"author":"fbf_admin","twitter_card":"summary_large_image","twitter_misc":{"\u00c9crit par":"fbf_admin","Dur\u00e9e de lecture estim\u00e9e":"1 minute"},"schema":{"@context":"https:\/\/schema.org","@graph":[{"@type":"WebPage","@id":"https:\/\/www.fbf-bff.be\/fr\/rentree-pleine-de-nouveautes-chez-heytens\/","url":"https:\/\/www.fbf-bff.be\/fr\/rentree-pleine-de-nouveautes-chez-heytens\/","name":"Rentr\u00e9e pleine de nouveaut\u00e9s chez Heytens! - F\u00e9d\u00e9ration Belge de la Franchise","isPartOf":{"@id":"https:\/\/www.fbf-bff.be\/#website"},"datePublished":"2015-09-06T22:00:00+00:00","dateModified":"2015-09-06T22:00:00+00:00","author":{"@id":"https:\/\/www.fbf-bff.be\/#\/schema\/person\/73a9cbee87288cba2b06e3fc29244fe7"},"breadcrumb":{"@id":"https:\/\/www.fbf-bff.be\/fr\/rentree-pleine-de-nouveautes-chez-heytens\/#breadcrumb"},"inLanguage":"fr-FR","potentialAction":[{"@type":"ReadAction","target":["https:\/\/www.fbf-bff.be\/fr\/rentree-pleine-de-nouveautes-chez-heytens\/"]}]},{"@type":"BreadcrumbList","@id":"https:\/\/www.fbf-bff.be\/fr\/rentree-pleine-de-nouveautes-chez-heytens\/#breadcrumb","itemListElement":[{"@type":"ListItem","position":1,"name":"Home","item":"https:\/\/www.fbf-bff.be\/fr\/"},{"@type":"ListItem","position":2,"name":"Rentr\u00e9e pleine de nouveaut\u00e9s chez Heytens!"}]},{"@type":"WebSite","@id":"https:\/\/www.fbf-bff.be\/#website","url":"https:\/\/www.fbf-bff.be\/","name":"F\u00e9d\u00e9ration Belge de la Franchise","description":"Pour r\u00e9ussir ensemblee","potentialAction":[{"@type":"SearchAction","target":{"@type":"EntryPoint","urlTemplate":"https:\/\/www.fbf-bff.be\/?s={search_term_string}"},"query-input":{"@type":"PropertyValueSpecification","valueRequired":true,"valueName":"search_term_string"}}],"inLanguage":"fr-FR"},{"@type":"Person","@id":"https:\/\/www.fbf-bff.be\/#\/schema\/person\/73a9cbee87288cba2b06e3fc29244fe7","name":"fbf_admin","image":{"@type":"ImageObject","inLanguage":"fr-FR","@id":"https:\/\/www.fbf-bff.be\/#\/schema\/person\/image\/","url":"https:\/\/secure.gravatar.com\/avatar\/20f6483dbe2a69e0999ddcdd1744b7f7?s=96&d=mm&r=g","contentUrl":"https:\/\/secure.gravatar.com\/avatar\/20f6483dbe2a69e0999ddcdd1744b7f7?s=96&d=mm&r=g","caption":"fbf_admin"}}]}},"_links":{"self":[{"href":"https:\/\/www.fbf-bff.be\/fr\/wp-json\/wp\/v2\/posts\/7862"}],"collection":[{"href":"https:\/\/www.fbf-bff.be\/fr\/wp-json\/wp\/v2\/posts"}],"about":[{"href":"https:\/\/www.fbf-bff.be\/fr\/wp-json\/wp\/v2\/types\/post"}],"author":[{"embeddable":true,"href":"https:\/\/www.fbf-bff.be\/fr\/wp-json\/wp\/v2\/users\/1"}],"replies":[{"embeddable":true,"href":"https:\/\/www.fbf-bff.be\/fr\/wp-json\/wp\/v2\/comments?post=7862"}],"version-history":[{"count":0,"href":"https:\/\/www.fbf-bff.be\/fr\/wp-json\/wp\/v2\/posts\/7862\/revisions"}],"wp:attachment":[{"href":"https:\/\/www.fbf-bff.be\/fr\/wp-json\/wp\/v2\/media?parent=7862"}],"wp:term":[{"taxonomy":"category","embeddable":true,"href":"https:\/\/www.fbf-bff.be\/fr\/wp-json\/wp\/v2\/categories?post=7862"},{"taxonomy":"post_tag","embeddable":true,"href":"https:\/\/www.fbf-bff.be\/fr\/wp-json\/wp\/v2\/tags?post=7862"}],"curies":[{"name":"wp","href":"https:\/\/api.w.org\/{rel}","templated":true}]}}