{"id":7844,"date":"2015-08-27T00:00:00","date_gmt":"2015-08-26T22:00:00","guid":{"rendered":"https:\/\/www.fbf-bff.be\/carrefour-annonce-le-projet-dacquisition-de-rue-du-commerce\/"},"modified":"2015-08-27T00:00:00","modified_gmt":"2015-08-26T22:00:00","slug":"carrefour-annonce-le-projet-dacquisition-de-rue-du-commerce","status":"publish","type":"post","link":"https:\/\/www.fbf-bff.be\/fr\/carrefour-annonce-le-projet-dacquisition-de-rue-du-commerce\/","title":{"rendered":"Carrefour annonce le projet d&#8217;acquisition de Rue du Commerce"},"content":{"rendered":"<p> <\/p><p>Carrefour annonce \u00eatre entr\u00e9 en n\u00e9gociations exclusives avec Altarea Cogedim pour l\u2019acquisition de 100% du capital de la soci\u00e9t\u00e9 Rue du Commerce. <\/p><p> <\/p><p>Avec pr\u00e8s de 5 millions de visiteurs uniques par mois, Rue du Commerce est un acteur de r\u00e9f\u00e9rence en France de l\u2019e-commerce non-alimentaire s\u2019appuyant sur une marque forte, un trafic significatif et une base clients importante. <\/p><p> <\/p><p>Cette acquisition permettrait \u00e0 Carrefour d&rsquo;acc\u00e9l\u00e9rer sa strat\u00e9gie omnicanal en France et de se renforcer sur l\u2019 e-commerce non alimentaire en s\u2019appuyant sur des expertises compl\u00e9mentaires. <\/p><p>\u00a0 <\/p><p>La r\u00e9alisation de la transaction est conditionn\u00e9e \u00e0 la signature d\u2019accords finaux apr\u00e8s consultation des instances repr\u00e9sentatives du personnel de la soci\u00e9t\u00e9 Rue du Commerce et \u00e0 l\u2019autorisation des autorit\u00e9s de la concurrence.<\/p><p>Source : Carrefour<\/p>","protected":false},"excerpt":{"rendered":"<\/p>\n<p>Carrefour annonce \u00eatre entr\u00e9 en n\u00e9gociations exclusives avec Altarea Cogedim pour l\u2019acquisition de 100% du capital de la soci\u00e9t\u00e9 Rue du Commerce.<\/p>\n","protected":false},"author":1,"featured_media":0,"comment_status":"closed","ping_status":"open","sticky":false,"template":"","format":"standard","meta":{"ngg_post_thumbnail":0,"footnotes":""},"categories":[41],"tags":[],"acf":[],"yoast_head":"<!-- This site is optimized with the Yoast SEO plugin v23.5 - https:\/\/yoast.com\/wordpress\/plugins\/seo\/ -->\n<title>Carrefour annonce le projet d&#8217;acquisition de Rue du Commerce - F\u00e9d\u00e9ration Belge de la Franchise<\/title>\n<meta name=\"robots\" content=\"index, follow, max-snippet:-1, max-image-preview:large, max-video-preview:-1\" \/>\n<link rel=\"canonical\" href=\"https:\/\/www.fbf-bff.be\/fr\/carrefour-annonce-le-projet-dacquisition-de-rue-du-commerce\/\" \/>\n<meta property=\"og:locale\" content=\"fr_FR\" \/>\n<meta property=\"og:type\" content=\"article\" \/>\n<meta property=\"og:title\" content=\"Carrefour annonce le projet d&#8217;acquisition de Rue du Commerce - F\u00e9d\u00e9ration Belge de la Franchise\" \/>\n<meta property=\"og:description\" content=\"Carrefour annonce \u00eatre entr\u00e9 en n\u00e9gociations exclusives avec Altarea Cogedim pour l\u2019acquisition de 100% du capital de la soci\u00e9t\u00e9 Rue du Commerce.\" \/>\n<meta property=\"og:url\" content=\"https:\/\/www.fbf-bff.be\/fr\/carrefour-annonce-le-projet-dacquisition-de-rue-du-commerce\/\" \/>\n<meta property=\"og:site_name\" content=\"F\u00e9d\u00e9ration Belge de la Franchise\" \/>\n<meta property=\"article:published_time\" content=\"2015-08-26T22:00:00+00:00\" \/>\n<meta property=\"og:image\" content=\"https:\/\/www.fbf-bff.be\/wp-content\/uploads\/2017\/06\/fbf-bff-fb-cover.jpg\" \/>\n\t<meta property=\"og:image:width\" content=\"1200\" \/>\n\t<meta property=\"og:image:height\" content=\"630\" \/>\n\t<meta property=\"og:image:type\" content=\"image\/jpeg\" \/>\n<meta name=\"author\" content=\"fbf_admin\" \/>\n<meta name=\"twitter:card\" content=\"summary_large_image\" \/>\n<meta name=\"twitter:label1\" content=\"\u00c9crit par\" \/>\n\t<meta name=\"twitter:data1\" content=\"fbf_admin\" \/>\n\t<meta name=\"twitter:label2\" content=\"Dur\u00e9e de lecture estim\u00e9e\" \/>\n\t<meta name=\"twitter:data2\" content=\"1 minute\" \/>\n<script type=\"application\/ld+json\" class=\"yoast-schema-graph\">{\"@context\":\"https:\/\/schema.org\",\"@graph\":[{\"@type\":\"WebPage\",\"@id\":\"https:\/\/www.fbf-bff.be\/fr\/carrefour-annonce-le-projet-dacquisition-de-rue-du-commerce\/\",\"url\":\"https:\/\/www.fbf-bff.be\/fr\/carrefour-annonce-le-projet-dacquisition-de-rue-du-commerce\/\",\"name\":\"Carrefour annonce le projet d&#8217;acquisition de Rue du Commerce - F\u00e9d\u00e9ration Belge de la Franchise\",\"isPartOf\":{\"@id\":\"https:\/\/www.fbf-bff.be\/#website\"},\"datePublished\":\"2015-08-26T22:00:00+00:00\",\"dateModified\":\"2015-08-26T22:00:00+00:00\",\"author\":{\"@id\":\"https:\/\/www.fbf-bff.be\/#\/schema\/person\/73a9cbee87288cba2b06e3fc29244fe7\"},\"breadcrumb\":{\"@id\":\"https:\/\/www.fbf-bff.be\/fr\/carrefour-annonce-le-projet-dacquisition-de-rue-du-commerce\/#breadcrumb\"},\"inLanguage\":\"fr-FR\",\"potentialAction\":[{\"@type\":\"ReadAction\",\"target\":[\"https:\/\/www.fbf-bff.be\/fr\/carrefour-annonce-le-projet-dacquisition-de-rue-du-commerce\/\"]}]},{\"@type\":\"BreadcrumbList\",\"@id\":\"https:\/\/www.fbf-bff.be\/fr\/carrefour-annonce-le-projet-dacquisition-de-rue-du-commerce\/#breadcrumb\",\"itemListElement\":[{\"@type\":\"ListItem\",\"position\":1,\"name\":\"Home\",\"item\":\"https:\/\/www.fbf-bff.be\/fr\/\"},{\"@type\":\"ListItem\",\"position\":2,\"name\":\"Carrefour annonce le projet d&#8217;acquisition de Rue du Commerce\"}]},{\"@type\":\"WebSite\",\"@id\":\"https:\/\/www.fbf-bff.be\/#website\",\"url\":\"https:\/\/www.fbf-bff.be\/\",\"name\":\"F\u00e9d\u00e9ration Belge de la Franchise\",\"description\":\"Pour r\u00e9ussir ensemblee\",\"potentialAction\":[{\"@type\":\"SearchAction\",\"target\":{\"@type\":\"EntryPoint\",\"urlTemplate\":\"https:\/\/www.fbf-bff.be\/?s={search_term_string}\"},\"query-input\":{\"@type\":\"PropertyValueSpecification\",\"valueRequired\":true,\"valueName\":\"search_term_string\"}}],\"inLanguage\":\"fr-FR\"},{\"@type\":\"Person\",\"@id\":\"https:\/\/www.fbf-bff.be\/#\/schema\/person\/73a9cbee87288cba2b06e3fc29244fe7\",\"name\":\"fbf_admin\",\"image\":{\"@type\":\"ImageObject\",\"inLanguage\":\"fr-FR\",\"@id\":\"https:\/\/www.fbf-bff.be\/#\/schema\/person\/image\/\",\"url\":\"https:\/\/secure.gravatar.com\/avatar\/20f6483dbe2a69e0999ddcdd1744b7f7?s=96&d=mm&r=g\",\"contentUrl\":\"https:\/\/secure.gravatar.com\/avatar\/20f6483dbe2a69e0999ddcdd1744b7f7?s=96&d=mm&r=g\",\"caption\":\"fbf_admin\"}}]}<\/script>\n<!-- \/ Yoast SEO plugin. -->","yoast_head_json":{"title":"Carrefour annonce le projet d&#8217;acquisition de Rue du Commerce - F\u00e9d\u00e9ration Belge de la Franchise","robots":{"index":"index","follow":"follow","max-snippet":"max-snippet:-1","max-image-preview":"max-image-preview:large","max-video-preview":"max-video-preview:-1"},"canonical":"https:\/\/www.fbf-bff.be\/fr\/carrefour-annonce-le-projet-dacquisition-de-rue-du-commerce\/","og_locale":"fr_FR","og_type":"article","og_title":"Carrefour annonce le projet d&#8217;acquisition de Rue du Commerce - F\u00e9d\u00e9ration Belge de la Franchise","og_description":"Carrefour annonce \u00eatre entr\u00e9 en n\u00e9gociations exclusives avec Altarea Cogedim pour l\u2019acquisition de 100% du capital de la soci\u00e9t\u00e9 Rue du Commerce.","og_url":"https:\/\/www.fbf-bff.be\/fr\/carrefour-annonce-le-projet-dacquisition-de-rue-du-commerce\/","og_site_name":"F\u00e9d\u00e9ration Belge de la Franchise","article_published_time":"2015-08-26T22:00:00+00:00","og_image":[{"width":1200,"height":630,"url":"https:\/\/www.fbf-bff.be\/wp-content\/uploads\/2017\/06\/fbf-bff-fb-cover.jpg","type":"image\/jpeg"}],"author":"fbf_admin","twitter_card":"summary_large_image","twitter_misc":{"\u00c9crit par":"fbf_admin","Dur\u00e9e de lecture estim\u00e9e":"1 minute"},"schema":{"@context":"https:\/\/schema.org","@graph":[{"@type":"WebPage","@id":"https:\/\/www.fbf-bff.be\/fr\/carrefour-annonce-le-projet-dacquisition-de-rue-du-commerce\/","url":"https:\/\/www.fbf-bff.be\/fr\/carrefour-annonce-le-projet-dacquisition-de-rue-du-commerce\/","name":"Carrefour annonce le projet d&#8217;acquisition de Rue du Commerce - F\u00e9d\u00e9ration Belge de la Franchise","isPartOf":{"@id":"https:\/\/www.fbf-bff.be\/#website"},"datePublished":"2015-08-26T22:00:00+00:00","dateModified":"2015-08-26T22:00:00+00:00","author":{"@id":"https:\/\/www.fbf-bff.be\/#\/schema\/person\/73a9cbee87288cba2b06e3fc29244fe7"},"breadcrumb":{"@id":"https:\/\/www.fbf-bff.be\/fr\/carrefour-annonce-le-projet-dacquisition-de-rue-du-commerce\/#breadcrumb"},"inLanguage":"fr-FR","potentialAction":[{"@type":"ReadAction","target":["https:\/\/www.fbf-bff.be\/fr\/carrefour-annonce-le-projet-dacquisition-de-rue-du-commerce\/"]}]},{"@type":"BreadcrumbList","@id":"https:\/\/www.fbf-bff.be\/fr\/carrefour-annonce-le-projet-dacquisition-de-rue-du-commerce\/#breadcrumb","itemListElement":[{"@type":"ListItem","position":1,"name":"Home","item":"https:\/\/www.fbf-bff.be\/fr\/"},{"@type":"ListItem","position":2,"name":"Carrefour annonce le projet d&#8217;acquisition de Rue du Commerce"}]},{"@type":"WebSite","@id":"https:\/\/www.fbf-bff.be\/#website","url":"https:\/\/www.fbf-bff.be\/","name":"F\u00e9d\u00e9ration Belge de la Franchise","description":"Pour r\u00e9ussir ensemblee","potentialAction":[{"@type":"SearchAction","target":{"@type":"EntryPoint","urlTemplate":"https:\/\/www.fbf-bff.be\/?s={search_term_string}"},"query-input":{"@type":"PropertyValueSpecification","valueRequired":true,"valueName":"search_term_string"}}],"inLanguage":"fr-FR"},{"@type":"Person","@id":"https:\/\/www.fbf-bff.be\/#\/schema\/person\/73a9cbee87288cba2b06e3fc29244fe7","name":"fbf_admin","image":{"@type":"ImageObject","inLanguage":"fr-FR","@id":"https:\/\/www.fbf-bff.be\/#\/schema\/person\/image\/","url":"https:\/\/secure.gravatar.com\/avatar\/20f6483dbe2a69e0999ddcdd1744b7f7?s=96&d=mm&r=g","contentUrl":"https:\/\/secure.gravatar.com\/avatar\/20f6483dbe2a69e0999ddcdd1744b7f7?s=96&d=mm&r=g","caption":"fbf_admin"}}]}},"_links":{"self":[{"href":"https:\/\/www.fbf-bff.be\/fr\/wp-json\/wp\/v2\/posts\/7844"}],"collection":[{"href":"https:\/\/www.fbf-bff.be\/fr\/wp-json\/wp\/v2\/posts"}],"about":[{"href":"https:\/\/www.fbf-bff.be\/fr\/wp-json\/wp\/v2\/types\/post"}],"author":[{"embeddable":true,"href":"https:\/\/www.fbf-bff.be\/fr\/wp-json\/wp\/v2\/users\/1"}],"replies":[{"embeddable":true,"href":"https:\/\/www.fbf-bff.be\/fr\/wp-json\/wp\/v2\/comments?post=7844"}],"version-history":[{"count":0,"href":"https:\/\/www.fbf-bff.be\/fr\/wp-json\/wp\/v2\/posts\/7844\/revisions"}],"wp:attachment":[{"href":"https:\/\/www.fbf-bff.be\/fr\/wp-json\/wp\/v2\/media?parent=7844"}],"wp:term":[{"taxonomy":"category","embeddable":true,"href":"https:\/\/www.fbf-bff.be\/fr\/wp-json\/wp\/v2\/categories?post=7844"},{"taxonomy":"post_tag","embeddable":true,"href":"https:\/\/www.fbf-bff.be\/fr\/wp-json\/wp\/v2\/tags?post=7844"}],"curies":[{"name":"wp","href":"https:\/\/api.w.org\/{rel}","templated":true}]}}