{"id":7841,"date":"2015-08-26T00:00:00","date_gmt":"2015-08-25T22:00:00","guid":{"rendered":"https:\/\/www.fbf-bff.be\/journee-portes-ouvertes-chez-dominos-pizza\/"},"modified":"2015-08-26T00:00:00","modified_gmt":"2015-08-25T22:00:00","slug":"journee-portes-ouvertes-chez-dominos-pizza","status":"publish","type":"post","link":"https:\/\/www.fbf-bff.be\/fr\/journee-portes-ouvertes-chez-dominos-pizza\/","title":{"rendered":"Journ\u00e9e portes ouvertes chez Domino\u2019s Pizza"},"content":{"rendered":"En raison d\u2019une volont\u00e9 de d\u00e9veloppement en Belgique, une journ\u00e9e porte ouverte sera organis\u00e9e le samedi 26 septembre 2015 de 10h \u00e0 16h  au si\u00e8ge de Domino\u2019s Pizza \u00e0 Gorinchem (Pays-Bas). Cette journ\u00e9e porte ouverte est organis\u00e9 pour des candidats franchis\u00e9s qui voudraient en savoir plus sur l\u2019enseigne.<div>\u00a0<\/div><div>\u00ab Pendant la journ\u00e9e portes ouvertes, les candidats franchis\u00e9s ainsi que leurs familles seront invit\u00e9s \u00e0 venir faire un petit tour dans notre cuisine \u00bb dit Anneke de Groot, Responsable d\u00e9veloppement chez Domino\u2019s Pizza. \u00ab La franchise est un style de vie \u00bb et il est important que toute la famille soutienne l\u2019enseigne. En les invitant \u00e0 notre si\u00e8ge, la famille recevra un bon aper\u00e7u de notre syst\u00e8me. Il y a non seulement la possibilit\u00e9 d\u2019ouvrir un point  de vente traditionnel de Domino\u2019s Pizza mais aussi un point de vente Domino\u2019s Pizza Slice. Vous aurez plus d\u2019informations l\u00e0-dessus pendant la journ\u00e9e portes ouvertes. \u00bb\u00a0<\/div><div>\u00a0<\/div><div>Pendant toute la journ\u00e9e, les participants pourront assister \u00e0 des pr\u00e9sentations, s\u2019entretenir avec des franchis\u00e9s, poser des questions, pr\u00e9parer des pizzas et il y aura aussi des visites guid\u00e9es qui seront propos\u00e9es.<\/div><div>\u00a0<\/div><div>Vous voulez en savoir plus sur la franchise chez Domino\u2019s Pizza ? Vous pouvez vous inscrire jusqu\u2019au vendredi 25 septembre sur http:\/\/pizza.dominos.be\/nl\/franchising\/open-dag  ou vous pouvez envoyer un mail avec votre nom et vos coordonn\u00e9es \u00e0 franchise@dominos.nl .<\/div><div><br><\/div><div>Souhaitez-vous avoir plus d\u2019information sur l\u2019enseigne Domino\u2019s Pizza, cliquez sur leur logo chez  \u201cces enseignes se d\u00e9veloppent et cherchent des candidats \u00bb  sur la home page et posez directement votre question chez eux !<\/div>","protected":false},"excerpt":{"rendered":"<p>En raison d\u2019une volont\u00e9 de d\u00e9veloppement en Belgique, une journ\u00e9e porte ouverte sera organis\u00e9e le samedi 26 septembre 2015 de 10h \u00e0 16h au si\u00e8ge de Domino\u2019s Pizza \u00e0 Gorinchem (Pays-Bas).<\/p>\n","protected":false},"author":1,"featured_media":0,"comment_status":"closed","ping_status":"open","sticky":false,"template":"","format":"standard","meta":{"ngg_post_thumbnail":0,"footnotes":""},"categories":[41],"tags":[],"acf":[],"yoast_head":"<!-- This site is optimized with the Yoast SEO plugin v23.5 - https:\/\/yoast.com\/wordpress\/plugins\/seo\/ -->\n<title>Journ\u00e9e portes ouvertes chez Domino\u2019s Pizza - F\u00e9d\u00e9ration Belge de la Franchise<\/title>\n<meta name=\"robots\" content=\"index, follow, max-snippet:-1, max-image-preview:large, max-video-preview:-1\" \/>\n<link rel=\"canonical\" href=\"https:\/\/www.fbf-bff.be\/fr\/journee-portes-ouvertes-chez-dominos-pizza\/\" \/>\n<meta property=\"og:locale\" content=\"fr_FR\" \/>\n<meta property=\"og:type\" content=\"article\" \/>\n<meta property=\"og:title\" content=\"Journ\u00e9e portes ouvertes chez Domino\u2019s Pizza - F\u00e9d\u00e9ration Belge de la Franchise\" \/>\n<meta property=\"og:description\" content=\"En raison d\u2019une volont\u00e9 de d\u00e9veloppement en Belgique, une journ\u00e9e porte ouverte sera organis\u00e9e le samedi 26 septembre 2015 de 10h \u00e0 16h au si\u00e8ge de Domino\u2019s Pizza \u00e0 Gorinchem (Pays-Bas).\" \/>\n<meta property=\"og:url\" content=\"https:\/\/www.fbf-bff.be\/fr\/journee-portes-ouvertes-chez-dominos-pizza\/\" \/>\n<meta property=\"og:site_name\" content=\"F\u00e9d\u00e9ration Belge de la Franchise\" \/>\n<meta property=\"article:published_time\" content=\"2015-08-25T22:00:00+00:00\" \/>\n<meta property=\"og:image\" content=\"https:\/\/www.fbf-bff.be\/wp-content\/uploads\/2017\/06\/fbf-bff-fb-cover.jpg\" \/>\n\t<meta property=\"og:image:width\" content=\"1200\" \/>\n\t<meta property=\"og:image:height\" content=\"630\" \/>\n\t<meta property=\"og:image:type\" content=\"image\/jpeg\" \/>\n<meta name=\"author\" content=\"fbf_admin\" \/>\n<meta name=\"twitter:card\" content=\"summary_large_image\" \/>\n<meta name=\"twitter:label1\" content=\"\u00c9crit par\" \/>\n\t<meta name=\"twitter:data1\" content=\"fbf_admin\" \/>\n\t<meta name=\"twitter:label2\" content=\"Dur\u00e9e de lecture estim\u00e9e\" \/>\n\t<meta name=\"twitter:data2\" content=\"1 minute\" \/>\n<script type=\"application\/ld+json\" class=\"yoast-schema-graph\">{\"@context\":\"https:\/\/schema.org\",\"@graph\":[{\"@type\":\"WebPage\",\"@id\":\"https:\/\/www.fbf-bff.be\/fr\/journee-portes-ouvertes-chez-dominos-pizza\/\",\"url\":\"https:\/\/www.fbf-bff.be\/fr\/journee-portes-ouvertes-chez-dominos-pizza\/\",\"name\":\"Journ\u00e9e portes ouvertes chez Domino\u2019s Pizza - F\u00e9d\u00e9ration Belge de la Franchise\",\"isPartOf\":{\"@id\":\"https:\/\/www.fbf-bff.be\/#website\"},\"datePublished\":\"2015-08-25T22:00:00+00:00\",\"dateModified\":\"2015-08-25T22:00:00+00:00\",\"author\":{\"@id\":\"https:\/\/www.fbf-bff.be\/#\/schema\/person\/73a9cbee87288cba2b06e3fc29244fe7\"},\"breadcrumb\":{\"@id\":\"https:\/\/www.fbf-bff.be\/fr\/journee-portes-ouvertes-chez-dominos-pizza\/#breadcrumb\"},\"inLanguage\":\"fr-FR\",\"potentialAction\":[{\"@type\":\"ReadAction\",\"target\":[\"https:\/\/www.fbf-bff.be\/fr\/journee-portes-ouvertes-chez-dominos-pizza\/\"]}]},{\"@type\":\"BreadcrumbList\",\"@id\":\"https:\/\/www.fbf-bff.be\/fr\/journee-portes-ouvertes-chez-dominos-pizza\/#breadcrumb\",\"itemListElement\":[{\"@type\":\"ListItem\",\"position\":1,\"name\":\"Home\",\"item\":\"https:\/\/www.fbf-bff.be\/fr\/\"},{\"@type\":\"ListItem\",\"position\":2,\"name\":\"Journ\u00e9e portes ouvertes chez Domino\u2019s Pizza\"}]},{\"@type\":\"WebSite\",\"@id\":\"https:\/\/www.fbf-bff.be\/#website\",\"url\":\"https:\/\/www.fbf-bff.be\/\",\"name\":\"F\u00e9d\u00e9ration Belge de la Franchise\",\"description\":\"Pour r\u00e9ussir ensemblee\",\"potentialAction\":[{\"@type\":\"SearchAction\",\"target\":{\"@type\":\"EntryPoint\",\"urlTemplate\":\"https:\/\/www.fbf-bff.be\/?s={search_term_string}\"},\"query-input\":{\"@type\":\"PropertyValueSpecification\",\"valueRequired\":true,\"valueName\":\"search_term_string\"}}],\"inLanguage\":\"fr-FR\"},{\"@type\":\"Person\",\"@id\":\"https:\/\/www.fbf-bff.be\/#\/schema\/person\/73a9cbee87288cba2b06e3fc29244fe7\",\"name\":\"fbf_admin\",\"image\":{\"@type\":\"ImageObject\",\"inLanguage\":\"fr-FR\",\"@id\":\"https:\/\/www.fbf-bff.be\/#\/schema\/person\/image\/\",\"url\":\"https:\/\/secure.gravatar.com\/avatar\/20f6483dbe2a69e0999ddcdd1744b7f7?s=96&d=mm&r=g\",\"contentUrl\":\"https:\/\/secure.gravatar.com\/avatar\/20f6483dbe2a69e0999ddcdd1744b7f7?s=96&d=mm&r=g\",\"caption\":\"fbf_admin\"}}]}<\/script>\n<!-- \/ Yoast SEO plugin. -->","yoast_head_json":{"title":"Journ\u00e9e portes ouvertes chez Domino\u2019s Pizza - F\u00e9d\u00e9ration Belge de la Franchise","robots":{"index":"index","follow":"follow","max-snippet":"max-snippet:-1","max-image-preview":"max-image-preview:large","max-video-preview":"max-video-preview:-1"},"canonical":"https:\/\/www.fbf-bff.be\/fr\/journee-portes-ouvertes-chez-dominos-pizza\/","og_locale":"fr_FR","og_type":"article","og_title":"Journ\u00e9e portes ouvertes chez Domino\u2019s Pizza - F\u00e9d\u00e9ration Belge de la Franchise","og_description":"En raison d\u2019une volont\u00e9 de d\u00e9veloppement en Belgique, une journ\u00e9e porte ouverte sera organis\u00e9e le samedi 26 septembre 2015 de 10h \u00e0 16h au si\u00e8ge de Domino\u2019s Pizza \u00e0 Gorinchem (Pays-Bas).","og_url":"https:\/\/www.fbf-bff.be\/fr\/journee-portes-ouvertes-chez-dominos-pizza\/","og_site_name":"F\u00e9d\u00e9ration Belge de la Franchise","article_published_time":"2015-08-25T22:00:00+00:00","og_image":[{"width":1200,"height":630,"url":"https:\/\/www.fbf-bff.be\/wp-content\/uploads\/2017\/06\/fbf-bff-fb-cover.jpg","type":"image\/jpeg"}],"author":"fbf_admin","twitter_card":"summary_large_image","twitter_misc":{"\u00c9crit par":"fbf_admin","Dur\u00e9e de lecture estim\u00e9e":"1 minute"},"schema":{"@context":"https:\/\/schema.org","@graph":[{"@type":"WebPage","@id":"https:\/\/www.fbf-bff.be\/fr\/journee-portes-ouvertes-chez-dominos-pizza\/","url":"https:\/\/www.fbf-bff.be\/fr\/journee-portes-ouvertes-chez-dominos-pizza\/","name":"Journ\u00e9e portes ouvertes chez Domino\u2019s Pizza - F\u00e9d\u00e9ration Belge de la Franchise","isPartOf":{"@id":"https:\/\/www.fbf-bff.be\/#website"},"datePublished":"2015-08-25T22:00:00+00:00","dateModified":"2015-08-25T22:00:00+00:00","author":{"@id":"https:\/\/www.fbf-bff.be\/#\/schema\/person\/73a9cbee87288cba2b06e3fc29244fe7"},"breadcrumb":{"@id":"https:\/\/www.fbf-bff.be\/fr\/journee-portes-ouvertes-chez-dominos-pizza\/#breadcrumb"},"inLanguage":"fr-FR","potentialAction":[{"@type":"ReadAction","target":["https:\/\/www.fbf-bff.be\/fr\/journee-portes-ouvertes-chez-dominos-pizza\/"]}]},{"@type":"BreadcrumbList","@id":"https:\/\/www.fbf-bff.be\/fr\/journee-portes-ouvertes-chez-dominos-pizza\/#breadcrumb","itemListElement":[{"@type":"ListItem","position":1,"name":"Home","item":"https:\/\/www.fbf-bff.be\/fr\/"},{"@type":"ListItem","position":2,"name":"Journ\u00e9e portes ouvertes chez Domino\u2019s Pizza"}]},{"@type":"WebSite","@id":"https:\/\/www.fbf-bff.be\/#website","url":"https:\/\/www.fbf-bff.be\/","name":"F\u00e9d\u00e9ration Belge de la Franchise","description":"Pour r\u00e9ussir ensemblee","potentialAction":[{"@type":"SearchAction","target":{"@type":"EntryPoint","urlTemplate":"https:\/\/www.fbf-bff.be\/?s={search_term_string}"},"query-input":{"@type":"PropertyValueSpecification","valueRequired":true,"valueName":"search_term_string"}}],"inLanguage":"fr-FR"},{"@type":"Person","@id":"https:\/\/www.fbf-bff.be\/#\/schema\/person\/73a9cbee87288cba2b06e3fc29244fe7","name":"fbf_admin","image":{"@type":"ImageObject","inLanguage":"fr-FR","@id":"https:\/\/www.fbf-bff.be\/#\/schema\/person\/image\/","url":"https:\/\/secure.gravatar.com\/avatar\/20f6483dbe2a69e0999ddcdd1744b7f7?s=96&d=mm&r=g","contentUrl":"https:\/\/secure.gravatar.com\/avatar\/20f6483dbe2a69e0999ddcdd1744b7f7?s=96&d=mm&r=g","caption":"fbf_admin"}}]}},"_links":{"self":[{"href":"https:\/\/www.fbf-bff.be\/fr\/wp-json\/wp\/v2\/posts\/7841"}],"collection":[{"href":"https:\/\/www.fbf-bff.be\/fr\/wp-json\/wp\/v2\/posts"}],"about":[{"href":"https:\/\/www.fbf-bff.be\/fr\/wp-json\/wp\/v2\/types\/post"}],"author":[{"embeddable":true,"href":"https:\/\/www.fbf-bff.be\/fr\/wp-json\/wp\/v2\/users\/1"}],"replies":[{"embeddable":true,"href":"https:\/\/www.fbf-bff.be\/fr\/wp-json\/wp\/v2\/comments?post=7841"}],"version-history":[{"count":0,"href":"https:\/\/www.fbf-bff.be\/fr\/wp-json\/wp\/v2\/posts\/7841\/revisions"}],"wp:attachment":[{"href":"https:\/\/www.fbf-bff.be\/fr\/wp-json\/wp\/v2\/media?parent=7841"}],"wp:term":[{"taxonomy":"category","embeddable":true,"href":"https:\/\/www.fbf-bff.be\/fr\/wp-json\/wp\/v2\/categories?post=7841"},{"taxonomy":"post_tag","embeddable":true,"href":"https:\/\/www.fbf-bff.be\/fr\/wp-json\/wp\/v2\/tags?post=7841"}],"curies":[{"name":"wp","href":"https:\/\/api.w.org\/{rel}","templated":true}]}}