{"id":7813,"date":"2015-08-04T00:00:00","date_gmt":"2015-08-03T22:00:00","guid":{"rendered":"https:\/\/www.fbf-bff.be\/resultats-de-carrefour-en-hausse-ce-1er-semestre-2015\/"},"modified":"2015-08-04T00:00:00","modified_gmt":"2015-08-03T22:00:00","slug":"resultats-de-carrefour-en-hausse-ce-1er-semestre-2015","status":"publish","type":"post","link":"https:\/\/www.fbf-bff.be\/fr\/resultats-de-carrefour-en-hausse-ce-1er-semestre-2015\/","title":{"rendered":"R\u00e9sultats de Carrefour en hausse ce 1er semestre 2015"},"content":{"rendered":"<p> <\/p><p>Carrefour affiche une bonne sant\u00e9 au cours de ce premier semestre 2015 \u00e0 la lecture des r\u00e9sultats, affichant un chiffre d&rsquo;affaires hors taxes de \u20ac 37,7 milliards, en hausse de 5,2% (2,9% en organique).  Il s&rsquo;agit d&rsquo;une des plus fortes croissances depuis 2008. <\/p><p> <\/p><p>Si le dernier rapport du distributeur ne fait pas mention de la Belgique, la France a enregistr\u00e9 sa troisi\u00e8me ann\u00e9e cons\u00e9cutive de hausse du chiffre d&rsquo;affaires et dans les autres pays d&rsquo;Europe, on note un retour de la croissance organique du chiffre d&rsquo;affaires avec une nette acc\u00e9l\u00e9ration en Espagne et une forte hausse de la rentabilit\u00e9. <\/p><p> <\/p><p>Le r\u00e9sultat op\u00e9rationnel courant affiche une hausse de 2,6% \u00e0 changes constants pour atteindre \u20ac 726 millions. Le profit net de \u20ac 213 millions progresse de 17,5%. <\/p><p> <\/p><p>On a assist\u00e9 au cours du 1er semestre \u00e0 l&rsquo;ouverture de 316 magasins de proximit\u00e9, 83 supermarch\u00e9s et 14 hypermarch\u00e9s et le groupe a continu\u00e9 son d\u00e9veloppement digital et du multicanal. <\/p><p>rl. <\/p><p><br><\/p>","protected":false},"excerpt":{"rendered":"<\/p>\n<p>Carrefour affiche une bonne sant\u00e9 au cours de ce premier semestre 2015 \u00e0 la lecture des r\u00e9sultats, affichant un chiffre d&rsquo;affaires hors taxes de \u20ac 37,7 milliards, en hausse de 5,2% (2,9% en organique). Il s&rsquo;agit d&rsquo;une des plus fortes croissances depuis 2008.<\/p>\n","protected":false},"author":1,"featured_media":0,"comment_status":"closed","ping_status":"open","sticky":false,"template":"","format":"standard","meta":{"ngg_post_thumbnail":0,"footnotes":""},"categories":[37],"tags":[],"acf":[],"yoast_head":"<!-- This site is optimized with the Yoast SEO plugin v23.5 - https:\/\/yoast.com\/wordpress\/plugins\/seo\/ -->\n<title>R\u00e9sultats de Carrefour en hausse ce 1er semestre 2015 - F\u00e9d\u00e9ration Belge de la Franchise<\/title>\n<meta name=\"robots\" content=\"index, follow, max-snippet:-1, max-image-preview:large, max-video-preview:-1\" \/>\n<link rel=\"canonical\" href=\"https:\/\/www.fbf-bff.be\/fr\/resultats-de-carrefour-en-hausse-ce-1er-semestre-2015\/\" \/>\n<meta property=\"og:locale\" content=\"fr_FR\" \/>\n<meta property=\"og:type\" content=\"article\" \/>\n<meta property=\"og:title\" content=\"R\u00e9sultats de Carrefour en hausse ce 1er semestre 2015 - F\u00e9d\u00e9ration Belge de la Franchise\" \/>\n<meta property=\"og:description\" content=\"Carrefour affiche une bonne sant\u00e9 au cours de ce premier semestre 2015 \u00e0 la lecture des r\u00e9sultats, affichant un chiffre d&#039;affaires hors taxes de \u20ac 37,7 milliards, en hausse de 5,2% (2,9% en organique). Il s&#039;agit d&#039;une des plus fortes croissances depuis 2008.\" \/>\n<meta property=\"og:url\" content=\"https:\/\/www.fbf-bff.be\/fr\/resultats-de-carrefour-en-hausse-ce-1er-semestre-2015\/\" \/>\n<meta property=\"og:site_name\" content=\"F\u00e9d\u00e9ration Belge de la Franchise\" \/>\n<meta property=\"article:published_time\" content=\"2015-08-03T22:00:00+00:00\" \/>\n<meta property=\"og:image\" content=\"https:\/\/www.fbf-bff.be\/wp-content\/uploads\/2017\/06\/fbf-bff-fb-cover.jpg\" \/>\n\t<meta property=\"og:image:width\" content=\"1200\" \/>\n\t<meta property=\"og:image:height\" content=\"630\" \/>\n\t<meta property=\"og:image:type\" content=\"image\/jpeg\" \/>\n<meta name=\"author\" content=\"fbf_admin\" \/>\n<meta name=\"twitter:card\" content=\"summary_large_image\" \/>\n<meta name=\"twitter:label1\" content=\"\u00c9crit par\" \/>\n\t<meta name=\"twitter:data1\" content=\"fbf_admin\" \/>\n\t<meta name=\"twitter:label2\" content=\"Dur\u00e9e de lecture estim\u00e9e\" \/>\n\t<meta name=\"twitter:data2\" content=\"1 minute\" \/>\n<script type=\"application\/ld+json\" class=\"yoast-schema-graph\">{\"@context\":\"https:\/\/schema.org\",\"@graph\":[{\"@type\":\"WebPage\",\"@id\":\"https:\/\/www.fbf-bff.be\/fr\/resultats-de-carrefour-en-hausse-ce-1er-semestre-2015\/\",\"url\":\"https:\/\/www.fbf-bff.be\/fr\/resultats-de-carrefour-en-hausse-ce-1er-semestre-2015\/\",\"name\":\"R\u00e9sultats de Carrefour en hausse ce 1er semestre 2015 - F\u00e9d\u00e9ration Belge de la Franchise\",\"isPartOf\":{\"@id\":\"https:\/\/www.fbf-bff.be\/#website\"},\"datePublished\":\"2015-08-03T22:00:00+00:00\",\"dateModified\":\"2015-08-03T22:00:00+00:00\",\"author\":{\"@id\":\"https:\/\/www.fbf-bff.be\/#\/schema\/person\/73a9cbee87288cba2b06e3fc29244fe7\"},\"breadcrumb\":{\"@id\":\"https:\/\/www.fbf-bff.be\/fr\/resultats-de-carrefour-en-hausse-ce-1er-semestre-2015\/#breadcrumb\"},\"inLanguage\":\"fr-FR\",\"potentialAction\":[{\"@type\":\"ReadAction\",\"target\":[\"https:\/\/www.fbf-bff.be\/fr\/resultats-de-carrefour-en-hausse-ce-1er-semestre-2015\/\"]}]},{\"@type\":\"BreadcrumbList\",\"@id\":\"https:\/\/www.fbf-bff.be\/fr\/resultats-de-carrefour-en-hausse-ce-1er-semestre-2015\/#breadcrumb\",\"itemListElement\":[{\"@type\":\"ListItem\",\"position\":1,\"name\":\"Home\",\"item\":\"https:\/\/www.fbf-bff.be\/fr\/\"},{\"@type\":\"ListItem\",\"position\":2,\"name\":\"R\u00e9sultats de Carrefour en hausse ce 1er semestre 2015\"}]},{\"@type\":\"WebSite\",\"@id\":\"https:\/\/www.fbf-bff.be\/#website\",\"url\":\"https:\/\/www.fbf-bff.be\/\",\"name\":\"F\u00e9d\u00e9ration Belge de la Franchise\",\"description\":\"Pour r\u00e9ussir ensemblee\",\"potentialAction\":[{\"@type\":\"SearchAction\",\"target\":{\"@type\":\"EntryPoint\",\"urlTemplate\":\"https:\/\/www.fbf-bff.be\/?s={search_term_string}\"},\"query-input\":{\"@type\":\"PropertyValueSpecification\",\"valueRequired\":true,\"valueName\":\"search_term_string\"}}],\"inLanguage\":\"fr-FR\"},{\"@type\":\"Person\",\"@id\":\"https:\/\/www.fbf-bff.be\/#\/schema\/person\/73a9cbee87288cba2b06e3fc29244fe7\",\"name\":\"fbf_admin\",\"image\":{\"@type\":\"ImageObject\",\"inLanguage\":\"fr-FR\",\"@id\":\"https:\/\/www.fbf-bff.be\/#\/schema\/person\/image\/\",\"url\":\"https:\/\/secure.gravatar.com\/avatar\/20f6483dbe2a69e0999ddcdd1744b7f7?s=96&d=mm&r=g\",\"contentUrl\":\"https:\/\/secure.gravatar.com\/avatar\/20f6483dbe2a69e0999ddcdd1744b7f7?s=96&d=mm&r=g\",\"caption\":\"fbf_admin\"}}]}<\/script>\n<!-- \/ Yoast SEO plugin. -->","yoast_head_json":{"title":"R\u00e9sultats de Carrefour en hausse ce 1er semestre 2015 - F\u00e9d\u00e9ration Belge de la Franchise","robots":{"index":"index","follow":"follow","max-snippet":"max-snippet:-1","max-image-preview":"max-image-preview:large","max-video-preview":"max-video-preview:-1"},"canonical":"https:\/\/www.fbf-bff.be\/fr\/resultats-de-carrefour-en-hausse-ce-1er-semestre-2015\/","og_locale":"fr_FR","og_type":"article","og_title":"R\u00e9sultats de Carrefour en hausse ce 1er semestre 2015 - F\u00e9d\u00e9ration Belge de la Franchise","og_description":"Carrefour affiche une bonne sant\u00e9 au cours de ce premier semestre 2015 \u00e0 la lecture des r\u00e9sultats, affichant un chiffre d'affaires hors taxes de \u20ac 37,7 milliards, en hausse de 5,2% (2,9% en organique). Il s'agit d'une des plus fortes croissances depuis 2008.","og_url":"https:\/\/www.fbf-bff.be\/fr\/resultats-de-carrefour-en-hausse-ce-1er-semestre-2015\/","og_site_name":"F\u00e9d\u00e9ration Belge de la Franchise","article_published_time":"2015-08-03T22:00:00+00:00","og_image":[{"width":1200,"height":630,"url":"https:\/\/www.fbf-bff.be\/wp-content\/uploads\/2017\/06\/fbf-bff-fb-cover.jpg","type":"image\/jpeg"}],"author":"fbf_admin","twitter_card":"summary_large_image","twitter_misc":{"\u00c9crit par":"fbf_admin","Dur\u00e9e de lecture estim\u00e9e":"1 minute"},"schema":{"@context":"https:\/\/schema.org","@graph":[{"@type":"WebPage","@id":"https:\/\/www.fbf-bff.be\/fr\/resultats-de-carrefour-en-hausse-ce-1er-semestre-2015\/","url":"https:\/\/www.fbf-bff.be\/fr\/resultats-de-carrefour-en-hausse-ce-1er-semestre-2015\/","name":"R\u00e9sultats de Carrefour en hausse ce 1er semestre 2015 - F\u00e9d\u00e9ration Belge de la Franchise","isPartOf":{"@id":"https:\/\/www.fbf-bff.be\/#website"},"datePublished":"2015-08-03T22:00:00+00:00","dateModified":"2015-08-03T22:00:00+00:00","author":{"@id":"https:\/\/www.fbf-bff.be\/#\/schema\/person\/73a9cbee87288cba2b06e3fc29244fe7"},"breadcrumb":{"@id":"https:\/\/www.fbf-bff.be\/fr\/resultats-de-carrefour-en-hausse-ce-1er-semestre-2015\/#breadcrumb"},"inLanguage":"fr-FR","potentialAction":[{"@type":"ReadAction","target":["https:\/\/www.fbf-bff.be\/fr\/resultats-de-carrefour-en-hausse-ce-1er-semestre-2015\/"]}]},{"@type":"BreadcrumbList","@id":"https:\/\/www.fbf-bff.be\/fr\/resultats-de-carrefour-en-hausse-ce-1er-semestre-2015\/#breadcrumb","itemListElement":[{"@type":"ListItem","position":1,"name":"Home","item":"https:\/\/www.fbf-bff.be\/fr\/"},{"@type":"ListItem","position":2,"name":"R\u00e9sultats de Carrefour en hausse ce 1er semestre 2015"}]},{"@type":"WebSite","@id":"https:\/\/www.fbf-bff.be\/#website","url":"https:\/\/www.fbf-bff.be\/","name":"F\u00e9d\u00e9ration Belge de la Franchise","description":"Pour r\u00e9ussir ensemblee","potentialAction":[{"@type":"SearchAction","target":{"@type":"EntryPoint","urlTemplate":"https:\/\/www.fbf-bff.be\/?s={search_term_string}"},"query-input":{"@type":"PropertyValueSpecification","valueRequired":true,"valueName":"search_term_string"}}],"inLanguage":"fr-FR"},{"@type":"Person","@id":"https:\/\/www.fbf-bff.be\/#\/schema\/person\/73a9cbee87288cba2b06e3fc29244fe7","name":"fbf_admin","image":{"@type":"ImageObject","inLanguage":"fr-FR","@id":"https:\/\/www.fbf-bff.be\/#\/schema\/person\/image\/","url":"https:\/\/secure.gravatar.com\/avatar\/20f6483dbe2a69e0999ddcdd1744b7f7?s=96&d=mm&r=g","contentUrl":"https:\/\/secure.gravatar.com\/avatar\/20f6483dbe2a69e0999ddcdd1744b7f7?s=96&d=mm&r=g","caption":"fbf_admin"}}]}},"_links":{"self":[{"href":"https:\/\/www.fbf-bff.be\/fr\/wp-json\/wp\/v2\/posts\/7813"}],"collection":[{"href":"https:\/\/www.fbf-bff.be\/fr\/wp-json\/wp\/v2\/posts"}],"about":[{"href":"https:\/\/www.fbf-bff.be\/fr\/wp-json\/wp\/v2\/types\/post"}],"author":[{"embeddable":true,"href":"https:\/\/www.fbf-bff.be\/fr\/wp-json\/wp\/v2\/users\/1"}],"replies":[{"embeddable":true,"href":"https:\/\/www.fbf-bff.be\/fr\/wp-json\/wp\/v2\/comments?post=7813"}],"version-history":[{"count":0,"href":"https:\/\/www.fbf-bff.be\/fr\/wp-json\/wp\/v2\/posts\/7813\/revisions"}],"wp:attachment":[{"href":"https:\/\/www.fbf-bff.be\/fr\/wp-json\/wp\/v2\/media?parent=7813"}],"wp:term":[{"taxonomy":"category","embeddable":true,"href":"https:\/\/www.fbf-bff.be\/fr\/wp-json\/wp\/v2\/categories?post=7813"},{"taxonomy":"post_tag","embeddable":true,"href":"https:\/\/www.fbf-bff.be\/fr\/wp-json\/wp\/v2\/tags?post=7813"}],"curies":[{"name":"wp","href":"https:\/\/api.w.org\/{rel}","templated":true}]}}