{"id":7806,"date":"2015-08-04T00:00:00","date_gmt":"2015-08-03T22:00:00","guid":{"rendered":"https:\/\/www.fbf-bff.be\/soldes-dete-decevantes-le-chiffre-daffaires-a-baisse-de-6-en-moyenne-suivant-le-sni\/"},"modified":"2015-08-04T00:00:00","modified_gmt":"2015-08-03T22:00:00","slug":"soldes-dete-decevantes-le-chiffre-daffaires-a-baisse-de-6-en-moyenne-suivant-le-sni","status":"publish","type":"post","link":"https:\/\/www.fbf-bff.be\/fr\/soldes-dete-decevantes-le-chiffre-daffaires-a-baisse-de-6-en-moyenne-suivant-le-sni\/","title":{"rendered":"Soldes d\u2019\u00e9t\u00e9 d\u00e9cevantes: le chiffre d\u2019affaires a baiss\u00e9 de 6 % en moyenne suivant le SNI"},"content":{"rendered":"<p>Le SNI annonce un chiffre d&rsquo;affaires pour les soldes d&rsquo;\u00e9t\u00e9 en baisse de 6%, chiffre quelque peu en contradiction avec les chiffres communiqu\u00e9s par Comeos il a quelques jours, qui annon\u00e7ait une hausse de 5%. Voici ci-dessous, le communiqu\u00e9 publi\u00e9 par le SNI. <\/p><p>Le chiffre d\u2019affaires des magasins de v\u00eatements a baiss\u00e9 de 6 % en moyenne durant ces soldes d\u2019\u00e9t\u00e9 par rapport aux soldes d\u2019\u00e9t\u00e9 de l\u2019an dernier. <\/p><p> <\/p><p>Voici la conclusion du SNI d\u2019une enqu\u00eate r\u00e9alis\u00e9e aupr\u00e8s de 452 magasins de v\u00eatements. Selon le secteur, le temps a jou\u00e9 un grand r\u00f4le : la canicule durant la premi\u00e8re semaine de soldes et la m\u00e9t\u00e9o automnale de la derni\u00e8re semaine ont eu une influence n\u00e9gative sur les ventes. Ensuite, la concurrence grandissante des e-vendeurs tels que Zalando, 3 Suisses et Vente Exclusive est point\u00e9e du doigt par les commer\u00e7ants. L\u2019an dernier, les soldes d\u2019\u00e9t\u00e9 n\u2019ont pas \u00e9t\u00e9 extraordinaires non plus mais le chiffre d\u2019affaires n\u2019avait baiss\u00e9 \u00ab que \u00bb d\u20191,5 %. <\/p><p> <\/p><p>Ce sont les derniers jours de soldes. Jusqu\u2019au vendredi 31 juillet, les v\u00eatements, chaussures et articles de maroquineries seront d\u00e9marqu\u00e9s. Les consommateurs qui veulent faire de bonnes affaires ne doivent donc pas h\u00e9siter car, durant ces derniers jours, de nombreux commer\u00e7ants vendront leurs articles \u00e0 des prix d\u00e9fiant toute concurrence ou \u00e0 des prix ronds histoire de vider les stocks. Durant les soldes, les commer\u00e7ants peuvent vendre \u00e0 perte et, \u00e9tant donn\u00e9 qu\u2019ils ont un stock encore bien fourni qui leur co\u00fbte de l\u2019argent, ils n\u2019h\u00e9sitent pas \u00e0 le faire. Les magasins de v\u00eatements et de chaussures veulent surtout pouvoir entamer la saison automne-hiver avec des rayons vides. <\/p><p> <\/p><p>Les commer\u00e7ants avancent principalement deux raisons pour justifier cette baisse des ventes cette ann\u00e9e. D\u2019un c\u00f4t\u00e9 : la m\u00e9t\u00e9o. D\u2019abord, la canicule de la premi\u00e8re semaine, semaine durant laquelle en g\u00e9n\u00e9ral la plupart des articles sold\u00e9s se vendent. Il y a aussi la derni\u00e8re semaine de soldes qui a \u00e9t\u00e9 tremp\u00e9e au sens propre comme au sens figur\u00e9. La majorit\u00e9 des magasins de v\u00eatements d\u00e9nonce aussi la concurrence de webshops, souvent internationaux, qui vendent des v\u00eatements et des chaussures, tels que Zalando, 3 Suisses, La Redoute et Vente-Exclusive.com. Pour le SNI, cette constatation est un argument suppl\u00e9mentaire pour pousser les magasins de v\u00eatements \u00e0 se lancer dans un webshop.  <\/p><p>Source : SNI <\/p><p><br><\/p>","protected":false},"excerpt":{"rendered":"<p>Le SNI annonce un chiffre d&rsquo;affaires pour les soldes d&rsquo;\u00e9t\u00e9 en baisse de 6%, chiffre quelque peu en contradiction avec les chiffres communiqu\u00e9s par Comeos il a quelques jours, qui annon\u00e7ait une hausse de 5%. Voici ci-dessous, le communiqu\u00e9 publi\u00e9 par le SNI.\n<\/p>\n<\/p>\n<p><\/p>\n","protected":false},"author":1,"featured_media":0,"comment_status":"closed","ping_status":"open","sticky":false,"template":"","format":"standard","meta":{"ngg_post_thumbnail":0,"footnotes":""},"categories":[37],"tags":[],"acf":[],"yoast_head":"<!-- This site is optimized with the Yoast SEO plugin v23.5 - https:\/\/yoast.com\/wordpress\/plugins\/seo\/ -->\n<title>Soldes d\u2019\u00e9t\u00e9 d\u00e9cevantes: le chiffre d\u2019affaires a baiss\u00e9 de 6 % en moyenne suivant le SNI - F\u00e9d\u00e9ration Belge de la Franchise<\/title>\n<meta name=\"robots\" content=\"index, follow, max-snippet:-1, max-image-preview:large, max-video-preview:-1\" \/>\n<link rel=\"canonical\" href=\"https:\/\/www.fbf-bff.be\/fr\/soldes-dete-decevantes-le-chiffre-daffaires-a-baisse-de-6-en-moyenne-suivant-le-sni\/\" \/>\n<meta property=\"og:locale\" content=\"fr_FR\" \/>\n<meta property=\"og:type\" content=\"article\" \/>\n<meta property=\"og:title\" content=\"Soldes d\u2019\u00e9t\u00e9 d\u00e9cevantes: le chiffre d\u2019affaires a baiss\u00e9 de 6 % en moyenne suivant le SNI - F\u00e9d\u00e9ration Belge de la Franchise\" \/>\n<meta property=\"og:description\" content=\"Le SNI annonce un chiffre d&#039;affaires pour les soldes d&#039;\u00e9t\u00e9 en baisse de 6%, chiffre quelque peu en contradiction avec les chiffres communiqu\u00e9s par Comeos il a quelques jours, qui annon\u00e7ait une hausse de 5%. Voici ci-dessous, le communiqu\u00e9 publi\u00e9 par le SNI.\" \/>\n<meta property=\"og:url\" content=\"https:\/\/www.fbf-bff.be\/fr\/soldes-dete-decevantes-le-chiffre-daffaires-a-baisse-de-6-en-moyenne-suivant-le-sni\/\" \/>\n<meta property=\"og:site_name\" content=\"F\u00e9d\u00e9ration Belge de la Franchise\" \/>\n<meta property=\"article:published_time\" content=\"2015-08-03T22:00:00+00:00\" \/>\n<meta property=\"og:image\" content=\"https:\/\/www.fbf-bff.be\/wp-content\/uploads\/2017\/06\/fbf-bff-fb-cover.jpg\" \/>\n\t<meta property=\"og:image:width\" content=\"1200\" \/>\n\t<meta property=\"og:image:height\" content=\"630\" \/>\n\t<meta property=\"og:image:type\" content=\"image\/jpeg\" \/>\n<meta name=\"author\" content=\"fbf_admin\" \/>\n<meta name=\"twitter:card\" content=\"summary_large_image\" \/>\n<meta name=\"twitter:label1\" content=\"\u00c9crit par\" \/>\n\t<meta name=\"twitter:data1\" content=\"fbf_admin\" \/>\n\t<meta name=\"twitter:label2\" content=\"Dur\u00e9e de lecture estim\u00e9e\" \/>\n\t<meta name=\"twitter:data2\" content=\"2 minutes\" \/>\n<script type=\"application\/ld+json\" class=\"yoast-schema-graph\">{\"@context\":\"https:\/\/schema.org\",\"@graph\":[{\"@type\":\"WebPage\",\"@id\":\"https:\/\/www.fbf-bff.be\/fr\/soldes-dete-decevantes-le-chiffre-daffaires-a-baisse-de-6-en-moyenne-suivant-le-sni\/\",\"url\":\"https:\/\/www.fbf-bff.be\/fr\/soldes-dete-decevantes-le-chiffre-daffaires-a-baisse-de-6-en-moyenne-suivant-le-sni\/\",\"name\":\"Soldes d\u2019\u00e9t\u00e9 d\u00e9cevantes: le chiffre d\u2019affaires a baiss\u00e9 de 6 % en moyenne suivant le SNI - F\u00e9d\u00e9ration Belge de la Franchise\",\"isPartOf\":{\"@id\":\"https:\/\/www.fbf-bff.be\/#website\"},\"datePublished\":\"2015-08-03T22:00:00+00:00\",\"dateModified\":\"2015-08-03T22:00:00+00:00\",\"author\":{\"@id\":\"https:\/\/www.fbf-bff.be\/#\/schema\/person\/73a9cbee87288cba2b06e3fc29244fe7\"},\"breadcrumb\":{\"@id\":\"https:\/\/www.fbf-bff.be\/fr\/soldes-dete-decevantes-le-chiffre-daffaires-a-baisse-de-6-en-moyenne-suivant-le-sni\/#breadcrumb\"},\"inLanguage\":\"fr-FR\",\"potentialAction\":[{\"@type\":\"ReadAction\",\"target\":[\"https:\/\/www.fbf-bff.be\/fr\/soldes-dete-decevantes-le-chiffre-daffaires-a-baisse-de-6-en-moyenne-suivant-le-sni\/\"]}]},{\"@type\":\"BreadcrumbList\",\"@id\":\"https:\/\/www.fbf-bff.be\/fr\/soldes-dete-decevantes-le-chiffre-daffaires-a-baisse-de-6-en-moyenne-suivant-le-sni\/#breadcrumb\",\"itemListElement\":[{\"@type\":\"ListItem\",\"position\":1,\"name\":\"Home\",\"item\":\"https:\/\/www.fbf-bff.be\/fr\/\"},{\"@type\":\"ListItem\",\"position\":2,\"name\":\"Soldes d\u2019\u00e9t\u00e9 d\u00e9cevantes: le chiffre d\u2019affaires a baiss\u00e9 de 6 % en moyenne suivant le SNI\"}]},{\"@type\":\"WebSite\",\"@id\":\"https:\/\/www.fbf-bff.be\/#website\",\"url\":\"https:\/\/www.fbf-bff.be\/\",\"name\":\"F\u00e9d\u00e9ration Belge de la Franchise\",\"description\":\"Pour r\u00e9ussir ensemblee\",\"potentialAction\":[{\"@type\":\"SearchAction\",\"target\":{\"@type\":\"EntryPoint\",\"urlTemplate\":\"https:\/\/www.fbf-bff.be\/?s={search_term_string}\"},\"query-input\":{\"@type\":\"PropertyValueSpecification\",\"valueRequired\":true,\"valueName\":\"search_term_string\"}}],\"inLanguage\":\"fr-FR\"},{\"@type\":\"Person\",\"@id\":\"https:\/\/www.fbf-bff.be\/#\/schema\/person\/73a9cbee87288cba2b06e3fc29244fe7\",\"name\":\"fbf_admin\",\"image\":{\"@type\":\"ImageObject\",\"inLanguage\":\"fr-FR\",\"@id\":\"https:\/\/www.fbf-bff.be\/#\/schema\/person\/image\/\",\"url\":\"https:\/\/secure.gravatar.com\/avatar\/20f6483dbe2a69e0999ddcdd1744b7f7?s=96&d=mm&r=g\",\"contentUrl\":\"https:\/\/secure.gravatar.com\/avatar\/20f6483dbe2a69e0999ddcdd1744b7f7?s=96&d=mm&r=g\",\"caption\":\"fbf_admin\"}}]}<\/script>\n<!-- \/ Yoast SEO plugin. -->","yoast_head_json":{"title":"Soldes d\u2019\u00e9t\u00e9 d\u00e9cevantes: le chiffre d\u2019affaires a baiss\u00e9 de 6 % en moyenne suivant le SNI - F\u00e9d\u00e9ration Belge de la Franchise","robots":{"index":"index","follow":"follow","max-snippet":"max-snippet:-1","max-image-preview":"max-image-preview:large","max-video-preview":"max-video-preview:-1"},"canonical":"https:\/\/www.fbf-bff.be\/fr\/soldes-dete-decevantes-le-chiffre-daffaires-a-baisse-de-6-en-moyenne-suivant-le-sni\/","og_locale":"fr_FR","og_type":"article","og_title":"Soldes d\u2019\u00e9t\u00e9 d\u00e9cevantes: le chiffre d\u2019affaires a baiss\u00e9 de 6 % en moyenne suivant le SNI - F\u00e9d\u00e9ration Belge de la Franchise","og_description":"Le SNI annonce un chiffre d'affaires pour les soldes d'\u00e9t\u00e9 en baisse de 6%, chiffre quelque peu en contradiction avec les chiffres communiqu\u00e9s par Comeos il a quelques jours, qui annon\u00e7ait une hausse de 5%. Voici ci-dessous, le communiqu\u00e9 publi\u00e9 par le SNI.","og_url":"https:\/\/www.fbf-bff.be\/fr\/soldes-dete-decevantes-le-chiffre-daffaires-a-baisse-de-6-en-moyenne-suivant-le-sni\/","og_site_name":"F\u00e9d\u00e9ration Belge de la Franchise","article_published_time":"2015-08-03T22:00:00+00:00","og_image":[{"width":1200,"height":630,"url":"https:\/\/www.fbf-bff.be\/wp-content\/uploads\/2017\/06\/fbf-bff-fb-cover.jpg","type":"image\/jpeg"}],"author":"fbf_admin","twitter_card":"summary_large_image","twitter_misc":{"\u00c9crit par":"fbf_admin","Dur\u00e9e de lecture estim\u00e9e":"2 minutes"},"schema":{"@context":"https:\/\/schema.org","@graph":[{"@type":"WebPage","@id":"https:\/\/www.fbf-bff.be\/fr\/soldes-dete-decevantes-le-chiffre-daffaires-a-baisse-de-6-en-moyenne-suivant-le-sni\/","url":"https:\/\/www.fbf-bff.be\/fr\/soldes-dete-decevantes-le-chiffre-daffaires-a-baisse-de-6-en-moyenne-suivant-le-sni\/","name":"Soldes d\u2019\u00e9t\u00e9 d\u00e9cevantes: le chiffre d\u2019affaires a baiss\u00e9 de 6 % en moyenne suivant le SNI - F\u00e9d\u00e9ration Belge de la Franchise","isPartOf":{"@id":"https:\/\/www.fbf-bff.be\/#website"},"datePublished":"2015-08-03T22:00:00+00:00","dateModified":"2015-08-03T22:00:00+00:00","author":{"@id":"https:\/\/www.fbf-bff.be\/#\/schema\/person\/73a9cbee87288cba2b06e3fc29244fe7"},"breadcrumb":{"@id":"https:\/\/www.fbf-bff.be\/fr\/soldes-dete-decevantes-le-chiffre-daffaires-a-baisse-de-6-en-moyenne-suivant-le-sni\/#breadcrumb"},"inLanguage":"fr-FR","potentialAction":[{"@type":"ReadAction","target":["https:\/\/www.fbf-bff.be\/fr\/soldes-dete-decevantes-le-chiffre-daffaires-a-baisse-de-6-en-moyenne-suivant-le-sni\/"]}]},{"@type":"BreadcrumbList","@id":"https:\/\/www.fbf-bff.be\/fr\/soldes-dete-decevantes-le-chiffre-daffaires-a-baisse-de-6-en-moyenne-suivant-le-sni\/#breadcrumb","itemListElement":[{"@type":"ListItem","position":1,"name":"Home","item":"https:\/\/www.fbf-bff.be\/fr\/"},{"@type":"ListItem","position":2,"name":"Soldes d\u2019\u00e9t\u00e9 d\u00e9cevantes: le chiffre d\u2019affaires a baiss\u00e9 de 6 % en moyenne suivant le SNI"}]},{"@type":"WebSite","@id":"https:\/\/www.fbf-bff.be\/#website","url":"https:\/\/www.fbf-bff.be\/","name":"F\u00e9d\u00e9ration Belge de la Franchise","description":"Pour r\u00e9ussir ensemblee","potentialAction":[{"@type":"SearchAction","target":{"@type":"EntryPoint","urlTemplate":"https:\/\/www.fbf-bff.be\/?s={search_term_string}"},"query-input":{"@type":"PropertyValueSpecification","valueRequired":true,"valueName":"search_term_string"}}],"inLanguage":"fr-FR"},{"@type":"Person","@id":"https:\/\/www.fbf-bff.be\/#\/schema\/person\/73a9cbee87288cba2b06e3fc29244fe7","name":"fbf_admin","image":{"@type":"ImageObject","inLanguage":"fr-FR","@id":"https:\/\/www.fbf-bff.be\/#\/schema\/person\/image\/","url":"https:\/\/secure.gravatar.com\/avatar\/20f6483dbe2a69e0999ddcdd1744b7f7?s=96&d=mm&r=g","contentUrl":"https:\/\/secure.gravatar.com\/avatar\/20f6483dbe2a69e0999ddcdd1744b7f7?s=96&d=mm&r=g","caption":"fbf_admin"}}]}},"_links":{"self":[{"href":"https:\/\/www.fbf-bff.be\/fr\/wp-json\/wp\/v2\/posts\/7806"}],"collection":[{"href":"https:\/\/www.fbf-bff.be\/fr\/wp-json\/wp\/v2\/posts"}],"about":[{"href":"https:\/\/www.fbf-bff.be\/fr\/wp-json\/wp\/v2\/types\/post"}],"author":[{"embeddable":true,"href":"https:\/\/www.fbf-bff.be\/fr\/wp-json\/wp\/v2\/users\/1"}],"replies":[{"embeddable":true,"href":"https:\/\/www.fbf-bff.be\/fr\/wp-json\/wp\/v2\/comments?post=7806"}],"version-history":[{"count":0,"href":"https:\/\/www.fbf-bff.be\/fr\/wp-json\/wp\/v2\/posts\/7806\/revisions"}],"wp:attachment":[{"href":"https:\/\/www.fbf-bff.be\/fr\/wp-json\/wp\/v2\/media?parent=7806"}],"wp:term":[{"taxonomy":"category","embeddable":true,"href":"https:\/\/www.fbf-bff.be\/fr\/wp-json\/wp\/v2\/categories?post=7806"},{"taxonomy":"post_tag","embeddable":true,"href":"https:\/\/www.fbf-bff.be\/fr\/wp-json\/wp\/v2\/tags?post=7806"}],"curies":[{"name":"wp","href":"https:\/\/api.w.org\/{rel}","templated":true}]}}