{"id":7802,"date":"2015-07-31T00:00:00","date_gmt":"2015-07-30T22:00:00","guid":{"rendered":"https:\/\/www.fbf-bff.be\/lopticien-francais-alain-afflelou-a-rachete-optical-discount\/"},"modified":"2015-07-31T00:00:00","modified_gmt":"2015-07-30T22:00:00","slug":"lopticien-francais-alain-afflelou-a-rachete-optical-discount","status":"publish","type":"post","link":"https:\/\/www.fbf-bff.be\/fr\/lopticien-francais-alain-afflelou-a-rachete-optical-discount\/","title":{"rendered":"L&#8217;opticien fran\u00e7ais Alain Afflelou a rachet\u00e9 Optical Discount"},"content":{"rendered":"<p><span style=\"font-size: 1.25em;line-height: 1.42857143\">Rien n&rsquo;arr\u00eate l&rsquo;opticien Alain Afflelou qui continue sa campagne d&rsquo;acquisition. Apr\u00e8s le rachat de 25% de la cha\u00eene portugaise Optivisao en juin dernier (voir notre news d&rsquo;hier), il annonce le rachat de l&rsquo;enseigne franchise Optical Discount avec l&rsquo;ambition de d\u00e9velopper son p\u00f4le de lunettes \u00e0 bas prix dans les trois prochaines ann\u00e9es. \u00a0<\/span><br><\/p><p> <\/p><p>Fond\u00e9 en 1995, Optical Discount compte aujourd&rsquo;hui quelque 90 points de vente en France, en Belgique et au Maroc. La seule franchise belge de l&rsquo;enseigne qui a fait ses d\u00e9buts en novembre 2014, se situe \u00e0 Ixelles (Bruxelles) dans le quartier commer\u00e7ant de la Bascule. <\/p><p> <\/p><p>L&rsquo;enseigne Alain Afflelou, cr\u00e9\u00e9e en 1995, d\u00e9j\u00e0 pr\u00e9sente dans le march\u00e9 les lunettes \u00e0 bas prix en France avec ses magasins Claro d&rsquo;Afflelou, souhaite porter son nombre de points de vente sur ce segment \u00e0 environ 150 cette ann\u00e9e, et \u00e0 300 en France et 100 \u00e0 l&rsquo;international d&rsquo;ici trois ans.  <\/p><p>L&rsquo;enseigne qui se d\u00e9veloppe via la franchise compte 37 magasins en Belgique. <\/p><p>rl.<\/p>","protected":false},"excerpt":{"rendered":"<p>Rien n&rsquo;arr\u00eate l&rsquo;opticien Alain Afflelou qui continue sa campagne d&rsquo;acquisition. Apr\u00e8s le rachat de 25% de la cha\u00eene portugaise Optivisao en juin dernier (voir notre news d&rsquo;hier), il annonce le rachat de l&rsquo;enseigne franchise Optical Discount avec l&rsquo;ambition de d\u00e9velopper son p\u00f4le de lunettes \u00e0 bas prix dans les trois prochaines ann\u00e9es. \u00a0<\/p>\n","protected":false},"author":1,"featured_media":0,"comment_status":"closed","ping_status":"open","sticky":false,"template":"","format":"standard","meta":{"ngg_post_thumbnail":0,"footnotes":""},"categories":[41],"tags":[],"acf":[],"yoast_head":"<!-- This site is optimized with the Yoast SEO plugin v23.5 - https:\/\/yoast.com\/wordpress\/plugins\/seo\/ -->\n<title>L&#8217;opticien fran\u00e7ais Alain Afflelou a rachet\u00e9 Optical Discount - F\u00e9d\u00e9ration Belge de la Franchise<\/title>\n<meta name=\"robots\" content=\"index, follow, max-snippet:-1, max-image-preview:large, max-video-preview:-1\" \/>\n<link rel=\"canonical\" href=\"https:\/\/www.fbf-bff.be\/fr\/lopticien-francais-alain-afflelou-a-rachete-optical-discount\/\" \/>\n<meta property=\"og:locale\" content=\"fr_FR\" \/>\n<meta property=\"og:type\" content=\"article\" \/>\n<meta property=\"og:title\" content=\"L&#8217;opticien fran\u00e7ais Alain Afflelou a rachet\u00e9 Optical Discount - F\u00e9d\u00e9ration Belge de la Franchise\" \/>\n<meta property=\"og:description\" content=\"Rien n&#039;arr\u00eate l&#039;opticien Alain Afflelou qui continue sa campagne d&#039;acquisition. Apr\u00e8s le rachat de 25% de la cha\u00eene portugaise Optivisao en juin dernier (voir notre news d&#039;hier), il annonce le rachat de l&#039;enseigne franchise Optical Discount avec l&#039;ambition de d\u00e9velopper son p\u00f4le de lunettes \u00e0 bas prix dans les trois prochaines ann\u00e9es. \u00a0\" \/>\n<meta property=\"og:url\" content=\"https:\/\/www.fbf-bff.be\/fr\/lopticien-francais-alain-afflelou-a-rachete-optical-discount\/\" \/>\n<meta property=\"og:site_name\" content=\"F\u00e9d\u00e9ration Belge de la Franchise\" \/>\n<meta property=\"article:published_time\" content=\"2015-07-30T22:00:00+00:00\" \/>\n<meta property=\"og:image\" content=\"https:\/\/www.fbf-bff.be\/wp-content\/uploads\/2017\/06\/fbf-bff-fb-cover.jpg\" \/>\n\t<meta property=\"og:image:width\" content=\"1200\" \/>\n\t<meta property=\"og:image:height\" content=\"630\" \/>\n\t<meta property=\"og:image:type\" content=\"image\/jpeg\" \/>\n<meta name=\"author\" content=\"fbf_admin\" \/>\n<meta name=\"twitter:card\" content=\"summary_large_image\" \/>\n<meta name=\"twitter:label1\" content=\"\u00c9crit par\" \/>\n\t<meta name=\"twitter:data1\" content=\"fbf_admin\" \/>\n\t<meta name=\"twitter:label2\" content=\"Dur\u00e9e de lecture estim\u00e9e\" \/>\n\t<meta name=\"twitter:data2\" content=\"1 minute\" \/>\n<script type=\"application\/ld+json\" class=\"yoast-schema-graph\">{\"@context\":\"https:\/\/schema.org\",\"@graph\":[{\"@type\":\"WebPage\",\"@id\":\"https:\/\/www.fbf-bff.be\/fr\/lopticien-francais-alain-afflelou-a-rachete-optical-discount\/\",\"url\":\"https:\/\/www.fbf-bff.be\/fr\/lopticien-francais-alain-afflelou-a-rachete-optical-discount\/\",\"name\":\"L&#8217;opticien fran\u00e7ais Alain Afflelou a rachet\u00e9 Optical Discount - F\u00e9d\u00e9ration Belge de la Franchise\",\"isPartOf\":{\"@id\":\"https:\/\/www.fbf-bff.be\/#website\"},\"datePublished\":\"2015-07-30T22:00:00+00:00\",\"dateModified\":\"2015-07-30T22:00:00+00:00\",\"author\":{\"@id\":\"https:\/\/www.fbf-bff.be\/#\/schema\/person\/73a9cbee87288cba2b06e3fc29244fe7\"},\"breadcrumb\":{\"@id\":\"https:\/\/www.fbf-bff.be\/fr\/lopticien-francais-alain-afflelou-a-rachete-optical-discount\/#breadcrumb\"},\"inLanguage\":\"fr-FR\",\"potentialAction\":[{\"@type\":\"ReadAction\",\"target\":[\"https:\/\/www.fbf-bff.be\/fr\/lopticien-francais-alain-afflelou-a-rachete-optical-discount\/\"]}]},{\"@type\":\"BreadcrumbList\",\"@id\":\"https:\/\/www.fbf-bff.be\/fr\/lopticien-francais-alain-afflelou-a-rachete-optical-discount\/#breadcrumb\",\"itemListElement\":[{\"@type\":\"ListItem\",\"position\":1,\"name\":\"Home\",\"item\":\"https:\/\/www.fbf-bff.be\/fr\/\"},{\"@type\":\"ListItem\",\"position\":2,\"name\":\"L&#8217;opticien fran\u00e7ais Alain Afflelou a rachet\u00e9 Optical Discount\"}]},{\"@type\":\"WebSite\",\"@id\":\"https:\/\/www.fbf-bff.be\/#website\",\"url\":\"https:\/\/www.fbf-bff.be\/\",\"name\":\"F\u00e9d\u00e9ration Belge de la Franchise\",\"description\":\"Pour r\u00e9ussir ensemblee\",\"potentialAction\":[{\"@type\":\"SearchAction\",\"target\":{\"@type\":\"EntryPoint\",\"urlTemplate\":\"https:\/\/www.fbf-bff.be\/?s={search_term_string}\"},\"query-input\":{\"@type\":\"PropertyValueSpecification\",\"valueRequired\":true,\"valueName\":\"search_term_string\"}}],\"inLanguage\":\"fr-FR\"},{\"@type\":\"Person\",\"@id\":\"https:\/\/www.fbf-bff.be\/#\/schema\/person\/73a9cbee87288cba2b06e3fc29244fe7\",\"name\":\"fbf_admin\",\"image\":{\"@type\":\"ImageObject\",\"inLanguage\":\"fr-FR\",\"@id\":\"https:\/\/www.fbf-bff.be\/#\/schema\/person\/image\/\",\"url\":\"https:\/\/secure.gravatar.com\/avatar\/20f6483dbe2a69e0999ddcdd1744b7f7?s=96&d=mm&r=g\",\"contentUrl\":\"https:\/\/secure.gravatar.com\/avatar\/20f6483dbe2a69e0999ddcdd1744b7f7?s=96&d=mm&r=g\",\"caption\":\"fbf_admin\"}}]}<\/script>\n<!-- \/ Yoast SEO plugin. -->","yoast_head_json":{"title":"L&#8217;opticien fran\u00e7ais Alain Afflelou a rachet\u00e9 Optical Discount - F\u00e9d\u00e9ration Belge de la Franchise","robots":{"index":"index","follow":"follow","max-snippet":"max-snippet:-1","max-image-preview":"max-image-preview:large","max-video-preview":"max-video-preview:-1"},"canonical":"https:\/\/www.fbf-bff.be\/fr\/lopticien-francais-alain-afflelou-a-rachete-optical-discount\/","og_locale":"fr_FR","og_type":"article","og_title":"L&#8217;opticien fran\u00e7ais Alain Afflelou a rachet\u00e9 Optical Discount - F\u00e9d\u00e9ration Belge de la Franchise","og_description":"Rien n'arr\u00eate l'opticien Alain Afflelou qui continue sa campagne d'acquisition. Apr\u00e8s le rachat de 25% de la cha\u00eene portugaise Optivisao en juin dernier (voir notre news d'hier), il annonce le rachat de l'enseigne franchise Optical Discount avec l'ambition de d\u00e9velopper son p\u00f4le de lunettes \u00e0 bas prix dans les trois prochaines ann\u00e9es. \u00a0","og_url":"https:\/\/www.fbf-bff.be\/fr\/lopticien-francais-alain-afflelou-a-rachete-optical-discount\/","og_site_name":"F\u00e9d\u00e9ration Belge de la Franchise","article_published_time":"2015-07-30T22:00:00+00:00","og_image":[{"width":1200,"height":630,"url":"https:\/\/www.fbf-bff.be\/wp-content\/uploads\/2017\/06\/fbf-bff-fb-cover.jpg","type":"image\/jpeg"}],"author":"fbf_admin","twitter_card":"summary_large_image","twitter_misc":{"\u00c9crit par":"fbf_admin","Dur\u00e9e de lecture estim\u00e9e":"1 minute"},"schema":{"@context":"https:\/\/schema.org","@graph":[{"@type":"WebPage","@id":"https:\/\/www.fbf-bff.be\/fr\/lopticien-francais-alain-afflelou-a-rachete-optical-discount\/","url":"https:\/\/www.fbf-bff.be\/fr\/lopticien-francais-alain-afflelou-a-rachete-optical-discount\/","name":"L&#8217;opticien fran\u00e7ais Alain Afflelou a rachet\u00e9 Optical Discount - F\u00e9d\u00e9ration Belge de la Franchise","isPartOf":{"@id":"https:\/\/www.fbf-bff.be\/#website"},"datePublished":"2015-07-30T22:00:00+00:00","dateModified":"2015-07-30T22:00:00+00:00","author":{"@id":"https:\/\/www.fbf-bff.be\/#\/schema\/person\/73a9cbee87288cba2b06e3fc29244fe7"},"breadcrumb":{"@id":"https:\/\/www.fbf-bff.be\/fr\/lopticien-francais-alain-afflelou-a-rachete-optical-discount\/#breadcrumb"},"inLanguage":"fr-FR","potentialAction":[{"@type":"ReadAction","target":["https:\/\/www.fbf-bff.be\/fr\/lopticien-francais-alain-afflelou-a-rachete-optical-discount\/"]}]},{"@type":"BreadcrumbList","@id":"https:\/\/www.fbf-bff.be\/fr\/lopticien-francais-alain-afflelou-a-rachete-optical-discount\/#breadcrumb","itemListElement":[{"@type":"ListItem","position":1,"name":"Home","item":"https:\/\/www.fbf-bff.be\/fr\/"},{"@type":"ListItem","position":2,"name":"L&#8217;opticien fran\u00e7ais Alain Afflelou a rachet\u00e9 Optical Discount"}]},{"@type":"WebSite","@id":"https:\/\/www.fbf-bff.be\/#website","url":"https:\/\/www.fbf-bff.be\/","name":"F\u00e9d\u00e9ration Belge de la Franchise","description":"Pour r\u00e9ussir ensemblee","potentialAction":[{"@type":"SearchAction","target":{"@type":"EntryPoint","urlTemplate":"https:\/\/www.fbf-bff.be\/?s={search_term_string}"},"query-input":{"@type":"PropertyValueSpecification","valueRequired":true,"valueName":"search_term_string"}}],"inLanguage":"fr-FR"},{"@type":"Person","@id":"https:\/\/www.fbf-bff.be\/#\/schema\/person\/73a9cbee87288cba2b06e3fc29244fe7","name":"fbf_admin","image":{"@type":"ImageObject","inLanguage":"fr-FR","@id":"https:\/\/www.fbf-bff.be\/#\/schema\/person\/image\/","url":"https:\/\/secure.gravatar.com\/avatar\/20f6483dbe2a69e0999ddcdd1744b7f7?s=96&d=mm&r=g","contentUrl":"https:\/\/secure.gravatar.com\/avatar\/20f6483dbe2a69e0999ddcdd1744b7f7?s=96&d=mm&r=g","caption":"fbf_admin"}}]}},"_links":{"self":[{"href":"https:\/\/www.fbf-bff.be\/fr\/wp-json\/wp\/v2\/posts\/7802"}],"collection":[{"href":"https:\/\/www.fbf-bff.be\/fr\/wp-json\/wp\/v2\/posts"}],"about":[{"href":"https:\/\/www.fbf-bff.be\/fr\/wp-json\/wp\/v2\/types\/post"}],"author":[{"embeddable":true,"href":"https:\/\/www.fbf-bff.be\/fr\/wp-json\/wp\/v2\/users\/1"}],"replies":[{"embeddable":true,"href":"https:\/\/www.fbf-bff.be\/fr\/wp-json\/wp\/v2\/comments?post=7802"}],"version-history":[{"count":0,"href":"https:\/\/www.fbf-bff.be\/fr\/wp-json\/wp\/v2\/posts\/7802\/revisions"}],"wp:attachment":[{"href":"https:\/\/www.fbf-bff.be\/fr\/wp-json\/wp\/v2\/media?parent=7802"}],"wp:term":[{"taxonomy":"category","embeddable":true,"href":"https:\/\/www.fbf-bff.be\/fr\/wp-json\/wp\/v2\/categories?post=7802"},{"taxonomy":"post_tag","embeddable":true,"href":"https:\/\/www.fbf-bff.be\/fr\/wp-json\/wp\/v2\/tags?post=7802"}],"curies":[{"name":"wp","href":"https:\/\/api.w.org\/{rel}","templated":true}]}}