{"id":7782,"date":"2015-07-20T00:00:00","date_gmt":"2015-07-19T22:00:00","guid":{"rendered":"https:\/\/www.fbf-bff.be\/carrefour-ventes-stables-en-belgique-au-second-trimestre-2015\/"},"modified":"2015-07-20T00:00:00","modified_gmt":"2015-07-19T22:00:00","slug":"carrefour-ventes-stables-en-belgique-au-second-trimestre-2015","status":"publish","type":"post","link":"https:\/\/www.fbf-bff.be\/fr\/carrefour-ventes-stables-en-belgique-au-second-trimestre-2015\/","title":{"rendered":"Carrefour : Ventes stables en Belgique au second trimestre 2015"},"content":{"rendered":"<p> <\/p><p>Carrefour vient de publier les r\u00e9sultats de ses ventes du premier semestre et du second trimestre 2015. <\/p><p> <\/p><p>Premier semestre 2015 <\/p><p>Au cours de ce 1er semestre 2015, le chiffre d&rsquo;affaires du groupe a atteint les \u20ac 42,3 milliards, soit une croissance de 5% au total (2,9% en organique *). <\/p><p> <\/p><p>La France qui repr\u00e9sente 46,5% du chiffre d&rsquo;affaires global enregistre une croissance organique de 1,8% (1,7% \u00e0 magasins comparables) et l&rsquo;international (53,5% du CA) montre une croissance de 3,7% en organique (2,2% \u00e0 magasins comparables). <\/p><p> <\/p><p>La Belgique quant \u00e0 elle enregistre un faible replis de 0,4%\u00e0 taux de change constants et courants de ses ventes et une croissance de 1% \u00e0 magasins comparables. <\/p><p> <\/p><p>Second trimestre 2015 <\/p><p>Le chiffre d&rsquo;affaires du groupe atteint \u20ac 21,369 milliards, soit une croissance organique de 2,6%, pouss\u00e9 par l&rsquo;international et tout sp\u00e9cialement l&rsquo;Am\u00e9rique latine (Br\u00e9sil) avec une croissance de 10,1% \u00e0 magasins comparables\/ <\/p><p> <\/p><p>En Belgique, les ventes comparables sont stables sur une base de comparaison \u00e9lev\u00e9e en 2014 (Coupe du monde de football) alors qu&rsquo;elles enregistrent une faible baisse de 0,6% \u00e0 taux de change constants et courants. <\/p><p> <\/p><p>Le groupe au second trimestre a vu son parc de magasins augmenter de 120.000 m\u00b2 et de 627.000 m\u00b2 net au cours du 1er semestre.  <\/p><p> <\/p><p>Net de cessions ou de fermetures, le parc a augment\u00e9 de 225 magasins au second trimestre 2015 pour atteindre un parc de 11.910 magasins \u00e0 la fin juin. <\/p><p> <\/p><p>(*) croissance organique : croissance \u00e0 magasins comparables plus ouvertures nettes sur les 12 derniers mois, fermetures temporaires incluses. Elle s&rsquo;entend \u00e0 changes constants.<\/p><p>rl.<\/p>","protected":false},"excerpt":{"rendered":"<p>Carrefour vient de publier les r\u00e9sultats de ses ventes du premier semestre et du second trimestre 2015.<\/p>\n","protected":false},"author":1,"featured_media":0,"comment_status":"closed","ping_status":"open","sticky":false,"template":"","format":"standard","meta":{"ngg_post_thumbnail":0,"footnotes":""},"categories":[37],"tags":[],"acf":[],"yoast_head":"<!-- This site is optimized with the Yoast SEO plugin v23.5 - https:\/\/yoast.com\/wordpress\/plugins\/seo\/ -->\n<title>Carrefour : Ventes stables en Belgique au second trimestre 2015 - F\u00e9d\u00e9ration Belge de la Franchise<\/title>\n<meta name=\"robots\" content=\"index, follow, max-snippet:-1, max-image-preview:large, max-video-preview:-1\" \/>\n<link rel=\"canonical\" href=\"https:\/\/www.fbf-bff.be\/fr\/carrefour-ventes-stables-en-belgique-au-second-trimestre-2015\/\" \/>\n<meta property=\"og:locale\" content=\"fr_FR\" \/>\n<meta property=\"og:type\" content=\"article\" \/>\n<meta property=\"og:title\" content=\"Carrefour : Ventes stables en Belgique au second trimestre 2015 - F\u00e9d\u00e9ration Belge de la Franchise\" \/>\n<meta property=\"og:description\" content=\"Carrefour vient de publier les r\u00e9sultats de ses ventes du premier semestre et du second trimestre 2015.\" \/>\n<meta property=\"og:url\" content=\"https:\/\/www.fbf-bff.be\/fr\/carrefour-ventes-stables-en-belgique-au-second-trimestre-2015\/\" \/>\n<meta property=\"og:site_name\" content=\"F\u00e9d\u00e9ration Belge de la Franchise\" \/>\n<meta property=\"article:published_time\" content=\"2015-07-19T22:00:00+00:00\" \/>\n<meta property=\"og:image\" content=\"https:\/\/www.fbf-bff.be\/wp-content\/uploads\/2017\/06\/fbf-bff-fb-cover.jpg\" \/>\n\t<meta property=\"og:image:width\" content=\"1200\" \/>\n\t<meta property=\"og:image:height\" content=\"630\" \/>\n\t<meta property=\"og:image:type\" content=\"image\/jpeg\" \/>\n<meta name=\"author\" content=\"fbf_admin\" \/>\n<meta name=\"twitter:card\" content=\"summary_large_image\" \/>\n<meta name=\"twitter:label1\" content=\"\u00c9crit par\" \/>\n\t<meta name=\"twitter:data1\" content=\"fbf_admin\" \/>\n\t<meta name=\"twitter:label2\" content=\"Dur\u00e9e de lecture estim\u00e9e\" \/>\n\t<meta name=\"twitter:data2\" content=\"1 minute\" \/>\n<script type=\"application\/ld+json\" class=\"yoast-schema-graph\">{\"@context\":\"https:\/\/schema.org\",\"@graph\":[{\"@type\":\"WebPage\",\"@id\":\"https:\/\/www.fbf-bff.be\/fr\/carrefour-ventes-stables-en-belgique-au-second-trimestre-2015\/\",\"url\":\"https:\/\/www.fbf-bff.be\/fr\/carrefour-ventes-stables-en-belgique-au-second-trimestre-2015\/\",\"name\":\"Carrefour : Ventes stables en Belgique au second trimestre 2015 - F\u00e9d\u00e9ration Belge de la Franchise\",\"isPartOf\":{\"@id\":\"https:\/\/www.fbf-bff.be\/#website\"},\"datePublished\":\"2015-07-19T22:00:00+00:00\",\"dateModified\":\"2015-07-19T22:00:00+00:00\",\"author\":{\"@id\":\"https:\/\/www.fbf-bff.be\/#\/schema\/person\/73a9cbee87288cba2b06e3fc29244fe7\"},\"breadcrumb\":{\"@id\":\"https:\/\/www.fbf-bff.be\/fr\/carrefour-ventes-stables-en-belgique-au-second-trimestre-2015\/#breadcrumb\"},\"inLanguage\":\"fr-FR\",\"potentialAction\":[{\"@type\":\"ReadAction\",\"target\":[\"https:\/\/www.fbf-bff.be\/fr\/carrefour-ventes-stables-en-belgique-au-second-trimestre-2015\/\"]}]},{\"@type\":\"BreadcrumbList\",\"@id\":\"https:\/\/www.fbf-bff.be\/fr\/carrefour-ventes-stables-en-belgique-au-second-trimestre-2015\/#breadcrumb\",\"itemListElement\":[{\"@type\":\"ListItem\",\"position\":1,\"name\":\"Home\",\"item\":\"https:\/\/www.fbf-bff.be\/fr\/\"},{\"@type\":\"ListItem\",\"position\":2,\"name\":\"Carrefour : Ventes stables en Belgique au second trimestre 2015\"}]},{\"@type\":\"WebSite\",\"@id\":\"https:\/\/www.fbf-bff.be\/#website\",\"url\":\"https:\/\/www.fbf-bff.be\/\",\"name\":\"F\u00e9d\u00e9ration Belge de la Franchise\",\"description\":\"Pour r\u00e9ussir ensemblee\",\"potentialAction\":[{\"@type\":\"SearchAction\",\"target\":{\"@type\":\"EntryPoint\",\"urlTemplate\":\"https:\/\/www.fbf-bff.be\/?s={search_term_string}\"},\"query-input\":{\"@type\":\"PropertyValueSpecification\",\"valueRequired\":true,\"valueName\":\"search_term_string\"}}],\"inLanguage\":\"fr-FR\"},{\"@type\":\"Person\",\"@id\":\"https:\/\/www.fbf-bff.be\/#\/schema\/person\/73a9cbee87288cba2b06e3fc29244fe7\",\"name\":\"fbf_admin\",\"image\":{\"@type\":\"ImageObject\",\"inLanguage\":\"fr-FR\",\"@id\":\"https:\/\/www.fbf-bff.be\/#\/schema\/person\/image\/\",\"url\":\"https:\/\/secure.gravatar.com\/avatar\/20f6483dbe2a69e0999ddcdd1744b7f7?s=96&d=mm&r=g\",\"contentUrl\":\"https:\/\/secure.gravatar.com\/avatar\/20f6483dbe2a69e0999ddcdd1744b7f7?s=96&d=mm&r=g\",\"caption\":\"fbf_admin\"}}]}<\/script>\n<!-- \/ Yoast SEO plugin. -->","yoast_head_json":{"title":"Carrefour : Ventes stables en Belgique au second trimestre 2015 - F\u00e9d\u00e9ration Belge de la Franchise","robots":{"index":"index","follow":"follow","max-snippet":"max-snippet:-1","max-image-preview":"max-image-preview:large","max-video-preview":"max-video-preview:-1"},"canonical":"https:\/\/www.fbf-bff.be\/fr\/carrefour-ventes-stables-en-belgique-au-second-trimestre-2015\/","og_locale":"fr_FR","og_type":"article","og_title":"Carrefour : Ventes stables en Belgique au second trimestre 2015 - F\u00e9d\u00e9ration Belge de la Franchise","og_description":"Carrefour vient de publier les r\u00e9sultats de ses ventes du premier semestre et du second trimestre 2015.","og_url":"https:\/\/www.fbf-bff.be\/fr\/carrefour-ventes-stables-en-belgique-au-second-trimestre-2015\/","og_site_name":"F\u00e9d\u00e9ration Belge de la Franchise","article_published_time":"2015-07-19T22:00:00+00:00","og_image":[{"width":1200,"height":630,"url":"https:\/\/www.fbf-bff.be\/wp-content\/uploads\/2017\/06\/fbf-bff-fb-cover.jpg","type":"image\/jpeg"}],"author":"fbf_admin","twitter_card":"summary_large_image","twitter_misc":{"\u00c9crit par":"fbf_admin","Dur\u00e9e de lecture estim\u00e9e":"1 minute"},"schema":{"@context":"https:\/\/schema.org","@graph":[{"@type":"WebPage","@id":"https:\/\/www.fbf-bff.be\/fr\/carrefour-ventes-stables-en-belgique-au-second-trimestre-2015\/","url":"https:\/\/www.fbf-bff.be\/fr\/carrefour-ventes-stables-en-belgique-au-second-trimestre-2015\/","name":"Carrefour : Ventes stables en Belgique au second trimestre 2015 - F\u00e9d\u00e9ration Belge de la Franchise","isPartOf":{"@id":"https:\/\/www.fbf-bff.be\/#website"},"datePublished":"2015-07-19T22:00:00+00:00","dateModified":"2015-07-19T22:00:00+00:00","author":{"@id":"https:\/\/www.fbf-bff.be\/#\/schema\/person\/73a9cbee87288cba2b06e3fc29244fe7"},"breadcrumb":{"@id":"https:\/\/www.fbf-bff.be\/fr\/carrefour-ventes-stables-en-belgique-au-second-trimestre-2015\/#breadcrumb"},"inLanguage":"fr-FR","potentialAction":[{"@type":"ReadAction","target":["https:\/\/www.fbf-bff.be\/fr\/carrefour-ventes-stables-en-belgique-au-second-trimestre-2015\/"]}]},{"@type":"BreadcrumbList","@id":"https:\/\/www.fbf-bff.be\/fr\/carrefour-ventes-stables-en-belgique-au-second-trimestre-2015\/#breadcrumb","itemListElement":[{"@type":"ListItem","position":1,"name":"Home","item":"https:\/\/www.fbf-bff.be\/fr\/"},{"@type":"ListItem","position":2,"name":"Carrefour : Ventes stables en Belgique au second trimestre 2015"}]},{"@type":"WebSite","@id":"https:\/\/www.fbf-bff.be\/#website","url":"https:\/\/www.fbf-bff.be\/","name":"F\u00e9d\u00e9ration Belge de la Franchise","description":"Pour r\u00e9ussir ensemblee","potentialAction":[{"@type":"SearchAction","target":{"@type":"EntryPoint","urlTemplate":"https:\/\/www.fbf-bff.be\/?s={search_term_string}"},"query-input":{"@type":"PropertyValueSpecification","valueRequired":true,"valueName":"search_term_string"}}],"inLanguage":"fr-FR"},{"@type":"Person","@id":"https:\/\/www.fbf-bff.be\/#\/schema\/person\/73a9cbee87288cba2b06e3fc29244fe7","name":"fbf_admin","image":{"@type":"ImageObject","inLanguage":"fr-FR","@id":"https:\/\/www.fbf-bff.be\/#\/schema\/person\/image\/","url":"https:\/\/secure.gravatar.com\/avatar\/20f6483dbe2a69e0999ddcdd1744b7f7?s=96&d=mm&r=g","contentUrl":"https:\/\/secure.gravatar.com\/avatar\/20f6483dbe2a69e0999ddcdd1744b7f7?s=96&d=mm&r=g","caption":"fbf_admin"}}]}},"_links":{"self":[{"href":"https:\/\/www.fbf-bff.be\/fr\/wp-json\/wp\/v2\/posts\/7782"}],"collection":[{"href":"https:\/\/www.fbf-bff.be\/fr\/wp-json\/wp\/v2\/posts"}],"about":[{"href":"https:\/\/www.fbf-bff.be\/fr\/wp-json\/wp\/v2\/types\/post"}],"author":[{"embeddable":true,"href":"https:\/\/www.fbf-bff.be\/fr\/wp-json\/wp\/v2\/users\/1"}],"replies":[{"embeddable":true,"href":"https:\/\/www.fbf-bff.be\/fr\/wp-json\/wp\/v2\/comments?post=7782"}],"version-history":[{"count":0,"href":"https:\/\/www.fbf-bff.be\/fr\/wp-json\/wp\/v2\/posts\/7782\/revisions"}],"wp:attachment":[{"href":"https:\/\/www.fbf-bff.be\/fr\/wp-json\/wp\/v2\/media?parent=7782"}],"wp:term":[{"taxonomy":"category","embeddable":true,"href":"https:\/\/www.fbf-bff.be\/fr\/wp-json\/wp\/v2\/categories?post=7782"},{"taxonomy":"post_tag","embeddable":true,"href":"https:\/\/www.fbf-bff.be\/fr\/wp-json\/wp\/v2\/tags?post=7782"}],"curies":[{"name":"wp","href":"https:\/\/api.w.org\/{rel}","templated":true}]}}