{"id":7770,"date":"2015-07-15T00:00:00","date_gmt":"2015-07-14T22:00:00","guid":{"rendered":"https:\/\/www.fbf-bff.be\/comeos-soldes-10-apres-deux-semaines\/"},"modified":"2015-07-15T00:00:00","modified_gmt":"2015-07-14T22:00:00","slug":"comeos-soldes-10-apres-deux-semaines","status":"publish","type":"post","link":"https:\/\/www.fbf-bff.be\/fr\/comeos-soldes-10-apres-deux-semaines\/","title":{"rendered":"Comeos : Soldes, +10% apr\u00e8s deux semaines"},"content":{"rendered":"<p> <\/p><p>Les deux premi\u00e8res semaines de soldes furent un succ\u00e8s : les commer\u00e7ants notent une hausse du chiffre d\u2019affaires de 10%. C\u2019est ce que r\u00e9v\u00e8le un sondage de Comeos, la f\u00e9d\u00e9ration du commerce et des services. <\/p><p> <\/p><p>Le temps chaud des premiers jours de soldes s\u2019est av\u00e9r\u00e9 b\u00e9n\u00e9fique pour les commer\u00e7ants : les clients ont recherch\u00e9 la fra\u00eecheur dans les magasins \u00e9quip\u00e9s d\u2019un syst\u00e8me de conditionnement d\u2019air. De plus, ils ont achet\u00e9 directement beaucoup d\u2019articles : les sacs \u00e9taient bien remplis. C\u2019est ainsi que les commer\u00e7ants notent une progression du chiffre d\u2019affaires de 10%. Ce chiffre est confirm\u00e9 par Worldline : le nombre de transactions a augment\u00e9 de 8% par rapport \u00e0 celles des deux premi\u00e8res semaines de soldes de l\u2019ann\u00e9e derni\u00e8re. <\/p><p> <\/p><p>Les articles d\u2019\u00e9t\u00e9 se vendent comme des petits pains <\/p><p>Gr\u00e2ce au temps majoritairement estival, les articles d\u2019\u00e9t\u00e9 se sont vendus comme des petits pains. Ce sont surtout les articles peu co\u00fbteux, comme les T-shirts et les shorts, qui ont connu un franc succ\u00e8s. Les stocks s\u2019\u00e9puisent peu \u00e0 peu. Par cons\u00e9quent, ceux et celles qui veulent encore pouvoir enfiler un chouette T-shirt cet \u00e9t\u00e9 ne doivent plus tra\u00eener. <\/p><p> <\/p><p>Deuxi\u00e8me d\u00e9marque : r\u00e9duction suppl\u00e9mentaire sur les blazers et les pantalons <\/p><p>Les soldes se poursuivent jusqu\u2019\u00e0 la fin du mois. Gr\u00e2ce \u00e0 la deuxi\u00e8me d\u00e9marque, les prix des articles sold\u00e9s baissent encore. De plus, il subsiste encore de nombreux articles classiques, comme les blazers et les pantalons, dans les rayons. \u00c0 noter que la nouvelle collection se vend bien \u00e9galement. <\/p><p> <span style=\"font-size: 1.25em;line-height: 1.42857143\">Source : Comeos<\/span><\/p>","protected":false},"excerpt":{"rendered":"<\/p>\n<p>Les deux premi\u00e8res semaines de soldes furent un succ\u00e8s : les commer\u00e7ants notent une hausse du chiffre d\u2019affaires de 10%. C\u2019est ce que r\u00e9v\u00e8le un sondage de Comeos, la f\u00e9d\u00e9ration du commerce et des services.<\/p>\n","protected":false},"author":1,"featured_media":0,"comment_status":"closed","ping_status":"open","sticky":false,"template":"","format":"standard","meta":{"ngg_post_thumbnail":0,"footnotes":""},"categories":[37],"tags":[],"acf":[],"yoast_head":"<!-- This site is optimized with the Yoast SEO plugin v23.5 - https:\/\/yoast.com\/wordpress\/plugins\/seo\/ -->\n<title>Comeos : Soldes, +10% apr\u00e8s deux semaines - F\u00e9d\u00e9ration Belge de la Franchise<\/title>\n<meta name=\"robots\" content=\"index, follow, max-snippet:-1, max-image-preview:large, max-video-preview:-1\" \/>\n<link rel=\"canonical\" href=\"https:\/\/www.fbf-bff.be\/fr\/comeos-soldes-10-apres-deux-semaines\/\" \/>\n<meta property=\"og:locale\" content=\"fr_FR\" \/>\n<meta property=\"og:type\" content=\"article\" \/>\n<meta property=\"og:title\" content=\"Comeos : Soldes, +10% apr\u00e8s deux semaines - F\u00e9d\u00e9ration Belge de la Franchise\" \/>\n<meta property=\"og:description\" content=\"Les deux premi\u00e8res semaines de soldes furent un succ\u00e8s : les commer\u00e7ants notent une hausse du chiffre d\u2019affaires de 10%. C\u2019est ce que r\u00e9v\u00e8le un sondage de Comeos, la f\u00e9d\u00e9ration du commerce et des services.\" \/>\n<meta property=\"og:url\" content=\"https:\/\/www.fbf-bff.be\/fr\/comeos-soldes-10-apres-deux-semaines\/\" \/>\n<meta property=\"og:site_name\" content=\"F\u00e9d\u00e9ration Belge de la Franchise\" \/>\n<meta property=\"article:published_time\" content=\"2015-07-14T22:00:00+00:00\" \/>\n<meta property=\"og:image\" content=\"https:\/\/www.fbf-bff.be\/wp-content\/uploads\/2017\/06\/fbf-bff-fb-cover.jpg\" \/>\n\t<meta property=\"og:image:width\" content=\"1200\" \/>\n\t<meta property=\"og:image:height\" content=\"630\" \/>\n\t<meta property=\"og:image:type\" content=\"image\/jpeg\" \/>\n<meta name=\"author\" content=\"fbf_admin\" \/>\n<meta name=\"twitter:card\" content=\"summary_large_image\" \/>\n<meta name=\"twitter:label1\" content=\"\u00c9crit par\" \/>\n\t<meta name=\"twitter:data1\" content=\"fbf_admin\" \/>\n\t<meta name=\"twitter:label2\" content=\"Dur\u00e9e de lecture estim\u00e9e\" \/>\n\t<meta name=\"twitter:data2\" content=\"1 minute\" \/>\n<script type=\"application\/ld+json\" class=\"yoast-schema-graph\">{\"@context\":\"https:\/\/schema.org\",\"@graph\":[{\"@type\":\"WebPage\",\"@id\":\"https:\/\/www.fbf-bff.be\/fr\/comeos-soldes-10-apres-deux-semaines\/\",\"url\":\"https:\/\/www.fbf-bff.be\/fr\/comeos-soldes-10-apres-deux-semaines\/\",\"name\":\"Comeos : Soldes, +10% apr\u00e8s deux semaines - F\u00e9d\u00e9ration Belge de la Franchise\",\"isPartOf\":{\"@id\":\"https:\/\/www.fbf-bff.be\/#website\"},\"datePublished\":\"2015-07-14T22:00:00+00:00\",\"dateModified\":\"2015-07-14T22:00:00+00:00\",\"author\":{\"@id\":\"https:\/\/www.fbf-bff.be\/#\/schema\/person\/73a9cbee87288cba2b06e3fc29244fe7\"},\"breadcrumb\":{\"@id\":\"https:\/\/www.fbf-bff.be\/fr\/comeos-soldes-10-apres-deux-semaines\/#breadcrumb\"},\"inLanguage\":\"fr-FR\",\"potentialAction\":[{\"@type\":\"ReadAction\",\"target\":[\"https:\/\/www.fbf-bff.be\/fr\/comeos-soldes-10-apres-deux-semaines\/\"]}]},{\"@type\":\"BreadcrumbList\",\"@id\":\"https:\/\/www.fbf-bff.be\/fr\/comeos-soldes-10-apres-deux-semaines\/#breadcrumb\",\"itemListElement\":[{\"@type\":\"ListItem\",\"position\":1,\"name\":\"Home\",\"item\":\"https:\/\/www.fbf-bff.be\/fr\/\"},{\"@type\":\"ListItem\",\"position\":2,\"name\":\"Comeos : Soldes, +10% apr\u00e8s deux semaines\"}]},{\"@type\":\"WebSite\",\"@id\":\"https:\/\/www.fbf-bff.be\/#website\",\"url\":\"https:\/\/www.fbf-bff.be\/\",\"name\":\"F\u00e9d\u00e9ration Belge de la Franchise\",\"description\":\"Pour r\u00e9ussir ensemblee\",\"potentialAction\":[{\"@type\":\"SearchAction\",\"target\":{\"@type\":\"EntryPoint\",\"urlTemplate\":\"https:\/\/www.fbf-bff.be\/?s={search_term_string}\"},\"query-input\":{\"@type\":\"PropertyValueSpecification\",\"valueRequired\":true,\"valueName\":\"search_term_string\"}}],\"inLanguage\":\"fr-FR\"},{\"@type\":\"Person\",\"@id\":\"https:\/\/www.fbf-bff.be\/#\/schema\/person\/73a9cbee87288cba2b06e3fc29244fe7\",\"name\":\"fbf_admin\",\"image\":{\"@type\":\"ImageObject\",\"inLanguage\":\"fr-FR\",\"@id\":\"https:\/\/www.fbf-bff.be\/#\/schema\/person\/image\/\",\"url\":\"https:\/\/secure.gravatar.com\/avatar\/20f6483dbe2a69e0999ddcdd1744b7f7?s=96&d=mm&r=g\",\"contentUrl\":\"https:\/\/secure.gravatar.com\/avatar\/20f6483dbe2a69e0999ddcdd1744b7f7?s=96&d=mm&r=g\",\"caption\":\"fbf_admin\"}}]}<\/script>\n<!-- \/ Yoast SEO plugin. -->","yoast_head_json":{"title":"Comeos : Soldes, +10% apr\u00e8s deux semaines - F\u00e9d\u00e9ration Belge de la Franchise","robots":{"index":"index","follow":"follow","max-snippet":"max-snippet:-1","max-image-preview":"max-image-preview:large","max-video-preview":"max-video-preview:-1"},"canonical":"https:\/\/www.fbf-bff.be\/fr\/comeos-soldes-10-apres-deux-semaines\/","og_locale":"fr_FR","og_type":"article","og_title":"Comeos : Soldes, +10% apr\u00e8s deux semaines - F\u00e9d\u00e9ration Belge de la Franchise","og_description":"Les deux premi\u00e8res semaines de soldes furent un succ\u00e8s : les commer\u00e7ants notent une hausse du chiffre d\u2019affaires de 10%. C\u2019est ce que r\u00e9v\u00e8le un sondage de Comeos, la f\u00e9d\u00e9ration du commerce et des services.","og_url":"https:\/\/www.fbf-bff.be\/fr\/comeos-soldes-10-apres-deux-semaines\/","og_site_name":"F\u00e9d\u00e9ration Belge de la Franchise","article_published_time":"2015-07-14T22:00:00+00:00","og_image":[{"width":1200,"height":630,"url":"https:\/\/www.fbf-bff.be\/wp-content\/uploads\/2017\/06\/fbf-bff-fb-cover.jpg","type":"image\/jpeg"}],"author":"fbf_admin","twitter_card":"summary_large_image","twitter_misc":{"\u00c9crit par":"fbf_admin","Dur\u00e9e de lecture estim\u00e9e":"1 minute"},"schema":{"@context":"https:\/\/schema.org","@graph":[{"@type":"WebPage","@id":"https:\/\/www.fbf-bff.be\/fr\/comeos-soldes-10-apres-deux-semaines\/","url":"https:\/\/www.fbf-bff.be\/fr\/comeos-soldes-10-apres-deux-semaines\/","name":"Comeos : Soldes, +10% apr\u00e8s deux semaines - F\u00e9d\u00e9ration Belge de la Franchise","isPartOf":{"@id":"https:\/\/www.fbf-bff.be\/#website"},"datePublished":"2015-07-14T22:00:00+00:00","dateModified":"2015-07-14T22:00:00+00:00","author":{"@id":"https:\/\/www.fbf-bff.be\/#\/schema\/person\/73a9cbee87288cba2b06e3fc29244fe7"},"breadcrumb":{"@id":"https:\/\/www.fbf-bff.be\/fr\/comeos-soldes-10-apres-deux-semaines\/#breadcrumb"},"inLanguage":"fr-FR","potentialAction":[{"@type":"ReadAction","target":["https:\/\/www.fbf-bff.be\/fr\/comeos-soldes-10-apres-deux-semaines\/"]}]},{"@type":"BreadcrumbList","@id":"https:\/\/www.fbf-bff.be\/fr\/comeos-soldes-10-apres-deux-semaines\/#breadcrumb","itemListElement":[{"@type":"ListItem","position":1,"name":"Home","item":"https:\/\/www.fbf-bff.be\/fr\/"},{"@type":"ListItem","position":2,"name":"Comeos : Soldes, +10% apr\u00e8s deux semaines"}]},{"@type":"WebSite","@id":"https:\/\/www.fbf-bff.be\/#website","url":"https:\/\/www.fbf-bff.be\/","name":"F\u00e9d\u00e9ration Belge de la Franchise","description":"Pour r\u00e9ussir ensemblee","potentialAction":[{"@type":"SearchAction","target":{"@type":"EntryPoint","urlTemplate":"https:\/\/www.fbf-bff.be\/?s={search_term_string}"},"query-input":{"@type":"PropertyValueSpecification","valueRequired":true,"valueName":"search_term_string"}}],"inLanguage":"fr-FR"},{"@type":"Person","@id":"https:\/\/www.fbf-bff.be\/#\/schema\/person\/73a9cbee87288cba2b06e3fc29244fe7","name":"fbf_admin","image":{"@type":"ImageObject","inLanguage":"fr-FR","@id":"https:\/\/www.fbf-bff.be\/#\/schema\/person\/image\/","url":"https:\/\/secure.gravatar.com\/avatar\/20f6483dbe2a69e0999ddcdd1744b7f7?s=96&d=mm&r=g","contentUrl":"https:\/\/secure.gravatar.com\/avatar\/20f6483dbe2a69e0999ddcdd1744b7f7?s=96&d=mm&r=g","caption":"fbf_admin"}}]}},"_links":{"self":[{"href":"https:\/\/www.fbf-bff.be\/fr\/wp-json\/wp\/v2\/posts\/7770"}],"collection":[{"href":"https:\/\/www.fbf-bff.be\/fr\/wp-json\/wp\/v2\/posts"}],"about":[{"href":"https:\/\/www.fbf-bff.be\/fr\/wp-json\/wp\/v2\/types\/post"}],"author":[{"embeddable":true,"href":"https:\/\/www.fbf-bff.be\/fr\/wp-json\/wp\/v2\/users\/1"}],"replies":[{"embeddable":true,"href":"https:\/\/www.fbf-bff.be\/fr\/wp-json\/wp\/v2\/comments?post=7770"}],"version-history":[{"count":0,"href":"https:\/\/www.fbf-bff.be\/fr\/wp-json\/wp\/v2\/posts\/7770\/revisions"}],"wp:attachment":[{"href":"https:\/\/www.fbf-bff.be\/fr\/wp-json\/wp\/v2\/media?parent=7770"}],"wp:term":[{"taxonomy":"category","embeddable":true,"href":"https:\/\/www.fbf-bff.be\/fr\/wp-json\/wp\/v2\/categories?post=7770"},{"taxonomy":"post_tag","embeddable":true,"href":"https:\/\/www.fbf-bff.be\/fr\/wp-json\/wp\/v2\/tags?post=7770"}],"curies":[{"name":"wp","href":"https:\/\/api.w.org\/{rel}","templated":true}]}}