{"id":7762,"date":"2015-07-06T00:00:00","date_gmt":"2015-07-05T22:00:00","guid":{"rendered":"https:\/\/www.fbf-bff.be\/rubrique-du-groupe-s-trop-chaud-pour-travailler-regles-a-respecter\/"},"modified":"2015-07-06T00:00:00","modified_gmt":"2015-07-05T22:00:00","slug":"rubrique-du-groupe-s-trop-chaud-pour-travailler-regles-a-respecter","status":"publish","type":"post","link":"https:\/\/www.fbf-bff.be\/fr\/rubrique-du-groupe-s-trop-chaud-pour-travailler-regles-a-respecter\/","title":{"rendered":"Rubrique du Groupe S : Trop chaud pour travailler : r\u00e8gles \u00e0 respecter"},"content":{"rendered":"<p> <\/p><p> <\/p><p><span style=\"font-size: 1.25em;line-height: 1.42857143\"><\/span><\/p><p>Effectuer une analyse des risques <\/p><p> <span style=\"font-size: 1.25em;line-height: 1.42857143\">Vous devez effectuer une analyse des risques des ambiances thermiques pr\u00e9sentes sur le lieu de travail en tenant compte des \u00e9l\u00e9ments suivants :\u00a0<\/span><\/p><p>la temp\u00e9rature de l&rsquo;air ; <\/p><p>l&rsquo;humidit\u00e9 relative de l&rsquo;air ; <\/p><p>la vitesse de l\u2019air ; <\/p><p>le rayonnement thermique d\u00fb au soleil ou aux conditions technologiques ; <\/p><p>la charge physique de travail ; <\/p><p>les m\u00e9thodes de travail et les \u00e9quipements de travail utilis\u00e9s ; <\/p><p>les caract\u00e9ristiques des v\u00eatements de travail et des \u00e9quipements de protection individuelle ; <\/p><p>la combinaison de l&rsquo;ensemble de ces facteurs. <\/p><p>Vous devez \u00e9valuer les ambiances thermiques et, si n\u00e9cessaire, les mesure conform\u00e9ment aux m\u00e9thodes de mesurage et de calcul d\u00e9termin\u00e9es apr\u00e8s avis du conseiller en pr\u00e9vention-m\u00e9decin du travail ou du conseiller en pr\u00e9vention hygi\u00e8ne du travail et apr\u00e8s accord du comit\u00e9 pour la pr\u00e9vention et la protection au travail ou, \u00e0 d\u00e9faut de celui-ci, de la d\u00e9l\u00e9gation syndicale ou, \u00e0 d\u00e9faut de celle-ci, des travailleurs eux-m\u00eames. <\/p><p> <\/p><p>Ensuite, vous devez d\u00e9terminer, sur la base de l\u2019analyse des risques, les mesures de pr\u00e9vention ad\u00e9quates. <\/p><p> <\/p><p>A partir de quelles temp\u00e9ratures fait-il trop chaud pour travailler ? <\/p><p> <\/p><p>Le fait qu\u2019il fasse trop chaud pour travailleur ne d\u00e9pend pas seulement de la temp\u00e9rature mais est \u00e9galement d\u00e9termin\u00e9 par l\u2019humidit\u00e9 de l\u2019air, la vitesse de l\u2019air et le rayonnement thermique. Tous ces \u00e9l\u00e9ments doivent \u00eatre mesur\u00e9s au moyen d\u2019un \u201cthermom\u00e8tre-globe mouill\u00e9\u201d qui exprime la chaleur pr\u00e9sente sous forme de \u201cWet Bulb Globe Temperature\u201d (WBGT), une temp\u00e9rature qui sera toujours inf\u00e9rieure de quelques degr\u00e9s par rapport \u00e0 la temp\u00e9rature celcius. <\/p><p> <\/p><p>Les valeurs \u00e0 ne pas d\u00e9passer en fonction du travail \u00e0 effectuer, sont les suivantes : <\/p><p>\u00a0 <\/p><p>Travail l\u00e9ger ou tr\u00e8s l\u00e9ger : 29 <\/p><p>Travail moyen : 26 <\/p><p>Travail lourd : 22 <\/p><p>Travail tr\u00e8s lourd :18 <\/p><p> <\/p><p>\u00a0 <\/p><p>Quelles sont les mesures \u00e0 prendre quand il fait trop chaud? <\/p><p> <\/p><p>Lorsque les valeurs WBGT sont susceptibles de d\u00e9passer les valeurs fix\u00e9es, vous devez prendre les mesures techniques et organisationnelles afin de pr\u00e9venir ou de limiter l\u2019exposition \u00e0 la chaleur et les risques qui en d\u00e9coulent. <\/p><p> <\/p><p>Ces mesures peuvent \u00eatre les suivantes : <\/p><p>\u00a0 <\/p><p>des mesures techniques telles que par exemple l\u2019am\u00e9nagement d\u2019une ventilation artificielle, la captation et l\u2019\u00e9vacuation de vapeurs ou de gaz chauds et humides, la pose de cloisons r\u00e9fl\u00e9chissantes, etc. ; <\/p><p>la diminution de la charge de travail physique par l\u2019utilisation d\u2019\u00e9quipements et de m\u00e9thodes de travail adapt\u00e9s ; <\/p><p>la limitation de la dur\u00e9e et de l\u2019intensit\u00e9 de l\u2019exposition ; <\/p><p>l\u2019adaptation des horaires de travail ou de l\u2019organisation du travail ; <\/p><p>la fourniture de v\u00eatements de travail de protection ; <\/p><p>la mise \u00e0 disposition gratuite de boissons rafra\u00eechissantes ; <\/p><p>\u2026 <\/p><p>\u00a0 <\/p><p>Dans certains cas, la r\u00e9glementation pr\u00e9cise les mesures que vous \u00eates oblig\u00e9 de prendre. Lorsque la transgression des valeurs d\u2019action est due aux conditions m\u00e9t\u00e9orologiques &#8211; comme ce fut le cas derni\u00e8rement et encore dans les semaines \u00e0 venir \u2013 vous \u00eates oblig\u00e9 de prendre les mesures suivantes : <\/p><p>si le d\u00e9passement des valeurs se maintient, dans les 48 heures suivant la constatation du d\u00e9passement, installer un dispositif d\u2019a\u00e9ration artificielle ; <\/p><p>si les d\u00e9passements perdurent au-del\u00e0 de ce d\u00e9lai de 48 heures, instaurer un r\u00e9gime de pr\u00e9sence limit\u00e9e et de temps de repos ; <\/p><p>assurer la distribution de boissons rafra\u00eechissantes, sans frais pour les travailleurs, apr\u00e8s avis du conseiller en pr\u00e9vention-m\u00e9decin du travail ; <\/p><p>en plus, prot\u00e9ger les travailleurs contre les rayonnements solaires : cela peut \u00eatre r\u00e9alis\u00e9 par un syst\u00e8me de protection mat\u00e9rielle ou par l\u2019adaptation de l\u2019organisation du travail. Si les travailleurs sont directement expos\u00e9s aux rayonnements solaires, ils doivent pouvoir disposer de moyens de protection personnels ou collectifs (par exemple : cr\u00e8me solaire, chapeau, etc.). <\/p><p>A moins que vous puissiez faire valoir que vous appliquez certaines normes ISO qui imposent le respect de r\u00e8gles en mati\u00e8re de pr\u00e9sence limit\u00e9e et de temps de repos quand il fait trop chaud pour travailler, vous \u00eates tenu de demander, pr\u00e9alablement \u00e0 l\u2019instauration d\u2019un r\u00e9gime de pr\u00e9sence limit\u00e9e et de temps de repos, l\u2019avis du conseiller en pr\u00e9vention-m\u00e9decin du travail et d\u2019obtenir l\u2019accord du comit\u00e9 pour la pr\u00e9vention et la protection au travail et, \u00e0 d\u00e9faut de celui-ci, de la d\u00e9l\u00e9gation syndicale. A d\u00e9faut d\u2019accord, il sera v\u00e9rifi\u00e9 si la commission paritaire \u00e0 laquelle vous ressortez n\u2019a pas fix\u00e9 des r\u00e8gles dans le cadre d\u2019une convention collective de travail rendue obligatoire.  <\/p><p>A d\u00e9faut de telles r\u00e8gles, les temps de repos suivants doivent \u00eatre observ\u00e9s : <\/p><p>\u00a0 <\/p><p>Alternance au travail\tValeurs WBGT <\/p><p>travail l\u00e9ger * travail moyen * travail lourd *travail tr\u00e8s lourd <\/p><p>45 min de trav &#8211; 15 min de repos \u00a0 29,5 \u00a027 \u00a023 \u00a019 <\/p><p>30 min de trav &#8211; 30 min de repos \u00a0 30 \u00a0 28 \u00a024,5 \u00a021 <\/p><p> <\/p><p>\u00a0Enfin, les travailleurs expos\u00e9s \u00e0 ces chaleurs excessives devront \u00e9galement recevoir les informations et la formation n\u00e9cessaires en rapport avec les r\u00e9sultats de l\u2019analyse des risques, les valeurs d\u2019action, etc. <\/p><p> <\/p><p>R\u00f4le du conseiller en pr\u00e9vention-m\u00e9decin du travail <\/p><p> <\/p><p>Le conseiller en pr\u00e9vention-m\u00e9decin du travail d\u00e9termine la cat\u00e9gorie (l\u00e9ger\/semi-lourd\/lourd\/tr\u00e8s lourd) d\u2019un travail. En outre, il conseille l\u2019employeur au sujet des mesures \u00e0 prendre en faveur des travailleurs appartenant \u00e0 des groupes \u00e0 risque particuli\u00e8rement sensibles tels que les jeunes travailleurs et les travailleuses enceintes. Il conseille \u00e9galement l\u2019employeur en mati\u00e8re de distribution de boissons rafra\u00eechissantes. <\/p><p> <\/p><p>Le travailleur peut-il s\u2019absenter du travail quand il fait (trop) chaud ? <\/p><p> <\/p><p>Le travailleur ne peut pas d\u00e9cider simplement de s\u2019absenter de son travail. M\u00eame pendant les p\u00e9riodes de grandes chaleurs, il doit continuer \u00e0 ex\u00e9cuter le travail convenu. Ce n\u2019est qu\u2019en cas d\u2019instauration d\u2019un r\u00e9gime de pr\u00e9sence r\u00e9duite par vous que le travailleur ne devra pas se pr\u00e9senter \u00e0 son poste de travail. <\/p><p> <\/p><p>R\u00e9gime de ch\u00f4mage temporaire : une solution? <\/p><p> <\/p><p>En cas de conditions m\u00e9t\u00e9orologiques extr\u00eames de longue dur\u00e9e, vous pouvez d\u00e9cider d\u2019instaurer un r\u00e9gime de ch\u00f4mage temporaire. <\/p><p> <\/p><p>Les conditions m\u00e9t\u00e9orologiques doivent \u00eatre de nature \u00e0 rendre impossible l\u2019ex\u00e9cution du travail. L\u2019instauration d\u2019un tel r\u00e9gime n\u2019est pas autoris\u00e9e lorsque la chaleur ne fait qu\u2019entraver l\u2019ex\u00e9cution du travail ou r\u00e9duire la productivit\u00e9. Quand il fait tr\u00e8s chaud, il est par exemple permis d\u2019instaurer du ch\u00f4mage temporaire si le b\u00e9ton ou la ma\u00e7onnerie s\u00e8chent trop rapidement et que les mat\u00e9riaux ne peuvent pas \u00eatre travaill\u00e9s. <\/p><p> <\/p><p>Il est \u00e9vident que, dans ces cas, les temp\u00e9ratures doivent \u00eatre tr\u00e8s \u00e9lev\u00e9es et persistantes. C\u2019est l\u2019ONEM qui d\u00e9cide en dernier ressort si les temp\u00e9ratures sont assez \u00e9lev\u00e9es pour emp\u00eacher l\u2019ex\u00e9cution du travail. <\/p><p> <\/p><p>Le travailleur peut-il mettre des v\u00eatements d\u2019\u00e9t\u00e9 adapt\u00e9s \u00e0 son poste de travail ? <\/p><p> <\/p><p>Les v\u00eatements port\u00e9s devront toujours \u00eatre conformes \u00e0 ce qui est prescrit par le r\u00e8glement de travail. <\/p><p>Group S : Leen Biesemans &#8211; Legal consultant <\/p><p> <\/p><p><br><\/p>","protected":false},"excerpt":{"rendered":"<\/p>\n<\/p>\n<p>Effectuer une analyse des risques\n<\/p>\n<\/p>\n<p>\nVous devez effectuer une analyse des risques des ambiances thermiques pr\u00e9sentes sur le lieu de travail en tenant compte des \u00e9l\u00e9ments suivants :\n<\/p>\n<\/p>\n<p>la temp\u00e9rature de l&rsquo;air ;\n<\/p>\n<\/p>\n<p>l&rsquo;humidit\u00e9 relative de l&rsquo;air ;\n<\/p>\n<\/p>\n<p>la vitesse de l\u2019air ;\n<\/p>\n<\/p>\n<p>le rayonnement thermique d\u00fb au soleil ou aux conditions technologiques ;\n<\/p>\n<\/p>\n<p>la charge physique de travail ;\n<\/p>\n<\/p>\n<p>les m\u00e9thodes de travail et les \u00e9quipements de travail utilis\u00e9s ;\n<\/p>\n<\/p>\n<p>les caract\u00e9ristiques des v\u00eatements de travail et des \u00e9quipements de protection individuelle ;\n<\/p>\n<\/p>\n<p>la combinaison de l&rsquo;ensemble de ces facteurs.<\/p>\n","protected":false},"author":1,"featured_media":0,"comment_status":"closed","ping_status":"open","sticky":false,"template":"","format":"standard","meta":{"ngg_post_thumbnail":0,"footnotes":""},"categories":[41],"tags":[],"acf":[],"yoast_head":"<!-- This site is optimized with the Yoast SEO plugin v23.5 - https:\/\/yoast.com\/wordpress\/plugins\/seo\/ -->\n<title>Rubrique du Groupe S : Trop chaud pour travailler : r\u00e8gles \u00e0 respecter - F\u00e9d\u00e9ration Belge de la Franchise<\/title>\n<meta name=\"robots\" content=\"index, follow, max-snippet:-1, max-image-preview:large, max-video-preview:-1\" \/>\n<link rel=\"canonical\" href=\"https:\/\/www.fbf-bff.be\/fr\/rubrique-du-groupe-s-trop-chaud-pour-travailler-regles-a-respecter\/\" \/>\n<meta property=\"og:locale\" content=\"fr_FR\" \/>\n<meta property=\"og:type\" content=\"article\" \/>\n<meta property=\"og:title\" content=\"Rubrique du Groupe S : Trop chaud pour travailler : r\u00e8gles \u00e0 respecter - F\u00e9d\u00e9ration Belge de la Franchise\" \/>\n<meta property=\"og:description\" content=\"Effectuer une analyse des risques  Vous devez effectuer une analyse des risques des ambiances thermiques pr\u00e9sentes sur le lieu de travail en tenant compte des \u00e9l\u00e9ments suivants :  la temp\u00e9rature de l&#039;air ; l&#039;humidit\u00e9 relative de l&#039;air ; la vitesse de l\u2019air ; le rayonnement thermique d\u00fb au soleil ou aux conditions technologiques ; la charge physique de travail ; les m\u00e9thodes de travail et les \u00e9quipements de travail utilis\u00e9s ; les caract\u00e9ristiques des v\u00eatements de travail et des \u00e9quipements de protection individuelle ; la combinaison de l&#039;ensemble de ces facteurs.\" \/>\n<meta property=\"og:url\" content=\"https:\/\/www.fbf-bff.be\/fr\/rubrique-du-groupe-s-trop-chaud-pour-travailler-regles-a-respecter\/\" \/>\n<meta property=\"og:site_name\" content=\"F\u00e9d\u00e9ration Belge de la Franchise\" \/>\n<meta property=\"article:published_time\" content=\"2015-07-05T22:00:00+00:00\" \/>\n<meta property=\"og:image\" content=\"https:\/\/www.fbf-bff.be\/wp-content\/uploads\/2017\/06\/fbf-bff-fb-cover.jpg\" \/>\n\t<meta property=\"og:image:width\" content=\"1200\" \/>\n\t<meta property=\"og:image:height\" content=\"630\" \/>\n\t<meta property=\"og:image:type\" content=\"image\/jpeg\" \/>\n<meta name=\"author\" content=\"fbf_admin\" \/>\n<meta name=\"twitter:card\" content=\"summary_large_image\" \/>\n<meta name=\"twitter:label1\" content=\"\u00c9crit par\" \/>\n\t<meta name=\"twitter:data1\" content=\"fbf_admin\" \/>\n\t<meta name=\"twitter:label2\" content=\"Dur\u00e9e de lecture estim\u00e9e\" \/>\n\t<meta name=\"twitter:data2\" content=\"6 minutes\" \/>\n<script type=\"application\/ld+json\" class=\"yoast-schema-graph\">{\"@context\":\"https:\/\/schema.org\",\"@graph\":[{\"@type\":\"WebPage\",\"@id\":\"https:\/\/www.fbf-bff.be\/fr\/rubrique-du-groupe-s-trop-chaud-pour-travailler-regles-a-respecter\/\",\"url\":\"https:\/\/www.fbf-bff.be\/fr\/rubrique-du-groupe-s-trop-chaud-pour-travailler-regles-a-respecter\/\",\"name\":\"Rubrique du Groupe S : Trop chaud pour travailler : r\u00e8gles \u00e0 respecter - F\u00e9d\u00e9ration Belge de la Franchise\",\"isPartOf\":{\"@id\":\"https:\/\/www.fbf-bff.be\/#website\"},\"datePublished\":\"2015-07-05T22:00:00+00:00\",\"dateModified\":\"2015-07-05T22:00:00+00:00\",\"author\":{\"@id\":\"https:\/\/www.fbf-bff.be\/#\/schema\/person\/73a9cbee87288cba2b06e3fc29244fe7\"},\"breadcrumb\":{\"@id\":\"https:\/\/www.fbf-bff.be\/fr\/rubrique-du-groupe-s-trop-chaud-pour-travailler-regles-a-respecter\/#breadcrumb\"},\"inLanguage\":\"fr-FR\",\"potentialAction\":[{\"@type\":\"ReadAction\",\"target\":[\"https:\/\/www.fbf-bff.be\/fr\/rubrique-du-groupe-s-trop-chaud-pour-travailler-regles-a-respecter\/\"]}]},{\"@type\":\"BreadcrumbList\",\"@id\":\"https:\/\/www.fbf-bff.be\/fr\/rubrique-du-groupe-s-trop-chaud-pour-travailler-regles-a-respecter\/#breadcrumb\",\"itemListElement\":[{\"@type\":\"ListItem\",\"position\":1,\"name\":\"Home\",\"item\":\"https:\/\/www.fbf-bff.be\/fr\/\"},{\"@type\":\"ListItem\",\"position\":2,\"name\":\"Rubrique du Groupe S : Trop chaud pour travailler : r\u00e8gles \u00e0 respecter\"}]},{\"@type\":\"WebSite\",\"@id\":\"https:\/\/www.fbf-bff.be\/#website\",\"url\":\"https:\/\/www.fbf-bff.be\/\",\"name\":\"F\u00e9d\u00e9ration Belge de la Franchise\",\"description\":\"Pour r\u00e9ussir ensemblee\",\"potentialAction\":[{\"@type\":\"SearchAction\",\"target\":{\"@type\":\"EntryPoint\",\"urlTemplate\":\"https:\/\/www.fbf-bff.be\/?s={search_term_string}\"},\"query-input\":{\"@type\":\"PropertyValueSpecification\",\"valueRequired\":true,\"valueName\":\"search_term_string\"}}],\"inLanguage\":\"fr-FR\"},{\"@type\":\"Person\",\"@id\":\"https:\/\/www.fbf-bff.be\/#\/schema\/person\/73a9cbee87288cba2b06e3fc29244fe7\",\"name\":\"fbf_admin\",\"image\":{\"@type\":\"ImageObject\",\"inLanguage\":\"fr-FR\",\"@id\":\"https:\/\/www.fbf-bff.be\/#\/schema\/person\/image\/\",\"url\":\"https:\/\/secure.gravatar.com\/avatar\/20f6483dbe2a69e0999ddcdd1744b7f7?s=96&d=mm&r=g\",\"contentUrl\":\"https:\/\/secure.gravatar.com\/avatar\/20f6483dbe2a69e0999ddcdd1744b7f7?s=96&d=mm&r=g\",\"caption\":\"fbf_admin\"}}]}<\/script>\n<!-- \/ Yoast SEO plugin. -->","yoast_head_json":{"title":"Rubrique du Groupe S : Trop chaud pour travailler : r\u00e8gles \u00e0 respecter - F\u00e9d\u00e9ration Belge de la Franchise","robots":{"index":"index","follow":"follow","max-snippet":"max-snippet:-1","max-image-preview":"max-image-preview:large","max-video-preview":"max-video-preview:-1"},"canonical":"https:\/\/www.fbf-bff.be\/fr\/rubrique-du-groupe-s-trop-chaud-pour-travailler-regles-a-respecter\/","og_locale":"fr_FR","og_type":"article","og_title":"Rubrique du Groupe S : Trop chaud pour travailler : r\u00e8gles \u00e0 respecter - F\u00e9d\u00e9ration Belge de la Franchise","og_description":"Effectuer une analyse des risques  Vous devez effectuer une analyse des risques des ambiances thermiques pr\u00e9sentes sur le lieu de travail en tenant compte des \u00e9l\u00e9ments suivants :  la temp\u00e9rature de l'air ; l'humidit\u00e9 relative de l'air ; la vitesse de l\u2019air ; le rayonnement thermique d\u00fb au soleil ou aux conditions technologiques ; la charge physique de travail ; les m\u00e9thodes de travail et les \u00e9quipements de travail utilis\u00e9s ; les caract\u00e9ristiques des v\u00eatements de travail et des \u00e9quipements de protection individuelle ; la combinaison de l'ensemble de ces facteurs.","og_url":"https:\/\/www.fbf-bff.be\/fr\/rubrique-du-groupe-s-trop-chaud-pour-travailler-regles-a-respecter\/","og_site_name":"F\u00e9d\u00e9ration Belge de la Franchise","article_published_time":"2015-07-05T22:00:00+00:00","og_image":[{"width":1200,"height":630,"url":"https:\/\/www.fbf-bff.be\/wp-content\/uploads\/2017\/06\/fbf-bff-fb-cover.jpg","type":"image\/jpeg"}],"author":"fbf_admin","twitter_card":"summary_large_image","twitter_misc":{"\u00c9crit par":"fbf_admin","Dur\u00e9e de lecture estim\u00e9e":"6 minutes"},"schema":{"@context":"https:\/\/schema.org","@graph":[{"@type":"WebPage","@id":"https:\/\/www.fbf-bff.be\/fr\/rubrique-du-groupe-s-trop-chaud-pour-travailler-regles-a-respecter\/","url":"https:\/\/www.fbf-bff.be\/fr\/rubrique-du-groupe-s-trop-chaud-pour-travailler-regles-a-respecter\/","name":"Rubrique du Groupe S : Trop chaud pour travailler : r\u00e8gles \u00e0 respecter - F\u00e9d\u00e9ration Belge de la Franchise","isPartOf":{"@id":"https:\/\/www.fbf-bff.be\/#website"},"datePublished":"2015-07-05T22:00:00+00:00","dateModified":"2015-07-05T22:00:00+00:00","author":{"@id":"https:\/\/www.fbf-bff.be\/#\/schema\/person\/73a9cbee87288cba2b06e3fc29244fe7"},"breadcrumb":{"@id":"https:\/\/www.fbf-bff.be\/fr\/rubrique-du-groupe-s-trop-chaud-pour-travailler-regles-a-respecter\/#breadcrumb"},"inLanguage":"fr-FR","potentialAction":[{"@type":"ReadAction","target":["https:\/\/www.fbf-bff.be\/fr\/rubrique-du-groupe-s-trop-chaud-pour-travailler-regles-a-respecter\/"]}]},{"@type":"BreadcrumbList","@id":"https:\/\/www.fbf-bff.be\/fr\/rubrique-du-groupe-s-trop-chaud-pour-travailler-regles-a-respecter\/#breadcrumb","itemListElement":[{"@type":"ListItem","position":1,"name":"Home","item":"https:\/\/www.fbf-bff.be\/fr\/"},{"@type":"ListItem","position":2,"name":"Rubrique du Groupe S : Trop chaud pour travailler : r\u00e8gles \u00e0 respecter"}]},{"@type":"WebSite","@id":"https:\/\/www.fbf-bff.be\/#website","url":"https:\/\/www.fbf-bff.be\/","name":"F\u00e9d\u00e9ration Belge de la Franchise","description":"Pour r\u00e9ussir ensemblee","potentialAction":[{"@type":"SearchAction","target":{"@type":"EntryPoint","urlTemplate":"https:\/\/www.fbf-bff.be\/?s={search_term_string}"},"query-input":{"@type":"PropertyValueSpecification","valueRequired":true,"valueName":"search_term_string"}}],"inLanguage":"fr-FR"},{"@type":"Person","@id":"https:\/\/www.fbf-bff.be\/#\/schema\/person\/73a9cbee87288cba2b06e3fc29244fe7","name":"fbf_admin","image":{"@type":"ImageObject","inLanguage":"fr-FR","@id":"https:\/\/www.fbf-bff.be\/#\/schema\/person\/image\/","url":"https:\/\/secure.gravatar.com\/avatar\/20f6483dbe2a69e0999ddcdd1744b7f7?s=96&d=mm&r=g","contentUrl":"https:\/\/secure.gravatar.com\/avatar\/20f6483dbe2a69e0999ddcdd1744b7f7?s=96&d=mm&r=g","caption":"fbf_admin"}}]}},"_links":{"self":[{"href":"https:\/\/www.fbf-bff.be\/fr\/wp-json\/wp\/v2\/posts\/7762"}],"collection":[{"href":"https:\/\/www.fbf-bff.be\/fr\/wp-json\/wp\/v2\/posts"}],"about":[{"href":"https:\/\/www.fbf-bff.be\/fr\/wp-json\/wp\/v2\/types\/post"}],"author":[{"embeddable":true,"href":"https:\/\/www.fbf-bff.be\/fr\/wp-json\/wp\/v2\/users\/1"}],"replies":[{"embeddable":true,"href":"https:\/\/www.fbf-bff.be\/fr\/wp-json\/wp\/v2\/comments?post=7762"}],"version-history":[{"count":0,"href":"https:\/\/www.fbf-bff.be\/fr\/wp-json\/wp\/v2\/posts\/7762\/revisions"}],"wp:attachment":[{"href":"https:\/\/www.fbf-bff.be\/fr\/wp-json\/wp\/v2\/media?parent=7762"}],"wp:term":[{"taxonomy":"category","embeddable":true,"href":"https:\/\/www.fbf-bff.be\/fr\/wp-json\/wp\/v2\/categories?post=7762"},{"taxonomy":"post_tag","embeddable":true,"href":"https:\/\/www.fbf-bff.be\/fr\/wp-json\/wp\/v2\/tags?post=7762"}],"curies":[{"name":"wp","href":"https:\/\/api.w.org\/{rel}","templated":true}]}}