{"id":7759,"date":"2015-07-03T00:00:00","date_gmt":"2015-07-02T22:00:00","guid":{"rendered":"https:\/\/www.fbf-bff.be\/succes-pour-le-1er-jour-des-soldes-20\/"},"modified":"2015-07-03T00:00:00","modified_gmt":"2015-07-02T22:00:00","slug":"succes-pour-le-1er-jour-des-soldes-20","status":"publish","type":"post","link":"https:\/\/www.fbf-bff.be\/fr\/succes-pour-le-1er-jour-des-soldes-20\/","title":{"rendered":"Succ\u00e8s pour le 1er jour des soldes : + 20 %"},"content":{"rendered":"<p> <\/p><p> <\/p><p>\u00a0 <\/p><p>\u00a0  <\/p><p>\u00a0 <\/p><p> <\/p><p> <\/p><p> <\/p><p>Pas de grand raz-de-mar\u00e9e le 1er juillet 2015, premier jour des soldes, dans les rues commer\u00e7antes ; la chaleur en a d\u00e9courag\u00e9 plus d\u2019un d\u2019aller faire les magasins. N\u00e9anmoins, ce premier jour des soldes est un succ\u00e8s : ceux qui ont brav\u00e9 la chaleur pour partir \u00e0 la chasse aux bonnes affaires ont d\u2019embl\u00e9e d\u00e9pens\u00e9 beaucoup. Telles sont les conclusions d\u2019un premier sondage de Comeos, la f\u00e9d\u00e9ration du commerce et des services. <\/p><p> <\/p><p>La saison avait mal d\u00e9but\u00e9, les ventes ayant chut\u00e9 par rapport \u00e0 l\u2019an pass\u00e9. Ce n\u2019est qu\u2019\u00e0 partir du mois de juin que la situation a commenc\u00e9 \u00e0 se r\u00e9tablir, notamment gr\u00e2ce au succ\u00e8s de la vente conjointe. Toutefois, certains clients ont attendu le d\u00e9but des soldes pour faire de bonnes affaires. Vu les temp\u00e9ratures tropicales que nous avons connues aujourd\u2019hui, ceux-ci se sont essentiellement ru\u00e9s sur les v\u00eatements d\u2019\u00e9t\u00e9. <\/p><p> <\/p><p>Les ventes ont progress\u00e9 de 20% par rapport \u00e0 l\u2019an pass\u00e9. Les chiffres de Worldline le confirment : avec un total de 2.698.434 transactions \u00e0 15h30, le nombre de transactions \u00e9tait effectivement 20% plus \u00e9lev\u00e9 par rapport au premier jour des soldes de 2014. Et ce, en d\u00e9pit d\u2019une plus faible affluence dans les rues commer\u00e7antes. L\u2019explication ? Ceux qui ont brav\u00e9 la chaleur pour partir \u00e0 la chasse aux bonnes affaires ont achet\u00e9 en quantit\u00e9. <\/p><p> <\/p><p>Autres constats : <\/p><p> <\/p><p>Le choix du lieu n\u2019ob\u00e9it \u00e0 aucune logique : tant les centres commerciaux que les magasins situ\u00e9s en centre-ville ou en p\u00e9riph\u00e9rie enregistrent de bons r\u00e9sultats ; <\/p><p>\u00a0 <\/p><p>Les articles les plus populaires sont les petites robes, les t-shirts et les bermudas ; <\/p><p>\u00a0 <\/p><p>Dimanche, la plupart des magasins seront ouverts afin d\u2019offrir une chance suppl\u00e9mentaire aux clients de profiter des soldes. <\/p><p>Source : Comeos<\/p>","protected":false},"excerpt":{"rendered":"<\/p>\n<\/p>\n<p>\u00a0\n<\/p>\n<\/p>\n<p>\u00a0\n<\/p>\n<\/p>\n<p>\u00a0\n<\/p>\n<\/p>\n<\/p>\n<\/p>\n<\/p>\n<p>Pas de grand raz-de-mar\u00e9e le 1er juillet 2015, premier jour des soldes, dans les rues commer\u00e7antes ; la chaleur en a d\u00e9courag\u00e9 plus d\u2019un d\u2019aller faire les magasins. N\u00e9anmoins, ce premier jour des soldes est un succ\u00e8s : ceux qui ont brav\u00e9 la chaleur pour partir \u00e0 la chasse aux bonnes affaires ont d\u2019embl\u00e9e d\u00e9pens\u00e9 beaucoup. Telles sont les conclusions d\u2019un premier sondage de Comeos, la f\u00e9d\u00e9ration du commerce et des services.<\/p>\n","protected":false},"author":1,"featured_media":0,"comment_status":"closed","ping_status":"open","sticky":false,"template":"","format":"standard","meta":{"ngg_post_thumbnail":0,"footnotes":""},"categories":[41],"tags":[],"acf":[],"yoast_head":"<!-- This site is optimized with the Yoast SEO plugin v23.5 - https:\/\/yoast.com\/wordpress\/plugins\/seo\/ -->\n<title>Succ\u00e8s pour le 1er jour des soldes : + 20 % - F\u00e9d\u00e9ration Belge de la Franchise<\/title>\n<meta name=\"robots\" content=\"index, follow, max-snippet:-1, max-image-preview:large, max-video-preview:-1\" \/>\n<link rel=\"canonical\" href=\"https:\/\/www.fbf-bff.be\/fr\/succes-pour-le-1er-jour-des-soldes-20\/\" \/>\n<meta property=\"og:locale\" content=\"fr_FR\" \/>\n<meta property=\"og:type\" content=\"article\" \/>\n<meta property=\"og:title\" content=\"Succ\u00e8s pour le 1er jour des soldes : + 20 % - F\u00e9d\u00e9ration Belge de la Franchise\" \/>\n<meta property=\"og:description\" content=\"\u00a0 \u00a0  \u00a0    Pas de grand raz-de-mar\u00e9e le 1er juillet 2015, premier jour des soldes, dans les rues commer\u00e7antes ; la chaleur en a d\u00e9courag\u00e9 plus d\u2019un d\u2019aller faire les magasins. N\u00e9anmoins, ce premier jour des soldes est un succ\u00e8s : ceux qui ont brav\u00e9 la chaleur pour partir \u00e0 la chasse aux bonnes affaires ont d\u2019embl\u00e9e d\u00e9pens\u00e9 beaucoup. Telles sont les conclusions d\u2019un premier sondage de Comeos, la f\u00e9d\u00e9ration du commerce et des services.\" \/>\n<meta property=\"og:url\" content=\"https:\/\/www.fbf-bff.be\/fr\/succes-pour-le-1er-jour-des-soldes-20\/\" \/>\n<meta property=\"og:site_name\" content=\"F\u00e9d\u00e9ration Belge de la Franchise\" \/>\n<meta property=\"article:published_time\" content=\"2015-07-02T22:00:00+00:00\" \/>\n<meta property=\"og:image\" content=\"https:\/\/www.fbf-bff.be\/wp-content\/uploads\/2017\/06\/fbf-bff-fb-cover.jpg\" \/>\n\t<meta property=\"og:image:width\" content=\"1200\" \/>\n\t<meta property=\"og:image:height\" content=\"630\" \/>\n\t<meta property=\"og:image:type\" content=\"image\/jpeg\" \/>\n<meta name=\"author\" content=\"fbf_admin\" \/>\n<meta name=\"twitter:card\" content=\"summary_large_image\" \/>\n<meta name=\"twitter:label1\" content=\"\u00c9crit par\" \/>\n\t<meta name=\"twitter:data1\" content=\"fbf_admin\" \/>\n\t<meta name=\"twitter:label2\" content=\"Dur\u00e9e de lecture estim\u00e9e\" \/>\n\t<meta name=\"twitter:data2\" content=\"2 minutes\" \/>\n<script type=\"application\/ld+json\" class=\"yoast-schema-graph\">{\"@context\":\"https:\/\/schema.org\",\"@graph\":[{\"@type\":\"WebPage\",\"@id\":\"https:\/\/www.fbf-bff.be\/fr\/succes-pour-le-1er-jour-des-soldes-20\/\",\"url\":\"https:\/\/www.fbf-bff.be\/fr\/succes-pour-le-1er-jour-des-soldes-20\/\",\"name\":\"Succ\u00e8s pour le 1er jour des soldes : + 20 % - F\u00e9d\u00e9ration Belge de la Franchise\",\"isPartOf\":{\"@id\":\"https:\/\/www.fbf-bff.be\/#website\"},\"datePublished\":\"2015-07-02T22:00:00+00:00\",\"dateModified\":\"2015-07-02T22:00:00+00:00\",\"author\":{\"@id\":\"https:\/\/www.fbf-bff.be\/#\/schema\/person\/73a9cbee87288cba2b06e3fc29244fe7\"},\"breadcrumb\":{\"@id\":\"https:\/\/www.fbf-bff.be\/fr\/succes-pour-le-1er-jour-des-soldes-20\/#breadcrumb\"},\"inLanguage\":\"fr-FR\",\"potentialAction\":[{\"@type\":\"ReadAction\",\"target\":[\"https:\/\/www.fbf-bff.be\/fr\/succes-pour-le-1er-jour-des-soldes-20\/\"]}]},{\"@type\":\"BreadcrumbList\",\"@id\":\"https:\/\/www.fbf-bff.be\/fr\/succes-pour-le-1er-jour-des-soldes-20\/#breadcrumb\",\"itemListElement\":[{\"@type\":\"ListItem\",\"position\":1,\"name\":\"Home\",\"item\":\"https:\/\/www.fbf-bff.be\/fr\/\"},{\"@type\":\"ListItem\",\"position\":2,\"name\":\"Succ\u00e8s pour le 1er jour des soldes : + 20 %\"}]},{\"@type\":\"WebSite\",\"@id\":\"https:\/\/www.fbf-bff.be\/#website\",\"url\":\"https:\/\/www.fbf-bff.be\/\",\"name\":\"F\u00e9d\u00e9ration Belge de la Franchise\",\"description\":\"Pour r\u00e9ussir ensemblee\",\"potentialAction\":[{\"@type\":\"SearchAction\",\"target\":{\"@type\":\"EntryPoint\",\"urlTemplate\":\"https:\/\/www.fbf-bff.be\/?s={search_term_string}\"},\"query-input\":{\"@type\":\"PropertyValueSpecification\",\"valueRequired\":true,\"valueName\":\"search_term_string\"}}],\"inLanguage\":\"fr-FR\"},{\"@type\":\"Person\",\"@id\":\"https:\/\/www.fbf-bff.be\/#\/schema\/person\/73a9cbee87288cba2b06e3fc29244fe7\",\"name\":\"fbf_admin\",\"image\":{\"@type\":\"ImageObject\",\"inLanguage\":\"fr-FR\",\"@id\":\"https:\/\/www.fbf-bff.be\/#\/schema\/person\/image\/\",\"url\":\"https:\/\/secure.gravatar.com\/avatar\/20f6483dbe2a69e0999ddcdd1744b7f7?s=96&d=mm&r=g\",\"contentUrl\":\"https:\/\/secure.gravatar.com\/avatar\/20f6483dbe2a69e0999ddcdd1744b7f7?s=96&d=mm&r=g\",\"caption\":\"fbf_admin\"}}]}<\/script>\n<!-- \/ Yoast SEO plugin. -->","yoast_head_json":{"title":"Succ\u00e8s pour le 1er jour des soldes : + 20 % - F\u00e9d\u00e9ration Belge de la Franchise","robots":{"index":"index","follow":"follow","max-snippet":"max-snippet:-1","max-image-preview":"max-image-preview:large","max-video-preview":"max-video-preview:-1"},"canonical":"https:\/\/www.fbf-bff.be\/fr\/succes-pour-le-1er-jour-des-soldes-20\/","og_locale":"fr_FR","og_type":"article","og_title":"Succ\u00e8s pour le 1er jour des soldes : + 20 % - F\u00e9d\u00e9ration Belge de la Franchise","og_description":"\u00a0 \u00a0  \u00a0    Pas de grand raz-de-mar\u00e9e le 1er juillet 2015, premier jour des soldes, dans les rues commer\u00e7antes ; la chaleur en a d\u00e9courag\u00e9 plus d\u2019un d\u2019aller faire les magasins. N\u00e9anmoins, ce premier jour des soldes est un succ\u00e8s : ceux qui ont brav\u00e9 la chaleur pour partir \u00e0 la chasse aux bonnes affaires ont d\u2019embl\u00e9e d\u00e9pens\u00e9 beaucoup. Telles sont les conclusions d\u2019un premier sondage de Comeos, la f\u00e9d\u00e9ration du commerce et des services.","og_url":"https:\/\/www.fbf-bff.be\/fr\/succes-pour-le-1er-jour-des-soldes-20\/","og_site_name":"F\u00e9d\u00e9ration Belge de la Franchise","article_published_time":"2015-07-02T22:00:00+00:00","og_image":[{"width":1200,"height":630,"url":"https:\/\/www.fbf-bff.be\/wp-content\/uploads\/2017\/06\/fbf-bff-fb-cover.jpg","type":"image\/jpeg"}],"author":"fbf_admin","twitter_card":"summary_large_image","twitter_misc":{"\u00c9crit par":"fbf_admin","Dur\u00e9e de lecture estim\u00e9e":"2 minutes"},"schema":{"@context":"https:\/\/schema.org","@graph":[{"@type":"WebPage","@id":"https:\/\/www.fbf-bff.be\/fr\/succes-pour-le-1er-jour-des-soldes-20\/","url":"https:\/\/www.fbf-bff.be\/fr\/succes-pour-le-1er-jour-des-soldes-20\/","name":"Succ\u00e8s pour le 1er jour des soldes : + 20 % - F\u00e9d\u00e9ration Belge de la Franchise","isPartOf":{"@id":"https:\/\/www.fbf-bff.be\/#website"},"datePublished":"2015-07-02T22:00:00+00:00","dateModified":"2015-07-02T22:00:00+00:00","author":{"@id":"https:\/\/www.fbf-bff.be\/#\/schema\/person\/73a9cbee87288cba2b06e3fc29244fe7"},"breadcrumb":{"@id":"https:\/\/www.fbf-bff.be\/fr\/succes-pour-le-1er-jour-des-soldes-20\/#breadcrumb"},"inLanguage":"fr-FR","potentialAction":[{"@type":"ReadAction","target":["https:\/\/www.fbf-bff.be\/fr\/succes-pour-le-1er-jour-des-soldes-20\/"]}]},{"@type":"BreadcrumbList","@id":"https:\/\/www.fbf-bff.be\/fr\/succes-pour-le-1er-jour-des-soldes-20\/#breadcrumb","itemListElement":[{"@type":"ListItem","position":1,"name":"Home","item":"https:\/\/www.fbf-bff.be\/fr\/"},{"@type":"ListItem","position":2,"name":"Succ\u00e8s pour le 1er jour des soldes : + 20 %"}]},{"@type":"WebSite","@id":"https:\/\/www.fbf-bff.be\/#website","url":"https:\/\/www.fbf-bff.be\/","name":"F\u00e9d\u00e9ration Belge de la Franchise","description":"Pour r\u00e9ussir ensemblee","potentialAction":[{"@type":"SearchAction","target":{"@type":"EntryPoint","urlTemplate":"https:\/\/www.fbf-bff.be\/?s={search_term_string}"},"query-input":{"@type":"PropertyValueSpecification","valueRequired":true,"valueName":"search_term_string"}}],"inLanguage":"fr-FR"},{"@type":"Person","@id":"https:\/\/www.fbf-bff.be\/#\/schema\/person\/73a9cbee87288cba2b06e3fc29244fe7","name":"fbf_admin","image":{"@type":"ImageObject","inLanguage":"fr-FR","@id":"https:\/\/www.fbf-bff.be\/#\/schema\/person\/image\/","url":"https:\/\/secure.gravatar.com\/avatar\/20f6483dbe2a69e0999ddcdd1744b7f7?s=96&d=mm&r=g","contentUrl":"https:\/\/secure.gravatar.com\/avatar\/20f6483dbe2a69e0999ddcdd1744b7f7?s=96&d=mm&r=g","caption":"fbf_admin"}}]}},"_links":{"self":[{"href":"https:\/\/www.fbf-bff.be\/fr\/wp-json\/wp\/v2\/posts\/7759"}],"collection":[{"href":"https:\/\/www.fbf-bff.be\/fr\/wp-json\/wp\/v2\/posts"}],"about":[{"href":"https:\/\/www.fbf-bff.be\/fr\/wp-json\/wp\/v2\/types\/post"}],"author":[{"embeddable":true,"href":"https:\/\/www.fbf-bff.be\/fr\/wp-json\/wp\/v2\/users\/1"}],"replies":[{"embeddable":true,"href":"https:\/\/www.fbf-bff.be\/fr\/wp-json\/wp\/v2\/comments?post=7759"}],"version-history":[{"count":0,"href":"https:\/\/www.fbf-bff.be\/fr\/wp-json\/wp\/v2\/posts\/7759\/revisions"}],"wp:attachment":[{"href":"https:\/\/www.fbf-bff.be\/fr\/wp-json\/wp\/v2\/media?parent=7759"}],"wp:term":[{"taxonomy":"category","embeddable":true,"href":"https:\/\/www.fbf-bff.be\/fr\/wp-json\/wp\/v2\/categories?post=7759"},{"taxonomy":"post_tag","embeddable":true,"href":"https:\/\/www.fbf-bff.be\/fr\/wp-json\/wp\/v2\/tags?post=7759"}],"curies":[{"name":"wp","href":"https:\/\/api.w.org\/{rel}","templated":true}]}}