{"id":7736,"date":"2015-06-22T00:00:00","date_gmt":"2015-06-21T22:00:00","guid":{"rendered":"https:\/\/www.fbf-bff.be\/ahold-update-du-programme-de-rachats-dactions\/"},"modified":"2015-06-22T00:00:00","modified_gmt":"2015-06-21T22:00:00","slug":"ahold-update-du-programme-de-rachats-dactions","status":"publish","type":"post","link":"https:\/\/www.fbf-bff.be\/fr\/ahold-update-du-programme-de-rachats-dactions\/","title":{"rendered":"Ahold : Update du programme de rachats d&#8217;actions"},"content":{"rendered":"<p> <\/p><p>Lors de la semaine derni\u00e8re, du 15 au 19 juin 2015, Ahold, la maison-m\u00e8re de Albert Heijn indique avoir rachet\u00e9 435.146 de ses propres actions ordinaires, \u00e0 un prix moyen de \u20ac 17,9239 par action, soit un montant total de \u20ac 7,80 millions .<\/p><p> <\/p><p>Pour rappel, le programme de rachat d&rsquo;actions pour \u20ac 500 millions annonc\u00e9 le 26 f\u00e9vrier dernier par le groupe n\u00e9erlandais, en marge de la publication de ses r\u00e9sultats annuels, devrait s&rsquo;achever d&rsquo;ici \u00e0 12 mois. <\/p><p> <\/p><p>Le nombre total d&rsquo;actions rachet\u00e9es sous le programme est de 8.595.407 actions ordinaires pour un total de \u20ac 157,40 millions.<\/p>","protected":false},"excerpt":{"rendered":"<\/p>\n<p>Lors de la semaine derni\u00e8re, du 15 au 19 juin 2015, Ahold, la maison-m\u00e8re de Albert Heijn indique avoir rachet\u00e9 435.146 de ses propres actions ordinaires, \u00e0 un prix moyen de \u20ac 17,9239 par action, soit un montant total de \u20ac 7,80 millions<br \/>\n.<\/p>\n","protected":false},"author":1,"featured_media":0,"comment_status":"closed","ping_status":"open","sticky":false,"template":"","format":"standard","meta":{"ngg_post_thumbnail":0,"footnotes":""},"categories":[37],"tags":[],"acf":[],"yoast_head":"<!-- This site is optimized with the Yoast SEO plugin v23.5 - https:\/\/yoast.com\/wordpress\/plugins\/seo\/ -->\n<title>Ahold : Update du programme de rachats d&#8217;actions - F\u00e9d\u00e9ration Belge de la Franchise<\/title>\n<meta name=\"robots\" content=\"index, follow, max-snippet:-1, max-image-preview:large, max-video-preview:-1\" \/>\n<link rel=\"canonical\" href=\"https:\/\/www.fbf-bff.be\/fr\/ahold-update-du-programme-de-rachats-dactions\/\" \/>\n<meta property=\"og:locale\" content=\"fr_FR\" \/>\n<meta property=\"og:type\" content=\"article\" \/>\n<meta property=\"og:title\" content=\"Ahold : Update du programme de rachats d&#8217;actions - F\u00e9d\u00e9ration Belge de la Franchise\" \/>\n<meta property=\"og:description\" content=\"Lors de la semaine derni\u00e8re, du 15 au 19 juin 2015, Ahold, la maison-m\u00e8re de Albert Heijn indique avoir rachet\u00e9 435.146 de ses propres actions ordinaires, \u00e0 un prix moyen de \u20ac 17,9239 par action, soit un montant total de \u20ac 7,80 millions .\" \/>\n<meta property=\"og:url\" content=\"https:\/\/www.fbf-bff.be\/fr\/ahold-update-du-programme-de-rachats-dactions\/\" \/>\n<meta property=\"og:site_name\" content=\"F\u00e9d\u00e9ration Belge de la Franchise\" \/>\n<meta property=\"article:published_time\" content=\"2015-06-21T22:00:00+00:00\" \/>\n<meta property=\"og:image\" content=\"https:\/\/www.fbf-bff.be\/wp-content\/uploads\/2017\/06\/fbf-bff-fb-cover.jpg\" \/>\n\t<meta property=\"og:image:width\" content=\"1200\" \/>\n\t<meta property=\"og:image:height\" content=\"630\" \/>\n\t<meta property=\"og:image:type\" content=\"image\/jpeg\" \/>\n<meta name=\"author\" content=\"fbf_admin\" \/>\n<meta name=\"twitter:card\" content=\"summary_large_image\" \/>\n<meta name=\"twitter:label1\" content=\"\u00c9crit par\" \/>\n\t<meta name=\"twitter:data1\" content=\"fbf_admin\" \/>\n<script type=\"application\/ld+json\" class=\"yoast-schema-graph\">{\"@context\":\"https:\/\/schema.org\",\"@graph\":[{\"@type\":\"WebPage\",\"@id\":\"https:\/\/www.fbf-bff.be\/fr\/ahold-update-du-programme-de-rachats-dactions\/\",\"url\":\"https:\/\/www.fbf-bff.be\/fr\/ahold-update-du-programme-de-rachats-dactions\/\",\"name\":\"Ahold : Update du programme de rachats d&#8217;actions - F\u00e9d\u00e9ration Belge de la Franchise\",\"isPartOf\":{\"@id\":\"https:\/\/www.fbf-bff.be\/#website\"},\"datePublished\":\"2015-06-21T22:00:00+00:00\",\"dateModified\":\"2015-06-21T22:00:00+00:00\",\"author\":{\"@id\":\"https:\/\/www.fbf-bff.be\/#\/schema\/person\/73a9cbee87288cba2b06e3fc29244fe7\"},\"breadcrumb\":{\"@id\":\"https:\/\/www.fbf-bff.be\/fr\/ahold-update-du-programme-de-rachats-dactions\/#breadcrumb\"},\"inLanguage\":\"fr-FR\",\"potentialAction\":[{\"@type\":\"ReadAction\",\"target\":[\"https:\/\/www.fbf-bff.be\/fr\/ahold-update-du-programme-de-rachats-dactions\/\"]}]},{\"@type\":\"BreadcrumbList\",\"@id\":\"https:\/\/www.fbf-bff.be\/fr\/ahold-update-du-programme-de-rachats-dactions\/#breadcrumb\",\"itemListElement\":[{\"@type\":\"ListItem\",\"position\":1,\"name\":\"Home\",\"item\":\"https:\/\/www.fbf-bff.be\/fr\/\"},{\"@type\":\"ListItem\",\"position\":2,\"name\":\"Ahold : Update du programme de rachats d&#8217;actions\"}]},{\"@type\":\"WebSite\",\"@id\":\"https:\/\/www.fbf-bff.be\/#website\",\"url\":\"https:\/\/www.fbf-bff.be\/\",\"name\":\"F\u00e9d\u00e9ration Belge de la Franchise\",\"description\":\"Pour r\u00e9ussir ensemblee\",\"potentialAction\":[{\"@type\":\"SearchAction\",\"target\":{\"@type\":\"EntryPoint\",\"urlTemplate\":\"https:\/\/www.fbf-bff.be\/?s={search_term_string}\"},\"query-input\":{\"@type\":\"PropertyValueSpecification\",\"valueRequired\":true,\"valueName\":\"search_term_string\"}}],\"inLanguage\":\"fr-FR\"},{\"@type\":\"Person\",\"@id\":\"https:\/\/www.fbf-bff.be\/#\/schema\/person\/73a9cbee87288cba2b06e3fc29244fe7\",\"name\":\"fbf_admin\",\"image\":{\"@type\":\"ImageObject\",\"inLanguage\":\"fr-FR\",\"@id\":\"https:\/\/www.fbf-bff.be\/#\/schema\/person\/image\/\",\"url\":\"https:\/\/secure.gravatar.com\/avatar\/20f6483dbe2a69e0999ddcdd1744b7f7?s=96&d=mm&r=g\",\"contentUrl\":\"https:\/\/secure.gravatar.com\/avatar\/20f6483dbe2a69e0999ddcdd1744b7f7?s=96&d=mm&r=g\",\"caption\":\"fbf_admin\"}}]}<\/script>\n<!-- \/ Yoast SEO plugin. -->","yoast_head_json":{"title":"Ahold : Update du programme de rachats d&#8217;actions - F\u00e9d\u00e9ration Belge de la Franchise","robots":{"index":"index","follow":"follow","max-snippet":"max-snippet:-1","max-image-preview":"max-image-preview:large","max-video-preview":"max-video-preview:-1"},"canonical":"https:\/\/www.fbf-bff.be\/fr\/ahold-update-du-programme-de-rachats-dactions\/","og_locale":"fr_FR","og_type":"article","og_title":"Ahold : Update du programme de rachats d&#8217;actions - F\u00e9d\u00e9ration Belge de la Franchise","og_description":"Lors de la semaine derni\u00e8re, du 15 au 19 juin 2015, Ahold, la maison-m\u00e8re de Albert Heijn indique avoir rachet\u00e9 435.146 de ses propres actions ordinaires, \u00e0 un prix moyen de \u20ac 17,9239 par action, soit un montant total de \u20ac 7,80 millions .","og_url":"https:\/\/www.fbf-bff.be\/fr\/ahold-update-du-programme-de-rachats-dactions\/","og_site_name":"F\u00e9d\u00e9ration Belge de la Franchise","article_published_time":"2015-06-21T22:00:00+00:00","og_image":[{"width":1200,"height":630,"url":"https:\/\/www.fbf-bff.be\/wp-content\/uploads\/2017\/06\/fbf-bff-fb-cover.jpg","type":"image\/jpeg"}],"author":"fbf_admin","twitter_card":"summary_large_image","twitter_misc":{"\u00c9crit par":"fbf_admin"},"schema":{"@context":"https:\/\/schema.org","@graph":[{"@type":"WebPage","@id":"https:\/\/www.fbf-bff.be\/fr\/ahold-update-du-programme-de-rachats-dactions\/","url":"https:\/\/www.fbf-bff.be\/fr\/ahold-update-du-programme-de-rachats-dactions\/","name":"Ahold : Update du programme de rachats d&#8217;actions - F\u00e9d\u00e9ration Belge de la Franchise","isPartOf":{"@id":"https:\/\/www.fbf-bff.be\/#website"},"datePublished":"2015-06-21T22:00:00+00:00","dateModified":"2015-06-21T22:00:00+00:00","author":{"@id":"https:\/\/www.fbf-bff.be\/#\/schema\/person\/73a9cbee87288cba2b06e3fc29244fe7"},"breadcrumb":{"@id":"https:\/\/www.fbf-bff.be\/fr\/ahold-update-du-programme-de-rachats-dactions\/#breadcrumb"},"inLanguage":"fr-FR","potentialAction":[{"@type":"ReadAction","target":["https:\/\/www.fbf-bff.be\/fr\/ahold-update-du-programme-de-rachats-dactions\/"]}]},{"@type":"BreadcrumbList","@id":"https:\/\/www.fbf-bff.be\/fr\/ahold-update-du-programme-de-rachats-dactions\/#breadcrumb","itemListElement":[{"@type":"ListItem","position":1,"name":"Home","item":"https:\/\/www.fbf-bff.be\/fr\/"},{"@type":"ListItem","position":2,"name":"Ahold : Update du programme de rachats d&#8217;actions"}]},{"@type":"WebSite","@id":"https:\/\/www.fbf-bff.be\/#website","url":"https:\/\/www.fbf-bff.be\/","name":"F\u00e9d\u00e9ration Belge de la Franchise","description":"Pour r\u00e9ussir ensemblee","potentialAction":[{"@type":"SearchAction","target":{"@type":"EntryPoint","urlTemplate":"https:\/\/www.fbf-bff.be\/?s={search_term_string}"},"query-input":{"@type":"PropertyValueSpecification","valueRequired":true,"valueName":"search_term_string"}}],"inLanguage":"fr-FR"},{"@type":"Person","@id":"https:\/\/www.fbf-bff.be\/#\/schema\/person\/73a9cbee87288cba2b06e3fc29244fe7","name":"fbf_admin","image":{"@type":"ImageObject","inLanguage":"fr-FR","@id":"https:\/\/www.fbf-bff.be\/#\/schema\/person\/image\/","url":"https:\/\/secure.gravatar.com\/avatar\/20f6483dbe2a69e0999ddcdd1744b7f7?s=96&d=mm&r=g","contentUrl":"https:\/\/secure.gravatar.com\/avatar\/20f6483dbe2a69e0999ddcdd1744b7f7?s=96&d=mm&r=g","caption":"fbf_admin"}}]}},"_links":{"self":[{"href":"https:\/\/www.fbf-bff.be\/fr\/wp-json\/wp\/v2\/posts\/7736"}],"collection":[{"href":"https:\/\/www.fbf-bff.be\/fr\/wp-json\/wp\/v2\/posts"}],"about":[{"href":"https:\/\/www.fbf-bff.be\/fr\/wp-json\/wp\/v2\/types\/post"}],"author":[{"embeddable":true,"href":"https:\/\/www.fbf-bff.be\/fr\/wp-json\/wp\/v2\/users\/1"}],"replies":[{"embeddable":true,"href":"https:\/\/www.fbf-bff.be\/fr\/wp-json\/wp\/v2\/comments?post=7736"}],"version-history":[{"count":0,"href":"https:\/\/www.fbf-bff.be\/fr\/wp-json\/wp\/v2\/posts\/7736\/revisions"}],"wp:attachment":[{"href":"https:\/\/www.fbf-bff.be\/fr\/wp-json\/wp\/v2\/media?parent=7736"}],"wp:term":[{"taxonomy":"category","embeddable":true,"href":"https:\/\/www.fbf-bff.be\/fr\/wp-json\/wp\/v2\/categories?post=7736"},{"taxonomy":"post_tag","embeddable":true,"href":"https:\/\/www.fbf-bff.be\/fr\/wp-json\/wp\/v2\/tags?post=7736"}],"curies":[{"name":"wp","href":"https:\/\/api.w.org\/{rel}","templated":true}]}}