{"id":7730,"date":"2015-06-18T00:00:00","date_gmt":"2015-06-17T22:00:00","guid":{"rendered":"https:\/\/www.fbf-bff.be\/ouverture-dun-nouveau-quick-franchise-chez-les-chtis\/"},"modified":"2015-06-18T00:00:00","modified_gmt":"2015-06-17T22:00:00","slug":"ouverture-dun-nouveau-quick-franchise-chez-les-chtis","status":"publish","type":"post","link":"https:\/\/www.fbf-bff.be\/fr\/ouverture-dun-nouveau-quick-franchise-chez-les-chtis\/","title":{"rendered":"Ouverture d&#8217;un nouveau Quick franchis\u00e9 chez les Ch&#8217;tis"},"content":{"rendered":"<p>\u00a0 <\/p><p>Quick, num\u00e9ro deux de la restauration rapide en France, a ouvert un nouveau restaurant le 5 juin 2015 dans le Nord-Pas-de-Calais \u00e0 Longuenesse.  <\/p><p> <\/p><p>Le nouveau restaurant de 600 m\u00b2 \u00e9quip\u00e9 d\u2019un drive, est dot\u00e9 d\u2019une capacit\u00e9 de 200 places assises, 160 places en salle et 40 en terrasse. Le restaurant arbore le nouveau d\u00e9cor \u00ab Bon voisin \u00bb que l&rsquo;on retrouve dans le dernier Quick ouvert chez nous le 22 mai \u00e0 Evere (voir le reportage photo dans nos news). <\/p><p> <\/p><p>Le restaurant est g\u00e9r\u00e9 par Georges Coste, d\u00e9j\u00e0 franchis\u00e9 de 3 restaurants dans la r\u00e9gion, avec une \u00e9quipe de 56 personnes.\u00a0<\/p>","protected":false},"excerpt":{"rendered":"<\/p>\n<p>Quick, num\u00e9ro deux de la restauration rapide en France, a ouvert un nouveau restaurant le 5 juin 2015 dans le Nord-Pas-de-Calais \u00e0 Longuenesse.\n<\/p><\/p>\n","protected":false},"author":1,"featured_media":0,"comment_status":"closed","ping_status":"open","sticky":false,"template":"","format":"standard","meta":{"ngg_post_thumbnail":0,"footnotes":""},"categories":[41],"tags":[],"acf":[],"yoast_head":"<!-- This site is optimized with the Yoast SEO plugin v23.5 - https:\/\/yoast.com\/wordpress\/plugins\/seo\/ -->\n<title>Ouverture d&#8217;un nouveau Quick franchis\u00e9 chez les Ch&#8217;tis - F\u00e9d\u00e9ration Belge de la Franchise<\/title>\n<meta name=\"robots\" content=\"index, follow, max-snippet:-1, max-image-preview:large, max-video-preview:-1\" \/>\n<link rel=\"canonical\" href=\"https:\/\/www.fbf-bff.be\/fr\/ouverture-dun-nouveau-quick-franchise-chez-les-chtis\/\" \/>\n<meta property=\"og:locale\" content=\"fr_FR\" \/>\n<meta property=\"og:type\" content=\"article\" \/>\n<meta property=\"og:title\" content=\"Ouverture d&#8217;un nouveau Quick franchis\u00e9 chez les Ch&#8217;tis - F\u00e9d\u00e9ration Belge de la Franchise\" \/>\n<meta property=\"og:description\" content=\"Quick, num\u00e9ro deux de la restauration rapide en France, a ouvert un nouveau restaurant le 5 juin 2015 dans le Nord-Pas-de-Calais \u00e0 Longuenesse.\" \/>\n<meta property=\"og:url\" content=\"https:\/\/www.fbf-bff.be\/fr\/ouverture-dun-nouveau-quick-franchise-chez-les-chtis\/\" \/>\n<meta property=\"og:site_name\" content=\"F\u00e9d\u00e9ration Belge de la Franchise\" \/>\n<meta property=\"article:published_time\" content=\"2015-06-17T22:00:00+00:00\" \/>\n<meta property=\"og:image\" content=\"https:\/\/www.fbf-bff.be\/wp-content\/uploads\/2017\/06\/fbf-bff-fb-cover.jpg\" \/>\n\t<meta property=\"og:image:width\" content=\"1200\" \/>\n\t<meta property=\"og:image:height\" content=\"630\" \/>\n\t<meta property=\"og:image:type\" content=\"image\/jpeg\" \/>\n<meta name=\"author\" content=\"fbf_admin\" \/>\n<meta name=\"twitter:card\" content=\"summary_large_image\" \/>\n<meta name=\"twitter:label1\" content=\"\u00c9crit par\" \/>\n\t<meta name=\"twitter:data1\" content=\"fbf_admin\" \/>\n<script type=\"application\/ld+json\" class=\"yoast-schema-graph\">{\"@context\":\"https:\/\/schema.org\",\"@graph\":[{\"@type\":\"WebPage\",\"@id\":\"https:\/\/www.fbf-bff.be\/fr\/ouverture-dun-nouveau-quick-franchise-chez-les-chtis\/\",\"url\":\"https:\/\/www.fbf-bff.be\/fr\/ouverture-dun-nouveau-quick-franchise-chez-les-chtis\/\",\"name\":\"Ouverture d&#8217;un nouveau Quick franchis\u00e9 chez les Ch&#8217;tis - F\u00e9d\u00e9ration Belge de la Franchise\",\"isPartOf\":{\"@id\":\"https:\/\/www.fbf-bff.be\/#website\"},\"datePublished\":\"2015-06-17T22:00:00+00:00\",\"dateModified\":\"2015-06-17T22:00:00+00:00\",\"author\":{\"@id\":\"https:\/\/www.fbf-bff.be\/#\/schema\/person\/73a9cbee87288cba2b06e3fc29244fe7\"},\"breadcrumb\":{\"@id\":\"https:\/\/www.fbf-bff.be\/fr\/ouverture-dun-nouveau-quick-franchise-chez-les-chtis\/#breadcrumb\"},\"inLanguage\":\"fr-FR\",\"potentialAction\":[{\"@type\":\"ReadAction\",\"target\":[\"https:\/\/www.fbf-bff.be\/fr\/ouverture-dun-nouveau-quick-franchise-chez-les-chtis\/\"]}]},{\"@type\":\"BreadcrumbList\",\"@id\":\"https:\/\/www.fbf-bff.be\/fr\/ouverture-dun-nouveau-quick-franchise-chez-les-chtis\/#breadcrumb\",\"itemListElement\":[{\"@type\":\"ListItem\",\"position\":1,\"name\":\"Home\",\"item\":\"https:\/\/www.fbf-bff.be\/fr\/\"},{\"@type\":\"ListItem\",\"position\":2,\"name\":\"Ouverture d&#8217;un nouveau Quick franchis\u00e9 chez les Ch&#8217;tis\"}]},{\"@type\":\"WebSite\",\"@id\":\"https:\/\/www.fbf-bff.be\/#website\",\"url\":\"https:\/\/www.fbf-bff.be\/\",\"name\":\"F\u00e9d\u00e9ration Belge de la Franchise\",\"description\":\"Pour r\u00e9ussir ensemblee\",\"potentialAction\":[{\"@type\":\"SearchAction\",\"target\":{\"@type\":\"EntryPoint\",\"urlTemplate\":\"https:\/\/www.fbf-bff.be\/?s={search_term_string}\"},\"query-input\":{\"@type\":\"PropertyValueSpecification\",\"valueRequired\":true,\"valueName\":\"search_term_string\"}}],\"inLanguage\":\"fr-FR\"},{\"@type\":\"Person\",\"@id\":\"https:\/\/www.fbf-bff.be\/#\/schema\/person\/73a9cbee87288cba2b06e3fc29244fe7\",\"name\":\"fbf_admin\",\"image\":{\"@type\":\"ImageObject\",\"inLanguage\":\"fr-FR\",\"@id\":\"https:\/\/www.fbf-bff.be\/#\/schema\/person\/image\/\",\"url\":\"https:\/\/secure.gravatar.com\/avatar\/20f6483dbe2a69e0999ddcdd1744b7f7?s=96&d=mm&r=g\",\"contentUrl\":\"https:\/\/secure.gravatar.com\/avatar\/20f6483dbe2a69e0999ddcdd1744b7f7?s=96&d=mm&r=g\",\"caption\":\"fbf_admin\"}}]}<\/script>\n<!-- \/ Yoast SEO plugin. -->","yoast_head_json":{"title":"Ouverture d&#8217;un nouveau Quick franchis\u00e9 chez les Ch&#8217;tis - F\u00e9d\u00e9ration Belge de la Franchise","robots":{"index":"index","follow":"follow","max-snippet":"max-snippet:-1","max-image-preview":"max-image-preview:large","max-video-preview":"max-video-preview:-1"},"canonical":"https:\/\/www.fbf-bff.be\/fr\/ouverture-dun-nouveau-quick-franchise-chez-les-chtis\/","og_locale":"fr_FR","og_type":"article","og_title":"Ouverture d&#8217;un nouveau Quick franchis\u00e9 chez les Ch&#8217;tis - F\u00e9d\u00e9ration Belge de la Franchise","og_description":"Quick, num\u00e9ro deux de la restauration rapide en France, a ouvert un nouveau restaurant le 5 juin 2015 dans le Nord-Pas-de-Calais \u00e0 Longuenesse.","og_url":"https:\/\/www.fbf-bff.be\/fr\/ouverture-dun-nouveau-quick-franchise-chez-les-chtis\/","og_site_name":"F\u00e9d\u00e9ration Belge de la Franchise","article_published_time":"2015-06-17T22:00:00+00:00","og_image":[{"width":1200,"height":630,"url":"https:\/\/www.fbf-bff.be\/wp-content\/uploads\/2017\/06\/fbf-bff-fb-cover.jpg","type":"image\/jpeg"}],"author":"fbf_admin","twitter_card":"summary_large_image","twitter_misc":{"\u00c9crit par":"fbf_admin"},"schema":{"@context":"https:\/\/schema.org","@graph":[{"@type":"WebPage","@id":"https:\/\/www.fbf-bff.be\/fr\/ouverture-dun-nouveau-quick-franchise-chez-les-chtis\/","url":"https:\/\/www.fbf-bff.be\/fr\/ouverture-dun-nouveau-quick-franchise-chez-les-chtis\/","name":"Ouverture d&#8217;un nouveau Quick franchis\u00e9 chez les Ch&#8217;tis - F\u00e9d\u00e9ration Belge de la Franchise","isPartOf":{"@id":"https:\/\/www.fbf-bff.be\/#website"},"datePublished":"2015-06-17T22:00:00+00:00","dateModified":"2015-06-17T22:00:00+00:00","author":{"@id":"https:\/\/www.fbf-bff.be\/#\/schema\/person\/73a9cbee87288cba2b06e3fc29244fe7"},"breadcrumb":{"@id":"https:\/\/www.fbf-bff.be\/fr\/ouverture-dun-nouveau-quick-franchise-chez-les-chtis\/#breadcrumb"},"inLanguage":"fr-FR","potentialAction":[{"@type":"ReadAction","target":["https:\/\/www.fbf-bff.be\/fr\/ouverture-dun-nouveau-quick-franchise-chez-les-chtis\/"]}]},{"@type":"BreadcrumbList","@id":"https:\/\/www.fbf-bff.be\/fr\/ouverture-dun-nouveau-quick-franchise-chez-les-chtis\/#breadcrumb","itemListElement":[{"@type":"ListItem","position":1,"name":"Home","item":"https:\/\/www.fbf-bff.be\/fr\/"},{"@type":"ListItem","position":2,"name":"Ouverture d&#8217;un nouveau Quick franchis\u00e9 chez les Ch&#8217;tis"}]},{"@type":"WebSite","@id":"https:\/\/www.fbf-bff.be\/#website","url":"https:\/\/www.fbf-bff.be\/","name":"F\u00e9d\u00e9ration Belge de la Franchise","description":"Pour r\u00e9ussir ensemblee","potentialAction":[{"@type":"SearchAction","target":{"@type":"EntryPoint","urlTemplate":"https:\/\/www.fbf-bff.be\/?s={search_term_string}"},"query-input":{"@type":"PropertyValueSpecification","valueRequired":true,"valueName":"search_term_string"}}],"inLanguage":"fr-FR"},{"@type":"Person","@id":"https:\/\/www.fbf-bff.be\/#\/schema\/person\/73a9cbee87288cba2b06e3fc29244fe7","name":"fbf_admin","image":{"@type":"ImageObject","inLanguage":"fr-FR","@id":"https:\/\/www.fbf-bff.be\/#\/schema\/person\/image\/","url":"https:\/\/secure.gravatar.com\/avatar\/20f6483dbe2a69e0999ddcdd1744b7f7?s=96&d=mm&r=g","contentUrl":"https:\/\/secure.gravatar.com\/avatar\/20f6483dbe2a69e0999ddcdd1744b7f7?s=96&d=mm&r=g","caption":"fbf_admin"}}]}},"_links":{"self":[{"href":"https:\/\/www.fbf-bff.be\/fr\/wp-json\/wp\/v2\/posts\/7730"}],"collection":[{"href":"https:\/\/www.fbf-bff.be\/fr\/wp-json\/wp\/v2\/posts"}],"about":[{"href":"https:\/\/www.fbf-bff.be\/fr\/wp-json\/wp\/v2\/types\/post"}],"author":[{"embeddable":true,"href":"https:\/\/www.fbf-bff.be\/fr\/wp-json\/wp\/v2\/users\/1"}],"replies":[{"embeddable":true,"href":"https:\/\/www.fbf-bff.be\/fr\/wp-json\/wp\/v2\/comments?post=7730"}],"version-history":[{"count":0,"href":"https:\/\/www.fbf-bff.be\/fr\/wp-json\/wp\/v2\/posts\/7730\/revisions"}],"wp:attachment":[{"href":"https:\/\/www.fbf-bff.be\/fr\/wp-json\/wp\/v2\/media?parent=7730"}],"wp:term":[{"taxonomy":"category","embeddable":true,"href":"https:\/\/www.fbf-bff.be\/fr\/wp-json\/wp\/v2\/categories?post=7730"},{"taxonomy":"post_tag","embeddable":true,"href":"https:\/\/www.fbf-bff.be\/fr\/wp-json\/wp\/v2\/tags?post=7730"}],"curies":[{"name":"wp","href":"https:\/\/api.w.org\/{rel}","templated":true}]}}