{"id":7709,"date":"2015-06-10T00:00:00","date_gmt":"2015-06-09T22:00:00","guid":{"rendered":"https:\/\/www.fbf-bff.be\/des-changements-a-la-direction-de-carrefour-belgium\/"},"modified":"2015-06-10T00:00:00","modified_gmt":"2015-06-09T22:00:00","slug":"des-changements-a-la-direction-de-carrefour-belgium","status":"publish","type":"post","link":"https:\/\/www.fbf-bff.be\/fr\/des-changements-a-la-direction-de-carrefour-belgium\/","title":{"rendered":"Des changements \u00e0 la direction de Carrefour Belgium"},"content":{"rendered":"<p> <\/p><p>\u00a0 <\/p><p> <\/p><p>\u00a0 <\/p><p> <\/p><p>\u00a0 <\/p><p><br><\/p><p> <\/p><p>Carrefour Belgium annonce que Luc Demez (52), actuellement Directeur Exploitation Market et depuis 1987 chez GIB\/Carrefour, occupera \u00e0 partir du 1er septembre 2015 le poste de Directeur G\u00e9n\u00e9ral de CFAO Retail au Cameroun. CFAO Retail est un partenariat entre CFAO et le Groupe Carrefour. <\/p><p>\u00a0 <\/p><p>Hilde Decadt (43), actuellement Directeur Exploitation Express et qui a plus de 20 ans d\u2019exp\u00e9rience en Ventes, Marchandises, Marketing et Exploitation Commercial, succ\u00e8dera \u00e0 Luc Demez en tant que Directeur Exploitation Market \u00e0 partir du 1er septembre 2015. <\/p><p>\u00a0 <\/p><p>Giosino Cornacchia (50), 25 ans d\u2019exp\u00e9rience en grande distribution et actuellement Directeur Op\u00e9rationnel Market Franchise pour le Sud de la Belgique, succ\u00e8dera \u00e0 Hilde Decadt en tant que Directeur Exploitation Express et rejoindra le Comit\u00e9 Ex\u00e9cutif de Carrefour Belgium \u00e0 partir du 1er septembre 2015. <\/p><p>\u00a0 <\/p><p>Carrefour Belgium a actuellement un r\u00e9seau de 748 magasins, dont 45 Hypermarch\u00e9s Carrefour, 438 Market, 263 magasins de proximit\u00e9 franchis\u00e9s Express, 12 Drive et plus de 60  points de retrait en magasins. Carrefour Belgium emploie quelque 11.500 collaborateurs.<\/p>","protected":false},"excerpt":{"rendered":"<\/p>\n<p>\u00a0\n<\/p>\n<\/p>\n<\/p>\n<p>\u00a0\n<\/p>\n<\/p>\n<\/p>\n<p>\u00a0\n<\/p>\n<\/p>\n<\/p>\n<\/p>\n<p>Carrefour Belgium annonce que Luc Demez (52), actuellement Directeur Exploitation Market et depuis 1987 chez GIB\/Carrefour, occupera \u00e0 partir du 1er septembre 2015 le poste de Directeur G\u00e9n\u00e9ral de CFAO Retail au Cameroun. CFAO Retail est un partenariat entre CFAO et le Groupe Carrefour.<\/p>\n","protected":false},"author":1,"featured_media":0,"comment_status":"closed","ping_status":"open","sticky":false,"template":"","format":"standard","meta":{"ngg_post_thumbnail":0,"footnotes":""},"categories":[41],"tags":[],"acf":[],"yoast_head":"<!-- This site is optimized with the Yoast SEO plugin v23.5 - https:\/\/yoast.com\/wordpress\/plugins\/seo\/ -->\n<title>Des changements \u00e0 la direction de Carrefour Belgium - F\u00e9d\u00e9ration Belge de la Franchise<\/title>\n<meta name=\"robots\" content=\"index, follow, max-snippet:-1, max-image-preview:large, max-video-preview:-1\" \/>\n<link rel=\"canonical\" href=\"https:\/\/www.fbf-bff.be\/fr\/des-changements-a-la-direction-de-carrefour-belgium\/\" \/>\n<meta property=\"og:locale\" content=\"fr_FR\" \/>\n<meta property=\"og:type\" content=\"article\" \/>\n<meta property=\"og:title\" content=\"Des changements \u00e0 la direction de Carrefour Belgium - F\u00e9d\u00e9ration Belge de la Franchise\" \/>\n<meta property=\"og:description\" content=\"\u00a0  \u00a0  \u00a0   Carrefour Belgium annonce que Luc Demez (52), actuellement Directeur Exploitation Market et depuis 1987 chez GIB\/Carrefour, occupera \u00e0 partir du 1er septembre 2015 le poste de Directeur G\u00e9n\u00e9ral de CFAO Retail au Cameroun. CFAO Retail est un partenariat entre CFAO et le Groupe Carrefour.\" \/>\n<meta property=\"og:url\" content=\"https:\/\/www.fbf-bff.be\/fr\/des-changements-a-la-direction-de-carrefour-belgium\/\" \/>\n<meta property=\"og:site_name\" content=\"F\u00e9d\u00e9ration Belge de la Franchise\" \/>\n<meta property=\"article:published_time\" content=\"2015-06-09T22:00:00+00:00\" \/>\n<meta property=\"og:image\" content=\"https:\/\/www.fbf-bff.be\/wp-content\/uploads\/2017\/06\/fbf-bff-fb-cover.jpg\" \/>\n\t<meta property=\"og:image:width\" content=\"1200\" \/>\n\t<meta property=\"og:image:height\" content=\"630\" \/>\n\t<meta property=\"og:image:type\" content=\"image\/jpeg\" \/>\n<meta name=\"author\" content=\"fbf_admin\" \/>\n<meta name=\"twitter:card\" content=\"summary_large_image\" \/>\n<meta name=\"twitter:label1\" content=\"\u00c9crit par\" \/>\n\t<meta name=\"twitter:data1\" content=\"fbf_admin\" \/>\n\t<meta name=\"twitter:label2\" content=\"Dur\u00e9e de lecture estim\u00e9e\" \/>\n\t<meta name=\"twitter:data2\" content=\"1 minute\" \/>\n<script type=\"application\/ld+json\" class=\"yoast-schema-graph\">{\"@context\":\"https:\/\/schema.org\",\"@graph\":[{\"@type\":\"WebPage\",\"@id\":\"https:\/\/www.fbf-bff.be\/fr\/des-changements-a-la-direction-de-carrefour-belgium\/\",\"url\":\"https:\/\/www.fbf-bff.be\/fr\/des-changements-a-la-direction-de-carrefour-belgium\/\",\"name\":\"Des changements \u00e0 la direction de Carrefour Belgium - F\u00e9d\u00e9ration Belge de la Franchise\",\"isPartOf\":{\"@id\":\"https:\/\/www.fbf-bff.be\/#website\"},\"datePublished\":\"2015-06-09T22:00:00+00:00\",\"dateModified\":\"2015-06-09T22:00:00+00:00\",\"author\":{\"@id\":\"https:\/\/www.fbf-bff.be\/#\/schema\/person\/73a9cbee87288cba2b06e3fc29244fe7\"},\"breadcrumb\":{\"@id\":\"https:\/\/www.fbf-bff.be\/fr\/des-changements-a-la-direction-de-carrefour-belgium\/#breadcrumb\"},\"inLanguage\":\"fr-FR\",\"potentialAction\":[{\"@type\":\"ReadAction\",\"target\":[\"https:\/\/www.fbf-bff.be\/fr\/des-changements-a-la-direction-de-carrefour-belgium\/\"]}]},{\"@type\":\"BreadcrumbList\",\"@id\":\"https:\/\/www.fbf-bff.be\/fr\/des-changements-a-la-direction-de-carrefour-belgium\/#breadcrumb\",\"itemListElement\":[{\"@type\":\"ListItem\",\"position\":1,\"name\":\"Home\",\"item\":\"https:\/\/www.fbf-bff.be\/fr\/\"},{\"@type\":\"ListItem\",\"position\":2,\"name\":\"Des changements \u00e0 la direction de Carrefour Belgium\"}]},{\"@type\":\"WebSite\",\"@id\":\"https:\/\/www.fbf-bff.be\/#website\",\"url\":\"https:\/\/www.fbf-bff.be\/\",\"name\":\"F\u00e9d\u00e9ration Belge de la Franchise\",\"description\":\"Pour r\u00e9ussir ensemblee\",\"potentialAction\":[{\"@type\":\"SearchAction\",\"target\":{\"@type\":\"EntryPoint\",\"urlTemplate\":\"https:\/\/www.fbf-bff.be\/?s={search_term_string}\"},\"query-input\":{\"@type\":\"PropertyValueSpecification\",\"valueRequired\":true,\"valueName\":\"search_term_string\"}}],\"inLanguage\":\"fr-FR\"},{\"@type\":\"Person\",\"@id\":\"https:\/\/www.fbf-bff.be\/#\/schema\/person\/73a9cbee87288cba2b06e3fc29244fe7\",\"name\":\"fbf_admin\",\"image\":{\"@type\":\"ImageObject\",\"inLanguage\":\"fr-FR\",\"@id\":\"https:\/\/www.fbf-bff.be\/#\/schema\/person\/image\/\",\"url\":\"https:\/\/secure.gravatar.com\/avatar\/20f6483dbe2a69e0999ddcdd1744b7f7?s=96&d=mm&r=g\",\"contentUrl\":\"https:\/\/secure.gravatar.com\/avatar\/20f6483dbe2a69e0999ddcdd1744b7f7?s=96&d=mm&r=g\",\"caption\":\"fbf_admin\"}}]}<\/script>\n<!-- \/ Yoast SEO plugin. -->","yoast_head_json":{"title":"Des changements \u00e0 la direction de Carrefour Belgium - F\u00e9d\u00e9ration Belge de la Franchise","robots":{"index":"index","follow":"follow","max-snippet":"max-snippet:-1","max-image-preview":"max-image-preview:large","max-video-preview":"max-video-preview:-1"},"canonical":"https:\/\/www.fbf-bff.be\/fr\/des-changements-a-la-direction-de-carrefour-belgium\/","og_locale":"fr_FR","og_type":"article","og_title":"Des changements \u00e0 la direction de Carrefour Belgium - F\u00e9d\u00e9ration Belge de la Franchise","og_description":"\u00a0  \u00a0  \u00a0   Carrefour Belgium annonce que Luc Demez (52), actuellement Directeur Exploitation Market et depuis 1987 chez GIB\/Carrefour, occupera \u00e0 partir du 1er septembre 2015 le poste de Directeur G\u00e9n\u00e9ral de CFAO Retail au Cameroun. CFAO Retail est un partenariat entre CFAO et le Groupe Carrefour.","og_url":"https:\/\/www.fbf-bff.be\/fr\/des-changements-a-la-direction-de-carrefour-belgium\/","og_site_name":"F\u00e9d\u00e9ration Belge de la Franchise","article_published_time":"2015-06-09T22:00:00+00:00","og_image":[{"width":1200,"height":630,"url":"https:\/\/www.fbf-bff.be\/wp-content\/uploads\/2017\/06\/fbf-bff-fb-cover.jpg","type":"image\/jpeg"}],"author":"fbf_admin","twitter_card":"summary_large_image","twitter_misc":{"\u00c9crit par":"fbf_admin","Dur\u00e9e de lecture estim\u00e9e":"1 minute"},"schema":{"@context":"https:\/\/schema.org","@graph":[{"@type":"WebPage","@id":"https:\/\/www.fbf-bff.be\/fr\/des-changements-a-la-direction-de-carrefour-belgium\/","url":"https:\/\/www.fbf-bff.be\/fr\/des-changements-a-la-direction-de-carrefour-belgium\/","name":"Des changements \u00e0 la direction de Carrefour Belgium - F\u00e9d\u00e9ration Belge de la Franchise","isPartOf":{"@id":"https:\/\/www.fbf-bff.be\/#website"},"datePublished":"2015-06-09T22:00:00+00:00","dateModified":"2015-06-09T22:00:00+00:00","author":{"@id":"https:\/\/www.fbf-bff.be\/#\/schema\/person\/73a9cbee87288cba2b06e3fc29244fe7"},"breadcrumb":{"@id":"https:\/\/www.fbf-bff.be\/fr\/des-changements-a-la-direction-de-carrefour-belgium\/#breadcrumb"},"inLanguage":"fr-FR","potentialAction":[{"@type":"ReadAction","target":["https:\/\/www.fbf-bff.be\/fr\/des-changements-a-la-direction-de-carrefour-belgium\/"]}]},{"@type":"BreadcrumbList","@id":"https:\/\/www.fbf-bff.be\/fr\/des-changements-a-la-direction-de-carrefour-belgium\/#breadcrumb","itemListElement":[{"@type":"ListItem","position":1,"name":"Home","item":"https:\/\/www.fbf-bff.be\/fr\/"},{"@type":"ListItem","position":2,"name":"Des changements \u00e0 la direction de Carrefour Belgium"}]},{"@type":"WebSite","@id":"https:\/\/www.fbf-bff.be\/#website","url":"https:\/\/www.fbf-bff.be\/","name":"F\u00e9d\u00e9ration Belge de la Franchise","description":"Pour r\u00e9ussir ensemblee","potentialAction":[{"@type":"SearchAction","target":{"@type":"EntryPoint","urlTemplate":"https:\/\/www.fbf-bff.be\/?s={search_term_string}"},"query-input":{"@type":"PropertyValueSpecification","valueRequired":true,"valueName":"search_term_string"}}],"inLanguage":"fr-FR"},{"@type":"Person","@id":"https:\/\/www.fbf-bff.be\/#\/schema\/person\/73a9cbee87288cba2b06e3fc29244fe7","name":"fbf_admin","image":{"@type":"ImageObject","inLanguage":"fr-FR","@id":"https:\/\/www.fbf-bff.be\/#\/schema\/person\/image\/","url":"https:\/\/secure.gravatar.com\/avatar\/20f6483dbe2a69e0999ddcdd1744b7f7?s=96&d=mm&r=g","contentUrl":"https:\/\/secure.gravatar.com\/avatar\/20f6483dbe2a69e0999ddcdd1744b7f7?s=96&d=mm&r=g","caption":"fbf_admin"}}]}},"_links":{"self":[{"href":"https:\/\/www.fbf-bff.be\/fr\/wp-json\/wp\/v2\/posts\/7709"}],"collection":[{"href":"https:\/\/www.fbf-bff.be\/fr\/wp-json\/wp\/v2\/posts"}],"about":[{"href":"https:\/\/www.fbf-bff.be\/fr\/wp-json\/wp\/v2\/types\/post"}],"author":[{"embeddable":true,"href":"https:\/\/www.fbf-bff.be\/fr\/wp-json\/wp\/v2\/users\/1"}],"replies":[{"embeddable":true,"href":"https:\/\/www.fbf-bff.be\/fr\/wp-json\/wp\/v2\/comments?post=7709"}],"version-history":[{"count":0,"href":"https:\/\/www.fbf-bff.be\/fr\/wp-json\/wp\/v2\/posts\/7709\/revisions"}],"wp:attachment":[{"href":"https:\/\/www.fbf-bff.be\/fr\/wp-json\/wp\/v2\/media?parent=7709"}],"wp:term":[{"taxonomy":"category","embeddable":true,"href":"https:\/\/www.fbf-bff.be\/fr\/wp-json\/wp\/v2\/categories?post=7709"},{"taxonomy":"post_tag","embeddable":true,"href":"https:\/\/www.fbf-bff.be\/fr\/wp-json\/wp\/v2\/tags?post=7709"}],"curies":[{"name":"wp","href":"https:\/\/api.w.org\/{rel}","templated":true}]}}