{"id":7706,"date":"2015-06-10T00:00:00","date_gmt":"2015-06-09T22:00:00","guid":{"rendered":"https:\/\/www.fbf-bff.be\/troc-com-rejoint-linstitut-de-leconomie-circulaire\/"},"modified":"2015-06-10T00:00:00","modified_gmt":"2015-06-09T22:00:00","slug":"troc-com-rejoint-linstitut-de-leconomie-circulaire","status":"publish","type":"post","link":"https:\/\/www.fbf-bff.be\/fr\/troc-com-rejoint-linstitut-de-leconomie-circulaire\/","title":{"rendered":"Troc.com rejoint l&#8217;Institut de l&#8217;Economie Circulaire"},"content":{"rendered":"<p> <\/p><p> <\/p><p> <\/p><p>Le leader europ\u00e9en du march\u00e9 de l&rsquo;occasion Troc.com vient de rejoindre en France, l&rsquo;Institut de l&rsquo;Econonie Circulaire, une association nationale, qui souhaite promouvoir ce type d&rsquo;\u00e9conomie. <\/p><p> <\/p><p>Troc.com voit dans cette adh\u00e9sion \u00ab une nouvelle illustration de son engagement aux c\u00f4t\u00e9s d\u2019un nombre croissant de consommateurs qui consid\u00e8rent le r\u00e9emploi, l\u2019occasion et le recyclage intelligent d\u2019objets comme une alternative naturelle aux modes de consommation traditionnels. Nous sommes heureux d\u2019\u00eatre membre de l&rsquo;Institut de l&rsquo;\u00c9conomie Circulaire et d\u2019apporter, par notre exp\u00e9rience quotidienne, notre contribution \u00e0 ce secteur en plein essor,  Chaque ann\u00e9e, au travers de nos magasins, ce sont plus de 3 millions d\u2019objets qui changent de main pour une deuxi\u00e8me vie, voire plus. Notre adh\u00e9sion \u00e0 l&rsquo;Institut de l&rsquo;\u00c9conomie Circulaire est donc logique et l\u00e9gitime. \u00bb a d\u00e9clar\u00e9 Fr\u00e9d\u00e9ric Husson, le directeur de la communication de l&rsquo;enseigne.<\/p>","protected":false},"excerpt":{"rendered":"<\/p>\n<\/p>\n<\/p>\n<p>Le leader europ\u00e9en du march\u00e9 de l&rsquo;occasion Troc.com vient de rejoindre en France, l&rsquo;Institut de l&rsquo;Econonie Circulaire, une association nationale, qui souhaite promouvoir ce type d&rsquo;\u00e9conomie.<\/p>\n","protected":false},"author":1,"featured_media":0,"comment_status":"closed","ping_status":"open","sticky":false,"template":"","format":"standard","meta":{"ngg_post_thumbnail":0,"footnotes":""},"categories":[37],"tags":[],"acf":[],"yoast_head":"<!-- This site is optimized with the Yoast SEO plugin v23.5 - https:\/\/yoast.com\/wordpress\/plugins\/seo\/ -->\n<title>Troc.com rejoint l&#8217;Institut de l&#8217;Economie Circulaire - F\u00e9d\u00e9ration Belge de la Franchise<\/title>\n<meta name=\"robots\" content=\"index, follow, max-snippet:-1, max-image-preview:large, max-video-preview:-1\" \/>\n<link rel=\"canonical\" href=\"https:\/\/www.fbf-bff.be\/fr\/troc-com-rejoint-linstitut-de-leconomie-circulaire\/\" \/>\n<meta property=\"og:locale\" content=\"fr_FR\" \/>\n<meta property=\"og:type\" content=\"article\" \/>\n<meta property=\"og:title\" content=\"Troc.com rejoint l&#8217;Institut de l&#8217;Economie Circulaire - F\u00e9d\u00e9ration Belge de la Franchise\" \/>\n<meta property=\"og:description\" content=\"Le leader europ\u00e9en du march\u00e9 de l&#039;occasion Troc.com vient de rejoindre en France, l&#039;Institut de l&#039;Econonie Circulaire, une association nationale, qui souhaite promouvoir ce type d&#039;\u00e9conomie.\" \/>\n<meta property=\"og:url\" content=\"https:\/\/www.fbf-bff.be\/fr\/troc-com-rejoint-linstitut-de-leconomie-circulaire\/\" \/>\n<meta property=\"og:site_name\" content=\"F\u00e9d\u00e9ration Belge de la Franchise\" \/>\n<meta property=\"article:published_time\" content=\"2015-06-09T22:00:00+00:00\" \/>\n<meta property=\"og:image\" content=\"https:\/\/www.fbf-bff.be\/wp-content\/uploads\/2017\/06\/fbf-bff-fb-cover.jpg\" \/>\n\t<meta property=\"og:image:width\" content=\"1200\" \/>\n\t<meta property=\"og:image:height\" content=\"630\" \/>\n\t<meta property=\"og:image:type\" content=\"image\/jpeg\" \/>\n<meta name=\"author\" content=\"fbf_admin\" \/>\n<meta name=\"twitter:card\" content=\"summary_large_image\" \/>\n<meta name=\"twitter:label1\" content=\"\u00c9crit par\" \/>\n\t<meta name=\"twitter:data1\" content=\"fbf_admin\" \/>\n\t<meta name=\"twitter:label2\" content=\"Dur\u00e9e de lecture estim\u00e9e\" \/>\n\t<meta name=\"twitter:data2\" content=\"1 minute\" \/>\n<script type=\"application\/ld+json\" class=\"yoast-schema-graph\">{\"@context\":\"https:\/\/schema.org\",\"@graph\":[{\"@type\":\"WebPage\",\"@id\":\"https:\/\/www.fbf-bff.be\/fr\/troc-com-rejoint-linstitut-de-leconomie-circulaire\/\",\"url\":\"https:\/\/www.fbf-bff.be\/fr\/troc-com-rejoint-linstitut-de-leconomie-circulaire\/\",\"name\":\"Troc.com rejoint l&#8217;Institut de l&#8217;Economie Circulaire - F\u00e9d\u00e9ration Belge de la Franchise\",\"isPartOf\":{\"@id\":\"https:\/\/www.fbf-bff.be\/#website\"},\"datePublished\":\"2015-06-09T22:00:00+00:00\",\"dateModified\":\"2015-06-09T22:00:00+00:00\",\"author\":{\"@id\":\"https:\/\/www.fbf-bff.be\/#\/schema\/person\/73a9cbee87288cba2b06e3fc29244fe7\"},\"breadcrumb\":{\"@id\":\"https:\/\/www.fbf-bff.be\/fr\/troc-com-rejoint-linstitut-de-leconomie-circulaire\/#breadcrumb\"},\"inLanguage\":\"fr-FR\",\"potentialAction\":[{\"@type\":\"ReadAction\",\"target\":[\"https:\/\/www.fbf-bff.be\/fr\/troc-com-rejoint-linstitut-de-leconomie-circulaire\/\"]}]},{\"@type\":\"BreadcrumbList\",\"@id\":\"https:\/\/www.fbf-bff.be\/fr\/troc-com-rejoint-linstitut-de-leconomie-circulaire\/#breadcrumb\",\"itemListElement\":[{\"@type\":\"ListItem\",\"position\":1,\"name\":\"Home\",\"item\":\"https:\/\/www.fbf-bff.be\/fr\/\"},{\"@type\":\"ListItem\",\"position\":2,\"name\":\"Troc.com rejoint l&#8217;Institut de l&#8217;Economie Circulaire\"}]},{\"@type\":\"WebSite\",\"@id\":\"https:\/\/www.fbf-bff.be\/#website\",\"url\":\"https:\/\/www.fbf-bff.be\/\",\"name\":\"F\u00e9d\u00e9ration Belge de la Franchise\",\"description\":\"Pour r\u00e9ussir ensemblee\",\"potentialAction\":[{\"@type\":\"SearchAction\",\"target\":{\"@type\":\"EntryPoint\",\"urlTemplate\":\"https:\/\/www.fbf-bff.be\/?s={search_term_string}\"},\"query-input\":{\"@type\":\"PropertyValueSpecification\",\"valueRequired\":true,\"valueName\":\"search_term_string\"}}],\"inLanguage\":\"fr-FR\"},{\"@type\":\"Person\",\"@id\":\"https:\/\/www.fbf-bff.be\/#\/schema\/person\/73a9cbee87288cba2b06e3fc29244fe7\",\"name\":\"fbf_admin\",\"image\":{\"@type\":\"ImageObject\",\"inLanguage\":\"fr-FR\",\"@id\":\"https:\/\/www.fbf-bff.be\/#\/schema\/person\/image\/\",\"url\":\"https:\/\/secure.gravatar.com\/avatar\/20f6483dbe2a69e0999ddcdd1744b7f7?s=96&d=mm&r=g\",\"contentUrl\":\"https:\/\/secure.gravatar.com\/avatar\/20f6483dbe2a69e0999ddcdd1744b7f7?s=96&d=mm&r=g\",\"caption\":\"fbf_admin\"}}]}<\/script>\n<!-- \/ Yoast SEO plugin. -->","yoast_head_json":{"title":"Troc.com rejoint l&#8217;Institut de l&#8217;Economie Circulaire - F\u00e9d\u00e9ration Belge de la Franchise","robots":{"index":"index","follow":"follow","max-snippet":"max-snippet:-1","max-image-preview":"max-image-preview:large","max-video-preview":"max-video-preview:-1"},"canonical":"https:\/\/www.fbf-bff.be\/fr\/troc-com-rejoint-linstitut-de-leconomie-circulaire\/","og_locale":"fr_FR","og_type":"article","og_title":"Troc.com rejoint l&#8217;Institut de l&#8217;Economie Circulaire - F\u00e9d\u00e9ration Belge de la Franchise","og_description":"Le leader europ\u00e9en du march\u00e9 de l'occasion Troc.com vient de rejoindre en France, l'Institut de l'Econonie Circulaire, une association nationale, qui souhaite promouvoir ce type d'\u00e9conomie.","og_url":"https:\/\/www.fbf-bff.be\/fr\/troc-com-rejoint-linstitut-de-leconomie-circulaire\/","og_site_name":"F\u00e9d\u00e9ration Belge de la Franchise","article_published_time":"2015-06-09T22:00:00+00:00","og_image":[{"width":1200,"height":630,"url":"https:\/\/www.fbf-bff.be\/wp-content\/uploads\/2017\/06\/fbf-bff-fb-cover.jpg","type":"image\/jpeg"}],"author":"fbf_admin","twitter_card":"summary_large_image","twitter_misc":{"\u00c9crit par":"fbf_admin","Dur\u00e9e de lecture estim\u00e9e":"1 minute"},"schema":{"@context":"https:\/\/schema.org","@graph":[{"@type":"WebPage","@id":"https:\/\/www.fbf-bff.be\/fr\/troc-com-rejoint-linstitut-de-leconomie-circulaire\/","url":"https:\/\/www.fbf-bff.be\/fr\/troc-com-rejoint-linstitut-de-leconomie-circulaire\/","name":"Troc.com rejoint l&#8217;Institut de l&#8217;Economie Circulaire - F\u00e9d\u00e9ration Belge de la Franchise","isPartOf":{"@id":"https:\/\/www.fbf-bff.be\/#website"},"datePublished":"2015-06-09T22:00:00+00:00","dateModified":"2015-06-09T22:00:00+00:00","author":{"@id":"https:\/\/www.fbf-bff.be\/#\/schema\/person\/73a9cbee87288cba2b06e3fc29244fe7"},"breadcrumb":{"@id":"https:\/\/www.fbf-bff.be\/fr\/troc-com-rejoint-linstitut-de-leconomie-circulaire\/#breadcrumb"},"inLanguage":"fr-FR","potentialAction":[{"@type":"ReadAction","target":["https:\/\/www.fbf-bff.be\/fr\/troc-com-rejoint-linstitut-de-leconomie-circulaire\/"]}]},{"@type":"BreadcrumbList","@id":"https:\/\/www.fbf-bff.be\/fr\/troc-com-rejoint-linstitut-de-leconomie-circulaire\/#breadcrumb","itemListElement":[{"@type":"ListItem","position":1,"name":"Home","item":"https:\/\/www.fbf-bff.be\/fr\/"},{"@type":"ListItem","position":2,"name":"Troc.com rejoint l&#8217;Institut de l&#8217;Economie Circulaire"}]},{"@type":"WebSite","@id":"https:\/\/www.fbf-bff.be\/#website","url":"https:\/\/www.fbf-bff.be\/","name":"F\u00e9d\u00e9ration Belge de la Franchise","description":"Pour r\u00e9ussir ensemblee","potentialAction":[{"@type":"SearchAction","target":{"@type":"EntryPoint","urlTemplate":"https:\/\/www.fbf-bff.be\/?s={search_term_string}"},"query-input":{"@type":"PropertyValueSpecification","valueRequired":true,"valueName":"search_term_string"}}],"inLanguage":"fr-FR"},{"@type":"Person","@id":"https:\/\/www.fbf-bff.be\/#\/schema\/person\/73a9cbee87288cba2b06e3fc29244fe7","name":"fbf_admin","image":{"@type":"ImageObject","inLanguage":"fr-FR","@id":"https:\/\/www.fbf-bff.be\/#\/schema\/person\/image\/","url":"https:\/\/secure.gravatar.com\/avatar\/20f6483dbe2a69e0999ddcdd1744b7f7?s=96&d=mm&r=g","contentUrl":"https:\/\/secure.gravatar.com\/avatar\/20f6483dbe2a69e0999ddcdd1744b7f7?s=96&d=mm&r=g","caption":"fbf_admin"}}]}},"_links":{"self":[{"href":"https:\/\/www.fbf-bff.be\/fr\/wp-json\/wp\/v2\/posts\/7706"}],"collection":[{"href":"https:\/\/www.fbf-bff.be\/fr\/wp-json\/wp\/v2\/posts"}],"about":[{"href":"https:\/\/www.fbf-bff.be\/fr\/wp-json\/wp\/v2\/types\/post"}],"author":[{"embeddable":true,"href":"https:\/\/www.fbf-bff.be\/fr\/wp-json\/wp\/v2\/users\/1"}],"replies":[{"embeddable":true,"href":"https:\/\/www.fbf-bff.be\/fr\/wp-json\/wp\/v2\/comments?post=7706"}],"version-history":[{"count":0,"href":"https:\/\/www.fbf-bff.be\/fr\/wp-json\/wp\/v2\/posts\/7706\/revisions"}],"wp:attachment":[{"href":"https:\/\/www.fbf-bff.be\/fr\/wp-json\/wp\/v2\/media?parent=7706"}],"wp:term":[{"taxonomy":"category","embeddable":true,"href":"https:\/\/www.fbf-bff.be\/fr\/wp-json\/wp\/v2\/categories?post=7706"},{"taxonomy":"post_tag","embeddable":true,"href":"https:\/\/www.fbf-bff.be\/fr\/wp-json\/wp\/v2\/tags?post=7706"}],"curies":[{"name":"wp","href":"https:\/\/api.w.org\/{rel}","templated":true}]}}