{"id":7697,"date":"2015-06-04T00:00:00","date_gmt":"2015-06-03T22:00:00","guid":{"rendered":"https:\/\/www.fbf-bff.be\/accor-adopte-une-nouvelle-signature-et-devient-accorhotels\/"},"modified":"2015-06-04T00:00:00","modified_gmt":"2015-06-03T22:00:00","slug":"accor-adopte-une-nouvelle-signature-et-devient-accorhotels","status":"publish","type":"post","link":"https:\/\/www.fbf-bff.be\/fr\/accor-adopte-une-nouvelle-signature-et-devient-accorhotels\/","title":{"rendered":"Accor adopte une nouvelle signature et devient AccorHotels"},"content":{"rendered":"<p> <\/p><p>En devenant AccorHotels, le Groupe endosse avec fiert\u00e9 son m\u00e9tier d\u2019h\u00f4telier et a pour objectif d\u2019accro\u00eetre la puissance et la visibilit\u00e9 de AccorHotels, \u00e0 la fois marque institutionnelle et commerciale, en la reliant \u00e0 sa plate-forme digitale AccorHotels.com et en la pla\u00e7ant au c\u0153ur de son \u00e9cosyst\u00e8me de marques enseignes.  <\/p><p> <\/p><p>Afin de permettre \u00e0 la marque Groupe et aux marques enseignes de se renforcer mutuellement, AccorHotels viendra endosser toutes les communications des marques et leur apportera la cr\u00e9dibilit\u00e9, la caution et l\u2019expertise d\u2019un leader international. <\/p><p> <\/p><p>Parall\u00e8lement, le portefeuille de marques sera syst\u00e9matiquement associ\u00e9 \u00e0 la communication de AccorHotels pour renforcer l\u2019attractivit\u00e9 du Groupe et de sa plate-forme digitale.  <\/p><p> <\/p><p>Le Groupe se dote \u00e9galement d\u2019une nouvelle signature simple, impactante et universelle qui r\u00e9affirme son \u00e9tat d\u2019esprit f\u00e9d\u00e9rateur : Feel Welcome. Feel Welcome exprime la richesse et l\u2019essence m\u00eame de l\u2019Hospitalit\u00e9. Cette promesse est destin\u00e9e \u00e0 tous les publics pour qu\u2019ils se sentent attendus, uniques et privil\u00e9gi\u00e9s : les clients, les collaborateurs et les partenaires.  <\/p><p> <\/p><p>Pour porter l\u2019ambition du Groupe, la nouvelle identit\u00e9 est compos\u00e9e d\u2019un logo plus statutaire avec une typographie d\u2019une couleur bleu marine soutenu. Ce nouveau logo reste associ\u00e9 au symbole du Groupe, la bernache, unique et embl\u00e9matique de couleur miel. Ic\u00f4ne de la marque et de son application mobile, cet oiseau migrateur symbolise l\u2019esprit de groupe, la d\u00e9termination et le voyage. La nouvelle plate-forme de marque est \u00e9galement port\u00e9e par un manifeste Groupe qui s\u2019accompagne d\u2019une charte s\u00e9mantique permettant de soutenir la personnalit\u00e9 de la marque \u00e0 chacune des prises de parole.  <\/p><p> <\/p><p>Une nouvelle iconographie mettant en sc\u00e8ne l\u2019esprit de services dans les h\u00f4tels du Groupe, ainsi qu\u2019une identit\u00e9 musicale originale, compl\u00e8tent ce territoire. Cette nouvelle identit\u00e9 est d\u2019ores et d\u00e9j\u00e0 visible sur l\u2019espace du Groupe au Village des partenaires de Roland-Garros, dont AccorHotels est fournisseur officiel.\u00a0<\/p>","protected":false},"excerpt":{"rendered":"<\/p>\n<p>En devenant AccorHotels, le Groupe endosse avec fiert\u00e9 son m\u00e9tier d\u2019h\u00f4telier et a pour objectif d\u2019accro\u00eetre la puissance et la visibilit\u00e9 de AccorHotels, \u00e0 la fois marque institutionnelle et commerciale, en la reliant \u00e0 sa plate-forme digitale AccorHotels.com et en la pla\u00e7ant au c\u0153ur de son \u00e9cosyst\u00e8me de marques enseignes.<\/p>\n","protected":false},"author":1,"featured_media":0,"comment_status":"closed","ping_status":"open","sticky":false,"template":"","format":"standard","meta":{"ngg_post_thumbnail":0,"footnotes":""},"categories":[41],"tags":[],"acf":[],"yoast_head":"<!-- This site is optimized with the Yoast SEO plugin v23.5 - https:\/\/yoast.com\/wordpress\/plugins\/seo\/ -->\n<title>Accor adopte une nouvelle signature et devient AccorHotels - F\u00e9d\u00e9ration Belge de la Franchise<\/title>\n<meta name=\"robots\" content=\"index, follow, max-snippet:-1, max-image-preview:large, max-video-preview:-1\" \/>\n<link rel=\"canonical\" href=\"https:\/\/www.fbf-bff.be\/fr\/accor-adopte-une-nouvelle-signature-et-devient-accorhotels\/\" \/>\n<meta property=\"og:locale\" content=\"fr_FR\" \/>\n<meta property=\"og:type\" content=\"article\" \/>\n<meta property=\"og:title\" content=\"Accor adopte une nouvelle signature et devient AccorHotels - F\u00e9d\u00e9ration Belge de la Franchise\" \/>\n<meta property=\"og:description\" content=\"En devenant AccorHotels, le Groupe endosse avec fiert\u00e9 son m\u00e9tier d\u2019h\u00f4telier et a pour objectif d\u2019accro\u00eetre la puissance et la visibilit\u00e9 de AccorHotels, \u00e0 la fois marque institutionnelle et commerciale, en la reliant \u00e0 sa plate-forme digitale AccorHotels.com et en la pla\u00e7ant au c\u0153ur de son \u00e9cosyst\u00e8me de marques enseignes.\" \/>\n<meta property=\"og:url\" content=\"https:\/\/www.fbf-bff.be\/fr\/accor-adopte-une-nouvelle-signature-et-devient-accorhotels\/\" \/>\n<meta property=\"og:site_name\" content=\"F\u00e9d\u00e9ration Belge de la Franchise\" \/>\n<meta property=\"article:published_time\" content=\"2015-06-03T22:00:00+00:00\" \/>\n<meta property=\"og:image\" content=\"https:\/\/www.fbf-bff.be\/wp-content\/uploads\/2017\/06\/fbf-bff-fb-cover.jpg\" \/>\n\t<meta property=\"og:image:width\" content=\"1200\" \/>\n\t<meta property=\"og:image:height\" content=\"630\" \/>\n\t<meta property=\"og:image:type\" content=\"image\/jpeg\" \/>\n<meta name=\"author\" content=\"fbf_admin\" \/>\n<meta name=\"twitter:card\" content=\"summary_large_image\" \/>\n<meta name=\"twitter:label1\" content=\"\u00c9crit par\" \/>\n\t<meta name=\"twitter:data1\" content=\"fbf_admin\" \/>\n\t<meta name=\"twitter:label2\" content=\"Dur\u00e9e de lecture estim\u00e9e\" \/>\n\t<meta name=\"twitter:data2\" content=\"2 minutes\" \/>\n<script type=\"application\/ld+json\" class=\"yoast-schema-graph\">{\"@context\":\"https:\/\/schema.org\",\"@graph\":[{\"@type\":\"WebPage\",\"@id\":\"https:\/\/www.fbf-bff.be\/fr\/accor-adopte-une-nouvelle-signature-et-devient-accorhotels\/\",\"url\":\"https:\/\/www.fbf-bff.be\/fr\/accor-adopte-une-nouvelle-signature-et-devient-accorhotels\/\",\"name\":\"Accor adopte une nouvelle signature et devient AccorHotels - F\u00e9d\u00e9ration Belge de la Franchise\",\"isPartOf\":{\"@id\":\"https:\/\/www.fbf-bff.be\/#website\"},\"datePublished\":\"2015-06-03T22:00:00+00:00\",\"dateModified\":\"2015-06-03T22:00:00+00:00\",\"author\":{\"@id\":\"https:\/\/www.fbf-bff.be\/#\/schema\/person\/73a9cbee87288cba2b06e3fc29244fe7\"},\"breadcrumb\":{\"@id\":\"https:\/\/www.fbf-bff.be\/fr\/accor-adopte-une-nouvelle-signature-et-devient-accorhotels\/#breadcrumb\"},\"inLanguage\":\"fr-FR\",\"potentialAction\":[{\"@type\":\"ReadAction\",\"target\":[\"https:\/\/www.fbf-bff.be\/fr\/accor-adopte-une-nouvelle-signature-et-devient-accorhotels\/\"]}]},{\"@type\":\"BreadcrumbList\",\"@id\":\"https:\/\/www.fbf-bff.be\/fr\/accor-adopte-une-nouvelle-signature-et-devient-accorhotels\/#breadcrumb\",\"itemListElement\":[{\"@type\":\"ListItem\",\"position\":1,\"name\":\"Home\",\"item\":\"https:\/\/www.fbf-bff.be\/fr\/\"},{\"@type\":\"ListItem\",\"position\":2,\"name\":\"Accor adopte une nouvelle signature et devient AccorHotels\"}]},{\"@type\":\"WebSite\",\"@id\":\"https:\/\/www.fbf-bff.be\/#website\",\"url\":\"https:\/\/www.fbf-bff.be\/\",\"name\":\"F\u00e9d\u00e9ration Belge de la Franchise\",\"description\":\"Pour r\u00e9ussir ensemblee\",\"potentialAction\":[{\"@type\":\"SearchAction\",\"target\":{\"@type\":\"EntryPoint\",\"urlTemplate\":\"https:\/\/www.fbf-bff.be\/?s={search_term_string}\"},\"query-input\":{\"@type\":\"PropertyValueSpecification\",\"valueRequired\":true,\"valueName\":\"search_term_string\"}}],\"inLanguage\":\"fr-FR\"},{\"@type\":\"Person\",\"@id\":\"https:\/\/www.fbf-bff.be\/#\/schema\/person\/73a9cbee87288cba2b06e3fc29244fe7\",\"name\":\"fbf_admin\",\"image\":{\"@type\":\"ImageObject\",\"inLanguage\":\"fr-FR\",\"@id\":\"https:\/\/www.fbf-bff.be\/#\/schema\/person\/image\/\",\"url\":\"https:\/\/secure.gravatar.com\/avatar\/20f6483dbe2a69e0999ddcdd1744b7f7?s=96&d=mm&r=g\",\"contentUrl\":\"https:\/\/secure.gravatar.com\/avatar\/20f6483dbe2a69e0999ddcdd1744b7f7?s=96&d=mm&r=g\",\"caption\":\"fbf_admin\"}}]}<\/script>\n<!-- \/ Yoast SEO plugin. -->","yoast_head_json":{"title":"Accor adopte une nouvelle signature et devient AccorHotels - F\u00e9d\u00e9ration Belge de la Franchise","robots":{"index":"index","follow":"follow","max-snippet":"max-snippet:-1","max-image-preview":"max-image-preview:large","max-video-preview":"max-video-preview:-1"},"canonical":"https:\/\/www.fbf-bff.be\/fr\/accor-adopte-une-nouvelle-signature-et-devient-accorhotels\/","og_locale":"fr_FR","og_type":"article","og_title":"Accor adopte une nouvelle signature et devient AccorHotels - F\u00e9d\u00e9ration Belge de la Franchise","og_description":"En devenant AccorHotels, le Groupe endosse avec fiert\u00e9 son m\u00e9tier d\u2019h\u00f4telier et a pour objectif d\u2019accro\u00eetre la puissance et la visibilit\u00e9 de AccorHotels, \u00e0 la fois marque institutionnelle et commerciale, en la reliant \u00e0 sa plate-forme digitale AccorHotels.com et en la pla\u00e7ant au c\u0153ur de son \u00e9cosyst\u00e8me de marques enseignes.","og_url":"https:\/\/www.fbf-bff.be\/fr\/accor-adopte-une-nouvelle-signature-et-devient-accorhotels\/","og_site_name":"F\u00e9d\u00e9ration Belge de la Franchise","article_published_time":"2015-06-03T22:00:00+00:00","og_image":[{"width":1200,"height":630,"url":"https:\/\/www.fbf-bff.be\/wp-content\/uploads\/2017\/06\/fbf-bff-fb-cover.jpg","type":"image\/jpeg"}],"author":"fbf_admin","twitter_card":"summary_large_image","twitter_misc":{"\u00c9crit par":"fbf_admin","Dur\u00e9e de lecture estim\u00e9e":"2 minutes"},"schema":{"@context":"https:\/\/schema.org","@graph":[{"@type":"WebPage","@id":"https:\/\/www.fbf-bff.be\/fr\/accor-adopte-une-nouvelle-signature-et-devient-accorhotels\/","url":"https:\/\/www.fbf-bff.be\/fr\/accor-adopte-une-nouvelle-signature-et-devient-accorhotels\/","name":"Accor adopte une nouvelle signature et devient AccorHotels - F\u00e9d\u00e9ration Belge de la Franchise","isPartOf":{"@id":"https:\/\/www.fbf-bff.be\/#website"},"datePublished":"2015-06-03T22:00:00+00:00","dateModified":"2015-06-03T22:00:00+00:00","author":{"@id":"https:\/\/www.fbf-bff.be\/#\/schema\/person\/73a9cbee87288cba2b06e3fc29244fe7"},"breadcrumb":{"@id":"https:\/\/www.fbf-bff.be\/fr\/accor-adopte-une-nouvelle-signature-et-devient-accorhotels\/#breadcrumb"},"inLanguage":"fr-FR","potentialAction":[{"@type":"ReadAction","target":["https:\/\/www.fbf-bff.be\/fr\/accor-adopte-une-nouvelle-signature-et-devient-accorhotels\/"]}]},{"@type":"BreadcrumbList","@id":"https:\/\/www.fbf-bff.be\/fr\/accor-adopte-une-nouvelle-signature-et-devient-accorhotels\/#breadcrumb","itemListElement":[{"@type":"ListItem","position":1,"name":"Home","item":"https:\/\/www.fbf-bff.be\/fr\/"},{"@type":"ListItem","position":2,"name":"Accor adopte une nouvelle signature et devient AccorHotels"}]},{"@type":"WebSite","@id":"https:\/\/www.fbf-bff.be\/#website","url":"https:\/\/www.fbf-bff.be\/","name":"F\u00e9d\u00e9ration Belge de la Franchise","description":"Pour r\u00e9ussir ensemblee","potentialAction":[{"@type":"SearchAction","target":{"@type":"EntryPoint","urlTemplate":"https:\/\/www.fbf-bff.be\/?s={search_term_string}"},"query-input":{"@type":"PropertyValueSpecification","valueRequired":true,"valueName":"search_term_string"}}],"inLanguage":"fr-FR"},{"@type":"Person","@id":"https:\/\/www.fbf-bff.be\/#\/schema\/person\/73a9cbee87288cba2b06e3fc29244fe7","name":"fbf_admin","image":{"@type":"ImageObject","inLanguage":"fr-FR","@id":"https:\/\/www.fbf-bff.be\/#\/schema\/person\/image\/","url":"https:\/\/secure.gravatar.com\/avatar\/20f6483dbe2a69e0999ddcdd1744b7f7?s=96&d=mm&r=g","contentUrl":"https:\/\/secure.gravatar.com\/avatar\/20f6483dbe2a69e0999ddcdd1744b7f7?s=96&d=mm&r=g","caption":"fbf_admin"}}]}},"_links":{"self":[{"href":"https:\/\/www.fbf-bff.be\/fr\/wp-json\/wp\/v2\/posts\/7697"}],"collection":[{"href":"https:\/\/www.fbf-bff.be\/fr\/wp-json\/wp\/v2\/posts"}],"about":[{"href":"https:\/\/www.fbf-bff.be\/fr\/wp-json\/wp\/v2\/types\/post"}],"author":[{"embeddable":true,"href":"https:\/\/www.fbf-bff.be\/fr\/wp-json\/wp\/v2\/users\/1"}],"replies":[{"embeddable":true,"href":"https:\/\/www.fbf-bff.be\/fr\/wp-json\/wp\/v2\/comments?post=7697"}],"version-history":[{"count":0,"href":"https:\/\/www.fbf-bff.be\/fr\/wp-json\/wp\/v2\/posts\/7697\/revisions"}],"wp:attachment":[{"href":"https:\/\/www.fbf-bff.be\/fr\/wp-json\/wp\/v2\/media?parent=7697"}],"wp:term":[{"taxonomy":"category","embeddable":true,"href":"https:\/\/www.fbf-bff.be\/fr\/wp-json\/wp\/v2\/categories?post=7697"},{"taxonomy":"post_tag","embeddable":true,"href":"https:\/\/www.fbf-bff.be\/fr\/wp-json\/wp\/v2\/tags?post=7697"}],"curies":[{"name":"wp","href":"https:\/\/api.w.org\/{rel}","templated":true}]}}