{"id":7682,"date":"2015-05-29T00:00:00","date_gmt":"2015-05-28T22:00:00","guid":{"rendered":"https:\/\/www.fbf-bff.be\/inauguration-offcielle-du-quick-franchise-devere-hier-soir\/"},"modified":"2015-05-29T00:00:00","modified_gmt":"2015-05-28T22:00:00","slug":"inauguration-offcielle-du-quick-franchise-devere-hier-soir","status":"publish","type":"post","link":"https:\/\/www.fbf-bff.be\/fr\/inauguration-offcielle-du-quick-franchise-devere-hier-soir\/","title":{"rendered":"Inauguration offcielle du Quick franchis\u00e9 d&#8217;Evere hier soir"},"content":{"rendered":"<p>Beaucoup de monde hier pour l&rsquo;inauguration officielle du dernier Quick qui a ouvert ses portes la semaine derni\u00e8re (voir nos news pr\u00e9c\u00e9dentes) Chauss\u00e9e de Haecht,1420 \u00e0 Evere, \u00e0 c\u00f4t\u00e9 du plus grand D\u00e9cathlon de Belgique dans le nouveau complexe Leonardo. <\/p><p> <\/p><p>Le franchis\u00e9 Christian Deboudt recevaient ses invit\u00e9s dont le General Manager Quick Belux Rudy Hulsman et une grande partie des franchis\u00e9s du r\u00e9seau, dans ce superbe restaurant de 200 places assises am\u00e9nag\u00e9 selon le nouveau design moderne de l&rsquo;enseigne et certifi\u00e9 Breaam (Building Research Establishment Environmental Assessment Method), c&rsquo;est-\u00e0-dire garantissant la durabilit\u00e9 et l&rsquo;efficacit\u00e9 \u00e9nerg\u00e9tique du restaurant. <\/p><p>\u00a0 <\/p><p>Un reportage photos du restaurant sera publi\u00e9 dans nos prochaines \u00e9ditions. <\/p><p><br><\/p>","protected":false},"excerpt":{"rendered":"<p>Beaucoup de monde hier pour l&rsquo;inauguration officielle du dernier Quick qui a ouvert ses portes la semaine derni\u00e8re (voir nos news pr\u00e9c\u00e9dentes) Chauss\u00e9e de Haecht,1420 \u00e0 Evere, \u00e0 c\u00f4t\u00e9 du plus grand D\u00e9cathlon de Belgique dans le nouveau complexe Leonardo.<\/p>\n","protected":false},"author":1,"featured_media":0,"comment_status":"closed","ping_status":"open","sticky":false,"template":"","format":"standard","meta":{"ngg_post_thumbnail":0,"footnotes":""},"categories":[41],"tags":[],"acf":[],"yoast_head":"<!-- This site is optimized with the Yoast SEO plugin v23.5 - https:\/\/yoast.com\/wordpress\/plugins\/seo\/ -->\n<title>Inauguration offcielle du Quick franchis\u00e9 d&#8217;Evere hier soir - F\u00e9d\u00e9ration Belge de la Franchise<\/title>\n<meta name=\"robots\" content=\"index, follow, max-snippet:-1, max-image-preview:large, max-video-preview:-1\" \/>\n<link rel=\"canonical\" href=\"https:\/\/www.fbf-bff.be\/fr\/inauguration-offcielle-du-quick-franchise-devere-hier-soir\/\" \/>\n<meta property=\"og:locale\" content=\"fr_FR\" \/>\n<meta property=\"og:type\" content=\"article\" \/>\n<meta property=\"og:title\" content=\"Inauguration offcielle du Quick franchis\u00e9 d&#8217;Evere hier soir - F\u00e9d\u00e9ration Belge de la Franchise\" \/>\n<meta property=\"og:description\" content=\"Beaucoup de monde hier pour l&#039;inauguration officielle du dernier Quick qui a ouvert ses portes la semaine derni\u00e8re (voir nos news pr\u00e9c\u00e9dentes) Chauss\u00e9e de Haecht,1420 \u00e0 Evere, \u00e0 c\u00f4t\u00e9 du plus grand D\u00e9cathlon de Belgique dans le nouveau complexe Leonardo.\" \/>\n<meta property=\"og:url\" content=\"https:\/\/www.fbf-bff.be\/fr\/inauguration-offcielle-du-quick-franchise-devere-hier-soir\/\" \/>\n<meta property=\"og:site_name\" content=\"F\u00e9d\u00e9ration Belge de la Franchise\" \/>\n<meta property=\"article:published_time\" content=\"2015-05-28T22:00:00+00:00\" \/>\n<meta property=\"og:image\" content=\"https:\/\/www.fbf-bff.be\/wp-content\/uploads\/2017\/06\/fbf-bff-fb-cover.jpg\" \/>\n\t<meta property=\"og:image:width\" content=\"1200\" \/>\n\t<meta property=\"og:image:height\" content=\"630\" \/>\n\t<meta property=\"og:image:type\" content=\"image\/jpeg\" \/>\n<meta name=\"author\" content=\"fbf_admin\" \/>\n<meta name=\"twitter:card\" content=\"summary_large_image\" \/>\n<meta name=\"twitter:label1\" content=\"\u00c9crit par\" \/>\n\t<meta name=\"twitter:data1\" content=\"fbf_admin\" \/>\n\t<meta name=\"twitter:label2\" content=\"Dur\u00e9e de lecture estim\u00e9e\" \/>\n\t<meta name=\"twitter:data2\" content=\"1 minute\" \/>\n<script type=\"application\/ld+json\" class=\"yoast-schema-graph\">{\"@context\":\"https:\/\/schema.org\",\"@graph\":[{\"@type\":\"WebPage\",\"@id\":\"https:\/\/www.fbf-bff.be\/fr\/inauguration-offcielle-du-quick-franchise-devere-hier-soir\/\",\"url\":\"https:\/\/www.fbf-bff.be\/fr\/inauguration-offcielle-du-quick-franchise-devere-hier-soir\/\",\"name\":\"Inauguration offcielle du Quick franchis\u00e9 d&#8217;Evere hier soir - F\u00e9d\u00e9ration Belge de la Franchise\",\"isPartOf\":{\"@id\":\"https:\/\/www.fbf-bff.be\/#website\"},\"datePublished\":\"2015-05-28T22:00:00+00:00\",\"dateModified\":\"2015-05-28T22:00:00+00:00\",\"author\":{\"@id\":\"https:\/\/www.fbf-bff.be\/#\/schema\/person\/73a9cbee87288cba2b06e3fc29244fe7\"},\"breadcrumb\":{\"@id\":\"https:\/\/www.fbf-bff.be\/fr\/inauguration-offcielle-du-quick-franchise-devere-hier-soir\/#breadcrumb\"},\"inLanguage\":\"fr-FR\",\"potentialAction\":[{\"@type\":\"ReadAction\",\"target\":[\"https:\/\/www.fbf-bff.be\/fr\/inauguration-offcielle-du-quick-franchise-devere-hier-soir\/\"]}]},{\"@type\":\"BreadcrumbList\",\"@id\":\"https:\/\/www.fbf-bff.be\/fr\/inauguration-offcielle-du-quick-franchise-devere-hier-soir\/#breadcrumb\",\"itemListElement\":[{\"@type\":\"ListItem\",\"position\":1,\"name\":\"Home\",\"item\":\"https:\/\/www.fbf-bff.be\/fr\/\"},{\"@type\":\"ListItem\",\"position\":2,\"name\":\"Inauguration offcielle du Quick franchis\u00e9 d&#8217;Evere hier soir\"}]},{\"@type\":\"WebSite\",\"@id\":\"https:\/\/www.fbf-bff.be\/#website\",\"url\":\"https:\/\/www.fbf-bff.be\/\",\"name\":\"F\u00e9d\u00e9ration Belge de la Franchise\",\"description\":\"Pour r\u00e9ussir ensemblee\",\"potentialAction\":[{\"@type\":\"SearchAction\",\"target\":{\"@type\":\"EntryPoint\",\"urlTemplate\":\"https:\/\/www.fbf-bff.be\/?s={search_term_string}\"},\"query-input\":{\"@type\":\"PropertyValueSpecification\",\"valueRequired\":true,\"valueName\":\"search_term_string\"}}],\"inLanguage\":\"fr-FR\"},{\"@type\":\"Person\",\"@id\":\"https:\/\/www.fbf-bff.be\/#\/schema\/person\/73a9cbee87288cba2b06e3fc29244fe7\",\"name\":\"fbf_admin\",\"image\":{\"@type\":\"ImageObject\",\"inLanguage\":\"fr-FR\",\"@id\":\"https:\/\/www.fbf-bff.be\/#\/schema\/person\/image\/\",\"url\":\"https:\/\/secure.gravatar.com\/avatar\/20f6483dbe2a69e0999ddcdd1744b7f7?s=96&d=mm&r=g\",\"contentUrl\":\"https:\/\/secure.gravatar.com\/avatar\/20f6483dbe2a69e0999ddcdd1744b7f7?s=96&d=mm&r=g\",\"caption\":\"fbf_admin\"}}]}<\/script>\n<!-- \/ Yoast SEO plugin. -->","yoast_head_json":{"title":"Inauguration offcielle du Quick franchis\u00e9 d&#8217;Evere hier soir - F\u00e9d\u00e9ration Belge de la Franchise","robots":{"index":"index","follow":"follow","max-snippet":"max-snippet:-1","max-image-preview":"max-image-preview:large","max-video-preview":"max-video-preview:-1"},"canonical":"https:\/\/www.fbf-bff.be\/fr\/inauguration-offcielle-du-quick-franchise-devere-hier-soir\/","og_locale":"fr_FR","og_type":"article","og_title":"Inauguration offcielle du Quick franchis\u00e9 d&#8217;Evere hier soir - F\u00e9d\u00e9ration Belge de la Franchise","og_description":"Beaucoup de monde hier pour l'inauguration officielle du dernier Quick qui a ouvert ses portes la semaine derni\u00e8re (voir nos news pr\u00e9c\u00e9dentes) Chauss\u00e9e de Haecht,1420 \u00e0 Evere, \u00e0 c\u00f4t\u00e9 du plus grand D\u00e9cathlon de Belgique dans le nouveau complexe Leonardo.","og_url":"https:\/\/www.fbf-bff.be\/fr\/inauguration-offcielle-du-quick-franchise-devere-hier-soir\/","og_site_name":"F\u00e9d\u00e9ration Belge de la Franchise","article_published_time":"2015-05-28T22:00:00+00:00","og_image":[{"width":1200,"height":630,"url":"https:\/\/www.fbf-bff.be\/wp-content\/uploads\/2017\/06\/fbf-bff-fb-cover.jpg","type":"image\/jpeg"}],"author":"fbf_admin","twitter_card":"summary_large_image","twitter_misc":{"\u00c9crit par":"fbf_admin","Dur\u00e9e de lecture estim\u00e9e":"1 minute"},"schema":{"@context":"https:\/\/schema.org","@graph":[{"@type":"WebPage","@id":"https:\/\/www.fbf-bff.be\/fr\/inauguration-offcielle-du-quick-franchise-devere-hier-soir\/","url":"https:\/\/www.fbf-bff.be\/fr\/inauguration-offcielle-du-quick-franchise-devere-hier-soir\/","name":"Inauguration offcielle du Quick franchis\u00e9 d&#8217;Evere hier soir - F\u00e9d\u00e9ration Belge de la Franchise","isPartOf":{"@id":"https:\/\/www.fbf-bff.be\/#website"},"datePublished":"2015-05-28T22:00:00+00:00","dateModified":"2015-05-28T22:00:00+00:00","author":{"@id":"https:\/\/www.fbf-bff.be\/#\/schema\/person\/73a9cbee87288cba2b06e3fc29244fe7"},"breadcrumb":{"@id":"https:\/\/www.fbf-bff.be\/fr\/inauguration-offcielle-du-quick-franchise-devere-hier-soir\/#breadcrumb"},"inLanguage":"fr-FR","potentialAction":[{"@type":"ReadAction","target":["https:\/\/www.fbf-bff.be\/fr\/inauguration-offcielle-du-quick-franchise-devere-hier-soir\/"]}]},{"@type":"BreadcrumbList","@id":"https:\/\/www.fbf-bff.be\/fr\/inauguration-offcielle-du-quick-franchise-devere-hier-soir\/#breadcrumb","itemListElement":[{"@type":"ListItem","position":1,"name":"Home","item":"https:\/\/www.fbf-bff.be\/fr\/"},{"@type":"ListItem","position":2,"name":"Inauguration offcielle du Quick franchis\u00e9 d&#8217;Evere hier soir"}]},{"@type":"WebSite","@id":"https:\/\/www.fbf-bff.be\/#website","url":"https:\/\/www.fbf-bff.be\/","name":"F\u00e9d\u00e9ration Belge de la Franchise","description":"Pour r\u00e9ussir ensemblee","potentialAction":[{"@type":"SearchAction","target":{"@type":"EntryPoint","urlTemplate":"https:\/\/www.fbf-bff.be\/?s={search_term_string}"},"query-input":{"@type":"PropertyValueSpecification","valueRequired":true,"valueName":"search_term_string"}}],"inLanguage":"fr-FR"},{"@type":"Person","@id":"https:\/\/www.fbf-bff.be\/#\/schema\/person\/73a9cbee87288cba2b06e3fc29244fe7","name":"fbf_admin","image":{"@type":"ImageObject","inLanguage":"fr-FR","@id":"https:\/\/www.fbf-bff.be\/#\/schema\/person\/image\/","url":"https:\/\/secure.gravatar.com\/avatar\/20f6483dbe2a69e0999ddcdd1744b7f7?s=96&d=mm&r=g","contentUrl":"https:\/\/secure.gravatar.com\/avatar\/20f6483dbe2a69e0999ddcdd1744b7f7?s=96&d=mm&r=g","caption":"fbf_admin"}}]}},"_links":{"self":[{"href":"https:\/\/www.fbf-bff.be\/fr\/wp-json\/wp\/v2\/posts\/7682"}],"collection":[{"href":"https:\/\/www.fbf-bff.be\/fr\/wp-json\/wp\/v2\/posts"}],"about":[{"href":"https:\/\/www.fbf-bff.be\/fr\/wp-json\/wp\/v2\/types\/post"}],"author":[{"embeddable":true,"href":"https:\/\/www.fbf-bff.be\/fr\/wp-json\/wp\/v2\/users\/1"}],"replies":[{"embeddable":true,"href":"https:\/\/www.fbf-bff.be\/fr\/wp-json\/wp\/v2\/comments?post=7682"}],"version-history":[{"count":0,"href":"https:\/\/www.fbf-bff.be\/fr\/wp-json\/wp\/v2\/posts\/7682\/revisions"}],"wp:attachment":[{"href":"https:\/\/www.fbf-bff.be\/fr\/wp-json\/wp\/v2\/media?parent=7682"}],"wp:term":[{"taxonomy":"category","embeddable":true,"href":"https:\/\/www.fbf-bff.be\/fr\/wp-json\/wp\/v2\/categories?post=7682"},{"taxonomy":"post_tag","embeddable":true,"href":"https:\/\/www.fbf-bff.be\/fr\/wp-json\/wp\/v2\/tags?post=7682"}],"curies":[{"name":"wp","href":"https:\/\/api.w.org\/{rel}","templated":true}]}}