{"id":7677,"date":"2015-05-26T00:00:00","date_gmt":"2015-05-25T22:00:00","guid":{"rendered":"https:\/\/www.fbf-bff.be\/stephan-de-brouwer-mcdonalds-le-groupe-va-encore-grandir-en-belgique\/"},"modified":"2015-05-26T00:00:00","modified_gmt":"2015-05-25T22:00:00","slug":"stephan-de-brouwer-mcdonalds-le-groupe-va-encore-grandir-en-belgique","status":"publish","type":"post","link":"https:\/\/www.fbf-bff.be\/fr\/stephan-de-brouwer-mcdonalds-le-groupe-va-encore-grandir-en-belgique\/","title":{"rendered":"Stephan De Brouwer (McDonald&#8217;s) : le groupe va encore grandir en Belgique"},"content":{"rendered":"<p>Le journal Le Soir du weekend consacrait il y a une semaine une page enti\u00e8re \u00e0 l&rsquo;enseigne McDonald&rsquo;s et entre autre une interview de Stephan De Brouwer, directeur depuis 7 ans de la division belge du num\u00e9ro un mondial de la restauration rapide. <\/p><p> <span style=\"font-size: 1.25em;line-height: 1.42857143\">Nous ne reviendrons pas sur les diff\u00e9rents probl\u00e8mes rencontr\u00e9s par McDonald&rsquo;s en dehors de la Belgique abord\u00e9s dans l&rsquo;article, nous avons eu l&rsquo;occasion d&rsquo;en parler \u00e0 plusieurs reprises dans nos news pr\u00e9c\u00e9dentes mais seulement sur quelques points int\u00e9ressant la franchise.\u00a0<\/span><\/p><p> <\/p><p>Le r\u00e9seau belge de McDonald&rsquo;s comprend 70 restaurants depuis l&rsquo;ouverture en fin mars de celui de Grand Bigard et 69 d&rsquo;entre eux sont des restaurants franchis\u00e9s aux mains de 22 franchis\u00e9s.  <\/p><p> <\/p><p>Cette ann\u00e9e 4 nouveaux restaurants sont programm\u00e9s et la cadence devrait suivre et augmenter en 2016. Une expansion plus rapide est rendue difficile par l&rsquo;obtention de permis d&rsquo;une part et d&rsquo;autre part par les co\u00fbts salariaux belges par rapport \u00e0 nos pays limitrophes.  <\/p><p> <\/p><p>Le public a une id\u00e9e erron\u00e9e de la structure de la soci\u00e9t\u00e9, en Belgique McDonald&rsquo;s Belgium est d\u00e9tenteur d&rsquo;une master franchise qui lui permet de d\u00e9velopper la marque. Le groupe investit dans la partie immobili\u00e8re et les franchis\u00e9s dans la partie mobili\u00e8re et g\u00e8rent tous les autres aspects du business (recrutement, marketing, management,&#8230;). <\/p><p><br><\/p><p> <\/p><p><br><\/p>","protected":false},"excerpt":{"rendered":"<p>Le journal Le Soir du weekend consacrait il y a une semaine une page enti\u00e8re \u00e0 l&rsquo;enseigne McDonald&rsquo;s et entre autre une interview de Stephan De Brouwer, directeur depuis 7 ans de la division belge du num\u00e9ro un mondial de la restauration rapide.\n<\/p><\/p>\n","protected":false},"author":1,"featured_media":0,"comment_status":"closed","ping_status":"open","sticky":false,"template":"","format":"standard","meta":{"ngg_post_thumbnail":0,"footnotes":""},"categories":[41],"tags":[],"acf":[],"yoast_head":"<!-- This site is optimized with the Yoast SEO plugin v23.5 - https:\/\/yoast.com\/wordpress\/plugins\/seo\/ -->\n<title>Stephan De Brouwer (McDonald&#8217;s) : le groupe va encore grandir en Belgique - F\u00e9d\u00e9ration Belge de la Franchise<\/title>\n<meta name=\"robots\" content=\"index, follow, max-snippet:-1, max-image-preview:large, max-video-preview:-1\" \/>\n<link rel=\"canonical\" href=\"https:\/\/www.fbf-bff.be\/fr\/stephan-de-brouwer-mcdonalds-le-groupe-va-encore-grandir-en-belgique\/\" \/>\n<meta property=\"og:locale\" content=\"fr_FR\" \/>\n<meta property=\"og:type\" content=\"article\" \/>\n<meta property=\"og:title\" content=\"Stephan De Brouwer (McDonald&#8217;s) : le groupe va encore grandir en Belgique - F\u00e9d\u00e9ration Belge de la Franchise\" \/>\n<meta property=\"og:description\" content=\"Le journal Le Soir du weekend consacrait il y a une semaine une page enti\u00e8re \u00e0 l&#039;enseigne McDonald&#039;s et entre autre une interview de Stephan De Brouwer, directeur depuis 7 ans de la division belge du num\u00e9ro un mondial de la restauration rapide.\" \/>\n<meta property=\"og:url\" content=\"https:\/\/www.fbf-bff.be\/fr\/stephan-de-brouwer-mcdonalds-le-groupe-va-encore-grandir-en-belgique\/\" \/>\n<meta property=\"og:site_name\" content=\"F\u00e9d\u00e9ration Belge de la Franchise\" \/>\n<meta property=\"article:published_time\" content=\"2015-05-25T22:00:00+00:00\" \/>\n<meta property=\"og:image\" content=\"https:\/\/www.fbf-bff.be\/wp-content\/uploads\/2017\/06\/fbf-bff-fb-cover.jpg\" \/>\n\t<meta property=\"og:image:width\" content=\"1200\" \/>\n\t<meta property=\"og:image:height\" content=\"630\" \/>\n\t<meta property=\"og:image:type\" content=\"image\/jpeg\" \/>\n<meta name=\"author\" content=\"fbf_admin\" \/>\n<meta name=\"twitter:card\" content=\"summary_large_image\" \/>\n<meta name=\"twitter:label1\" content=\"\u00c9crit par\" \/>\n\t<meta name=\"twitter:data1\" content=\"fbf_admin\" \/>\n\t<meta name=\"twitter:label2\" content=\"Dur\u00e9e de lecture estim\u00e9e\" \/>\n\t<meta name=\"twitter:data2\" content=\"1 minute\" \/>\n<script type=\"application\/ld+json\" class=\"yoast-schema-graph\">{\"@context\":\"https:\/\/schema.org\",\"@graph\":[{\"@type\":\"WebPage\",\"@id\":\"https:\/\/www.fbf-bff.be\/fr\/stephan-de-brouwer-mcdonalds-le-groupe-va-encore-grandir-en-belgique\/\",\"url\":\"https:\/\/www.fbf-bff.be\/fr\/stephan-de-brouwer-mcdonalds-le-groupe-va-encore-grandir-en-belgique\/\",\"name\":\"Stephan De Brouwer (McDonald&#8217;s) : le groupe va encore grandir en Belgique - F\u00e9d\u00e9ration Belge de la Franchise\",\"isPartOf\":{\"@id\":\"https:\/\/www.fbf-bff.be\/#website\"},\"datePublished\":\"2015-05-25T22:00:00+00:00\",\"dateModified\":\"2015-05-25T22:00:00+00:00\",\"author\":{\"@id\":\"https:\/\/www.fbf-bff.be\/#\/schema\/person\/73a9cbee87288cba2b06e3fc29244fe7\"},\"breadcrumb\":{\"@id\":\"https:\/\/www.fbf-bff.be\/fr\/stephan-de-brouwer-mcdonalds-le-groupe-va-encore-grandir-en-belgique\/#breadcrumb\"},\"inLanguage\":\"fr-FR\",\"potentialAction\":[{\"@type\":\"ReadAction\",\"target\":[\"https:\/\/www.fbf-bff.be\/fr\/stephan-de-brouwer-mcdonalds-le-groupe-va-encore-grandir-en-belgique\/\"]}]},{\"@type\":\"BreadcrumbList\",\"@id\":\"https:\/\/www.fbf-bff.be\/fr\/stephan-de-brouwer-mcdonalds-le-groupe-va-encore-grandir-en-belgique\/#breadcrumb\",\"itemListElement\":[{\"@type\":\"ListItem\",\"position\":1,\"name\":\"Home\",\"item\":\"https:\/\/www.fbf-bff.be\/fr\/\"},{\"@type\":\"ListItem\",\"position\":2,\"name\":\"Stephan De Brouwer (McDonald&#8217;s) : le groupe va encore grandir en Belgique\"}]},{\"@type\":\"WebSite\",\"@id\":\"https:\/\/www.fbf-bff.be\/#website\",\"url\":\"https:\/\/www.fbf-bff.be\/\",\"name\":\"F\u00e9d\u00e9ration Belge de la Franchise\",\"description\":\"Pour r\u00e9ussir ensemblee\",\"potentialAction\":[{\"@type\":\"SearchAction\",\"target\":{\"@type\":\"EntryPoint\",\"urlTemplate\":\"https:\/\/www.fbf-bff.be\/?s={search_term_string}\"},\"query-input\":{\"@type\":\"PropertyValueSpecification\",\"valueRequired\":true,\"valueName\":\"search_term_string\"}}],\"inLanguage\":\"fr-FR\"},{\"@type\":\"Person\",\"@id\":\"https:\/\/www.fbf-bff.be\/#\/schema\/person\/73a9cbee87288cba2b06e3fc29244fe7\",\"name\":\"fbf_admin\",\"image\":{\"@type\":\"ImageObject\",\"inLanguage\":\"fr-FR\",\"@id\":\"https:\/\/www.fbf-bff.be\/#\/schema\/person\/image\/\",\"url\":\"https:\/\/secure.gravatar.com\/avatar\/20f6483dbe2a69e0999ddcdd1744b7f7?s=96&d=mm&r=g\",\"contentUrl\":\"https:\/\/secure.gravatar.com\/avatar\/20f6483dbe2a69e0999ddcdd1744b7f7?s=96&d=mm&r=g\",\"caption\":\"fbf_admin\"}}]}<\/script>\n<!-- \/ Yoast SEO plugin. -->","yoast_head_json":{"title":"Stephan De Brouwer (McDonald&#8217;s) : le groupe va encore grandir en Belgique - F\u00e9d\u00e9ration Belge de la Franchise","robots":{"index":"index","follow":"follow","max-snippet":"max-snippet:-1","max-image-preview":"max-image-preview:large","max-video-preview":"max-video-preview:-1"},"canonical":"https:\/\/www.fbf-bff.be\/fr\/stephan-de-brouwer-mcdonalds-le-groupe-va-encore-grandir-en-belgique\/","og_locale":"fr_FR","og_type":"article","og_title":"Stephan De Brouwer (McDonald&#8217;s) : le groupe va encore grandir en Belgique - F\u00e9d\u00e9ration Belge de la Franchise","og_description":"Le journal Le Soir du weekend consacrait il y a une semaine une page enti\u00e8re \u00e0 l'enseigne McDonald's et entre autre une interview de Stephan De Brouwer, directeur depuis 7 ans de la division belge du num\u00e9ro un mondial de la restauration rapide.","og_url":"https:\/\/www.fbf-bff.be\/fr\/stephan-de-brouwer-mcdonalds-le-groupe-va-encore-grandir-en-belgique\/","og_site_name":"F\u00e9d\u00e9ration Belge de la Franchise","article_published_time":"2015-05-25T22:00:00+00:00","og_image":[{"width":1200,"height":630,"url":"https:\/\/www.fbf-bff.be\/wp-content\/uploads\/2017\/06\/fbf-bff-fb-cover.jpg","type":"image\/jpeg"}],"author":"fbf_admin","twitter_card":"summary_large_image","twitter_misc":{"\u00c9crit par":"fbf_admin","Dur\u00e9e de lecture estim\u00e9e":"1 minute"},"schema":{"@context":"https:\/\/schema.org","@graph":[{"@type":"WebPage","@id":"https:\/\/www.fbf-bff.be\/fr\/stephan-de-brouwer-mcdonalds-le-groupe-va-encore-grandir-en-belgique\/","url":"https:\/\/www.fbf-bff.be\/fr\/stephan-de-brouwer-mcdonalds-le-groupe-va-encore-grandir-en-belgique\/","name":"Stephan De Brouwer (McDonald&#8217;s) : le groupe va encore grandir en Belgique - F\u00e9d\u00e9ration Belge de la Franchise","isPartOf":{"@id":"https:\/\/www.fbf-bff.be\/#website"},"datePublished":"2015-05-25T22:00:00+00:00","dateModified":"2015-05-25T22:00:00+00:00","author":{"@id":"https:\/\/www.fbf-bff.be\/#\/schema\/person\/73a9cbee87288cba2b06e3fc29244fe7"},"breadcrumb":{"@id":"https:\/\/www.fbf-bff.be\/fr\/stephan-de-brouwer-mcdonalds-le-groupe-va-encore-grandir-en-belgique\/#breadcrumb"},"inLanguage":"fr-FR","potentialAction":[{"@type":"ReadAction","target":["https:\/\/www.fbf-bff.be\/fr\/stephan-de-brouwer-mcdonalds-le-groupe-va-encore-grandir-en-belgique\/"]}]},{"@type":"BreadcrumbList","@id":"https:\/\/www.fbf-bff.be\/fr\/stephan-de-brouwer-mcdonalds-le-groupe-va-encore-grandir-en-belgique\/#breadcrumb","itemListElement":[{"@type":"ListItem","position":1,"name":"Home","item":"https:\/\/www.fbf-bff.be\/fr\/"},{"@type":"ListItem","position":2,"name":"Stephan De Brouwer (McDonald&#8217;s) : le groupe va encore grandir en Belgique"}]},{"@type":"WebSite","@id":"https:\/\/www.fbf-bff.be\/#website","url":"https:\/\/www.fbf-bff.be\/","name":"F\u00e9d\u00e9ration Belge de la Franchise","description":"Pour r\u00e9ussir ensemblee","potentialAction":[{"@type":"SearchAction","target":{"@type":"EntryPoint","urlTemplate":"https:\/\/www.fbf-bff.be\/?s={search_term_string}"},"query-input":{"@type":"PropertyValueSpecification","valueRequired":true,"valueName":"search_term_string"}}],"inLanguage":"fr-FR"},{"@type":"Person","@id":"https:\/\/www.fbf-bff.be\/#\/schema\/person\/73a9cbee87288cba2b06e3fc29244fe7","name":"fbf_admin","image":{"@type":"ImageObject","inLanguage":"fr-FR","@id":"https:\/\/www.fbf-bff.be\/#\/schema\/person\/image\/","url":"https:\/\/secure.gravatar.com\/avatar\/20f6483dbe2a69e0999ddcdd1744b7f7?s=96&d=mm&r=g","contentUrl":"https:\/\/secure.gravatar.com\/avatar\/20f6483dbe2a69e0999ddcdd1744b7f7?s=96&d=mm&r=g","caption":"fbf_admin"}}]}},"_links":{"self":[{"href":"https:\/\/www.fbf-bff.be\/fr\/wp-json\/wp\/v2\/posts\/7677"}],"collection":[{"href":"https:\/\/www.fbf-bff.be\/fr\/wp-json\/wp\/v2\/posts"}],"about":[{"href":"https:\/\/www.fbf-bff.be\/fr\/wp-json\/wp\/v2\/types\/post"}],"author":[{"embeddable":true,"href":"https:\/\/www.fbf-bff.be\/fr\/wp-json\/wp\/v2\/users\/1"}],"replies":[{"embeddable":true,"href":"https:\/\/www.fbf-bff.be\/fr\/wp-json\/wp\/v2\/comments?post=7677"}],"version-history":[{"count":0,"href":"https:\/\/www.fbf-bff.be\/fr\/wp-json\/wp\/v2\/posts\/7677\/revisions"}],"wp:attachment":[{"href":"https:\/\/www.fbf-bff.be\/fr\/wp-json\/wp\/v2\/media?parent=7677"}],"wp:term":[{"taxonomy":"category","embeddable":true,"href":"https:\/\/www.fbf-bff.be\/fr\/wp-json\/wp\/v2\/categories?post=7677"},{"taxonomy":"post_tag","embeddable":true,"href":"https:\/\/www.fbf-bff.be\/fr\/wp-json\/wp\/v2\/tags?post=7677"}],"curies":[{"name":"wp","href":"https:\/\/api.w.org\/{rel}","templated":true}]}}