{"id":7547,"date":"2015-04-09T00:00:00","date_gmt":"2015-04-08T22:00:00","guid":{"rendered":"https:\/\/www.fbf-bff.be\/heytens-continue-son-developpement-via-la-franchise-en-france\/"},"modified":"2015-04-09T00:00:00","modified_gmt":"2015-04-08T22:00:00","slug":"heytens-continue-son-developpement-via-la-franchise-en-france","status":"publish","type":"post","link":"https:\/\/www.fbf-bff.be\/fr\/heytens-continue-son-developpement-via-la-franchise-en-france\/","title":{"rendered":"Heytens continue son d\u00e9veloppement via la franchise en France"},"content":{"rendered":"<p> <\/p><p>L&rsquo;enseigne belge Heytens, le sp\u00e9cialiste de l&rsquo;habillage de toutes les fen\u00eatres sur mesure, qui souhaite orienter son d\u00e9veloppement via la franchise, soit en convertissant des succursales en franchise, soit en ouvrant de nouveaux magasins franchis\u00e9s, \u00e9tait pr\u00e9sente aux salons Franchising &amp; Partnership de Bruxelles et Franchise Expo Paris le mois dernier. <\/p><p> <\/p><p>Comme nous le confiait Henk Deknut, District Manager responsable du d\u00e9veloppement, l&rsquo;enseigne compte \u00e0 ce jour 120 magasins en Belgique, au Luxembourg, en France et en Suisse, dont seulement 20 sont des franchises. Mais Heytens annonce d\u00e9j\u00e0 la rouverture de deux magasins en France pour ce mois d&rsquo;avril. <\/p><p> <\/p><p>Le premier est celui de La Valentine \u00e0 Marseille qui ouvre ses portes le 11 avril dans de nouveaux locaux am\u00e9nag\u00e9s selon le nouveau concept Heytens et le second le 13 avril, celui de Clermont-Ferrand, un magasin int\u00e9gr\u00e9 qui a subi d&rsquo;important travaux de modernisation suivant le nouveau concept de l&rsquo;enseigne. Il sera g\u00e9r\u00e9 en franchise \u00e0 partir de ce mois de septembre prochain.<\/p>","protected":false},"excerpt":{"rendered":"<\/p>\n<p>L&rsquo;enseigne belge Heytens, le sp\u00e9cialiste de l&rsquo;habillage de toutes les fen\u00eatres sur mesure, qui souhaite orienter son d\u00e9veloppement via la franchise, soit en convertissant des succursales en franchise, soit en ouvrant de nouveaux magasins franchis\u00e9s, \u00e9tait pr\u00e9sente aux salons Franchising &amp; Partnership de Bruxelles et Franchise Expo Paris le mois dernier<\/p>\n","protected":false},"author":1,"featured_media":0,"comment_status":"closed","ping_status":"open","sticky":false,"template":"","format":"standard","meta":{"ngg_post_thumbnail":0,"footnotes":""},"categories":[37],"tags":[],"acf":[],"yoast_head":"<!-- This site is optimized with the Yoast SEO plugin v23.5 - https:\/\/yoast.com\/wordpress\/plugins\/seo\/ -->\n<title>Heytens continue son d\u00e9veloppement via la franchise en France - F\u00e9d\u00e9ration Belge de la Franchise<\/title>\n<meta name=\"robots\" content=\"index, follow, max-snippet:-1, max-image-preview:large, max-video-preview:-1\" \/>\n<link rel=\"canonical\" href=\"https:\/\/www.fbf-bff.be\/fr\/heytens-continue-son-developpement-via-la-franchise-en-france\/\" \/>\n<meta property=\"og:locale\" content=\"fr_FR\" \/>\n<meta property=\"og:type\" content=\"article\" \/>\n<meta property=\"og:title\" content=\"Heytens continue son d\u00e9veloppement via la franchise en France - F\u00e9d\u00e9ration Belge de la Franchise\" \/>\n<meta property=\"og:description\" content=\"L&#039;enseigne belge Heytens, le sp\u00e9cialiste de l&#039;habillage de toutes les fen\u00eatres sur mesure, qui souhaite orienter son d\u00e9veloppement via la franchise, soit en convertissant des succursales en franchise, soit en ouvrant de nouveaux magasins franchis\u00e9s, \u00e9tait pr\u00e9sente aux salons Franchising &amp; Partnership de Bruxelles et Franchise Expo Paris le mois dernier\" \/>\n<meta property=\"og:url\" content=\"https:\/\/www.fbf-bff.be\/fr\/heytens-continue-son-developpement-via-la-franchise-en-france\/\" \/>\n<meta property=\"og:site_name\" content=\"F\u00e9d\u00e9ration Belge de la Franchise\" \/>\n<meta property=\"article:published_time\" content=\"2015-04-08T22:00:00+00:00\" \/>\n<meta property=\"og:image\" content=\"https:\/\/www.fbf-bff.be\/wp-content\/uploads\/2017\/06\/fbf-bff-fb-cover.jpg\" \/>\n\t<meta property=\"og:image:width\" content=\"1200\" \/>\n\t<meta property=\"og:image:height\" content=\"630\" \/>\n\t<meta property=\"og:image:type\" content=\"image\/jpeg\" \/>\n<meta name=\"author\" content=\"fbf_admin\" \/>\n<meta name=\"twitter:card\" content=\"summary_large_image\" \/>\n<meta name=\"twitter:label1\" content=\"\u00c9crit par\" \/>\n\t<meta name=\"twitter:data1\" content=\"fbf_admin\" \/>\n\t<meta name=\"twitter:label2\" content=\"Dur\u00e9e de lecture estim\u00e9e\" \/>\n\t<meta name=\"twitter:data2\" content=\"1 minute\" \/>\n<script type=\"application\/ld+json\" class=\"yoast-schema-graph\">{\"@context\":\"https:\/\/schema.org\",\"@graph\":[{\"@type\":\"WebPage\",\"@id\":\"https:\/\/www.fbf-bff.be\/fr\/heytens-continue-son-developpement-via-la-franchise-en-france\/\",\"url\":\"https:\/\/www.fbf-bff.be\/fr\/heytens-continue-son-developpement-via-la-franchise-en-france\/\",\"name\":\"Heytens continue son d\u00e9veloppement via la franchise en France - F\u00e9d\u00e9ration Belge de la Franchise\",\"isPartOf\":{\"@id\":\"https:\/\/www.fbf-bff.be\/#website\"},\"datePublished\":\"2015-04-08T22:00:00+00:00\",\"dateModified\":\"2015-04-08T22:00:00+00:00\",\"author\":{\"@id\":\"https:\/\/www.fbf-bff.be\/#\/schema\/person\/73a9cbee87288cba2b06e3fc29244fe7\"},\"breadcrumb\":{\"@id\":\"https:\/\/www.fbf-bff.be\/fr\/heytens-continue-son-developpement-via-la-franchise-en-france\/#breadcrumb\"},\"inLanguage\":\"fr-FR\",\"potentialAction\":[{\"@type\":\"ReadAction\",\"target\":[\"https:\/\/www.fbf-bff.be\/fr\/heytens-continue-son-developpement-via-la-franchise-en-france\/\"]}]},{\"@type\":\"BreadcrumbList\",\"@id\":\"https:\/\/www.fbf-bff.be\/fr\/heytens-continue-son-developpement-via-la-franchise-en-france\/#breadcrumb\",\"itemListElement\":[{\"@type\":\"ListItem\",\"position\":1,\"name\":\"Home\",\"item\":\"https:\/\/www.fbf-bff.be\/fr\/\"},{\"@type\":\"ListItem\",\"position\":2,\"name\":\"Heytens continue son d\u00e9veloppement via la franchise en France\"}]},{\"@type\":\"WebSite\",\"@id\":\"https:\/\/www.fbf-bff.be\/#website\",\"url\":\"https:\/\/www.fbf-bff.be\/\",\"name\":\"F\u00e9d\u00e9ration Belge de la Franchise\",\"description\":\"Pour r\u00e9ussir ensemblee\",\"potentialAction\":[{\"@type\":\"SearchAction\",\"target\":{\"@type\":\"EntryPoint\",\"urlTemplate\":\"https:\/\/www.fbf-bff.be\/?s={search_term_string}\"},\"query-input\":{\"@type\":\"PropertyValueSpecification\",\"valueRequired\":true,\"valueName\":\"search_term_string\"}}],\"inLanguage\":\"fr-FR\"},{\"@type\":\"Person\",\"@id\":\"https:\/\/www.fbf-bff.be\/#\/schema\/person\/73a9cbee87288cba2b06e3fc29244fe7\",\"name\":\"fbf_admin\",\"image\":{\"@type\":\"ImageObject\",\"inLanguage\":\"fr-FR\",\"@id\":\"https:\/\/www.fbf-bff.be\/#\/schema\/person\/image\/\",\"url\":\"https:\/\/secure.gravatar.com\/avatar\/20f6483dbe2a69e0999ddcdd1744b7f7?s=96&d=mm&r=g\",\"contentUrl\":\"https:\/\/secure.gravatar.com\/avatar\/20f6483dbe2a69e0999ddcdd1744b7f7?s=96&d=mm&r=g\",\"caption\":\"fbf_admin\"}}]}<\/script>\n<!-- \/ Yoast SEO plugin. -->","yoast_head_json":{"title":"Heytens continue son d\u00e9veloppement via la franchise en France - F\u00e9d\u00e9ration Belge de la Franchise","robots":{"index":"index","follow":"follow","max-snippet":"max-snippet:-1","max-image-preview":"max-image-preview:large","max-video-preview":"max-video-preview:-1"},"canonical":"https:\/\/www.fbf-bff.be\/fr\/heytens-continue-son-developpement-via-la-franchise-en-france\/","og_locale":"fr_FR","og_type":"article","og_title":"Heytens continue son d\u00e9veloppement via la franchise en France - F\u00e9d\u00e9ration Belge de la Franchise","og_description":"L'enseigne belge Heytens, le sp\u00e9cialiste de l'habillage de toutes les fen\u00eatres sur mesure, qui souhaite orienter son d\u00e9veloppement via la franchise, soit en convertissant des succursales en franchise, soit en ouvrant de nouveaux magasins franchis\u00e9s, \u00e9tait pr\u00e9sente aux salons Franchising &amp; Partnership de Bruxelles et Franchise Expo Paris le mois dernier","og_url":"https:\/\/www.fbf-bff.be\/fr\/heytens-continue-son-developpement-via-la-franchise-en-france\/","og_site_name":"F\u00e9d\u00e9ration Belge de la Franchise","article_published_time":"2015-04-08T22:00:00+00:00","og_image":[{"width":1200,"height":630,"url":"https:\/\/www.fbf-bff.be\/wp-content\/uploads\/2017\/06\/fbf-bff-fb-cover.jpg","type":"image\/jpeg"}],"author":"fbf_admin","twitter_card":"summary_large_image","twitter_misc":{"\u00c9crit par":"fbf_admin","Dur\u00e9e de lecture estim\u00e9e":"1 minute"},"schema":{"@context":"https:\/\/schema.org","@graph":[{"@type":"WebPage","@id":"https:\/\/www.fbf-bff.be\/fr\/heytens-continue-son-developpement-via-la-franchise-en-france\/","url":"https:\/\/www.fbf-bff.be\/fr\/heytens-continue-son-developpement-via-la-franchise-en-france\/","name":"Heytens continue son d\u00e9veloppement via la franchise en France - F\u00e9d\u00e9ration Belge de la Franchise","isPartOf":{"@id":"https:\/\/www.fbf-bff.be\/#website"},"datePublished":"2015-04-08T22:00:00+00:00","dateModified":"2015-04-08T22:00:00+00:00","author":{"@id":"https:\/\/www.fbf-bff.be\/#\/schema\/person\/73a9cbee87288cba2b06e3fc29244fe7"},"breadcrumb":{"@id":"https:\/\/www.fbf-bff.be\/fr\/heytens-continue-son-developpement-via-la-franchise-en-france\/#breadcrumb"},"inLanguage":"fr-FR","potentialAction":[{"@type":"ReadAction","target":["https:\/\/www.fbf-bff.be\/fr\/heytens-continue-son-developpement-via-la-franchise-en-france\/"]}]},{"@type":"BreadcrumbList","@id":"https:\/\/www.fbf-bff.be\/fr\/heytens-continue-son-developpement-via-la-franchise-en-france\/#breadcrumb","itemListElement":[{"@type":"ListItem","position":1,"name":"Home","item":"https:\/\/www.fbf-bff.be\/fr\/"},{"@type":"ListItem","position":2,"name":"Heytens continue son d\u00e9veloppement via la franchise en France"}]},{"@type":"WebSite","@id":"https:\/\/www.fbf-bff.be\/#website","url":"https:\/\/www.fbf-bff.be\/","name":"F\u00e9d\u00e9ration Belge de la Franchise","description":"Pour r\u00e9ussir ensemblee","potentialAction":[{"@type":"SearchAction","target":{"@type":"EntryPoint","urlTemplate":"https:\/\/www.fbf-bff.be\/?s={search_term_string}"},"query-input":{"@type":"PropertyValueSpecification","valueRequired":true,"valueName":"search_term_string"}}],"inLanguage":"fr-FR"},{"@type":"Person","@id":"https:\/\/www.fbf-bff.be\/#\/schema\/person\/73a9cbee87288cba2b06e3fc29244fe7","name":"fbf_admin","image":{"@type":"ImageObject","inLanguage":"fr-FR","@id":"https:\/\/www.fbf-bff.be\/#\/schema\/person\/image\/","url":"https:\/\/secure.gravatar.com\/avatar\/20f6483dbe2a69e0999ddcdd1744b7f7?s=96&d=mm&r=g","contentUrl":"https:\/\/secure.gravatar.com\/avatar\/20f6483dbe2a69e0999ddcdd1744b7f7?s=96&d=mm&r=g","caption":"fbf_admin"}}]}},"_links":{"self":[{"href":"https:\/\/www.fbf-bff.be\/fr\/wp-json\/wp\/v2\/posts\/7547"}],"collection":[{"href":"https:\/\/www.fbf-bff.be\/fr\/wp-json\/wp\/v2\/posts"}],"about":[{"href":"https:\/\/www.fbf-bff.be\/fr\/wp-json\/wp\/v2\/types\/post"}],"author":[{"embeddable":true,"href":"https:\/\/www.fbf-bff.be\/fr\/wp-json\/wp\/v2\/users\/1"}],"replies":[{"embeddable":true,"href":"https:\/\/www.fbf-bff.be\/fr\/wp-json\/wp\/v2\/comments?post=7547"}],"version-history":[{"count":0,"href":"https:\/\/www.fbf-bff.be\/fr\/wp-json\/wp\/v2\/posts\/7547\/revisions"}],"wp:attachment":[{"href":"https:\/\/www.fbf-bff.be\/fr\/wp-json\/wp\/v2\/media?parent=7547"}],"wp:term":[{"taxonomy":"category","embeddable":true,"href":"https:\/\/www.fbf-bff.be\/fr\/wp-json\/wp\/v2\/categories?post=7547"},{"taxonomy":"post_tag","embeddable":true,"href":"https:\/\/www.fbf-bff.be\/fr\/wp-json\/wp\/v2\/tags?post=7547"}],"curies":[{"name":"wp","href":"https:\/\/api.w.org\/{rel}","templated":true}]}}