{"id":7523,"date":"2015-04-01T00:00:00","date_gmt":"2015-03-31T22:00:00","guid":{"rendered":"https:\/\/www.fbf-bff.be\/spar-hal-un-magasin-franchise-renove-et-une-nouvelle-enseigne\/"},"modified":"2015-04-01T00:00:00","modified_gmt":"2015-03-31T22:00:00","slug":"spar-hal-un-magasin-franchise-renove-et-une-nouvelle-enseigne","status":"publish","type":"post","link":"https:\/\/www.fbf-bff.be\/fr\/spar-hal-un-magasin-franchise-renove-et-une-nouvelle-enseigne\/","title":{"rendered":"Spar Hal : un magasin franchis\u00e9 r\u00e9nov\u00e9 et une nouvelle enseigne !"},"content":{"rendered":"<p><br><\/p><p> <\/p><p>Le 26 mars dernier le Retail Partners Colruyt Group (RPCG), nouvelle d\u00e9nomination des activit\u00e9s du groupe Colruyt orient\u00e9es vers les entrepreneurs ind\u00e9pendants, inaugurait le nouveau supermarch\u00e9 Spar (ex-Eurostar) de Hal (Nijvelsesteenweg), totalement r\u00e9nov\u00e9 et premier magasin Spar affichant le nouveau logo de l&rsquo;enseigne avec le nom de Colruyt Group sur la fa\u00e7ade du magasin. <\/p><p> <\/p><p>Les franchis\u00e9s Carla et Wim Ameys se r\u00e9jouissent de recevoir leur client\u00e8le dans ce magasin qui a vu sa surface augmenter de 814 \u00e0 1.099 m\u00b2 <\/p><p> <\/p><p>RPCG englobe les activit\u00e9s de quelque 410 magasins de proximit\u00e9, la moiti\u00e9 \u00e9tant des magasins Spar franchis\u00e9s, l&rsquo;autre moiti\u00e9 regroupant des magasins Alvo, Mini-Markets ind\u00e9pendants et des petits commerces. <\/p><p> <\/p><p>Comme le mentionnait Wim Van Remoortel, responsable du Business Development de RPCG \u00e0 Franchising-Belgium.be lors du salon Franchising &amp; Partnership 2015 de Bruxelles, le nouveau logo Spar  Colruyt Group va appara\u00eetre progressivement sur tous les magasins Spar du groupe pour les distinguer des autres magasin Spar du Groupe Lambrechts, le second titulaire de la licence Spar en Belgique. <\/p><p> <\/p><p>RPCG est en discussion avec les franchis\u00e9s Spar et Eurospar pour impl\u00e9menter cette politique visuelle du groupe progressivement au cours de l&rsquo;ann\u00e9e.<\/p>","protected":false},"excerpt":{"rendered":"<\/p>\n<\/p>\n<p>Le 26 mars dernier le Retail Partners Colruyt Group (RPCG), nouvelle d\u00e9nomination des activit\u00e9s du groupe Colruyt orient\u00e9es vers les entrepreneurs ind\u00e9pendants, inaugurait le nouveau supermarch\u00e9 Spar (ex-Eurostar) de Hal (Nijvelsesteenweg), totalement r\u00e9nov\u00e9 et premier magasin Spar affichant le nouveau logo de l&rsquo;enseigne avec le nom de Colruyt Group sur la fa\u00e7ade du magasin.<\/p>\n<p><\/p>\n","protected":false},"author":1,"featured_media":0,"comment_status":"closed","ping_status":"open","sticky":false,"template":"","format":"standard","meta":{"ngg_post_thumbnail":0,"footnotes":""},"categories":[37],"tags":[],"acf":[],"yoast_head":"<!-- This site is optimized with the Yoast SEO plugin v23.5 - https:\/\/yoast.com\/wordpress\/plugins\/seo\/ -->\n<title>Spar Hal : un magasin franchis\u00e9 r\u00e9nov\u00e9 et une nouvelle enseigne ! - F\u00e9d\u00e9ration Belge de la Franchise<\/title>\n<meta name=\"robots\" content=\"index, follow, max-snippet:-1, max-image-preview:large, max-video-preview:-1\" \/>\n<link rel=\"canonical\" href=\"https:\/\/www.fbf-bff.be\/fr\/spar-hal-un-magasin-franchise-renove-et-une-nouvelle-enseigne\/\" \/>\n<meta property=\"og:locale\" content=\"fr_FR\" \/>\n<meta property=\"og:type\" content=\"article\" \/>\n<meta property=\"og:title\" content=\"Spar Hal : un magasin franchis\u00e9 r\u00e9nov\u00e9 et une nouvelle enseigne ! - F\u00e9d\u00e9ration Belge de la Franchise\" \/>\n<meta property=\"og:description\" content=\"Le 26 mars dernier le Retail Partners Colruyt Group (RPCG), nouvelle d\u00e9nomination des activit\u00e9s du groupe Colruyt orient\u00e9es vers les entrepreneurs ind\u00e9pendants, inaugurait le nouveau supermarch\u00e9 Spar (ex-Eurostar) de Hal (Nijvelsesteenweg), totalement r\u00e9nov\u00e9 et premier magasin Spar affichant le nouveau logo de l&#039;enseigne avec le nom de Colruyt Group sur la fa\u00e7ade du magasin.\" \/>\n<meta property=\"og:url\" content=\"https:\/\/www.fbf-bff.be\/fr\/spar-hal-un-magasin-franchise-renove-et-une-nouvelle-enseigne\/\" \/>\n<meta property=\"og:site_name\" content=\"F\u00e9d\u00e9ration Belge de la Franchise\" \/>\n<meta property=\"article:published_time\" content=\"2015-03-31T22:00:00+00:00\" \/>\n<meta property=\"og:image\" content=\"https:\/\/www.fbf-bff.be\/wp-content\/uploads\/2017\/06\/fbf-bff-fb-cover.jpg\" \/>\n\t<meta property=\"og:image:width\" content=\"1200\" \/>\n\t<meta property=\"og:image:height\" content=\"630\" \/>\n\t<meta property=\"og:image:type\" content=\"image\/jpeg\" \/>\n<meta name=\"author\" content=\"fbf_admin\" \/>\n<meta name=\"twitter:card\" content=\"summary_large_image\" \/>\n<meta name=\"twitter:label1\" content=\"\u00c9crit par\" \/>\n\t<meta name=\"twitter:data1\" content=\"fbf_admin\" \/>\n\t<meta name=\"twitter:label2\" content=\"Dur\u00e9e de lecture estim\u00e9e\" \/>\n\t<meta name=\"twitter:data2\" content=\"1 minute\" \/>\n<script type=\"application\/ld+json\" class=\"yoast-schema-graph\">{\"@context\":\"https:\/\/schema.org\",\"@graph\":[{\"@type\":\"WebPage\",\"@id\":\"https:\/\/www.fbf-bff.be\/fr\/spar-hal-un-magasin-franchise-renove-et-une-nouvelle-enseigne\/\",\"url\":\"https:\/\/www.fbf-bff.be\/fr\/spar-hal-un-magasin-franchise-renove-et-une-nouvelle-enseigne\/\",\"name\":\"Spar Hal : un magasin franchis\u00e9 r\u00e9nov\u00e9 et une nouvelle enseigne ! - F\u00e9d\u00e9ration Belge de la Franchise\",\"isPartOf\":{\"@id\":\"https:\/\/www.fbf-bff.be\/#website\"},\"datePublished\":\"2015-03-31T22:00:00+00:00\",\"dateModified\":\"2015-03-31T22:00:00+00:00\",\"author\":{\"@id\":\"https:\/\/www.fbf-bff.be\/#\/schema\/person\/73a9cbee87288cba2b06e3fc29244fe7\"},\"breadcrumb\":{\"@id\":\"https:\/\/www.fbf-bff.be\/fr\/spar-hal-un-magasin-franchise-renove-et-une-nouvelle-enseigne\/#breadcrumb\"},\"inLanguage\":\"fr-FR\",\"potentialAction\":[{\"@type\":\"ReadAction\",\"target\":[\"https:\/\/www.fbf-bff.be\/fr\/spar-hal-un-magasin-franchise-renove-et-une-nouvelle-enseigne\/\"]}]},{\"@type\":\"BreadcrumbList\",\"@id\":\"https:\/\/www.fbf-bff.be\/fr\/spar-hal-un-magasin-franchise-renove-et-une-nouvelle-enseigne\/#breadcrumb\",\"itemListElement\":[{\"@type\":\"ListItem\",\"position\":1,\"name\":\"Home\",\"item\":\"https:\/\/www.fbf-bff.be\/fr\/\"},{\"@type\":\"ListItem\",\"position\":2,\"name\":\"Spar Hal : un magasin franchis\u00e9 r\u00e9nov\u00e9 et une nouvelle enseigne !\"}]},{\"@type\":\"WebSite\",\"@id\":\"https:\/\/www.fbf-bff.be\/#website\",\"url\":\"https:\/\/www.fbf-bff.be\/\",\"name\":\"F\u00e9d\u00e9ration Belge de la Franchise\",\"description\":\"Pour r\u00e9ussir ensemblee\",\"potentialAction\":[{\"@type\":\"SearchAction\",\"target\":{\"@type\":\"EntryPoint\",\"urlTemplate\":\"https:\/\/www.fbf-bff.be\/?s={search_term_string}\"},\"query-input\":{\"@type\":\"PropertyValueSpecification\",\"valueRequired\":true,\"valueName\":\"search_term_string\"}}],\"inLanguage\":\"fr-FR\"},{\"@type\":\"Person\",\"@id\":\"https:\/\/www.fbf-bff.be\/#\/schema\/person\/73a9cbee87288cba2b06e3fc29244fe7\",\"name\":\"fbf_admin\",\"image\":{\"@type\":\"ImageObject\",\"inLanguage\":\"fr-FR\",\"@id\":\"https:\/\/www.fbf-bff.be\/#\/schema\/person\/image\/\",\"url\":\"https:\/\/secure.gravatar.com\/avatar\/20f6483dbe2a69e0999ddcdd1744b7f7?s=96&d=mm&r=g\",\"contentUrl\":\"https:\/\/secure.gravatar.com\/avatar\/20f6483dbe2a69e0999ddcdd1744b7f7?s=96&d=mm&r=g\",\"caption\":\"fbf_admin\"}}]}<\/script>\n<!-- \/ Yoast SEO plugin. -->","yoast_head_json":{"title":"Spar Hal : un magasin franchis\u00e9 r\u00e9nov\u00e9 et une nouvelle enseigne ! - F\u00e9d\u00e9ration Belge de la Franchise","robots":{"index":"index","follow":"follow","max-snippet":"max-snippet:-1","max-image-preview":"max-image-preview:large","max-video-preview":"max-video-preview:-1"},"canonical":"https:\/\/www.fbf-bff.be\/fr\/spar-hal-un-magasin-franchise-renove-et-une-nouvelle-enseigne\/","og_locale":"fr_FR","og_type":"article","og_title":"Spar Hal : un magasin franchis\u00e9 r\u00e9nov\u00e9 et une nouvelle enseigne ! - F\u00e9d\u00e9ration Belge de la Franchise","og_description":"Le 26 mars dernier le Retail Partners Colruyt Group (RPCG), nouvelle d\u00e9nomination des activit\u00e9s du groupe Colruyt orient\u00e9es vers les entrepreneurs ind\u00e9pendants, inaugurait le nouveau supermarch\u00e9 Spar (ex-Eurostar) de Hal (Nijvelsesteenweg), totalement r\u00e9nov\u00e9 et premier magasin Spar affichant le nouveau logo de l'enseigne avec le nom de Colruyt Group sur la fa\u00e7ade du magasin.","og_url":"https:\/\/www.fbf-bff.be\/fr\/spar-hal-un-magasin-franchise-renove-et-une-nouvelle-enseigne\/","og_site_name":"F\u00e9d\u00e9ration Belge de la Franchise","article_published_time":"2015-03-31T22:00:00+00:00","og_image":[{"width":1200,"height":630,"url":"https:\/\/www.fbf-bff.be\/wp-content\/uploads\/2017\/06\/fbf-bff-fb-cover.jpg","type":"image\/jpeg"}],"author":"fbf_admin","twitter_card":"summary_large_image","twitter_misc":{"\u00c9crit par":"fbf_admin","Dur\u00e9e de lecture estim\u00e9e":"1 minute"},"schema":{"@context":"https:\/\/schema.org","@graph":[{"@type":"WebPage","@id":"https:\/\/www.fbf-bff.be\/fr\/spar-hal-un-magasin-franchise-renove-et-une-nouvelle-enseigne\/","url":"https:\/\/www.fbf-bff.be\/fr\/spar-hal-un-magasin-franchise-renove-et-une-nouvelle-enseigne\/","name":"Spar Hal : un magasin franchis\u00e9 r\u00e9nov\u00e9 et une nouvelle enseigne ! - F\u00e9d\u00e9ration Belge de la Franchise","isPartOf":{"@id":"https:\/\/www.fbf-bff.be\/#website"},"datePublished":"2015-03-31T22:00:00+00:00","dateModified":"2015-03-31T22:00:00+00:00","author":{"@id":"https:\/\/www.fbf-bff.be\/#\/schema\/person\/73a9cbee87288cba2b06e3fc29244fe7"},"breadcrumb":{"@id":"https:\/\/www.fbf-bff.be\/fr\/spar-hal-un-magasin-franchise-renove-et-une-nouvelle-enseigne\/#breadcrumb"},"inLanguage":"fr-FR","potentialAction":[{"@type":"ReadAction","target":["https:\/\/www.fbf-bff.be\/fr\/spar-hal-un-magasin-franchise-renove-et-une-nouvelle-enseigne\/"]}]},{"@type":"BreadcrumbList","@id":"https:\/\/www.fbf-bff.be\/fr\/spar-hal-un-magasin-franchise-renove-et-une-nouvelle-enseigne\/#breadcrumb","itemListElement":[{"@type":"ListItem","position":1,"name":"Home","item":"https:\/\/www.fbf-bff.be\/fr\/"},{"@type":"ListItem","position":2,"name":"Spar Hal : un magasin franchis\u00e9 r\u00e9nov\u00e9 et une nouvelle enseigne !"}]},{"@type":"WebSite","@id":"https:\/\/www.fbf-bff.be\/#website","url":"https:\/\/www.fbf-bff.be\/","name":"F\u00e9d\u00e9ration Belge de la Franchise","description":"Pour r\u00e9ussir ensemblee","potentialAction":[{"@type":"SearchAction","target":{"@type":"EntryPoint","urlTemplate":"https:\/\/www.fbf-bff.be\/?s={search_term_string}"},"query-input":{"@type":"PropertyValueSpecification","valueRequired":true,"valueName":"search_term_string"}}],"inLanguage":"fr-FR"},{"@type":"Person","@id":"https:\/\/www.fbf-bff.be\/#\/schema\/person\/73a9cbee87288cba2b06e3fc29244fe7","name":"fbf_admin","image":{"@type":"ImageObject","inLanguage":"fr-FR","@id":"https:\/\/www.fbf-bff.be\/#\/schema\/person\/image\/","url":"https:\/\/secure.gravatar.com\/avatar\/20f6483dbe2a69e0999ddcdd1744b7f7?s=96&d=mm&r=g","contentUrl":"https:\/\/secure.gravatar.com\/avatar\/20f6483dbe2a69e0999ddcdd1744b7f7?s=96&d=mm&r=g","caption":"fbf_admin"}}]}},"_links":{"self":[{"href":"https:\/\/www.fbf-bff.be\/fr\/wp-json\/wp\/v2\/posts\/7523"}],"collection":[{"href":"https:\/\/www.fbf-bff.be\/fr\/wp-json\/wp\/v2\/posts"}],"about":[{"href":"https:\/\/www.fbf-bff.be\/fr\/wp-json\/wp\/v2\/types\/post"}],"author":[{"embeddable":true,"href":"https:\/\/www.fbf-bff.be\/fr\/wp-json\/wp\/v2\/users\/1"}],"replies":[{"embeddable":true,"href":"https:\/\/www.fbf-bff.be\/fr\/wp-json\/wp\/v2\/comments?post=7523"}],"version-history":[{"count":0,"href":"https:\/\/www.fbf-bff.be\/fr\/wp-json\/wp\/v2\/posts\/7523\/revisions"}],"wp:attachment":[{"href":"https:\/\/www.fbf-bff.be\/fr\/wp-json\/wp\/v2\/media?parent=7523"}],"wp:term":[{"taxonomy":"category","embeddable":true,"href":"https:\/\/www.fbf-bff.be\/fr\/wp-json\/wp\/v2\/categories?post=7523"},{"taxonomy":"post_tag","embeddable":true,"href":"https:\/\/www.fbf-bff.be\/fr\/wp-json\/wp\/v2\/tags?post=7523"}],"curies":[{"name":"wp","href":"https:\/\/api.w.org\/{rel}","templated":true}]}}