{"id":7511,"date":"2015-03-25T00:00:00","date_gmt":"2015-03-24T23:00:00","guid":{"rendered":"https:\/\/www.fbf-bff.be\/s-a-finarius-immo-devient-swixim-belgique-et-luxembourg\/"},"modified":"2015-03-25T00:00:00","modified_gmt":"2015-03-24T23:00:00","slug":"s-a-finarius-immo-devient-swixim-belgique-et-luxembourg","status":"publish","type":"post","link":"https:\/\/www.fbf-bff.be\/fr\/s-a-finarius-immo-devient-swixim-belgique-et-luxembourg\/","title":{"rendered":"S.A. Finarius Immo devient SWIXIM Belgique et Luxembourg"},"content":{"rendered":"<div style=\"font-family: arial, sans-serif;font-size: small;line-height: normal;margin: 10px 0px 0px;padding: 0px 0px 6px;border-width: 0px 0px 1px;border-bottom-style: solid\"><p style=\"margin-bottom: 0px;padding: 4px 30px 4px 0px;border: 0px\"><span style=\"font-family: Helvetica, Arial, sans-serif;font-size: 14px;line-height: 20px\">Swixim<\/span><span style=\"font-family: Helvetica, Arial, sans-serif;font-size: 14px;line-height: 20px\">, r\u00e9seau d\u2019agences immobili\u00e8res<\/span><span style=\"font-family: Helvetica, Arial, sans-serif;font-size: 14px;line-height: 20px\">\u00a0originaire de Suisse<\/span><span style=\"font-family: Helvetica, Arial, sans-serif;font-size: 14px;line-height: 20px\">, s\u2019allie \u00e0 S.A. Finarius Immo, qui devient Swixim Belgique et Luxembourg.<\/span><\/p><p style=\"margin-bottom: 0px;padding: 4px 30px 4px 0px;border: 0px\"><span style=\"font-family: Helvetica, Arial, sans-serif;font-size: 14px;line-height: 20px\">Cette nouvelle entit\u00e9 fonctionnera en master franchise<\/span><span style=\"font-family: Helvetica, Arial, sans-serif;font-size: 14px;line-height: 20px\">\u00a0et sera charg\u00e9e du d\u00e9veloppement de la marque Swixim International dans les deux pays.\u00a0<\/span><\/p><\/div><div style=\"margin: 0px;padding: 0px 0px 10px;border: 0px;font-family: Helvetica, Arial, sans-serif;line-height: 20px\"><p style=\"margin-top: 20px;margin-bottom: 20px;padding: 0px;border: 0px\">Cr\u00e9\u00e9 en 1995\u00a0par Thierry Caminati, le r\u00e9seau Swixim se d\u00e9veloppe en franchise<span style=\"margin: 0px;padding: 0px;border: 0px;font-weight: 700\">\u00a0<\/span>en Suisse depuis 2005\u00a0et en France depuis 2007.\u00a0\u00a0L\u2019enseigne est membre associ\u00e9 de la F\u00e9d\u00e9ration suisse de la franchise et affili\u00e9e \u00e0 la F\u00e9d\u00e9ration fran\u00e7aise de la franchise.\u00a0<br><\/p><p style=\"margin-top: 20px;margin-bottom: 20px;padding: 0px;border: 0px\">Egalement pr\u00e9sente en Belgique et au Luxembourg, Swixim compte au total 250 agents et courtiers immobiliers. Thierry Bourdoux est le directeur commercial et d\u00e9veloppement de Swixim Belgique et Luxembourg.<\/p><\/div>","protected":false},"excerpt":{"rendered":"<p><span style=\"font-family: Helvetica, Arial, sans-serif;font-size: 14px\">Swixim<\/span><span style=\"font-family: Helvetica, Arial, sans-serif;font-size: 14px\">, r\u00e9seau d\u2019agences immobili\u00e8res<\/span><span style=\"font-family: Helvetica, Arial, sans-serif;font-size: 14px\">\u00a0originaire de Suisse<\/span><span style=\"font-family: Helvetica, Arial, sans-serif;font-size: 14px\">, s\u2019allie \u00e0 S.A. Finarius Immo, qui devient Swixim Belgique et Luxembourg.<\/span><\/p>\n","protected":false},"author":1,"featured_media":0,"comment_status":"closed","ping_status":"open","sticky":false,"template":"","format":"standard","meta":{"ngg_post_thumbnail":0,"footnotes":""},"categories":[41],"tags":[],"acf":[],"yoast_head":"<!-- This site is optimized with the Yoast SEO plugin v23.5 - https:\/\/yoast.com\/wordpress\/plugins\/seo\/ -->\n<title>S.A. Finarius Immo devient SWIXIM Belgique et Luxembourg - F\u00e9d\u00e9ration Belge de la Franchise<\/title>\n<meta name=\"robots\" content=\"index, follow, max-snippet:-1, max-image-preview:large, max-video-preview:-1\" \/>\n<link rel=\"canonical\" href=\"https:\/\/www.fbf-bff.be\/fr\/s-a-finarius-immo-devient-swixim-belgique-et-luxembourg\/\" \/>\n<meta property=\"og:locale\" content=\"fr_FR\" \/>\n<meta property=\"og:type\" content=\"article\" \/>\n<meta property=\"og:title\" content=\"S.A. Finarius Immo devient SWIXIM Belgique et Luxembourg - F\u00e9d\u00e9ration Belge de la Franchise\" \/>\n<meta property=\"og:description\" content=\"Swixim, r\u00e9seau d\u2019agences immobili\u00e8res\u00a0originaire de Suisse, s\u2019allie \u00e0 S.A. Finarius Immo, qui devient Swixim Belgique et Luxembourg.\" \/>\n<meta property=\"og:url\" content=\"https:\/\/www.fbf-bff.be\/fr\/s-a-finarius-immo-devient-swixim-belgique-et-luxembourg\/\" \/>\n<meta property=\"og:site_name\" content=\"F\u00e9d\u00e9ration Belge de la Franchise\" \/>\n<meta property=\"article:published_time\" content=\"2015-03-24T23:00:00+00:00\" \/>\n<meta property=\"og:image\" content=\"https:\/\/www.fbf-bff.be\/wp-content\/uploads\/2017\/06\/fbf-bff-fb-cover.jpg\" \/>\n\t<meta property=\"og:image:width\" content=\"1200\" \/>\n\t<meta property=\"og:image:height\" content=\"630\" \/>\n\t<meta property=\"og:image:type\" content=\"image\/jpeg\" \/>\n<meta name=\"author\" content=\"fbf_admin\" \/>\n<meta name=\"twitter:card\" content=\"summary_large_image\" \/>\n<meta name=\"twitter:label1\" content=\"\u00c9crit par\" \/>\n\t<meta name=\"twitter:data1\" content=\"fbf_admin\" \/>\n\t<meta name=\"twitter:label2\" content=\"Dur\u00e9e de lecture estim\u00e9e\" \/>\n\t<meta name=\"twitter:data2\" content=\"1 minute\" \/>\n<script type=\"application\/ld+json\" class=\"yoast-schema-graph\">{\"@context\":\"https:\/\/schema.org\",\"@graph\":[{\"@type\":\"WebPage\",\"@id\":\"https:\/\/www.fbf-bff.be\/fr\/s-a-finarius-immo-devient-swixim-belgique-et-luxembourg\/\",\"url\":\"https:\/\/www.fbf-bff.be\/fr\/s-a-finarius-immo-devient-swixim-belgique-et-luxembourg\/\",\"name\":\"S.A. Finarius Immo devient SWIXIM Belgique et Luxembourg - F\u00e9d\u00e9ration Belge de la Franchise\",\"isPartOf\":{\"@id\":\"https:\/\/www.fbf-bff.be\/#website\"},\"datePublished\":\"2015-03-24T23:00:00+00:00\",\"dateModified\":\"2015-03-24T23:00:00+00:00\",\"author\":{\"@id\":\"https:\/\/www.fbf-bff.be\/#\/schema\/person\/73a9cbee87288cba2b06e3fc29244fe7\"},\"breadcrumb\":{\"@id\":\"https:\/\/www.fbf-bff.be\/fr\/s-a-finarius-immo-devient-swixim-belgique-et-luxembourg\/#breadcrumb\"},\"inLanguage\":\"fr-FR\",\"potentialAction\":[{\"@type\":\"ReadAction\",\"target\":[\"https:\/\/www.fbf-bff.be\/fr\/s-a-finarius-immo-devient-swixim-belgique-et-luxembourg\/\"]}]},{\"@type\":\"BreadcrumbList\",\"@id\":\"https:\/\/www.fbf-bff.be\/fr\/s-a-finarius-immo-devient-swixim-belgique-et-luxembourg\/#breadcrumb\",\"itemListElement\":[{\"@type\":\"ListItem\",\"position\":1,\"name\":\"Home\",\"item\":\"https:\/\/www.fbf-bff.be\/fr\/\"},{\"@type\":\"ListItem\",\"position\":2,\"name\":\"S.A. Finarius Immo devient SWIXIM Belgique et Luxembourg\"}]},{\"@type\":\"WebSite\",\"@id\":\"https:\/\/www.fbf-bff.be\/#website\",\"url\":\"https:\/\/www.fbf-bff.be\/\",\"name\":\"F\u00e9d\u00e9ration Belge de la Franchise\",\"description\":\"Pour r\u00e9ussir ensemblee\",\"potentialAction\":[{\"@type\":\"SearchAction\",\"target\":{\"@type\":\"EntryPoint\",\"urlTemplate\":\"https:\/\/www.fbf-bff.be\/?s={search_term_string}\"},\"query-input\":{\"@type\":\"PropertyValueSpecification\",\"valueRequired\":true,\"valueName\":\"search_term_string\"}}],\"inLanguage\":\"fr-FR\"},{\"@type\":\"Person\",\"@id\":\"https:\/\/www.fbf-bff.be\/#\/schema\/person\/73a9cbee87288cba2b06e3fc29244fe7\",\"name\":\"fbf_admin\",\"image\":{\"@type\":\"ImageObject\",\"inLanguage\":\"fr-FR\",\"@id\":\"https:\/\/www.fbf-bff.be\/#\/schema\/person\/image\/\",\"url\":\"https:\/\/secure.gravatar.com\/avatar\/20f6483dbe2a69e0999ddcdd1744b7f7?s=96&d=mm&r=g\",\"contentUrl\":\"https:\/\/secure.gravatar.com\/avatar\/20f6483dbe2a69e0999ddcdd1744b7f7?s=96&d=mm&r=g\",\"caption\":\"fbf_admin\"}}]}<\/script>\n<!-- \/ Yoast SEO plugin. -->","yoast_head_json":{"title":"S.A. Finarius Immo devient SWIXIM Belgique et Luxembourg - F\u00e9d\u00e9ration Belge de la Franchise","robots":{"index":"index","follow":"follow","max-snippet":"max-snippet:-1","max-image-preview":"max-image-preview:large","max-video-preview":"max-video-preview:-1"},"canonical":"https:\/\/www.fbf-bff.be\/fr\/s-a-finarius-immo-devient-swixim-belgique-et-luxembourg\/","og_locale":"fr_FR","og_type":"article","og_title":"S.A. Finarius Immo devient SWIXIM Belgique et Luxembourg - F\u00e9d\u00e9ration Belge de la Franchise","og_description":"Swixim, r\u00e9seau d\u2019agences immobili\u00e8res\u00a0originaire de Suisse, s\u2019allie \u00e0 S.A. Finarius Immo, qui devient Swixim Belgique et Luxembourg.","og_url":"https:\/\/www.fbf-bff.be\/fr\/s-a-finarius-immo-devient-swixim-belgique-et-luxembourg\/","og_site_name":"F\u00e9d\u00e9ration Belge de la Franchise","article_published_time":"2015-03-24T23:00:00+00:00","og_image":[{"width":1200,"height":630,"url":"https:\/\/www.fbf-bff.be\/wp-content\/uploads\/2017\/06\/fbf-bff-fb-cover.jpg","type":"image\/jpeg"}],"author":"fbf_admin","twitter_card":"summary_large_image","twitter_misc":{"\u00c9crit par":"fbf_admin","Dur\u00e9e de lecture estim\u00e9e":"1 minute"},"schema":{"@context":"https:\/\/schema.org","@graph":[{"@type":"WebPage","@id":"https:\/\/www.fbf-bff.be\/fr\/s-a-finarius-immo-devient-swixim-belgique-et-luxembourg\/","url":"https:\/\/www.fbf-bff.be\/fr\/s-a-finarius-immo-devient-swixim-belgique-et-luxembourg\/","name":"S.A. Finarius Immo devient SWIXIM Belgique et Luxembourg - F\u00e9d\u00e9ration Belge de la Franchise","isPartOf":{"@id":"https:\/\/www.fbf-bff.be\/#website"},"datePublished":"2015-03-24T23:00:00+00:00","dateModified":"2015-03-24T23:00:00+00:00","author":{"@id":"https:\/\/www.fbf-bff.be\/#\/schema\/person\/73a9cbee87288cba2b06e3fc29244fe7"},"breadcrumb":{"@id":"https:\/\/www.fbf-bff.be\/fr\/s-a-finarius-immo-devient-swixim-belgique-et-luxembourg\/#breadcrumb"},"inLanguage":"fr-FR","potentialAction":[{"@type":"ReadAction","target":["https:\/\/www.fbf-bff.be\/fr\/s-a-finarius-immo-devient-swixim-belgique-et-luxembourg\/"]}]},{"@type":"BreadcrumbList","@id":"https:\/\/www.fbf-bff.be\/fr\/s-a-finarius-immo-devient-swixim-belgique-et-luxembourg\/#breadcrumb","itemListElement":[{"@type":"ListItem","position":1,"name":"Home","item":"https:\/\/www.fbf-bff.be\/fr\/"},{"@type":"ListItem","position":2,"name":"S.A. Finarius Immo devient SWIXIM Belgique et Luxembourg"}]},{"@type":"WebSite","@id":"https:\/\/www.fbf-bff.be\/#website","url":"https:\/\/www.fbf-bff.be\/","name":"F\u00e9d\u00e9ration Belge de la Franchise","description":"Pour r\u00e9ussir ensemblee","potentialAction":[{"@type":"SearchAction","target":{"@type":"EntryPoint","urlTemplate":"https:\/\/www.fbf-bff.be\/?s={search_term_string}"},"query-input":{"@type":"PropertyValueSpecification","valueRequired":true,"valueName":"search_term_string"}}],"inLanguage":"fr-FR"},{"@type":"Person","@id":"https:\/\/www.fbf-bff.be\/#\/schema\/person\/73a9cbee87288cba2b06e3fc29244fe7","name":"fbf_admin","image":{"@type":"ImageObject","inLanguage":"fr-FR","@id":"https:\/\/www.fbf-bff.be\/#\/schema\/person\/image\/","url":"https:\/\/secure.gravatar.com\/avatar\/20f6483dbe2a69e0999ddcdd1744b7f7?s=96&d=mm&r=g","contentUrl":"https:\/\/secure.gravatar.com\/avatar\/20f6483dbe2a69e0999ddcdd1744b7f7?s=96&d=mm&r=g","caption":"fbf_admin"}}]}},"_links":{"self":[{"href":"https:\/\/www.fbf-bff.be\/fr\/wp-json\/wp\/v2\/posts\/7511"}],"collection":[{"href":"https:\/\/www.fbf-bff.be\/fr\/wp-json\/wp\/v2\/posts"}],"about":[{"href":"https:\/\/www.fbf-bff.be\/fr\/wp-json\/wp\/v2\/types\/post"}],"author":[{"embeddable":true,"href":"https:\/\/www.fbf-bff.be\/fr\/wp-json\/wp\/v2\/users\/1"}],"replies":[{"embeddable":true,"href":"https:\/\/www.fbf-bff.be\/fr\/wp-json\/wp\/v2\/comments?post=7511"}],"version-history":[{"count":0,"href":"https:\/\/www.fbf-bff.be\/fr\/wp-json\/wp\/v2\/posts\/7511\/revisions"}],"wp:attachment":[{"href":"https:\/\/www.fbf-bff.be\/fr\/wp-json\/wp\/v2\/media?parent=7511"}],"wp:term":[{"taxonomy":"category","embeddable":true,"href":"https:\/\/www.fbf-bff.be\/fr\/wp-json\/wp\/v2\/categories?post=7511"},{"taxonomy":"post_tag","embeddable":true,"href":"https:\/\/www.fbf-bff.be\/fr\/wp-json\/wp\/v2\/tags?post=7511"}],"curies":[{"name":"wp","href":"https:\/\/api.w.org\/{rel}","templated":true}]}}