{"id":7509,"date":"2015-03-25T00:00:00","date_gmt":"2015-03-24T23:00:00","guid":{"rendered":"https:\/\/www.fbf-bff.be\/rencontre-avec-fabian-hennus-et-alexandre-lerouge-les-secrets-du-chef\/"},"modified":"2015-03-25T00:00:00","modified_gmt":"2015-03-24T23:00:00","slug":"rencontre-avec-fabian-hennus-et-alexandre-lerouge-les-secrets-du-chef","status":"publish","type":"post","link":"https:\/\/www.fbf-bff.be\/fr\/rencontre-avec-fabian-hennus-et-alexandre-lerouge-les-secrets-du-chef\/","title":{"rendered":"Rencontre avec\u00a0Fabian\u00a0Hennus\u00a0et\u00a0Alexandre\u00a0Lerouge\u00a0(Les Secrets du Chef)"},"content":{"rendered":"<div style=\"font-family: arial, sans-serif;font-size: small;line-height: normal\"><span>Les salons de la franchise sont toujours l&rsquo;occasion pour croiser des<\/span><span>\u00a0<\/span><span style=\"background-image: initial;background-attachment: initial;background-size: initial;background-position: initial\">franchiseurs<\/span><span>\u00a0<\/span><span>qu&rsquo;il est difficile de rencontrer en d&rsquo;autres occasions vu leur agenda charg\u00e9.\u00a0<\/span><br><\/div><div style=\"font-family: arial, sans-serif;font-size: small;line-height: normal\"><span><br><\/span><\/div><div style=\"font-family: arial, sans-serif;font-size: small;line-height: normal\"><span>Ce fut le cas la semaine derni\u00e8re pour les fondateurs de l&rsquo;enseigne belge \u00ab\u00a0Les Secrets du Chef\u00a0\u00bb ,\u00a0<\/span><span style=\"background-image: initial;background-attachment: initial;background-size: initial;background-position: initial\">Fabian<\/span><span>\u00a0<\/span><span style=\"background-image: initial;background-attachment: initial;background-size: initial;background-position: initial\">Hennus<\/span><span>\u00a0et\u00a0<\/span><span style=\"background-image: initial;background-attachment: initial;background-size: initial;background-position: initial\">Alexandre<\/span><span>\u00a0<\/span><span style=\"background-image: initial;background-attachment: initial;background-size: initial;background-position: initial\">Lerouge<\/span><span>\u00a0avec qui\u00a0<\/span><span style=\"background-image: initial;background-attachment: initial;background-size: initial;background-position: initial\">Franchising<\/span><span>&#8211;<\/span><span style=\"background-image: initial;background-attachment: initial;background-size: initial;background-position: initial\">Belgium<\/span><span>.<\/span><span style=\"background-image: initial;background-attachment: initial;background-size: initial;background-position: initial\">be<\/span><span>\u00a0a fait le point sur le d\u00e9veloppement de l&rsquo;enseigne.<\/span><span><br><\/span><span><br><\/span><\/div><div style=\"font-family: arial, sans-serif;font-size: small;line-height: normal\"><span>Le concept de l&rsquo;enseigne 100% belge, est de proposer dans un espace de 175 \u00e0 200 m\u00b2, quelque 3.600 r\u00e9f\u00e9rences de mat\u00e9riel de\u00a0cuisine haut\u00a0de gamme, des cours de cuisine et d&rsquo;oenologie et des id\u00e9es originales pour tous les amateurs de cuisine.<\/span><span><br><\/span><\/div><div style=\"font-family: arial, sans-serif;font-size: small;line-height: normal\"><font color=\"#000000\">Les ateliers culinaires qui sont assur\u00e9s par 8 chefs et 2 sommeliers professionnels s&rsquo;adressent au grand public, aux enfants et peuvent \u00eatre \u00e9galement privatis\u00e9s. Ils se d\u00e9roulent en dehors des heures d&rsquo;ouverture.<\/font><\/div><div style=\"font-family: arial, sans-serif;font-size: small;line-height: normal\"><font color=\"#000000\"><br><\/font><\/div><div style=\"font-family: arial, sans-serif;font-size: small;line-height: normal\"><font color=\"#000000\">La premi\u00e8re boutique conceptuelle avait ouvert ses portes \u00e0\u00a0<span style=\"background-image: initial;background-attachment: initial;background-size: initial;background-position: initial\">Louvain<\/span>-la-Neuve dans le centre commercial\u00a0<span style=\"background-image: initial;background-attachment: initial;background-size: initial;background-position: initial\">L&rsquo;Esplanade<\/span>\u00a0en ao\u00fbt 2006. Trois ann\u00e9es plus tard, le Global\u00a0<span style=\"background-image: initial;background-attachment: initial;background-size: initial;background-position: initial\">Innovator<\/span>\u00a0<span style=\"background-image: initial;background-attachment: initial;background-size: initial;background-position: initial\">Award<\/span>\u00a0qui r\u00e9compense le commerce le plus innovant en mati\u00e8re d&rsquo;art de la table parmi 25 pays participants, les consacre \u00e0\u00a0<span style=\"background-image: initial;background-attachment: initial;background-size: initial;background-position: initial\">Chicago.<\/span><\/font><\/div><div style=\"font-family: arial, sans-serif;font-size: small;line-height: normal\"><span style=\"background-image: initial;background-attachment: initial;background-size: initial;background-position: initial\"><font color=\"#000000\"><br><\/font><\/span><\/div><div style=\"font-family: arial, sans-serif;font-size: small;line-height: normal\"><span style=\"background-image: initial;background-attachment: initial;background-size: initial;background-position: initial\"><font color=\"#000000\">Un troisi\u00e8me partenaire, Vincent\u00a0<span style=\"background-image: initial\">Bury<\/span>, viendra rejoindre les deux fondateurs en 2012, apr\u00e8s avoir d\u00e9but\u00e9 comme employ\u00e9, devenu ensuite manager du magasin pilote et responsable de la formation.<br><\/font><\/span><\/div><div style=\"font-family: arial, sans-serif;font-size: small;line-height: normal\"><span style=\"background-image: initial;background-attachment: initial;background-size: initial;background-position: initial\"><font color=\"#000000\"><br><\/font><\/span><\/div><div style=\"font-family: arial, sans-serif;font-size: small;line-height: normal\"><span style=\"background-image: initial;background-attachment: initial;background-size: initial;background-position: initial\"><font color=\"#000000\"><img decoding=\"async\" src=\"http:\/\/franchising-belgium.be\/web\/uploads\/franchising-belgium-album-82-6-400.jpg\"><br><\/font><\/span><\/div><div style=\"font-family: arial, sans-serif;font-size: small;line-height: normal\"><span style=\"background-image: initial;background-attachment: initial;background-size: initial;background-position: initial\"><font color=\"#000000\">\u00a0 \u00a0 \u00a0 \u00a0 \u00a0 \u00a0 \u00a0 \u00a0 \u00a0 \u00a0 \u00a0 \u00a0 \u00a0 \u00a0 \u00a0 \u00a0 \u00a0 \u00a0 \u00a0 \u00a0 \u00a0 \u00a0 \u00a0 \u00a0 \u00a0 \u00a0 \u00a0<\/font><\/span><\/div><div style=\"font-family: arial, sans-serif;font-size: small;line-height: normal\"><span>Les ouvertures se suivent \u00e0\u00a0<\/span><span style=\"background-image: initial;background-attachment: initial;background-size: initial;background-position: initial\">Woluwe<\/span><span>\u00a0dans le W Shopping\u00a0<\/span><span style=\"background-image: initial;background-attachment: initial;background-size: initial;background-position: initial\">Center<\/span><span>, \u00e0\u00a0<\/span><span style=\"background-image: initial;background-attachment: initial;background-size: initial;background-position: initial\">Namur<\/span><span>\u00a0et dans le centre de Li\u00e8ge (mai 2014).\u00a0 Les Secrets du Chef annoncent la futur ouverture en octobre 2016 d&rsquo;une seconde adresse\u00a0<\/span><span style=\"background-image: initial;background-attachment: initial;background-size: initial;background-position: initial\">bruxelloise<\/span><span>\u00a0dans le projet Shopping Docks\u00a0<\/span><span style=\"background-image: initial;background-attachment: initial;background-size: initial;background-position: initial\">Bruxsel<\/span><span>\u00a0d\u00e9velopp\u00e9 par le groupe\u00a0<\/span><span style=\"background-image: initial;background-attachment: initial;background-size: initial;background-position: initial\">Equilis<\/span><span>.<\/span><br><\/div><div style=\"font-family: arial, sans-serif;font-size: small;line-height: normal\"><font color=\"#000000\"><br><\/font><\/div><div style=\"font-family: arial, sans-serif;font-size: small;line-height: normal\"><font color=\"#000000\">Un troisi\u00e8me partenaire, Vincent\u00a0<span style=\"background-image: initial;background-attachment: initial;background-size: initial;background-position: initial\">Bury<\/span>, viendra rejoindre les deux fondateurs en 2012, apr\u00e8s avoir d\u00e9but\u00e9 comme employ\u00e9, devenu ensuite manager du magasin pilote et responsable de la formation.<br><\/font><\/div><div style=\"font-family: arial, sans-serif;font-size: small;line-height: normal\"><font color=\"#000000\"><br><\/font><\/div><div style=\"font-family: arial, sans-serif;font-size: small;line-height: normal\"><font color=\"#000000\">Cette ann\u00e9e, la boutique en ligne de l&rsquo;enseigne verra le jour et maintenant que le concept tient ses promesses \u00e0 tous les niveaux, Les Secrets du Chef sont en expansion permanente et souhaitent d\u00e9velopper des\u00a0<b>franchises.\u00a0<\/b>Avis aux amateurs !<\/font><\/div><div style=\"font-family: arial, sans-serif;font-size: small;line-height: normal\"><font color=\"#000000\"><br><\/font><\/div><div style=\"font-family: arial, sans-serif;font-size: small;line-height: normal\"><font color=\"#000000\">Les localisations vis\u00e9es prochainement sont des vitrines sur de grands centres ou axes commerciaux \u00e0 haut potentiel dans les villes de\u00a0<span style=\"background-image: initial;background-attachment: initial;background-size: initial;background-position: initial\">Bruxelles<\/span>,\u00a0<span style=\"background-image: initial;background-attachment: initial;background-size: initial;background-position: initial\">Malines<\/span>,\u00a0<span style=\"background-image: initial;background-attachment: initial;background-size: initial;background-position: initial\">Anvers<\/span>,\u00a0<span style=\"background-image: initial;background-attachment: initial;background-size: initial;background-position: initial\">Gand<\/span>,\u00a0<span style=\"background-image: initial;background-attachment: initial;background-size: initial;background-position: initial\">Louvain<\/span>,\u00a0<span style=\"background-image: initial;background-attachment: initial;background-size: initial;background-position: initial\">Hasselt<\/span>,\u00a0<span style=\"background-image: initial;background-attachment: initial;background-size: initial;background-position: initial\">Bruges<\/span>&#8230; pour atteindre un minimum de 10 points de vente, avec une exclusivit\u00e9 territoriale, r\u00e9partis sur tout le pays<\/font><\/div>","protected":false},"excerpt":{"rendered":"<p><span style=\"font-family: arial, sans-serif;font-size: small;line-height: normal\">Les salons de la franchise sont toujours l&rsquo;occasion pour croiser des<\/span><span style=\"font-family: arial, sans-serif;font-size: small;line-height: normal\">\u00a0<\/span><span style=\"font-family: arial, sans-serif;font-size: small;line-height: normal;background-image: initial;background-attachment: initial;background-size: initial;background-position: initial\">franchiseurs<\/span><span style=\"font-family: arial, sans-serif;font-size: small;line-height: normal\">\u00a0<\/span><span style=\"font-family: arial, sans-serif;font-size: small;line-height: normal\">qu&rsquo;il est difficile de rencontrer en d&rsquo;autres occasions vu leur agenda charg\u00e9.\u00a0<\/span><\/p>\n","protected":false},"author":1,"featured_media":0,"comment_status":"closed","ping_status":"open","sticky":false,"template":"","format":"standard","meta":{"ngg_post_thumbnail":0,"footnotes":""},"categories":[41],"tags":[],"acf":[],"yoast_head":"<!-- This site is optimized with the Yoast SEO plugin v23.5 - https:\/\/yoast.com\/wordpress\/plugins\/seo\/ -->\n<title>Rencontre avec\u00a0Fabian\u00a0Hennus\u00a0et\u00a0Alexandre\u00a0Lerouge\u00a0(Les Secrets du Chef) - F\u00e9d\u00e9ration Belge de la Franchise<\/title>\n<meta name=\"robots\" content=\"index, follow, max-snippet:-1, max-image-preview:large, max-video-preview:-1\" \/>\n<link rel=\"canonical\" href=\"https:\/\/www.fbf-bff.be\/fr\/rencontre-avec-fabian-hennus-et-alexandre-lerouge-les-secrets-du-chef\/\" \/>\n<meta property=\"og:locale\" content=\"fr_FR\" \/>\n<meta property=\"og:type\" content=\"article\" \/>\n<meta property=\"og:title\" content=\"Rencontre avec\u00a0Fabian\u00a0Hennus\u00a0et\u00a0Alexandre\u00a0Lerouge\u00a0(Les Secrets du Chef) - F\u00e9d\u00e9ration Belge de la Franchise\" \/>\n<meta property=\"og:description\" content=\"Les salons de la franchise sont toujours l&#039;occasion pour croiser des\u00a0franchiseurs\u00a0qu&#039;il est difficile de rencontrer en d&#039;autres occasions vu leur agenda charg\u00e9.\u00a0\" \/>\n<meta property=\"og:url\" content=\"https:\/\/www.fbf-bff.be\/fr\/rencontre-avec-fabian-hennus-et-alexandre-lerouge-les-secrets-du-chef\/\" \/>\n<meta property=\"og:site_name\" content=\"F\u00e9d\u00e9ration Belge de la Franchise\" \/>\n<meta property=\"article:published_time\" content=\"2015-03-24T23:00:00+00:00\" \/>\n<meta property=\"og:image\" content=\"http:\/\/franchising-belgium.be\/web\/uploads\/franchising-belgium-album-82-6-400.jpg\" \/>\n<meta name=\"author\" content=\"fbf_admin\" \/>\n<meta name=\"twitter:card\" content=\"summary_large_image\" \/>\n<meta name=\"twitter:label1\" content=\"\u00c9crit par\" \/>\n\t<meta name=\"twitter:data1\" content=\"fbf_admin\" \/>\n\t<meta name=\"twitter:label2\" content=\"Dur\u00e9e de lecture estim\u00e9e\" \/>\n\t<meta name=\"twitter:data2\" content=\"2 minutes\" \/>\n<script type=\"application\/ld+json\" class=\"yoast-schema-graph\">{\"@context\":\"https:\/\/schema.org\",\"@graph\":[{\"@type\":\"WebPage\",\"@id\":\"https:\/\/www.fbf-bff.be\/fr\/rencontre-avec-fabian-hennus-et-alexandre-lerouge-les-secrets-du-chef\/\",\"url\":\"https:\/\/www.fbf-bff.be\/fr\/rencontre-avec-fabian-hennus-et-alexandre-lerouge-les-secrets-du-chef\/\",\"name\":\"Rencontre avec\u00a0Fabian\u00a0Hennus\u00a0et\u00a0Alexandre\u00a0Lerouge\u00a0(Les Secrets du Chef) - F\u00e9d\u00e9ration Belge de la Franchise\",\"isPartOf\":{\"@id\":\"https:\/\/www.fbf-bff.be\/#website\"},\"primaryImageOfPage\":{\"@id\":\"https:\/\/www.fbf-bff.be\/fr\/rencontre-avec-fabian-hennus-et-alexandre-lerouge-les-secrets-du-chef\/#primaryimage\"},\"image\":{\"@id\":\"https:\/\/www.fbf-bff.be\/fr\/rencontre-avec-fabian-hennus-et-alexandre-lerouge-les-secrets-du-chef\/#primaryimage\"},\"thumbnailUrl\":\"http:\/\/franchising-belgium.be\/web\/uploads\/franchising-belgium-album-82-6-400.jpg\",\"datePublished\":\"2015-03-24T23:00:00+00:00\",\"dateModified\":\"2015-03-24T23:00:00+00:00\",\"author\":{\"@id\":\"https:\/\/www.fbf-bff.be\/#\/schema\/person\/73a9cbee87288cba2b06e3fc29244fe7\"},\"breadcrumb\":{\"@id\":\"https:\/\/www.fbf-bff.be\/fr\/rencontre-avec-fabian-hennus-et-alexandre-lerouge-les-secrets-du-chef\/#breadcrumb\"},\"inLanguage\":\"fr-FR\",\"potentialAction\":[{\"@type\":\"ReadAction\",\"target\":[\"https:\/\/www.fbf-bff.be\/fr\/rencontre-avec-fabian-hennus-et-alexandre-lerouge-les-secrets-du-chef\/\"]}]},{\"@type\":\"ImageObject\",\"inLanguage\":\"fr-FR\",\"@id\":\"https:\/\/www.fbf-bff.be\/fr\/rencontre-avec-fabian-hennus-et-alexandre-lerouge-les-secrets-du-chef\/#primaryimage\",\"url\":\"http:\/\/franchising-belgium.be\/web\/uploads\/franchising-belgium-album-82-6-400.jpg\",\"contentUrl\":\"http:\/\/franchising-belgium.be\/web\/uploads\/franchising-belgium-album-82-6-400.jpg\"},{\"@type\":\"BreadcrumbList\",\"@id\":\"https:\/\/www.fbf-bff.be\/fr\/rencontre-avec-fabian-hennus-et-alexandre-lerouge-les-secrets-du-chef\/#breadcrumb\",\"itemListElement\":[{\"@type\":\"ListItem\",\"position\":1,\"name\":\"Home\",\"item\":\"https:\/\/www.fbf-bff.be\/fr\/\"},{\"@type\":\"ListItem\",\"position\":2,\"name\":\"Rencontre avec\u00a0Fabian\u00a0Hennus\u00a0et\u00a0Alexandre\u00a0Lerouge\u00a0(Les Secrets du Chef)\"}]},{\"@type\":\"WebSite\",\"@id\":\"https:\/\/www.fbf-bff.be\/#website\",\"url\":\"https:\/\/www.fbf-bff.be\/\",\"name\":\"F\u00e9d\u00e9ration Belge de la Franchise\",\"description\":\"Pour r\u00e9ussir ensemblee\",\"potentialAction\":[{\"@type\":\"SearchAction\",\"target\":{\"@type\":\"EntryPoint\",\"urlTemplate\":\"https:\/\/www.fbf-bff.be\/?s={search_term_string}\"},\"query-input\":{\"@type\":\"PropertyValueSpecification\",\"valueRequired\":true,\"valueName\":\"search_term_string\"}}],\"inLanguage\":\"fr-FR\"},{\"@type\":\"Person\",\"@id\":\"https:\/\/www.fbf-bff.be\/#\/schema\/person\/73a9cbee87288cba2b06e3fc29244fe7\",\"name\":\"fbf_admin\",\"image\":{\"@type\":\"ImageObject\",\"inLanguage\":\"fr-FR\",\"@id\":\"https:\/\/www.fbf-bff.be\/#\/schema\/person\/image\/\",\"url\":\"https:\/\/secure.gravatar.com\/avatar\/20f6483dbe2a69e0999ddcdd1744b7f7?s=96&d=mm&r=g\",\"contentUrl\":\"https:\/\/secure.gravatar.com\/avatar\/20f6483dbe2a69e0999ddcdd1744b7f7?s=96&d=mm&r=g\",\"caption\":\"fbf_admin\"}}]}<\/script>\n<!-- \/ Yoast SEO plugin. -->","yoast_head_json":{"title":"Rencontre avec\u00a0Fabian\u00a0Hennus\u00a0et\u00a0Alexandre\u00a0Lerouge\u00a0(Les Secrets du Chef) - F\u00e9d\u00e9ration Belge de la Franchise","robots":{"index":"index","follow":"follow","max-snippet":"max-snippet:-1","max-image-preview":"max-image-preview:large","max-video-preview":"max-video-preview:-1"},"canonical":"https:\/\/www.fbf-bff.be\/fr\/rencontre-avec-fabian-hennus-et-alexandre-lerouge-les-secrets-du-chef\/","og_locale":"fr_FR","og_type":"article","og_title":"Rencontre avec\u00a0Fabian\u00a0Hennus\u00a0et\u00a0Alexandre\u00a0Lerouge\u00a0(Les Secrets du Chef) - F\u00e9d\u00e9ration Belge de la Franchise","og_description":"Les salons de la franchise sont toujours l'occasion pour croiser des\u00a0franchiseurs\u00a0qu'il est difficile de rencontrer en d'autres occasions vu leur agenda charg\u00e9.\u00a0","og_url":"https:\/\/www.fbf-bff.be\/fr\/rencontre-avec-fabian-hennus-et-alexandre-lerouge-les-secrets-du-chef\/","og_site_name":"F\u00e9d\u00e9ration Belge de la Franchise","article_published_time":"2015-03-24T23:00:00+00:00","og_image":[{"url":"http:\/\/franchising-belgium.be\/web\/uploads\/franchising-belgium-album-82-6-400.jpg"}],"author":"fbf_admin","twitter_card":"summary_large_image","twitter_misc":{"\u00c9crit par":"fbf_admin","Dur\u00e9e de lecture estim\u00e9e":"2 minutes"},"schema":{"@context":"https:\/\/schema.org","@graph":[{"@type":"WebPage","@id":"https:\/\/www.fbf-bff.be\/fr\/rencontre-avec-fabian-hennus-et-alexandre-lerouge-les-secrets-du-chef\/","url":"https:\/\/www.fbf-bff.be\/fr\/rencontre-avec-fabian-hennus-et-alexandre-lerouge-les-secrets-du-chef\/","name":"Rencontre avec\u00a0Fabian\u00a0Hennus\u00a0et\u00a0Alexandre\u00a0Lerouge\u00a0(Les Secrets du Chef) - F\u00e9d\u00e9ration Belge de la Franchise","isPartOf":{"@id":"https:\/\/www.fbf-bff.be\/#website"},"primaryImageOfPage":{"@id":"https:\/\/www.fbf-bff.be\/fr\/rencontre-avec-fabian-hennus-et-alexandre-lerouge-les-secrets-du-chef\/#primaryimage"},"image":{"@id":"https:\/\/www.fbf-bff.be\/fr\/rencontre-avec-fabian-hennus-et-alexandre-lerouge-les-secrets-du-chef\/#primaryimage"},"thumbnailUrl":"http:\/\/franchising-belgium.be\/web\/uploads\/franchising-belgium-album-82-6-400.jpg","datePublished":"2015-03-24T23:00:00+00:00","dateModified":"2015-03-24T23:00:00+00:00","author":{"@id":"https:\/\/www.fbf-bff.be\/#\/schema\/person\/73a9cbee87288cba2b06e3fc29244fe7"},"breadcrumb":{"@id":"https:\/\/www.fbf-bff.be\/fr\/rencontre-avec-fabian-hennus-et-alexandre-lerouge-les-secrets-du-chef\/#breadcrumb"},"inLanguage":"fr-FR","potentialAction":[{"@type":"ReadAction","target":["https:\/\/www.fbf-bff.be\/fr\/rencontre-avec-fabian-hennus-et-alexandre-lerouge-les-secrets-du-chef\/"]}]},{"@type":"ImageObject","inLanguage":"fr-FR","@id":"https:\/\/www.fbf-bff.be\/fr\/rencontre-avec-fabian-hennus-et-alexandre-lerouge-les-secrets-du-chef\/#primaryimage","url":"http:\/\/franchising-belgium.be\/web\/uploads\/franchising-belgium-album-82-6-400.jpg","contentUrl":"http:\/\/franchising-belgium.be\/web\/uploads\/franchising-belgium-album-82-6-400.jpg"},{"@type":"BreadcrumbList","@id":"https:\/\/www.fbf-bff.be\/fr\/rencontre-avec-fabian-hennus-et-alexandre-lerouge-les-secrets-du-chef\/#breadcrumb","itemListElement":[{"@type":"ListItem","position":1,"name":"Home","item":"https:\/\/www.fbf-bff.be\/fr\/"},{"@type":"ListItem","position":2,"name":"Rencontre avec\u00a0Fabian\u00a0Hennus\u00a0et\u00a0Alexandre\u00a0Lerouge\u00a0(Les Secrets du Chef)"}]},{"@type":"WebSite","@id":"https:\/\/www.fbf-bff.be\/#website","url":"https:\/\/www.fbf-bff.be\/","name":"F\u00e9d\u00e9ration Belge de la Franchise","description":"Pour r\u00e9ussir ensemblee","potentialAction":[{"@type":"SearchAction","target":{"@type":"EntryPoint","urlTemplate":"https:\/\/www.fbf-bff.be\/?s={search_term_string}"},"query-input":{"@type":"PropertyValueSpecification","valueRequired":true,"valueName":"search_term_string"}}],"inLanguage":"fr-FR"},{"@type":"Person","@id":"https:\/\/www.fbf-bff.be\/#\/schema\/person\/73a9cbee87288cba2b06e3fc29244fe7","name":"fbf_admin","image":{"@type":"ImageObject","inLanguage":"fr-FR","@id":"https:\/\/www.fbf-bff.be\/#\/schema\/person\/image\/","url":"https:\/\/secure.gravatar.com\/avatar\/20f6483dbe2a69e0999ddcdd1744b7f7?s=96&d=mm&r=g","contentUrl":"https:\/\/secure.gravatar.com\/avatar\/20f6483dbe2a69e0999ddcdd1744b7f7?s=96&d=mm&r=g","caption":"fbf_admin"}}]}},"_links":{"self":[{"href":"https:\/\/www.fbf-bff.be\/fr\/wp-json\/wp\/v2\/posts\/7509"}],"collection":[{"href":"https:\/\/www.fbf-bff.be\/fr\/wp-json\/wp\/v2\/posts"}],"about":[{"href":"https:\/\/www.fbf-bff.be\/fr\/wp-json\/wp\/v2\/types\/post"}],"author":[{"embeddable":true,"href":"https:\/\/www.fbf-bff.be\/fr\/wp-json\/wp\/v2\/users\/1"}],"replies":[{"embeddable":true,"href":"https:\/\/www.fbf-bff.be\/fr\/wp-json\/wp\/v2\/comments?post=7509"}],"version-history":[{"count":0,"href":"https:\/\/www.fbf-bff.be\/fr\/wp-json\/wp\/v2\/posts\/7509\/revisions"}],"wp:attachment":[{"href":"https:\/\/www.fbf-bff.be\/fr\/wp-json\/wp\/v2\/media?parent=7509"}],"wp:term":[{"taxonomy":"category","embeddable":true,"href":"https:\/\/www.fbf-bff.be\/fr\/wp-json\/wp\/v2\/categories?post=7509"},{"taxonomy":"post_tag","embeddable":true,"href":"https:\/\/www.fbf-bff.be\/fr\/wp-json\/wp\/v2\/tags?post=7509"}],"curies":[{"name":"wp","href":"https:\/\/api.w.org\/{rel}","templated":true}]}}