{"id":7504,"date":"2015-03-23T00:00:00","date_gmt":"2015-03-22T23:00:00","guid":{"rendered":"https:\/\/www.fbf-bff.be\/la-franchise-sur-bel-rtl\/"},"modified":"2015-03-23T00:00:00","modified_gmt":"2015-03-22T23:00:00","slug":"la-franchise-sur-bel-rtl","status":"publish","type":"post","link":"https:\/\/www.fbf-bff.be\/fr\/la-franchise-sur-bel-rtl\/","title":{"rendered":"La franchise sur Bel RTL"},"content":{"rendered":"<div style=\"font-family: arial, sans-serif;font-size: small;line-height: normal\"><br><\/div><div style=\"font-family: arial, sans-serif;font-size: small;line-height: normal\">Ce vendredi matin sur l&rsquo;\u00e9mission matinale de Bel RTL, la chronique \u00e9conomique de Bruno Wattenberg faisait honneur \u00e0 la franchise apr\u00e8s le salon de la franchise de Bruxelles qui venait de fermer ses portes hier.<div><br><\/div><div>Voic le r\u00e9sum\u00e9 de cette chronique :<\/div><div><br><\/div><div><b>\u00ab\u00a0Vous voulez cr\u00e9er une entreprise mais vous n&rsquo;osez pas vous lancer ? Voici La solution \u00ab\u00a0<br><\/b><div><div><br><\/div><div><br><\/div><div><div class=\"\" style=\"margin: 0px;padding: 0px;font-family: Arial;font-size: 14px;border: none;background-image: none\"><div id=\"body-detail\" class=\"\" style=\"margin: 0px;padding: 0px;font-family: inherit;font-weight: inherit;line-height: 24px;color: inherit;border: none;background-image: none\"><p style=\"margin-bottom: 30px;padding: 0px;font-weight: inherit;border: none;background-image: none\">La franchise , une autre mani\u00e8re d&rsquo;entreprendre qui est aujourd&rsquo;hui beaucoup plus encadr\u00e9e que dans le pass\u00e9 .<\/p><p style=\"margin-bottom: 30px;padding: 0px;font-weight: inherit;border: none;background-image: none\"><span style=\"font-weight: inherit;color: inherit;font-family: inherit\">Le Salon Entreprendre vient de fermer ses portes mais il n\u2019est pas trop tard pour revenir sur une de ses salles consacr\u00e9e enti\u00e8rement \u00e0 la franchise\u2026 une piste, comme on peut l\u2019appeler, alternative \u00e0 la cr\u00e9ation d\u2019entreprise classique. C&rsquo;est une autre mani\u00e8re de faire. Plut\u00f4t que d\u2019avoir l\u2019id\u00e9e, de l\u2019\u00e9valuer, de faire des recherches, des \u00e9tudes de march\u00e9, des fournisseurs, de mettre en place le marketing, dans la franchise, vous achetez un package tout fait et vous vous liez \u00e0 un partenaire qui sait de quoi il parle, \u00e0 savoir une grande enseigne, et les exemples pullulent, des plus connus comme Quick et Mc Donald, aux moins connus comme Babychou qui fait de la garde \u00e0 domicile. Il y a beaucoup de franchises qui viennent de France, comme Monceau Fleurs, des franchises bien belges comme Heytens, des anciennes, comme Spar, des r\u00e9centes, comme par exemple Lunch Garden.<\/span><\/p><p style=\"margin-bottom: 30px;padding: 0px;font-weight: inherit;border: none;background-image: none\"><br style=\"margin: 0px;padding: 0px;font-family: inherit;font-size: inherit;font-weight: inherit;line-height: inherit;color: inherit;border: none;background-image: none\"><strong style=\"margin: 0px;padding: 0px;font-family: inherit;font-size: inherit;line-height: inherit;color: inherit;border: none;background-image: none\">Est-ce qu\u2019on est un vrai entrepreneur quand on est franchis\u00e9 ?<\/strong><\/p><p style=\"margin-bottom: 30px;padding: 0px;font-weight: inherit;border: none;background-image: none\">Si \u00eatre entrepreneur, c\u2019est investir son propre argent et prendre des risques de le perdre, en cr\u00e9ant et g\u00e9rant une structure, oui les franchis\u00e9s sont de vrais entrepreneurs.<\/p><p style=\"margin-bottom: 30px;padding: 0px;font-weight: inherit;border: none;background-image: none\"><br style=\"margin: 0px;padding: 0px;font-family: inherit;font-size: inherit;font-weight: inherit;line-height: inherit;color: inherit;border: none;background-image: none\"><strong style=\"margin: 0px;padding: 0px;font-family: inherit;font-size: inherit;line-height: inherit;color: inherit;border: none;background-image: none\">Comment cela marche pr\u00e9cis\u00e9ment la franchise \u2026 ? Comment faire si l\u2019on veut se lancer ?<\/strong><\/p><p style=\"margin-bottom: 30px;padding: 0px;font-weight: inherit;border: none;background-image: none\">Et bien le web regorge de sites sur lesquels vous pouvez d\u00e9couvrir les franchises existantes et chacun de ces sites ou presque vous propose un moteur de recherche qui fonctionne sur base des 3 crit\u00e8res fondamentaux de la franchise : premi\u00e8rement, l\u2019activit\u00e9, le secteur ; deuxi\u00e8mement, l\u2019apport que vous devez mettre sur la table au d\u00e9part, pour acc\u00e9der au r\u00e9seau, mais aussi pour lancer l\u2019activit\u00e9 dans de bonnes conditions ; et enfin troisi\u00e8mement, votre exp\u00e9rience.<\/p><p style=\"margin-bottom: 30px;padding: 0px;font-weight: inherit;border: none;background-image: none\"><br style=\"margin: 0px;padding: 0px;font-family: inherit;font-size: inherit;font-weight: inherit;line-height: inherit;color: inherit;border: none;background-image: none\"><strong style=\"margin: 0px;padding: 0px;font-family: inherit;font-size: inherit;line-height: inherit;color: inherit;border: none;background-image: none\">De quel apport faut-il disposer ?<\/strong><\/p><p style=\"margin-bottom: 30px;padding: 0px;font-weight: inherit;border: none;background-image: none\">Certaines franchises de service ne demandent pas de droit d\u2019entr\u00e9e. D\u2019autres en r\u00e9clament un qui peut chiffrer \u00e0 plusieurs dizaines de milliers d\u2019\u20ac. D\u2019autres annoncent, comme Lunch Garden par exemple le montant minimum \u00e0 investir, entre 50.000 et 330.000\u20ac dans le cas de l\u2019enseigne de restaurant. Ensuite, il y a les co\u00fbts mensuels, le plus souvent sur le chiffre d\u2019affaire, certains frais qui peuvent \u00eatre impos\u00e9s. Bref, aucune franchise n\u2019est exactement la m\u00eame et si vous \u00eates int\u00e9ress\u00e9s vous allez passer du temps \u00e0 comparer.<\/p><p style=\"margin-bottom: 30px;padding: 0px;font-weight: inherit;border: none;background-image: none\"><br style=\"margin: 0px;padding: 0px;font-family: inherit;font-size: inherit;font-weight: inherit;line-height: inherit;color: inherit;border: none;background-image: none\"><strong style=\"margin: 0px;padding: 0px;font-family: inherit;font-size: inherit;line-height: inherit;color: inherit;border: none;background-image: none\">Que repr\u00e9sente la franchise en Belgique ?<\/strong><\/p><p style=\"margin-bottom: 30px;padding: 0px;font-weight: inherit;border: none;background-image: none\">Alors, c\u2019est amusant car s\u2019il y a beaucoup de sites sur comment devenir franchis\u00e9s, aucun site ne fournit des statistiques sur la franchise en Belgique. La derni\u00e8re \u00e9tude daterait de 2007. C\u2019est donc un peu vivons heureux, vivons cach\u00e9s. Pour vous donner une id\u00e9e, en France, il y aurait pr\u00e8s de 1.800 enseignes franchis\u00e9es.<\/p><p style=\"margin-bottom: 30px;padding: 0px;font-weight: inherit;border: none;background-image: none\"><br style=\"margin: 0px;padding: 0px;font-family: inherit;font-size: inherit;font-weight: inherit;line-height: inherit;color: inherit;border: none;background-image: none\"><strong style=\"margin: 0px;padding: 0px;font-family: inherit;font-size: inherit;line-height: inherit;color: inherit;border: none;background-image: none\">Est-ce que le syst\u00e8me de la franchise a bonne r\u00e9putation ?<\/strong><\/p><p style=\"margin-bottom: 30px;padding: 0px;font-weight: inherit;border: none;background-image: none\">Alors, il y a eu des cowboys du c\u00f4t\u00e9 des franchiseurs. Des r\u00e9seaux qui ont franchis\u00e9 n\u2019importe comment des anciens employ\u00e9s. Mais cette p\u00e9riode est r\u00e9volue. Il y a des obligations pr\u00e9contractuelles, le franchiseur est oblig\u00e9 de jouer cartes sur tables, et le taux d\u2019\u00e9chec semblent moins \u00e9lev\u00e9 que dans l\u2019entrepreneuriat classique chez les grandes enseignes. Revers de la m\u00e9daille, dans nombre de cas, lorsque vous arr\u00eatez vous n\u2019\u00eates pas propri\u00e9taire du fonds de commerce. A \u00e9tudier donc et ne pas s\u2019engager sans se faire conseiller.\u00a0<\/p><\/div><\/div><\/div><\/div><\/div><\/div>","protected":false},"excerpt":{"rendered":"<p><\/p>\n<p><span style=\"font-family: arial, sans-serif;font-size: small;line-height: normal\">Ce vendredi matin dans l&rsquo;\u00e9mission matinale de Bel RTL, la chronique \u00e9conomique de Bruno Wattenberg faisait honneur \u00e0 la franchise apr\u00e8s le salon de la franchise de Bruxelles qui venait de fermer ses portes hier.<\/span><\/p>\n","protected":false},"author":1,"featured_media":0,"comment_status":"closed","ping_status":"open","sticky":false,"template":"","format":"standard","meta":{"ngg_post_thumbnail":0,"footnotes":""},"categories":[41],"tags":[],"acf":[],"yoast_head":"<!-- This site is optimized with the Yoast SEO plugin v23.5 - https:\/\/yoast.com\/wordpress\/plugins\/seo\/ -->\n<title>La franchise sur Bel RTL - F\u00e9d\u00e9ration Belge de la Franchise<\/title>\n<meta name=\"robots\" content=\"index, follow, max-snippet:-1, max-image-preview:large, max-video-preview:-1\" \/>\n<link rel=\"canonical\" href=\"https:\/\/www.fbf-bff.be\/fr\/la-franchise-sur-bel-rtl\/\" \/>\n<meta property=\"og:locale\" content=\"fr_FR\" \/>\n<meta property=\"og:type\" content=\"article\" \/>\n<meta property=\"og:title\" content=\"La franchise sur Bel RTL - F\u00e9d\u00e9ration Belge de la Franchise\" \/>\n<meta property=\"og:description\" content=\"Ce vendredi matin dans l&#039;\u00e9mission matinale de Bel RTL, la chronique \u00e9conomique de Bruno Wattenberg faisait honneur \u00e0 la franchise apr\u00e8s le salon de la franchise de Bruxelles qui venait de fermer ses portes hier.\" \/>\n<meta property=\"og:url\" content=\"https:\/\/www.fbf-bff.be\/fr\/la-franchise-sur-bel-rtl\/\" \/>\n<meta property=\"og:site_name\" content=\"F\u00e9d\u00e9ration Belge de la Franchise\" \/>\n<meta property=\"article:published_time\" content=\"2015-03-22T23:00:00+00:00\" \/>\n<meta property=\"og:image\" content=\"https:\/\/www.fbf-bff.be\/wp-content\/uploads\/2017\/06\/fbf-bff-fb-cover.jpg\" \/>\n\t<meta property=\"og:image:width\" content=\"1200\" \/>\n\t<meta property=\"og:image:height\" content=\"630\" \/>\n\t<meta property=\"og:image:type\" content=\"image\/jpeg\" \/>\n<meta name=\"author\" content=\"fbf_admin\" \/>\n<meta name=\"twitter:card\" content=\"summary_large_image\" \/>\n<meta name=\"twitter:label1\" content=\"\u00c9crit par\" \/>\n\t<meta name=\"twitter:data1\" content=\"fbf_admin\" \/>\n\t<meta name=\"twitter:label2\" content=\"Dur\u00e9e de lecture estim\u00e9e\" \/>\n\t<meta name=\"twitter:data2\" content=\"3 minutes\" \/>\n<script type=\"application\/ld+json\" class=\"yoast-schema-graph\">{\"@context\":\"https:\/\/schema.org\",\"@graph\":[{\"@type\":\"WebPage\",\"@id\":\"https:\/\/www.fbf-bff.be\/fr\/la-franchise-sur-bel-rtl\/\",\"url\":\"https:\/\/www.fbf-bff.be\/fr\/la-franchise-sur-bel-rtl\/\",\"name\":\"La franchise sur Bel RTL - F\u00e9d\u00e9ration Belge de la Franchise\",\"isPartOf\":{\"@id\":\"https:\/\/www.fbf-bff.be\/#website\"},\"datePublished\":\"2015-03-22T23:00:00+00:00\",\"dateModified\":\"2015-03-22T23:00:00+00:00\",\"author\":{\"@id\":\"https:\/\/www.fbf-bff.be\/#\/schema\/person\/73a9cbee87288cba2b06e3fc29244fe7\"},\"breadcrumb\":{\"@id\":\"https:\/\/www.fbf-bff.be\/fr\/la-franchise-sur-bel-rtl\/#breadcrumb\"},\"inLanguage\":\"fr-FR\",\"potentialAction\":[{\"@type\":\"ReadAction\",\"target\":[\"https:\/\/www.fbf-bff.be\/fr\/la-franchise-sur-bel-rtl\/\"]}]},{\"@type\":\"BreadcrumbList\",\"@id\":\"https:\/\/www.fbf-bff.be\/fr\/la-franchise-sur-bel-rtl\/#breadcrumb\",\"itemListElement\":[{\"@type\":\"ListItem\",\"position\":1,\"name\":\"Home\",\"item\":\"https:\/\/www.fbf-bff.be\/fr\/\"},{\"@type\":\"ListItem\",\"position\":2,\"name\":\"La franchise sur Bel RTL\"}]},{\"@type\":\"WebSite\",\"@id\":\"https:\/\/www.fbf-bff.be\/#website\",\"url\":\"https:\/\/www.fbf-bff.be\/\",\"name\":\"F\u00e9d\u00e9ration Belge de la Franchise\",\"description\":\"Pour r\u00e9ussir ensemblee\",\"potentialAction\":[{\"@type\":\"SearchAction\",\"target\":{\"@type\":\"EntryPoint\",\"urlTemplate\":\"https:\/\/www.fbf-bff.be\/?s={search_term_string}\"},\"query-input\":{\"@type\":\"PropertyValueSpecification\",\"valueRequired\":true,\"valueName\":\"search_term_string\"}}],\"inLanguage\":\"fr-FR\"},{\"@type\":\"Person\",\"@id\":\"https:\/\/www.fbf-bff.be\/#\/schema\/person\/73a9cbee87288cba2b06e3fc29244fe7\",\"name\":\"fbf_admin\",\"image\":{\"@type\":\"ImageObject\",\"inLanguage\":\"fr-FR\",\"@id\":\"https:\/\/www.fbf-bff.be\/#\/schema\/person\/image\/\",\"url\":\"https:\/\/secure.gravatar.com\/avatar\/20f6483dbe2a69e0999ddcdd1744b7f7?s=96&d=mm&r=g\",\"contentUrl\":\"https:\/\/secure.gravatar.com\/avatar\/20f6483dbe2a69e0999ddcdd1744b7f7?s=96&d=mm&r=g\",\"caption\":\"fbf_admin\"}}]}<\/script>\n<!-- \/ Yoast SEO plugin. -->","yoast_head_json":{"title":"La franchise sur Bel RTL - F\u00e9d\u00e9ration Belge de la Franchise","robots":{"index":"index","follow":"follow","max-snippet":"max-snippet:-1","max-image-preview":"max-image-preview:large","max-video-preview":"max-video-preview:-1"},"canonical":"https:\/\/www.fbf-bff.be\/fr\/la-franchise-sur-bel-rtl\/","og_locale":"fr_FR","og_type":"article","og_title":"La franchise sur Bel RTL - F\u00e9d\u00e9ration Belge de la Franchise","og_description":"Ce vendredi matin dans l'\u00e9mission matinale de Bel RTL, la chronique \u00e9conomique de Bruno Wattenberg faisait honneur \u00e0 la franchise apr\u00e8s le salon de la franchise de Bruxelles qui venait de fermer ses portes hier.","og_url":"https:\/\/www.fbf-bff.be\/fr\/la-franchise-sur-bel-rtl\/","og_site_name":"F\u00e9d\u00e9ration Belge de la Franchise","article_published_time":"2015-03-22T23:00:00+00:00","og_image":[{"width":1200,"height":630,"url":"https:\/\/www.fbf-bff.be\/wp-content\/uploads\/2017\/06\/fbf-bff-fb-cover.jpg","type":"image\/jpeg"}],"author":"fbf_admin","twitter_card":"summary_large_image","twitter_misc":{"\u00c9crit par":"fbf_admin","Dur\u00e9e de lecture estim\u00e9e":"3 minutes"},"schema":{"@context":"https:\/\/schema.org","@graph":[{"@type":"WebPage","@id":"https:\/\/www.fbf-bff.be\/fr\/la-franchise-sur-bel-rtl\/","url":"https:\/\/www.fbf-bff.be\/fr\/la-franchise-sur-bel-rtl\/","name":"La franchise sur Bel RTL - F\u00e9d\u00e9ration Belge de la Franchise","isPartOf":{"@id":"https:\/\/www.fbf-bff.be\/#website"},"datePublished":"2015-03-22T23:00:00+00:00","dateModified":"2015-03-22T23:00:00+00:00","author":{"@id":"https:\/\/www.fbf-bff.be\/#\/schema\/person\/73a9cbee87288cba2b06e3fc29244fe7"},"breadcrumb":{"@id":"https:\/\/www.fbf-bff.be\/fr\/la-franchise-sur-bel-rtl\/#breadcrumb"},"inLanguage":"fr-FR","potentialAction":[{"@type":"ReadAction","target":["https:\/\/www.fbf-bff.be\/fr\/la-franchise-sur-bel-rtl\/"]}]},{"@type":"BreadcrumbList","@id":"https:\/\/www.fbf-bff.be\/fr\/la-franchise-sur-bel-rtl\/#breadcrumb","itemListElement":[{"@type":"ListItem","position":1,"name":"Home","item":"https:\/\/www.fbf-bff.be\/fr\/"},{"@type":"ListItem","position":2,"name":"La franchise sur Bel RTL"}]},{"@type":"WebSite","@id":"https:\/\/www.fbf-bff.be\/#website","url":"https:\/\/www.fbf-bff.be\/","name":"F\u00e9d\u00e9ration Belge de la Franchise","description":"Pour r\u00e9ussir ensemblee","potentialAction":[{"@type":"SearchAction","target":{"@type":"EntryPoint","urlTemplate":"https:\/\/www.fbf-bff.be\/?s={search_term_string}"},"query-input":{"@type":"PropertyValueSpecification","valueRequired":true,"valueName":"search_term_string"}}],"inLanguage":"fr-FR"},{"@type":"Person","@id":"https:\/\/www.fbf-bff.be\/#\/schema\/person\/73a9cbee87288cba2b06e3fc29244fe7","name":"fbf_admin","image":{"@type":"ImageObject","inLanguage":"fr-FR","@id":"https:\/\/www.fbf-bff.be\/#\/schema\/person\/image\/","url":"https:\/\/secure.gravatar.com\/avatar\/20f6483dbe2a69e0999ddcdd1744b7f7?s=96&d=mm&r=g","contentUrl":"https:\/\/secure.gravatar.com\/avatar\/20f6483dbe2a69e0999ddcdd1744b7f7?s=96&d=mm&r=g","caption":"fbf_admin"}}]}},"_links":{"self":[{"href":"https:\/\/www.fbf-bff.be\/fr\/wp-json\/wp\/v2\/posts\/7504"}],"collection":[{"href":"https:\/\/www.fbf-bff.be\/fr\/wp-json\/wp\/v2\/posts"}],"about":[{"href":"https:\/\/www.fbf-bff.be\/fr\/wp-json\/wp\/v2\/types\/post"}],"author":[{"embeddable":true,"href":"https:\/\/www.fbf-bff.be\/fr\/wp-json\/wp\/v2\/users\/1"}],"replies":[{"embeddable":true,"href":"https:\/\/www.fbf-bff.be\/fr\/wp-json\/wp\/v2\/comments?post=7504"}],"version-history":[{"count":0,"href":"https:\/\/www.fbf-bff.be\/fr\/wp-json\/wp\/v2\/posts\/7504\/revisions"}],"wp:attachment":[{"href":"https:\/\/www.fbf-bff.be\/fr\/wp-json\/wp\/v2\/media?parent=7504"}],"wp:term":[{"taxonomy":"category","embeddable":true,"href":"https:\/\/www.fbf-bff.be\/fr\/wp-json\/wp\/v2\/categories?post=7504"},{"taxonomy":"post_tag","embeddable":true,"href":"https:\/\/www.fbf-bff.be\/fr\/wp-json\/wp\/v2\/tags?post=7504"}],"curies":[{"name":"wp","href":"https:\/\/api.w.org\/{rel}","templated":true}]}}