{"id":7501,"date":"2015-03-23T00:00:00","date_gmt":"2015-03-22T23:00:00","guid":{"rendered":"https:\/\/www.fbf-bff.be\/carrefour-lance-en-exclusivite-la-connected-kitchen-une-revolution-dans-le-shopping-en-ligne\/"},"modified":"2015-03-23T00:00:00","modified_gmt":"2015-03-22T23:00:00","slug":"carrefour-lance-en-exclusivite-la-connected-kitchen-une-revolution-dans-le-shopping-en-ligne","status":"publish","type":"post","link":"https:\/\/www.fbf-bff.be\/fr\/carrefour-lance-en-exclusivite-la-connected-kitchen-une-revolution-dans-le-shopping-en-ligne\/","title":{"rendered":"Carrefour lance en exclusivit\u00e9 la \u00ab Connected Kitchen \u00bb, une r\u00e9volution dans le shopping en ligne"},"content":{"rendered":"<p class=\"MsoNormal\" style=\"margin: 3pt 0cm 6pt;line-height: normal;text-indent: 0cm;font-size: 10pt;font-family: Arial, sans-serif\"><u><\/u><\/p><p class=\"MsoNormal\" style=\"margin: 3pt 0cm 6pt;font-family: arial, sans-serif;font-size: small;line-height: normal;text-indent: 0cm\"><span style=\"font-family: Arial, sans-serif;font-size: 10pt;line-height: 12pt\">Toujours \u00e0 la pointe de l\u2019innovation et \u00e0 la recherche de solutions facilitant la vie de ses clients, Carrefour Belgique est fi\u00e8re de pr\u00e9senter la \u00ab\u00a0<\/span><b style=\"font-family: Arial, sans-serif;font-size: 10pt;line-height: 12pt\">Connected Kitchen\u00a0\u00bb<\/b><span style=\"font-family: Arial, sans-serif;font-size: 10pt;line-height: 12pt\">,\u00a0 un tout nouveau service et<\/span><span style=\"font-family: Arial, sans-serif;font-size: 10pt;line-height: 12pt\">\u00a0une premi\u00e8re en Belgique\u00a0<\/span><span style=\"font-family: Arial, sans-serif;font-size: 10pt;line-height: 12pt\">cr\u00e9\u00e9e en<\/span><span style=\"font-family: Arial, sans-serif;font-size: 10pt;line-height: 12pt\">\u00a0exclusivit\u00e9 pour Carrefour par Wordline,\u00a0<\/span><span style=\"font-family: Arial, sans-serif;font-size: 10pt;line-height: 12pt\">leader europ\u00e9en dans le secteur des paiements et des services transactionnels.<\/span><\/p><p class=\"MsoNormal\" style=\"margin: 3pt 0cm 6pt;font-size: 10pt;font-family: Arial, sans-serif;line-height: 12pt\"><u><\/u><\/p><p class=\"MsoNormal\" style=\"margin: 3pt 0cm 6pt;font-size: 10pt;font-family: Arial, sans-serif;line-height: 12pt\">Avec la \u00ab\u00a0Connected Kitchen\u00a0\u00bb, la liste des commissions s\u2019\u00e9labore presque toute seule, au fur et \u00e0 mesure que l\u2019on constate le besoin de racheter un article. L\u00e9ger et simple d\u2019utilisation, l\u2019objet permet de\u00a0scanner n&rsquo;importe quel produit\u00a0\u00a0L\u2019article scann\u00e9\u00a0s&rsquo;ajoute automatiquement au panier\u00a0reli\u00e9 au<b>\u00a0<\/b>compte Carrefour online du client. Toute la famille peut scanner les produits au fur et \u00e0 mesure de leur utilisation. Fini les listes illisibles griffonn\u00e9es sur un morceau de papier. Fini les recettes rat\u00e9es parce que l\u2019on a oubli\u00e9 un ingr\u00e9dient.<u><\/u><u><\/u><\/p><p class=\"MsoNormal\" style=\"margin: 3pt 0cm 6pt;font-size: 10pt;font-family: Arial, sans-serif;line-height: 12pt\">La \u00ab\u00a0connected kitchen\u00a0\u00bb \u00a0<span style=\"font-size: 13.3333330154419px\">peut enregistrer une commande verbale car l&rsquo;appareil int\u00e8grela reconnaissance vocale et sa m\u00e9moire de 1,3 millions de codes barre lui permet aussi de commander des produits de distributeurs concurrents. Au moment de la confirmation de la commande, l&rsquo;appareil proposera\u00a0<\/span><span style=\"font-size: 13.3333330154419px\">un produit \u00e9quivalent vendu chez Carrefour (parmi les 17 000 r\u00e9f\u00e9rences online).<\/span><\/p><p class=\"MsoNormal\" style=\"margin: 3pt 0cm 6pt;font-size: 10pt;font-family: Arial, sans-serif;line-height: 12pt\"><span style=\"font-size: 13.3333330154419px\"><br><\/span><\/p><p class=\"MsoNormal\" style=\"margin: 3pt 0cm 6pt;font-size: 10pt;font-family: Arial, sans-serif;line-height: 12pt\"><img decoding=\"async\" src=\"https:\/\/mail.google.com\/mail\/ca\/u\/0\/?ui=2&amp;ik=a924dfb71b&amp;view=fimg&amp;th=14c4683fe5c41c46&amp;attid=0.0.2&amp;disp=emb&amp;attbid=ANGjdJ-n3mSceChrTHLE5FquQEiVZSxZyM4OZZXHBRqyp5ELaH-PmWlskW9sbjgyN_I0vj6fQN4Q3F_eKMiNPjaXKYm6GB5ll6FjRFt75qAPG4-wub8V2OM6dP5y0BA&amp;sz=w628-h470&amp;ats=1427119655237&amp;rm=14c4683fe5c41c46&amp;zw&amp;atsh=1\" alt=\"webVipette7\">\u00a0 \u00a0<\/p><p class=\"MsoNormal\" style=\"margin: 3pt 0cm 6pt;font-size: 10pt;font-family: Arial, sans-serif;line-height: 12pt\"><span style=\"font-size: 10pt;line-height: 12pt\">Ce appareil<\/span><span style=\"font-size: 10pt;line-height: 12pt\">\u00a0design est muni d&rsquo;un aimant ce qui permet de la coller sur le frigo.<\/span><span style=\"font-size: 10pt;line-height: 12pt\">\u00a0<\/span><\/p><p class=\"MsoNormal\" style=\"margin: 3pt 0cm 6pt;font-size: 10pt;font-family: Arial, sans-serif;line-height: 12pt\"><u><\/u><\/p><p class=\"MsoNormal\" style=\"margin: 3pt 0cm 6pt;font-size: 10pt;font-family: Arial, sans-serif;line-height: 12pt\"><span style=\"font-size: 10pt;line-height: 12pt\">Une fois venu le moment de finaliser la liste,<\/span><span style=\"font-size: 10pt;line-height: 12pt\">\u00a0il suffit de se rendre sur la<\/span><span style=\"font-size: 10pt;line-height: 12pt\">\u00a0plateforme en ligne<\/span><span style=\"font-size: 10pt;line-height: 12pt\">,<\/span><span style=\"font-size: 10pt;line-height: 12pt\">\u00a0<\/span><a href=\"http:\/\/drive.be\/\" target=\"_blank\" style=\"font-size: 10pt;line-height: 12pt\" rel=\"noopener\" class=\"broken_link\">drive.be<\/a><span style=\"font-size: 10pt;line-height: 12pt\">, d\u2019ouvrir son panier et de le<\/span><span style=\"font-size: 10pt;line-height: 12pt\">\u00a0v\u00e9rifier, de le modifier si n\u00e9cessaire,le compl\u00e9ter et enfin de le valider.<\/span><br><\/p><p class=\"MsoNormal\" style=\"margin: 3pt 0cm 6pt;font-size: 10pt;font-family: Arial, sans-serif;line-height: 12pt\"><span style=\"font-size: 10pt;line-height: 12pt\">Le client peut \u00e0 loisir rajouter ou retirer des articles, augmenter ou diminuer la quantit\u00e9 pour chaque article. Reste ensuite \u00e0 payer et choisir parmi les<\/span><span style=\"font-size: 10pt;line-height: 12pt\">\u00a050 points de retrait online de l&rsquo;enseigne<\/span><span style=\"font-size: 10pt;line-height: 12pt\">\u00a0ou les<\/span><span style=\"font-size: 10pt;line-height: 12pt\">\u00a010 drive Carrefour<\/span><span style=\"font-size: 10pt;line-height: 12pt\">, celui o\u00f9 le client d\u00e9sire se rendre pour retirer sa commande. A moins qu\u2019il ne pr\u00e9f\u00e8re<\/span><span style=\"font-size: 10pt;line-height: 12pt\">\u00a0se faire livrer directement \u00e0 domicile<\/span><span style=\"font-size: 10pt;line-height: 12pt\">\u00a0<\/span><span style=\"font-size: 10pt;line-height: 12pt\">par Combo Bpost.<\/span><br><\/p><p class=\"MsoNormal\" style=\"margin: 3pt 0cm 6pt;font-size: 10pt;font-family: Arial, sans-serif;line-height: 12pt\"><u><\/u><\/p><p><b style=\"font-family: Arial, sans-serif;font-size: 10pt;line-height: 12pt\">En test\u00a0<\/b><br><\/p><p class=\"MsoNormal\" style=\"margin: 3pt 0cm 6pt;font-size: 10pt;font-family: Arial, sans-serif;line-height: 12pt\">La \u00ab\u00a0Connected Kitchen\u00a0\u00bb est d\u00e9j\u00e0 utilis\u00e9e par quelques salari\u00e9s de Carrefour Belgium depuis deux semaines. A partir du mois d\u2019avril, elle va \u00e9galement \u00eatre test\u00e9e par 30 \u00ab\u00a0ambassadeurs\u00a0\u00bb. Ensuite, elle sera propos\u00e9e aux clients.<u><\/u><u><\/u><\/p><p class=\"MsoNormal\" style=\"margin: 0cm 0cm 0.0001pt;line-height: normal;font-size: 10pt;font-family: Arial, sans-serif\">Avec la \u00ab\u00a0Connected Kitchen\u00a0\u00bb, Carrefour Belgique r\u00e9volutionne le shopping en ligne et se positionne une nouvelle fois comme un distributeur en pointe sur les nouvelles technologies.<\/p>","protected":false},"excerpt":{"rendered":"<p><span style=\"font-family: Arial, sans-serif;font-size: 10pt;line-height: 12pt\">Toujours \u00e0 la pointe de l\u2019innovation et \u00e0 la recherche de solutions facilitant la vie de ses clients, Carrefour Belgique est fi\u00e8re de pr\u00e9senter la \u00ab\u00a0<\/span><b style=\"font-family: Arial, sans-serif;font-size: 10pt;line-height: 12pt\">Connected Kitchen\u00a0\u00bb<\/b><span style=\"font-family: Arial, sans-serif;font-size: 10pt;line-height: 12pt\">,\u00a0 un tout nouveau service et<\/span><span style=\"font-family: Arial, sans-serif;font-size: 10pt;line-height: 12pt\">\u00a0une premi\u00e8re en Belgique\u00a0<\/span><span style=\"font-family: Arial, sans-serif;font-size: 10pt;line-height: 12pt\">cr\u00e9\u00e9e en<\/span><span style=\"font-family: Arial, sans-serif;font-size: 10pt;line-height: 12pt\">\u00a0exclusivit\u00e9 pour Carrefour par Wordline,\u00a0<\/span><span style=\"font-family: Arial, sans-serif;font-size: 10pt;line-height: 12pt\">leader europ\u00e9en dans le secteur des paiements et des services transactionnels.<\/span><\/p>\n","protected":false},"author":1,"featured_media":0,"comment_status":"closed","ping_status":"open","sticky":false,"template":"","format":"standard","meta":{"ngg_post_thumbnail":0,"footnotes":""},"categories":[41],"tags":[],"acf":[],"yoast_head":"<!-- This site is optimized with the Yoast SEO plugin v23.5 - https:\/\/yoast.com\/wordpress\/plugins\/seo\/ -->\n<title>Carrefour lance en exclusivit\u00e9 la \u00ab Connected Kitchen \u00bb, une r\u00e9volution dans le shopping en ligne - F\u00e9d\u00e9ration Belge de la Franchise<\/title>\n<meta name=\"robots\" content=\"index, follow, max-snippet:-1, max-image-preview:large, max-video-preview:-1\" \/>\n<link rel=\"canonical\" href=\"https:\/\/www.fbf-bff.be\/fr\/carrefour-lance-en-exclusivite-la-connected-kitchen-une-revolution-dans-le-shopping-en-ligne\/\" \/>\n<meta property=\"og:locale\" content=\"fr_FR\" \/>\n<meta property=\"og:type\" content=\"article\" \/>\n<meta property=\"og:title\" content=\"Carrefour lance en exclusivit\u00e9 la \u00ab Connected Kitchen \u00bb, une r\u00e9volution dans le shopping en ligne - F\u00e9d\u00e9ration Belge de la Franchise\" \/>\n<meta property=\"og:description\" content=\"Toujours \u00e0 la pointe de l\u2019innovation et \u00e0 la recherche de solutions facilitant la vie de ses clients, Carrefour Belgique est fi\u00e8re de pr\u00e9senter la \u00ab\u00a0Connected Kitchen\u00a0\u00bb,\u00a0 un tout nouveau service et\u00a0une premi\u00e8re en Belgique\u00a0cr\u00e9\u00e9e en\u00a0exclusivit\u00e9 pour Carrefour par Wordline,\u00a0leader europ\u00e9en dans le secteur des paiements et des services transactionnels.\" \/>\n<meta property=\"og:url\" content=\"https:\/\/www.fbf-bff.be\/fr\/carrefour-lance-en-exclusivite-la-connected-kitchen-une-revolution-dans-le-shopping-en-ligne\/\" \/>\n<meta property=\"og:site_name\" content=\"F\u00e9d\u00e9ration Belge de la Franchise\" \/>\n<meta property=\"article:published_time\" content=\"2015-03-22T23:00:00+00:00\" \/>\n<meta property=\"og:image\" content=\"https:\/\/mail.google.com\/mail\/ca\/u\/0\/?ui=2&amp;ik=a924dfb71b&amp;view=fimg&amp;th=14c4683fe5c41c46&amp;attid=0.0.2&amp;disp=emb&amp;attbid=ANGjdJ-n3mSceChrTHLE5FquQEiVZSxZyM4OZZXHBRqyp5ELaH-PmWlskW9sbjgyN_I0vj6fQN4Q3F_eKMiNPjaXKYm6GB5ll6FjRFt75qAPG4-wub8V2OM6dP5y0BA&amp;sz=w628-h470&amp;ats=1427119655237&amp;rm=14c4683fe5c41c46&amp;zw&amp;atsh=1\" \/>\n<meta name=\"author\" content=\"fbf_admin\" \/>\n<meta name=\"twitter:card\" content=\"summary_large_image\" \/>\n<meta name=\"twitter:label1\" content=\"\u00c9crit par\" \/>\n\t<meta name=\"twitter:data1\" content=\"fbf_admin\" \/>\n\t<meta name=\"twitter:label2\" content=\"Dur\u00e9e de lecture estim\u00e9e\" \/>\n\t<meta name=\"twitter:data2\" content=\"2 minutes\" \/>\n<script type=\"application\/ld+json\" class=\"yoast-schema-graph\">{\"@context\":\"https:\/\/schema.org\",\"@graph\":[{\"@type\":\"WebPage\",\"@id\":\"https:\/\/www.fbf-bff.be\/fr\/carrefour-lance-en-exclusivite-la-connected-kitchen-une-revolution-dans-le-shopping-en-ligne\/\",\"url\":\"https:\/\/www.fbf-bff.be\/fr\/carrefour-lance-en-exclusivite-la-connected-kitchen-une-revolution-dans-le-shopping-en-ligne\/\",\"name\":\"Carrefour lance en exclusivit\u00e9 la \u00ab Connected Kitchen \u00bb, une r\u00e9volution dans le shopping en ligne - F\u00e9d\u00e9ration Belge de la Franchise\",\"isPartOf\":{\"@id\":\"https:\/\/www.fbf-bff.be\/#website\"},\"primaryImageOfPage\":{\"@id\":\"https:\/\/www.fbf-bff.be\/fr\/carrefour-lance-en-exclusivite-la-connected-kitchen-une-revolution-dans-le-shopping-en-ligne\/#primaryimage\"},\"image\":{\"@id\":\"https:\/\/www.fbf-bff.be\/fr\/carrefour-lance-en-exclusivite-la-connected-kitchen-une-revolution-dans-le-shopping-en-ligne\/#primaryimage\"},\"thumbnailUrl\":\"https:\/\/mail.google.com\/mail\/ca\/u\/0\/?ui=2&amp;ik=a924dfb71b&amp;view=fimg&amp;th=14c4683fe5c41c46&amp;attid=0.0.2&amp;disp=emb&amp;attbid=ANGjdJ-n3mSceChrTHLE5FquQEiVZSxZyM4OZZXHBRqyp5ELaH-PmWlskW9sbjgyN_I0vj6fQN4Q3F_eKMiNPjaXKYm6GB5ll6FjRFt75qAPG4-wub8V2OM6dP5y0BA&amp;sz=w628-h470&amp;ats=1427119655237&amp;rm=14c4683fe5c41c46&amp;zw&amp;atsh=1\",\"datePublished\":\"2015-03-22T23:00:00+00:00\",\"dateModified\":\"2015-03-22T23:00:00+00:00\",\"author\":{\"@id\":\"https:\/\/www.fbf-bff.be\/#\/schema\/person\/73a9cbee87288cba2b06e3fc29244fe7\"},\"breadcrumb\":{\"@id\":\"https:\/\/www.fbf-bff.be\/fr\/carrefour-lance-en-exclusivite-la-connected-kitchen-une-revolution-dans-le-shopping-en-ligne\/#breadcrumb\"},\"inLanguage\":\"fr-FR\",\"potentialAction\":[{\"@type\":\"ReadAction\",\"target\":[\"https:\/\/www.fbf-bff.be\/fr\/carrefour-lance-en-exclusivite-la-connected-kitchen-une-revolution-dans-le-shopping-en-ligne\/\"]}]},{\"@type\":\"ImageObject\",\"inLanguage\":\"fr-FR\",\"@id\":\"https:\/\/www.fbf-bff.be\/fr\/carrefour-lance-en-exclusivite-la-connected-kitchen-une-revolution-dans-le-shopping-en-ligne\/#primaryimage\",\"url\":\"https:\/\/mail.google.com\/mail\/ca\/u\/0\/?ui=2&amp;ik=a924dfb71b&amp;view=fimg&amp;th=14c4683fe5c41c46&amp;attid=0.0.2&amp;disp=emb&amp;attbid=ANGjdJ-n3mSceChrTHLE5FquQEiVZSxZyM4OZZXHBRqyp5ELaH-PmWlskW9sbjgyN_I0vj6fQN4Q3F_eKMiNPjaXKYm6GB5ll6FjRFt75qAPG4-wub8V2OM6dP5y0BA&amp;sz=w628-h470&amp;ats=1427119655237&amp;rm=14c4683fe5c41c46&amp;zw&amp;atsh=1\",\"contentUrl\":\"https:\/\/mail.google.com\/mail\/ca\/u\/0\/?ui=2&amp;ik=a924dfb71b&amp;view=fimg&amp;th=14c4683fe5c41c46&amp;attid=0.0.2&amp;disp=emb&amp;attbid=ANGjdJ-n3mSceChrTHLE5FquQEiVZSxZyM4OZZXHBRqyp5ELaH-PmWlskW9sbjgyN_I0vj6fQN4Q3F_eKMiNPjaXKYm6GB5ll6FjRFt75qAPG4-wub8V2OM6dP5y0BA&amp;sz=w628-h470&amp;ats=1427119655237&amp;rm=14c4683fe5c41c46&amp;zw&amp;atsh=1\"},{\"@type\":\"BreadcrumbList\",\"@id\":\"https:\/\/www.fbf-bff.be\/fr\/carrefour-lance-en-exclusivite-la-connected-kitchen-une-revolution-dans-le-shopping-en-ligne\/#breadcrumb\",\"itemListElement\":[{\"@type\":\"ListItem\",\"position\":1,\"name\":\"Home\",\"item\":\"https:\/\/www.fbf-bff.be\/fr\/\"},{\"@type\":\"ListItem\",\"position\":2,\"name\":\"Carrefour lance en exclusivit\u00e9 la \u00ab Connected Kitchen \u00bb, une r\u00e9volution dans le shopping en ligne\"}]},{\"@type\":\"WebSite\",\"@id\":\"https:\/\/www.fbf-bff.be\/#website\",\"url\":\"https:\/\/www.fbf-bff.be\/\",\"name\":\"F\u00e9d\u00e9ration Belge de la Franchise\",\"description\":\"Pour r\u00e9ussir ensemblee\",\"potentialAction\":[{\"@type\":\"SearchAction\",\"target\":{\"@type\":\"EntryPoint\",\"urlTemplate\":\"https:\/\/www.fbf-bff.be\/?s={search_term_string}\"},\"query-input\":{\"@type\":\"PropertyValueSpecification\",\"valueRequired\":true,\"valueName\":\"search_term_string\"}}],\"inLanguage\":\"fr-FR\"},{\"@type\":\"Person\",\"@id\":\"https:\/\/www.fbf-bff.be\/#\/schema\/person\/73a9cbee87288cba2b06e3fc29244fe7\",\"name\":\"fbf_admin\",\"image\":{\"@type\":\"ImageObject\",\"inLanguage\":\"fr-FR\",\"@id\":\"https:\/\/www.fbf-bff.be\/#\/schema\/person\/image\/\",\"url\":\"https:\/\/secure.gravatar.com\/avatar\/20f6483dbe2a69e0999ddcdd1744b7f7?s=96&d=mm&r=g\",\"contentUrl\":\"https:\/\/secure.gravatar.com\/avatar\/20f6483dbe2a69e0999ddcdd1744b7f7?s=96&d=mm&r=g\",\"caption\":\"fbf_admin\"}}]}<\/script>\n<!-- \/ Yoast SEO plugin. -->","yoast_head_json":{"title":"Carrefour lance en exclusivit\u00e9 la \u00ab Connected Kitchen \u00bb, une r\u00e9volution dans le shopping en ligne - F\u00e9d\u00e9ration Belge de la Franchise","robots":{"index":"index","follow":"follow","max-snippet":"max-snippet:-1","max-image-preview":"max-image-preview:large","max-video-preview":"max-video-preview:-1"},"canonical":"https:\/\/www.fbf-bff.be\/fr\/carrefour-lance-en-exclusivite-la-connected-kitchen-une-revolution-dans-le-shopping-en-ligne\/","og_locale":"fr_FR","og_type":"article","og_title":"Carrefour lance en exclusivit\u00e9 la \u00ab Connected Kitchen \u00bb, une r\u00e9volution dans le shopping en ligne - F\u00e9d\u00e9ration Belge de la Franchise","og_description":"Toujours \u00e0 la pointe de l\u2019innovation et \u00e0 la recherche de solutions facilitant la vie de ses clients, Carrefour Belgique est fi\u00e8re de pr\u00e9senter la \u00ab\u00a0Connected Kitchen\u00a0\u00bb,\u00a0 un tout nouveau service et\u00a0une premi\u00e8re en Belgique\u00a0cr\u00e9\u00e9e en\u00a0exclusivit\u00e9 pour Carrefour par Wordline,\u00a0leader europ\u00e9en dans le secteur des paiements et des services transactionnels.","og_url":"https:\/\/www.fbf-bff.be\/fr\/carrefour-lance-en-exclusivite-la-connected-kitchen-une-revolution-dans-le-shopping-en-ligne\/","og_site_name":"F\u00e9d\u00e9ration Belge de la Franchise","article_published_time":"2015-03-22T23:00:00+00:00","og_image":[{"url":"https:\/\/mail.google.com\/mail\/ca\/u\/0\/?ui=2&amp;ik=a924dfb71b&amp;view=fimg&amp;th=14c4683fe5c41c46&amp;attid=0.0.2&amp;disp=emb&amp;attbid=ANGjdJ-n3mSceChrTHLE5FquQEiVZSxZyM4OZZXHBRqyp5ELaH-PmWlskW9sbjgyN_I0vj6fQN4Q3F_eKMiNPjaXKYm6GB5ll6FjRFt75qAPG4-wub8V2OM6dP5y0BA&amp;sz=w628-h470&amp;ats=1427119655237&amp;rm=14c4683fe5c41c46&amp;zw&amp;atsh=1"}],"author":"fbf_admin","twitter_card":"summary_large_image","twitter_misc":{"\u00c9crit par":"fbf_admin","Dur\u00e9e de lecture estim\u00e9e":"2 minutes"},"schema":{"@context":"https:\/\/schema.org","@graph":[{"@type":"WebPage","@id":"https:\/\/www.fbf-bff.be\/fr\/carrefour-lance-en-exclusivite-la-connected-kitchen-une-revolution-dans-le-shopping-en-ligne\/","url":"https:\/\/www.fbf-bff.be\/fr\/carrefour-lance-en-exclusivite-la-connected-kitchen-une-revolution-dans-le-shopping-en-ligne\/","name":"Carrefour lance en exclusivit\u00e9 la \u00ab Connected Kitchen \u00bb, une r\u00e9volution dans le shopping en ligne - F\u00e9d\u00e9ration Belge de la Franchise","isPartOf":{"@id":"https:\/\/www.fbf-bff.be\/#website"},"primaryImageOfPage":{"@id":"https:\/\/www.fbf-bff.be\/fr\/carrefour-lance-en-exclusivite-la-connected-kitchen-une-revolution-dans-le-shopping-en-ligne\/#primaryimage"},"image":{"@id":"https:\/\/www.fbf-bff.be\/fr\/carrefour-lance-en-exclusivite-la-connected-kitchen-une-revolution-dans-le-shopping-en-ligne\/#primaryimage"},"thumbnailUrl":"https:\/\/mail.google.com\/mail\/ca\/u\/0\/?ui=2&amp;ik=a924dfb71b&amp;view=fimg&amp;th=14c4683fe5c41c46&amp;attid=0.0.2&amp;disp=emb&amp;attbid=ANGjdJ-n3mSceChrTHLE5FquQEiVZSxZyM4OZZXHBRqyp5ELaH-PmWlskW9sbjgyN_I0vj6fQN4Q3F_eKMiNPjaXKYm6GB5ll6FjRFt75qAPG4-wub8V2OM6dP5y0BA&amp;sz=w628-h470&amp;ats=1427119655237&amp;rm=14c4683fe5c41c46&amp;zw&amp;atsh=1","datePublished":"2015-03-22T23:00:00+00:00","dateModified":"2015-03-22T23:00:00+00:00","author":{"@id":"https:\/\/www.fbf-bff.be\/#\/schema\/person\/73a9cbee87288cba2b06e3fc29244fe7"},"breadcrumb":{"@id":"https:\/\/www.fbf-bff.be\/fr\/carrefour-lance-en-exclusivite-la-connected-kitchen-une-revolution-dans-le-shopping-en-ligne\/#breadcrumb"},"inLanguage":"fr-FR","potentialAction":[{"@type":"ReadAction","target":["https:\/\/www.fbf-bff.be\/fr\/carrefour-lance-en-exclusivite-la-connected-kitchen-une-revolution-dans-le-shopping-en-ligne\/"]}]},{"@type":"ImageObject","inLanguage":"fr-FR","@id":"https:\/\/www.fbf-bff.be\/fr\/carrefour-lance-en-exclusivite-la-connected-kitchen-une-revolution-dans-le-shopping-en-ligne\/#primaryimage","url":"https:\/\/mail.google.com\/mail\/ca\/u\/0\/?ui=2&amp;ik=a924dfb71b&amp;view=fimg&amp;th=14c4683fe5c41c46&amp;attid=0.0.2&amp;disp=emb&amp;attbid=ANGjdJ-n3mSceChrTHLE5FquQEiVZSxZyM4OZZXHBRqyp5ELaH-PmWlskW9sbjgyN_I0vj6fQN4Q3F_eKMiNPjaXKYm6GB5ll6FjRFt75qAPG4-wub8V2OM6dP5y0BA&amp;sz=w628-h470&amp;ats=1427119655237&amp;rm=14c4683fe5c41c46&amp;zw&amp;atsh=1","contentUrl":"https:\/\/mail.google.com\/mail\/ca\/u\/0\/?ui=2&amp;ik=a924dfb71b&amp;view=fimg&amp;th=14c4683fe5c41c46&amp;attid=0.0.2&amp;disp=emb&amp;attbid=ANGjdJ-n3mSceChrTHLE5FquQEiVZSxZyM4OZZXHBRqyp5ELaH-PmWlskW9sbjgyN_I0vj6fQN4Q3F_eKMiNPjaXKYm6GB5ll6FjRFt75qAPG4-wub8V2OM6dP5y0BA&amp;sz=w628-h470&amp;ats=1427119655237&amp;rm=14c4683fe5c41c46&amp;zw&amp;atsh=1"},{"@type":"BreadcrumbList","@id":"https:\/\/www.fbf-bff.be\/fr\/carrefour-lance-en-exclusivite-la-connected-kitchen-une-revolution-dans-le-shopping-en-ligne\/#breadcrumb","itemListElement":[{"@type":"ListItem","position":1,"name":"Home","item":"https:\/\/www.fbf-bff.be\/fr\/"},{"@type":"ListItem","position":2,"name":"Carrefour lance en exclusivit\u00e9 la \u00ab Connected Kitchen \u00bb, une r\u00e9volution dans le shopping en ligne"}]},{"@type":"WebSite","@id":"https:\/\/www.fbf-bff.be\/#website","url":"https:\/\/www.fbf-bff.be\/","name":"F\u00e9d\u00e9ration Belge de la Franchise","description":"Pour r\u00e9ussir ensemblee","potentialAction":[{"@type":"SearchAction","target":{"@type":"EntryPoint","urlTemplate":"https:\/\/www.fbf-bff.be\/?s={search_term_string}"},"query-input":{"@type":"PropertyValueSpecification","valueRequired":true,"valueName":"search_term_string"}}],"inLanguage":"fr-FR"},{"@type":"Person","@id":"https:\/\/www.fbf-bff.be\/#\/schema\/person\/73a9cbee87288cba2b06e3fc29244fe7","name":"fbf_admin","image":{"@type":"ImageObject","inLanguage":"fr-FR","@id":"https:\/\/www.fbf-bff.be\/#\/schema\/person\/image\/","url":"https:\/\/secure.gravatar.com\/avatar\/20f6483dbe2a69e0999ddcdd1744b7f7?s=96&d=mm&r=g","contentUrl":"https:\/\/secure.gravatar.com\/avatar\/20f6483dbe2a69e0999ddcdd1744b7f7?s=96&d=mm&r=g","caption":"fbf_admin"}}]}},"_links":{"self":[{"href":"https:\/\/www.fbf-bff.be\/fr\/wp-json\/wp\/v2\/posts\/7501"}],"collection":[{"href":"https:\/\/www.fbf-bff.be\/fr\/wp-json\/wp\/v2\/posts"}],"about":[{"href":"https:\/\/www.fbf-bff.be\/fr\/wp-json\/wp\/v2\/types\/post"}],"author":[{"embeddable":true,"href":"https:\/\/www.fbf-bff.be\/fr\/wp-json\/wp\/v2\/users\/1"}],"replies":[{"embeddable":true,"href":"https:\/\/www.fbf-bff.be\/fr\/wp-json\/wp\/v2\/comments?post=7501"}],"version-history":[{"count":0,"href":"https:\/\/www.fbf-bff.be\/fr\/wp-json\/wp\/v2\/posts\/7501\/revisions"}],"wp:attachment":[{"href":"https:\/\/www.fbf-bff.be\/fr\/wp-json\/wp\/v2\/media?parent=7501"}],"wp:term":[{"taxonomy":"category","embeddable":true,"href":"https:\/\/www.fbf-bff.be\/fr\/wp-json\/wp\/v2\/categories?post=7501"},{"taxonomy":"post_tag","embeddable":true,"href":"https:\/\/www.fbf-bff.be\/fr\/wp-json\/wp\/v2\/tags?post=7501"}],"curies":[{"name":"wp","href":"https:\/\/api.w.org\/{rel}","templated":true}]}}