{"id":7493,"date":"2015-03-18T00:00:00","date_gmt":"2015-03-17T23:00:00","guid":{"rendered":"https:\/\/www.fbf-bff.be\/esthetic-center-cree-un-groupe-facebook-pour-ses-estheticiennes\/"},"modified":"2015-03-18T00:00:00","modified_gmt":"2015-03-17T23:00:00","slug":"esthetic-center-cree-un-groupe-facebook-pour-ses-estheticiennes","status":"publish","type":"post","link":"https:\/\/www.fbf-bff.be\/fr\/esthetic-center-cree-un-groupe-facebook-pour-ses-estheticiennes\/","title":{"rendered":"Esthetic Center cr\u00e9e un groupe Facebook pour ses esth\u00e9ticiennes"},"content":{"rendered":"<p style=\"font-family: Arial;font-size: 15px;line-height: inherit;margin-bottom: 0.4em;padding: 0px\">Cette ann\u00e9e, l&rsquo;enseigne\u00a0d&rsquo;instituts de beaut\u00e9 mixtes sans rendez-vous, Esthetic Center,\u00a0met l\u2019accent sur la communication\u00a0interactive avec sa client\u00e8le et ses quelque 600 esth\u00e9ticiennes qui composent son\u00a0r\u00e9seau.<\/p><p style=\"font-family: Arial;font-size: 15px;line-height: inherit;margin-bottom: 0.4em;padding: 0px\">Apr\u00e8s le lancement, il y a quelques semaines, d\u2019une s\u00e9rie WEB TV d\u00e9nomm\u00e9e \u00ab Votre\u00a0Beaut\u00e9 by Esthetic Center \u00bb destin\u00e9e \u00e0 donner des conseils beaut\u00e9 \u00e0 sa client\u00e8le et \u00e0\u00a0leur pr\u00e9senter, deux fois par mois, ses nouveaut\u00e9s en soins et cosm\u00e9tiques, l&rsquo;enseigne vient de cr\u00e9er un groupe Facebook r\u00e9serv\u00e9 exclusivement aux 600 esth\u00e9ticiennes de son r\u00e9seau.<br>\u00ab\u00a0<em>C&rsquo;est une mani\u00e8re moderne et conviviale d\u2019entretenir la motivation et de renforcer la\u00a0coh\u00e9sion au sein de ses \u00e9quipes<\/em>\u00ab\u00a0, indique l&rsquo;enseigne.<\/p><p style=\"font-family: Arial;font-size: 15px;line-height: inherit;margin-bottom: 0.4em;padding: 0px\">R\u00e9compens\u00e9s pour la 6 \u00e8me ann\u00e9e cons\u00e9cutive\u00a0par les Victoires de la Beaut\u00e9,\u00a0dans la cat\u00e9gorie \u00ab Meilleurs lieux de beaut\u00e9 \u00bb, les quelque 180 instituts du r\u00e9seau,\u00a0r\u00e9partis en France et en Belgique (un centre \u00e0 Woluwe-Saint-Lambert) accueillent chaque mois pr\u00e8s de 200 000 personnes.<\/p>","protected":false},"excerpt":{"rendered":"<p><span style=\"font-family: Arial;font-size: 15px;line-height: 17.1428565979004px\">Cette ann\u00e9e, l&rsquo;enseigne\u00a0d&rsquo;instituts de beaut\u00e9 mixtes sans rendez-vous, Esthetic Center,\u00a0met l\u2019accent sur la communication\u00a0interactive avec sa client\u00e8le et ses quelque 600 esth\u00e9ticiennes qui composent son\u00a0r\u00e9seau.<\/span><\/p>\n","protected":false},"author":1,"featured_media":0,"comment_status":"closed","ping_status":"open","sticky":false,"template":"","format":"standard","meta":{"ngg_post_thumbnail":0,"footnotes":""},"categories":[41],"tags":[],"acf":[],"yoast_head":"<!-- This site is optimized with the Yoast SEO plugin v23.5 - https:\/\/yoast.com\/wordpress\/plugins\/seo\/ -->\n<title>Esthetic Center cr\u00e9e un groupe Facebook pour ses esth\u00e9ticiennes - F\u00e9d\u00e9ration Belge de la Franchise<\/title>\n<meta name=\"robots\" content=\"index, follow, max-snippet:-1, max-image-preview:large, max-video-preview:-1\" \/>\n<link rel=\"canonical\" href=\"https:\/\/www.fbf-bff.be\/fr\/esthetic-center-cree-un-groupe-facebook-pour-ses-estheticiennes\/\" \/>\n<meta property=\"og:locale\" content=\"fr_FR\" \/>\n<meta property=\"og:type\" content=\"article\" \/>\n<meta property=\"og:title\" content=\"Esthetic Center cr\u00e9e un groupe Facebook pour ses esth\u00e9ticiennes - F\u00e9d\u00e9ration Belge de la Franchise\" \/>\n<meta property=\"og:description\" content=\"Cette ann\u00e9e, l&#039;enseigne\u00a0d&#039;instituts de beaut\u00e9 mixtes sans rendez-vous, Esthetic Center,\u00a0met l\u2019accent sur la communication\u00a0interactive avec sa client\u00e8le et ses quelque 600 esth\u00e9ticiennes qui composent son\u00a0r\u00e9seau.\" \/>\n<meta property=\"og:url\" content=\"https:\/\/www.fbf-bff.be\/fr\/esthetic-center-cree-un-groupe-facebook-pour-ses-estheticiennes\/\" \/>\n<meta property=\"og:site_name\" content=\"F\u00e9d\u00e9ration Belge de la Franchise\" \/>\n<meta property=\"article:published_time\" content=\"2015-03-17T23:00:00+00:00\" \/>\n<meta property=\"og:image\" content=\"https:\/\/www.fbf-bff.be\/wp-content\/uploads\/2017\/06\/fbf-bff-fb-cover.jpg\" \/>\n\t<meta property=\"og:image:width\" content=\"1200\" \/>\n\t<meta property=\"og:image:height\" content=\"630\" \/>\n\t<meta property=\"og:image:type\" content=\"image\/jpeg\" \/>\n<meta name=\"author\" content=\"fbf_admin\" \/>\n<meta name=\"twitter:card\" content=\"summary_large_image\" \/>\n<meta name=\"twitter:label1\" content=\"\u00c9crit par\" \/>\n\t<meta name=\"twitter:data1\" content=\"fbf_admin\" \/>\n\t<meta name=\"twitter:label2\" content=\"Dur\u00e9e de lecture estim\u00e9e\" \/>\n\t<meta name=\"twitter:data2\" content=\"1 minute\" \/>\n<script type=\"application\/ld+json\" class=\"yoast-schema-graph\">{\"@context\":\"https:\/\/schema.org\",\"@graph\":[{\"@type\":\"WebPage\",\"@id\":\"https:\/\/www.fbf-bff.be\/fr\/esthetic-center-cree-un-groupe-facebook-pour-ses-estheticiennes\/\",\"url\":\"https:\/\/www.fbf-bff.be\/fr\/esthetic-center-cree-un-groupe-facebook-pour-ses-estheticiennes\/\",\"name\":\"Esthetic Center cr\u00e9e un groupe Facebook pour ses esth\u00e9ticiennes - F\u00e9d\u00e9ration Belge de la Franchise\",\"isPartOf\":{\"@id\":\"https:\/\/www.fbf-bff.be\/#website\"},\"datePublished\":\"2015-03-17T23:00:00+00:00\",\"dateModified\":\"2015-03-17T23:00:00+00:00\",\"author\":{\"@id\":\"https:\/\/www.fbf-bff.be\/#\/schema\/person\/73a9cbee87288cba2b06e3fc29244fe7\"},\"breadcrumb\":{\"@id\":\"https:\/\/www.fbf-bff.be\/fr\/esthetic-center-cree-un-groupe-facebook-pour-ses-estheticiennes\/#breadcrumb\"},\"inLanguage\":\"fr-FR\",\"potentialAction\":[{\"@type\":\"ReadAction\",\"target\":[\"https:\/\/www.fbf-bff.be\/fr\/esthetic-center-cree-un-groupe-facebook-pour-ses-estheticiennes\/\"]}]},{\"@type\":\"BreadcrumbList\",\"@id\":\"https:\/\/www.fbf-bff.be\/fr\/esthetic-center-cree-un-groupe-facebook-pour-ses-estheticiennes\/#breadcrumb\",\"itemListElement\":[{\"@type\":\"ListItem\",\"position\":1,\"name\":\"Home\",\"item\":\"https:\/\/www.fbf-bff.be\/fr\/\"},{\"@type\":\"ListItem\",\"position\":2,\"name\":\"Esthetic Center cr\u00e9e un groupe Facebook pour ses esth\u00e9ticiennes\"}]},{\"@type\":\"WebSite\",\"@id\":\"https:\/\/www.fbf-bff.be\/#website\",\"url\":\"https:\/\/www.fbf-bff.be\/\",\"name\":\"F\u00e9d\u00e9ration Belge de la Franchise\",\"description\":\"Pour r\u00e9ussir ensemblee\",\"potentialAction\":[{\"@type\":\"SearchAction\",\"target\":{\"@type\":\"EntryPoint\",\"urlTemplate\":\"https:\/\/www.fbf-bff.be\/?s={search_term_string}\"},\"query-input\":{\"@type\":\"PropertyValueSpecification\",\"valueRequired\":true,\"valueName\":\"search_term_string\"}}],\"inLanguage\":\"fr-FR\"},{\"@type\":\"Person\",\"@id\":\"https:\/\/www.fbf-bff.be\/#\/schema\/person\/73a9cbee87288cba2b06e3fc29244fe7\",\"name\":\"fbf_admin\",\"image\":{\"@type\":\"ImageObject\",\"inLanguage\":\"fr-FR\",\"@id\":\"https:\/\/www.fbf-bff.be\/#\/schema\/person\/image\/\",\"url\":\"https:\/\/secure.gravatar.com\/avatar\/20f6483dbe2a69e0999ddcdd1744b7f7?s=96&d=mm&r=g\",\"contentUrl\":\"https:\/\/secure.gravatar.com\/avatar\/20f6483dbe2a69e0999ddcdd1744b7f7?s=96&d=mm&r=g\",\"caption\":\"fbf_admin\"}}]}<\/script>\n<!-- \/ Yoast SEO plugin. -->","yoast_head_json":{"title":"Esthetic Center cr\u00e9e un groupe Facebook pour ses esth\u00e9ticiennes - F\u00e9d\u00e9ration Belge de la Franchise","robots":{"index":"index","follow":"follow","max-snippet":"max-snippet:-1","max-image-preview":"max-image-preview:large","max-video-preview":"max-video-preview:-1"},"canonical":"https:\/\/www.fbf-bff.be\/fr\/esthetic-center-cree-un-groupe-facebook-pour-ses-estheticiennes\/","og_locale":"fr_FR","og_type":"article","og_title":"Esthetic Center cr\u00e9e un groupe Facebook pour ses esth\u00e9ticiennes - F\u00e9d\u00e9ration Belge de la Franchise","og_description":"Cette ann\u00e9e, l'enseigne\u00a0d'instituts de beaut\u00e9 mixtes sans rendez-vous, Esthetic Center,\u00a0met l\u2019accent sur la communication\u00a0interactive avec sa client\u00e8le et ses quelque 600 esth\u00e9ticiennes qui composent son\u00a0r\u00e9seau.","og_url":"https:\/\/www.fbf-bff.be\/fr\/esthetic-center-cree-un-groupe-facebook-pour-ses-estheticiennes\/","og_site_name":"F\u00e9d\u00e9ration Belge de la Franchise","article_published_time":"2015-03-17T23:00:00+00:00","og_image":[{"width":1200,"height":630,"url":"https:\/\/www.fbf-bff.be\/wp-content\/uploads\/2017\/06\/fbf-bff-fb-cover.jpg","type":"image\/jpeg"}],"author":"fbf_admin","twitter_card":"summary_large_image","twitter_misc":{"\u00c9crit par":"fbf_admin","Dur\u00e9e de lecture estim\u00e9e":"1 minute"},"schema":{"@context":"https:\/\/schema.org","@graph":[{"@type":"WebPage","@id":"https:\/\/www.fbf-bff.be\/fr\/esthetic-center-cree-un-groupe-facebook-pour-ses-estheticiennes\/","url":"https:\/\/www.fbf-bff.be\/fr\/esthetic-center-cree-un-groupe-facebook-pour-ses-estheticiennes\/","name":"Esthetic Center cr\u00e9e un groupe Facebook pour ses esth\u00e9ticiennes - F\u00e9d\u00e9ration Belge de la Franchise","isPartOf":{"@id":"https:\/\/www.fbf-bff.be\/#website"},"datePublished":"2015-03-17T23:00:00+00:00","dateModified":"2015-03-17T23:00:00+00:00","author":{"@id":"https:\/\/www.fbf-bff.be\/#\/schema\/person\/73a9cbee87288cba2b06e3fc29244fe7"},"breadcrumb":{"@id":"https:\/\/www.fbf-bff.be\/fr\/esthetic-center-cree-un-groupe-facebook-pour-ses-estheticiennes\/#breadcrumb"},"inLanguage":"fr-FR","potentialAction":[{"@type":"ReadAction","target":["https:\/\/www.fbf-bff.be\/fr\/esthetic-center-cree-un-groupe-facebook-pour-ses-estheticiennes\/"]}]},{"@type":"BreadcrumbList","@id":"https:\/\/www.fbf-bff.be\/fr\/esthetic-center-cree-un-groupe-facebook-pour-ses-estheticiennes\/#breadcrumb","itemListElement":[{"@type":"ListItem","position":1,"name":"Home","item":"https:\/\/www.fbf-bff.be\/fr\/"},{"@type":"ListItem","position":2,"name":"Esthetic Center cr\u00e9e un groupe Facebook pour ses esth\u00e9ticiennes"}]},{"@type":"WebSite","@id":"https:\/\/www.fbf-bff.be\/#website","url":"https:\/\/www.fbf-bff.be\/","name":"F\u00e9d\u00e9ration Belge de la Franchise","description":"Pour r\u00e9ussir ensemblee","potentialAction":[{"@type":"SearchAction","target":{"@type":"EntryPoint","urlTemplate":"https:\/\/www.fbf-bff.be\/?s={search_term_string}"},"query-input":{"@type":"PropertyValueSpecification","valueRequired":true,"valueName":"search_term_string"}}],"inLanguage":"fr-FR"},{"@type":"Person","@id":"https:\/\/www.fbf-bff.be\/#\/schema\/person\/73a9cbee87288cba2b06e3fc29244fe7","name":"fbf_admin","image":{"@type":"ImageObject","inLanguage":"fr-FR","@id":"https:\/\/www.fbf-bff.be\/#\/schema\/person\/image\/","url":"https:\/\/secure.gravatar.com\/avatar\/20f6483dbe2a69e0999ddcdd1744b7f7?s=96&d=mm&r=g","contentUrl":"https:\/\/secure.gravatar.com\/avatar\/20f6483dbe2a69e0999ddcdd1744b7f7?s=96&d=mm&r=g","caption":"fbf_admin"}}]}},"_links":{"self":[{"href":"https:\/\/www.fbf-bff.be\/fr\/wp-json\/wp\/v2\/posts\/7493"}],"collection":[{"href":"https:\/\/www.fbf-bff.be\/fr\/wp-json\/wp\/v2\/posts"}],"about":[{"href":"https:\/\/www.fbf-bff.be\/fr\/wp-json\/wp\/v2\/types\/post"}],"author":[{"embeddable":true,"href":"https:\/\/www.fbf-bff.be\/fr\/wp-json\/wp\/v2\/users\/1"}],"replies":[{"embeddable":true,"href":"https:\/\/www.fbf-bff.be\/fr\/wp-json\/wp\/v2\/comments?post=7493"}],"version-history":[{"count":0,"href":"https:\/\/www.fbf-bff.be\/fr\/wp-json\/wp\/v2\/posts\/7493\/revisions"}],"wp:attachment":[{"href":"https:\/\/www.fbf-bff.be\/fr\/wp-json\/wp\/v2\/media?parent=7493"}],"wp:term":[{"taxonomy":"category","embeddable":true,"href":"https:\/\/www.fbf-bff.be\/fr\/wp-json\/wp\/v2\/categories?post=7493"},{"taxonomy":"post_tag","embeddable":true,"href":"https:\/\/www.fbf-bff.be\/fr\/wp-json\/wp\/v2\/tags?post=7493"}],"curies":[{"name":"wp","href":"https:\/\/api.w.org\/{rel}","templated":true}]}}