{"id":7492,"date":"2015-03-18T00:00:00","date_gmt":"2015-03-17T23:00:00","guid":{"rendered":"https:\/\/www.fbf-bff.be\/groupe-la-pataterie-deux-nouveaux-restaurants-a-mons-et-une-presence-remarquee-au-salon-de-la-franchise-de-bruxelles\/"},"modified":"2015-03-18T00:00:00","modified_gmt":"2015-03-17T23:00:00","slug":"groupe-la-pataterie-deux-nouveaux-restaurants-a-mons-et-une-presence-remarquee-au-salon-de-la-franchise-de-bruxelles","status":"publish","type":"post","link":"https:\/\/www.fbf-bff.be\/fr\/groupe-la-pataterie-deux-nouveaux-restaurants-a-mons-et-une-presence-remarquee-au-salon-de-la-franchise-de-bruxelles\/","title":{"rendered":"Groupe La Pataterie: Deux nouveaux restaurants \u00e0 Mons et une pr\u00e9sence remarqu\u00e9e au Salon de la Franchise de Bruxelles"},"content":{"rendered":"<div style=\"font-family: arial, sans-serif;font-size: small;line-height: normal\"><div><br><\/div><div>Apr\u00e8s Tournai, Le Groupe La Pataterie, sp\u00e9cialiste de la restauration en famille et des terroirs, l&rsquo;enseigne de restauration pr\u00e9f\u00e9r\u00e9e des Fran\u00e7ais*, va ouvrir deux restaurants \u00e0 Mons.\u00a0<\/div><div><img decoding=\"async\" src=\"https:\/\/mail.google.com\/mail\/ca\/u\/0\/?ui=2&amp;ik=a924dfb71b&amp;view=fimg&amp;th=14c2eae1e86db53b&amp;attid=0.2&amp;disp=inline&amp;realattid=d4bf80271d189312_0.2&amp;safe=1&amp;attbid=ANGjdJ_tcbB9DCoPURYUnA1fgAV6MxavqJQyRjmKZ9Y4rRQpBj54tBx04rf2eCkVEGB9SUzIyceNHJOSFixe3gxXX_im831gRKN0f7_b0ruLuPR4t_h8vJNRgMQ7D7s&amp;ats=1426712821174&amp;rm=14c2eae1e86db53b&amp;zw&amp;sz=w1516-h577\" alt=\"Affichage de La Pataterie de Mons - Complexe Imagix 2.jpg en cours...\"><br><\/div><div><br><\/div><div><br><\/div><div>Le lundi 13 avril sera inaugur\u00e9e La Pataterie du Complexe Imagix de la ville,\u00a0capitale europ\u00e9enne de la culture 2015, suivie d\u2019ici la fin du premier semestre, d\u2019une seconde ouverture.<\/div><div><br><\/div><div>La franchis\u00e9e Val\u00e9rie Pailleux ouvrira les portes du premier restaurant La Pataterie de Mons, situ\u00e9 au sein du complexe cin\u00e9matographique Imagix, au nord-ouest du centre-ville \u00e0 proximit\u00e9 de l&rsquo;autoroute E19-E42.\u00a0<br><\/div><div><br><\/div><div>Val\u00e9rie Pailleux n\u2019en est pas \u00e0 son coup d\u2019essai, elle fait m\u00eame partie des pionniers de l\u2019enseigne. En 1996, lors de l\u2019ouverture du premier restaurant La Pataterie, elle \u00e9tait aux commandes avec son \u00e9poux : \u00ab 19 ans apr\u00e8s le d\u00e9but de l\u2019aventure, je suis toujours aussi enthousiaste d\u2019ouvrir un restaurant La Pataterie. Je d\u00e9couvre les habitudes des montoises et montois, dans une ville o\u00f9 il fait vraiment bon vivre. Au point que je vais ouvrir un second restaurant \u00e0 Mons dans la foul\u00e9e. Ils seront ouverts 7 jours sur 7, midi et soir.<\/div><div><br><\/div><div>La Pataterie d\u00e9ploie son concept autour de son produit phare &#8211; la pomme de terre &#8211; tout en s\u2019adaptant aux habitudes et coutumes locales, comme l\u2019explique Claire Camy-Peyret, Directrice des Op\u00e9rations et du D\u00e9veloppement de l&rsquo;enseigne\u00a0au Benelux: \u00ab L\u2019ADN de La Pataterie est europ\u00e9en ! En Belgique comme en France, nous offrons aux gourmets et aux gourmands de red\u00e9couvrir les bienfaits de la convivialit\u00e9 et de la g\u00e9n\u00e9rosit\u00e9 avec des plats attractifs. Avec nos pommes de terre belges, nous proposons \u00e9videmment des \u00ab boulettes sauce tomates \u00bb ou encore \u00ab l\u2019Ostendaise \u00bb, une Pom\u2019s au four qui r\u00e9gale les clients. Nous nous sommes m\u00eame associ\u00e9s au brasseur\u00a0Vanuxeem\u00a0afin de proposer des bi\u00e8res brass\u00e9es localement. A La Pataterie, la g\u00e9n\u00e9rosit\u00e9 est notre marque de fabrique ! \u00bb.<\/div><div><br><\/div><div>La Pataterie a ouvert son premier restaurant en Belgique en d\u00e9cembre 2013, \u00e0 Tournai, dans le complexe Imagix. Avec plus de 45.000 clients en 2014, le succ\u00e8s a \u00e9t\u00e9 tel que La Pataterie pr\u00e9voit une trentaine d\u2019ouvertures d\u2019ici cinq ans.\u00a0<\/div><div><br><\/div><div>Le Groupe La Pataterie, cr\u00e9\u00e9 en 1996, premier\u00a0franchiseur en France en restauration assise avec 212 restaurants au 31 d\u00e9cembre 2014, a r\u00e9alis\u00e9 un chiffre d\u2019affaires de \u20ac 154,5 millions cette m\u00eame ann\u00e9e. Elle vient de faire son entr\u00e9e dans le top 100 des enseignes europ\u00e9ennes.<br><\/div><\/div><div style=\"font-family: arial, sans-serif;font-size: small;line-height: normal\"><br><\/div><div style=\"font-family: arial, sans-serif;font-size: small;line-height: normal\">Vous pourrez encore rencontrer la direction de l&rsquo;enseigne ce jeudi 18 mars sur le stand I 3 du salon Franchising &amp; Partnership 2015 sur le site de Tour &amp; Taxis de Bruxelles.<\/div>","protected":false},"excerpt":{"rendered":"<p><\/p>\n<div style=\"font-family: arial, sans-serif;font-size: small;line-height: normal\">Apr\u00e8s Tournai, Le Groupe La Pataterie, sp\u00e9cialiste de la restauration en famille et des terroirs, l&rsquo;enseigne de restauration pr\u00e9f\u00e9r\u00e9e des Fran\u00e7ais*, va ouvrir deux restaurants \u00e0 Mons.\u00a0<\/div>\n<div><\/div>\n","protected":false},"author":1,"featured_media":0,"comment_status":"closed","ping_status":"open","sticky":false,"template":"","format":"standard","meta":{"ngg_post_thumbnail":0,"footnotes":""},"categories":[41],"tags":[],"acf":[],"yoast_head":"<!-- This site is optimized with the Yoast SEO plugin v23.5 - https:\/\/yoast.com\/wordpress\/plugins\/seo\/ -->\n<title>Groupe La Pataterie: Deux nouveaux restaurants \u00e0 Mons et une pr\u00e9sence remarqu\u00e9e au Salon de la Franchise de Bruxelles - F\u00e9d\u00e9ration Belge de la Franchise<\/title>\n<meta name=\"robots\" content=\"index, follow, max-snippet:-1, max-image-preview:large, max-video-preview:-1\" \/>\n<link rel=\"canonical\" href=\"https:\/\/www.fbf-bff.be\/fr\/groupe-la-pataterie-deux-nouveaux-restaurants-a-mons-et-une-presence-remarquee-au-salon-de-la-franchise-de-bruxelles\/\" \/>\n<meta property=\"og:locale\" content=\"fr_FR\" \/>\n<meta property=\"og:type\" content=\"article\" \/>\n<meta property=\"og:title\" content=\"Groupe La Pataterie: Deux nouveaux restaurants \u00e0 Mons et une pr\u00e9sence remarqu\u00e9e au Salon de la Franchise de Bruxelles - F\u00e9d\u00e9ration Belge de la Franchise\" \/>\n<meta property=\"og:description\" content=\"Apr\u00e8s Tournai, Le Groupe La Pataterie, sp\u00e9cialiste de la restauration en famille et des terroirs, l&#039;enseigne de restauration pr\u00e9f\u00e9r\u00e9e des Fran\u00e7ais*, va ouvrir deux restaurants \u00e0 Mons.\u00a0\" \/>\n<meta property=\"og:url\" content=\"https:\/\/www.fbf-bff.be\/fr\/groupe-la-pataterie-deux-nouveaux-restaurants-a-mons-et-une-presence-remarquee-au-salon-de-la-franchise-de-bruxelles\/\" \/>\n<meta property=\"og:site_name\" content=\"F\u00e9d\u00e9ration Belge de la Franchise\" \/>\n<meta property=\"article:published_time\" content=\"2015-03-17T23:00:00+00:00\" \/>\n<meta property=\"og:image\" content=\"https:\/\/mail.google.com\/mail\/ca\/u\/0\/?ui=2&amp;ik=a924dfb71b&amp;view=fimg&amp;th=14c2eae1e86db53b&amp;attid=0.2&amp;disp=inline&amp;realattid=d4bf80271d189312_0.2&amp;safe=1&amp;attbid=ANGjdJ_tcbB9DCoPURYUnA1fgAV6MxavqJQyRjmKZ9Y4rRQpBj54tBx04rf2eCkVEGB9SUzIyceNHJOSFixe3gxXX_im831gRKN0f7_b0ruLuPR4t_h8vJNRgMQ7D7s&amp;ats=1426712821174&amp;rm=14c2eae1e86db53b&amp;zw&amp;sz=w1516-h577\" \/>\n<meta name=\"author\" content=\"fbf_admin\" \/>\n<meta name=\"twitter:card\" content=\"summary_large_image\" \/>\n<meta name=\"twitter:label1\" content=\"\u00c9crit par\" \/>\n\t<meta name=\"twitter:data1\" content=\"fbf_admin\" \/>\n\t<meta name=\"twitter:label2\" content=\"Dur\u00e9e de lecture estim\u00e9e\" \/>\n\t<meta name=\"twitter:data2\" content=\"2 minutes\" \/>\n<script type=\"application\/ld+json\" class=\"yoast-schema-graph\">{\"@context\":\"https:\/\/schema.org\",\"@graph\":[{\"@type\":\"WebPage\",\"@id\":\"https:\/\/www.fbf-bff.be\/fr\/groupe-la-pataterie-deux-nouveaux-restaurants-a-mons-et-une-presence-remarquee-au-salon-de-la-franchise-de-bruxelles\/\",\"url\":\"https:\/\/www.fbf-bff.be\/fr\/groupe-la-pataterie-deux-nouveaux-restaurants-a-mons-et-une-presence-remarquee-au-salon-de-la-franchise-de-bruxelles\/\",\"name\":\"Groupe La Pataterie: Deux nouveaux restaurants \u00e0 Mons et une pr\u00e9sence remarqu\u00e9e au Salon de la Franchise de Bruxelles - F\u00e9d\u00e9ration Belge de la Franchise\",\"isPartOf\":{\"@id\":\"https:\/\/www.fbf-bff.be\/#website\"},\"primaryImageOfPage\":{\"@id\":\"https:\/\/www.fbf-bff.be\/fr\/groupe-la-pataterie-deux-nouveaux-restaurants-a-mons-et-une-presence-remarquee-au-salon-de-la-franchise-de-bruxelles\/#primaryimage\"},\"image\":{\"@id\":\"https:\/\/www.fbf-bff.be\/fr\/groupe-la-pataterie-deux-nouveaux-restaurants-a-mons-et-une-presence-remarquee-au-salon-de-la-franchise-de-bruxelles\/#primaryimage\"},\"thumbnailUrl\":\"https:\/\/mail.google.com\/mail\/ca\/u\/0\/?ui=2&amp;ik=a924dfb71b&amp;view=fimg&amp;th=14c2eae1e86db53b&amp;attid=0.2&amp;disp=inline&amp;realattid=d4bf80271d189312_0.2&amp;safe=1&amp;attbid=ANGjdJ_tcbB9DCoPURYUnA1fgAV6MxavqJQyRjmKZ9Y4rRQpBj54tBx04rf2eCkVEGB9SUzIyceNHJOSFixe3gxXX_im831gRKN0f7_b0ruLuPR4t_h8vJNRgMQ7D7s&amp;ats=1426712821174&amp;rm=14c2eae1e86db53b&amp;zw&amp;sz=w1516-h577\",\"datePublished\":\"2015-03-17T23:00:00+00:00\",\"dateModified\":\"2015-03-17T23:00:00+00:00\",\"author\":{\"@id\":\"https:\/\/www.fbf-bff.be\/#\/schema\/person\/73a9cbee87288cba2b06e3fc29244fe7\"},\"breadcrumb\":{\"@id\":\"https:\/\/www.fbf-bff.be\/fr\/groupe-la-pataterie-deux-nouveaux-restaurants-a-mons-et-une-presence-remarquee-au-salon-de-la-franchise-de-bruxelles\/#breadcrumb\"},\"inLanguage\":\"fr-FR\",\"potentialAction\":[{\"@type\":\"ReadAction\",\"target\":[\"https:\/\/www.fbf-bff.be\/fr\/groupe-la-pataterie-deux-nouveaux-restaurants-a-mons-et-une-presence-remarquee-au-salon-de-la-franchise-de-bruxelles\/\"]}]},{\"@type\":\"ImageObject\",\"inLanguage\":\"fr-FR\",\"@id\":\"https:\/\/www.fbf-bff.be\/fr\/groupe-la-pataterie-deux-nouveaux-restaurants-a-mons-et-une-presence-remarquee-au-salon-de-la-franchise-de-bruxelles\/#primaryimage\",\"url\":\"https:\/\/mail.google.com\/mail\/ca\/u\/0\/?ui=2&amp;ik=a924dfb71b&amp;view=fimg&amp;th=14c2eae1e86db53b&amp;attid=0.2&amp;disp=inline&amp;realattid=d4bf80271d189312_0.2&amp;safe=1&amp;attbid=ANGjdJ_tcbB9DCoPURYUnA1fgAV6MxavqJQyRjmKZ9Y4rRQpBj54tBx04rf2eCkVEGB9SUzIyceNHJOSFixe3gxXX_im831gRKN0f7_b0ruLuPR4t_h8vJNRgMQ7D7s&amp;ats=1426712821174&amp;rm=14c2eae1e86db53b&amp;zw&amp;sz=w1516-h577\",\"contentUrl\":\"https:\/\/mail.google.com\/mail\/ca\/u\/0\/?ui=2&amp;ik=a924dfb71b&amp;view=fimg&amp;th=14c2eae1e86db53b&amp;attid=0.2&amp;disp=inline&amp;realattid=d4bf80271d189312_0.2&amp;safe=1&amp;attbid=ANGjdJ_tcbB9DCoPURYUnA1fgAV6MxavqJQyRjmKZ9Y4rRQpBj54tBx04rf2eCkVEGB9SUzIyceNHJOSFixe3gxXX_im831gRKN0f7_b0ruLuPR4t_h8vJNRgMQ7D7s&amp;ats=1426712821174&amp;rm=14c2eae1e86db53b&amp;zw&amp;sz=w1516-h577\"},{\"@type\":\"BreadcrumbList\",\"@id\":\"https:\/\/www.fbf-bff.be\/fr\/groupe-la-pataterie-deux-nouveaux-restaurants-a-mons-et-une-presence-remarquee-au-salon-de-la-franchise-de-bruxelles\/#breadcrumb\",\"itemListElement\":[{\"@type\":\"ListItem\",\"position\":1,\"name\":\"Home\",\"item\":\"https:\/\/www.fbf-bff.be\/fr\/\"},{\"@type\":\"ListItem\",\"position\":2,\"name\":\"Groupe La Pataterie: Deux nouveaux restaurants \u00e0 Mons et une pr\u00e9sence remarqu\u00e9e au Salon de la Franchise de Bruxelles\"}]},{\"@type\":\"WebSite\",\"@id\":\"https:\/\/www.fbf-bff.be\/#website\",\"url\":\"https:\/\/www.fbf-bff.be\/\",\"name\":\"F\u00e9d\u00e9ration Belge de la Franchise\",\"description\":\"Pour r\u00e9ussir ensemblee\",\"potentialAction\":[{\"@type\":\"SearchAction\",\"target\":{\"@type\":\"EntryPoint\",\"urlTemplate\":\"https:\/\/www.fbf-bff.be\/?s={search_term_string}\"},\"query-input\":{\"@type\":\"PropertyValueSpecification\",\"valueRequired\":true,\"valueName\":\"search_term_string\"}}],\"inLanguage\":\"fr-FR\"},{\"@type\":\"Person\",\"@id\":\"https:\/\/www.fbf-bff.be\/#\/schema\/person\/73a9cbee87288cba2b06e3fc29244fe7\",\"name\":\"fbf_admin\",\"image\":{\"@type\":\"ImageObject\",\"inLanguage\":\"fr-FR\",\"@id\":\"https:\/\/www.fbf-bff.be\/#\/schema\/person\/image\/\",\"url\":\"https:\/\/secure.gravatar.com\/avatar\/20f6483dbe2a69e0999ddcdd1744b7f7?s=96&d=mm&r=g\",\"contentUrl\":\"https:\/\/secure.gravatar.com\/avatar\/20f6483dbe2a69e0999ddcdd1744b7f7?s=96&d=mm&r=g\",\"caption\":\"fbf_admin\"}}]}<\/script>\n<!-- \/ Yoast SEO plugin. -->","yoast_head_json":{"title":"Groupe La Pataterie: Deux nouveaux restaurants \u00e0 Mons et une pr\u00e9sence remarqu\u00e9e au Salon de la Franchise de Bruxelles - F\u00e9d\u00e9ration Belge de la Franchise","robots":{"index":"index","follow":"follow","max-snippet":"max-snippet:-1","max-image-preview":"max-image-preview:large","max-video-preview":"max-video-preview:-1"},"canonical":"https:\/\/www.fbf-bff.be\/fr\/groupe-la-pataterie-deux-nouveaux-restaurants-a-mons-et-une-presence-remarquee-au-salon-de-la-franchise-de-bruxelles\/","og_locale":"fr_FR","og_type":"article","og_title":"Groupe La Pataterie: Deux nouveaux restaurants \u00e0 Mons et une pr\u00e9sence remarqu\u00e9e au Salon de la Franchise de Bruxelles - F\u00e9d\u00e9ration Belge de la Franchise","og_description":"Apr\u00e8s Tournai, Le Groupe La Pataterie, sp\u00e9cialiste de la restauration en famille et des terroirs, l'enseigne de restauration pr\u00e9f\u00e9r\u00e9e des Fran\u00e7ais*, va ouvrir deux restaurants \u00e0 Mons.\u00a0","og_url":"https:\/\/www.fbf-bff.be\/fr\/groupe-la-pataterie-deux-nouveaux-restaurants-a-mons-et-une-presence-remarquee-au-salon-de-la-franchise-de-bruxelles\/","og_site_name":"F\u00e9d\u00e9ration Belge de la Franchise","article_published_time":"2015-03-17T23:00:00+00:00","og_image":[{"url":"https:\/\/mail.google.com\/mail\/ca\/u\/0\/?ui=2&amp;ik=a924dfb71b&amp;view=fimg&amp;th=14c2eae1e86db53b&amp;attid=0.2&amp;disp=inline&amp;realattid=d4bf80271d189312_0.2&amp;safe=1&amp;attbid=ANGjdJ_tcbB9DCoPURYUnA1fgAV6MxavqJQyRjmKZ9Y4rRQpBj54tBx04rf2eCkVEGB9SUzIyceNHJOSFixe3gxXX_im831gRKN0f7_b0ruLuPR4t_h8vJNRgMQ7D7s&amp;ats=1426712821174&amp;rm=14c2eae1e86db53b&amp;zw&amp;sz=w1516-h577"}],"author":"fbf_admin","twitter_card":"summary_large_image","twitter_misc":{"\u00c9crit par":"fbf_admin","Dur\u00e9e de lecture estim\u00e9e":"2 minutes"},"schema":{"@context":"https:\/\/schema.org","@graph":[{"@type":"WebPage","@id":"https:\/\/www.fbf-bff.be\/fr\/groupe-la-pataterie-deux-nouveaux-restaurants-a-mons-et-une-presence-remarquee-au-salon-de-la-franchise-de-bruxelles\/","url":"https:\/\/www.fbf-bff.be\/fr\/groupe-la-pataterie-deux-nouveaux-restaurants-a-mons-et-une-presence-remarquee-au-salon-de-la-franchise-de-bruxelles\/","name":"Groupe La Pataterie: Deux nouveaux restaurants \u00e0 Mons et une pr\u00e9sence remarqu\u00e9e au Salon de la Franchise de Bruxelles - F\u00e9d\u00e9ration Belge de la Franchise","isPartOf":{"@id":"https:\/\/www.fbf-bff.be\/#website"},"primaryImageOfPage":{"@id":"https:\/\/www.fbf-bff.be\/fr\/groupe-la-pataterie-deux-nouveaux-restaurants-a-mons-et-une-presence-remarquee-au-salon-de-la-franchise-de-bruxelles\/#primaryimage"},"image":{"@id":"https:\/\/www.fbf-bff.be\/fr\/groupe-la-pataterie-deux-nouveaux-restaurants-a-mons-et-une-presence-remarquee-au-salon-de-la-franchise-de-bruxelles\/#primaryimage"},"thumbnailUrl":"https:\/\/mail.google.com\/mail\/ca\/u\/0\/?ui=2&amp;ik=a924dfb71b&amp;view=fimg&amp;th=14c2eae1e86db53b&amp;attid=0.2&amp;disp=inline&amp;realattid=d4bf80271d189312_0.2&amp;safe=1&amp;attbid=ANGjdJ_tcbB9DCoPURYUnA1fgAV6MxavqJQyRjmKZ9Y4rRQpBj54tBx04rf2eCkVEGB9SUzIyceNHJOSFixe3gxXX_im831gRKN0f7_b0ruLuPR4t_h8vJNRgMQ7D7s&amp;ats=1426712821174&amp;rm=14c2eae1e86db53b&amp;zw&amp;sz=w1516-h577","datePublished":"2015-03-17T23:00:00+00:00","dateModified":"2015-03-17T23:00:00+00:00","author":{"@id":"https:\/\/www.fbf-bff.be\/#\/schema\/person\/73a9cbee87288cba2b06e3fc29244fe7"},"breadcrumb":{"@id":"https:\/\/www.fbf-bff.be\/fr\/groupe-la-pataterie-deux-nouveaux-restaurants-a-mons-et-une-presence-remarquee-au-salon-de-la-franchise-de-bruxelles\/#breadcrumb"},"inLanguage":"fr-FR","potentialAction":[{"@type":"ReadAction","target":["https:\/\/www.fbf-bff.be\/fr\/groupe-la-pataterie-deux-nouveaux-restaurants-a-mons-et-une-presence-remarquee-au-salon-de-la-franchise-de-bruxelles\/"]}]},{"@type":"ImageObject","inLanguage":"fr-FR","@id":"https:\/\/www.fbf-bff.be\/fr\/groupe-la-pataterie-deux-nouveaux-restaurants-a-mons-et-une-presence-remarquee-au-salon-de-la-franchise-de-bruxelles\/#primaryimage","url":"https:\/\/mail.google.com\/mail\/ca\/u\/0\/?ui=2&amp;ik=a924dfb71b&amp;view=fimg&amp;th=14c2eae1e86db53b&amp;attid=0.2&amp;disp=inline&amp;realattid=d4bf80271d189312_0.2&amp;safe=1&amp;attbid=ANGjdJ_tcbB9DCoPURYUnA1fgAV6MxavqJQyRjmKZ9Y4rRQpBj54tBx04rf2eCkVEGB9SUzIyceNHJOSFixe3gxXX_im831gRKN0f7_b0ruLuPR4t_h8vJNRgMQ7D7s&amp;ats=1426712821174&amp;rm=14c2eae1e86db53b&amp;zw&amp;sz=w1516-h577","contentUrl":"https:\/\/mail.google.com\/mail\/ca\/u\/0\/?ui=2&amp;ik=a924dfb71b&amp;view=fimg&amp;th=14c2eae1e86db53b&amp;attid=0.2&amp;disp=inline&amp;realattid=d4bf80271d189312_0.2&amp;safe=1&amp;attbid=ANGjdJ_tcbB9DCoPURYUnA1fgAV6MxavqJQyRjmKZ9Y4rRQpBj54tBx04rf2eCkVEGB9SUzIyceNHJOSFixe3gxXX_im831gRKN0f7_b0ruLuPR4t_h8vJNRgMQ7D7s&amp;ats=1426712821174&amp;rm=14c2eae1e86db53b&amp;zw&amp;sz=w1516-h577"},{"@type":"BreadcrumbList","@id":"https:\/\/www.fbf-bff.be\/fr\/groupe-la-pataterie-deux-nouveaux-restaurants-a-mons-et-une-presence-remarquee-au-salon-de-la-franchise-de-bruxelles\/#breadcrumb","itemListElement":[{"@type":"ListItem","position":1,"name":"Home","item":"https:\/\/www.fbf-bff.be\/fr\/"},{"@type":"ListItem","position":2,"name":"Groupe La Pataterie: Deux nouveaux restaurants \u00e0 Mons et une pr\u00e9sence remarqu\u00e9e au Salon de la Franchise de Bruxelles"}]},{"@type":"WebSite","@id":"https:\/\/www.fbf-bff.be\/#website","url":"https:\/\/www.fbf-bff.be\/","name":"F\u00e9d\u00e9ration Belge de la Franchise","description":"Pour r\u00e9ussir ensemblee","potentialAction":[{"@type":"SearchAction","target":{"@type":"EntryPoint","urlTemplate":"https:\/\/www.fbf-bff.be\/?s={search_term_string}"},"query-input":{"@type":"PropertyValueSpecification","valueRequired":true,"valueName":"search_term_string"}}],"inLanguage":"fr-FR"},{"@type":"Person","@id":"https:\/\/www.fbf-bff.be\/#\/schema\/person\/73a9cbee87288cba2b06e3fc29244fe7","name":"fbf_admin","image":{"@type":"ImageObject","inLanguage":"fr-FR","@id":"https:\/\/www.fbf-bff.be\/#\/schema\/person\/image\/","url":"https:\/\/secure.gravatar.com\/avatar\/20f6483dbe2a69e0999ddcdd1744b7f7?s=96&d=mm&r=g","contentUrl":"https:\/\/secure.gravatar.com\/avatar\/20f6483dbe2a69e0999ddcdd1744b7f7?s=96&d=mm&r=g","caption":"fbf_admin"}}]}},"_links":{"self":[{"href":"https:\/\/www.fbf-bff.be\/fr\/wp-json\/wp\/v2\/posts\/7492"}],"collection":[{"href":"https:\/\/www.fbf-bff.be\/fr\/wp-json\/wp\/v2\/posts"}],"about":[{"href":"https:\/\/www.fbf-bff.be\/fr\/wp-json\/wp\/v2\/types\/post"}],"author":[{"embeddable":true,"href":"https:\/\/www.fbf-bff.be\/fr\/wp-json\/wp\/v2\/users\/1"}],"replies":[{"embeddable":true,"href":"https:\/\/www.fbf-bff.be\/fr\/wp-json\/wp\/v2\/comments?post=7492"}],"version-history":[{"count":0,"href":"https:\/\/www.fbf-bff.be\/fr\/wp-json\/wp\/v2\/posts\/7492\/revisions"}],"wp:attachment":[{"href":"https:\/\/www.fbf-bff.be\/fr\/wp-json\/wp\/v2\/media?parent=7492"}],"wp:term":[{"taxonomy":"category","embeddable":true,"href":"https:\/\/www.fbf-bff.be\/fr\/wp-json\/wp\/v2\/categories?post=7492"},{"taxonomy":"post_tag","embeddable":true,"href":"https:\/\/www.fbf-bff.be\/fr\/wp-json\/wp\/v2\/tags?post=7492"}],"curies":[{"name":"wp","href":"https:\/\/api.w.org\/{rel}","templated":true}]}}