{"id":7421,"date":"2015-02-20T00:00:00","date_gmt":"2015-02-19T23:00:00","guid":{"rendered":"https:\/\/www.fbf-bff.be\/emova-le-nouveau-nom-du-groupe-monceau\/"},"modified":"2015-02-20T00:00:00","modified_gmt":"2015-02-19T23:00:00","slug":"emova-le-nouveau-nom-du-groupe-monceau","status":"publish","type":"post","link":"https:\/\/www.fbf-bff.be\/fr\/emova-le-nouveau-nom-du-groupe-monceau\/","title":{"rendered":"Emova, le nouveau nom du Groupe Monceau"},"content":{"rendered":"<div style=\"font-family: arial, sans-serif;font-size: small;line-height: normal\">Le leader fran\u00e7ais du march\u00e9 des fleurs, le Groupe Monceau Fleurs deviendra Emova d\u00e8s le 31 mars, sous l&rsquo;impulsion de son nouvel actionnaire Perceva, qui d\u00e9tient \u00a089,5% du capital du groupe depuis d\u00e9cembre 2014, suite au retrait de Laurent Amar, le petit-fils du cr\u00e9ateur de l&rsquo;enseigne. Monceau Fleurs.<br><\/div><div style=\"font-family: arial, sans-serif;font-size: small;line-height: normal\"><br><\/div><div style=\"font-family: arial, sans-serif;font-size: small;line-height: normal\">Emova avec sa nouvelle \u00e9quipe sous la direction de Anne F\u00e8ge vient de d\u00e9voiler un plan strat\u00e9gique qui comprend notamment la cr\u00e9ation de 500 nouveaux magasins dans les dix prochaines ann\u00e9es et l&rsquo;ouverture potentielle \u00e0 d&rsquo;autres activit\u00e9s dans le futur (jardineries, meubles de jardin, etc.).<\/div><div style=\"font-family: arial, sans-serif;font-size: small;line-height: normal\"><br><\/div><div style=\"font-family: arial, sans-serif;font-size: small;line-height: normal\">Aujourd&rsquo;hui, le Groupe repr\u00e9sente en France le 1er r\u00e9seau de fleuristes avec 60% du march\u00e9 des fleurs coup\u00e9es et 10% pour les plantes d&rsquo;int\u00e9rieur avec ses 3 enseignes, Monceau Fleurs qui f\u00eate ses 50 ans cette ann\u00e9e, Rapid&rsquo;Flore et Happy.<\/div><div style=\"font-family: arial, sans-serif;font-size: small;line-height: normal\"><br><\/div><div style=\"font-family: arial, sans-serif;font-size: small;line-height: normal\">Le chiffre d&rsquo;affaires du groupe avec ses 300 magasins en 2014 a atteint \u20ac 118 millions avec un r\u00e9sultat net de \u20ac 414.000 contre une perte de \u20ac 22 millions en 2013.<\/div><div style=\"font-family: arial, sans-serif;font-size: small;line-height: normal\"><br><\/div><div style=\"font-family: arial, sans-serif;font-size: small;line-height: normal\">Monceau Fleurs a actuellement 133 magasins en France et 29 \u00e0 l&rsquo;\u00e9tranger y compris en<b>\u00a0Belgique<\/b>\u00a0o\u00f9 le\u00a0<b>master franchis\u00e9 Erwann Ludot<\/b>\u00a0est \u00e0 la t\u00eate de 4 magasins (deux \u00e0 Bruxelles &#8211; Ixelles et Uccle) et deux en Brabant wallon (Genappe et Braine l&rsquo;Alleud).\u00a0<\/div><div style=\"font-family: arial, sans-serif;font-size: small;line-height: normal\"><br><\/div><div style=\"font-family: arial, sans-serif;font-size: small;line-height: normal\">Parmi les nouveaut\u00e9s annonc\u00e9es par le Groupe, des applications pour smartphones, le Click&amp;Drive et des tests de \u00ab\u00a0pick up zones\u00a0\u00bb \u00a0notamment dans le magasin Monceau Fleurs historique du Boulevard Malherbes \u00e0 Paris o\u00f9 des casiers r\u00e9frig\u00e9r\u00e9s seront mis \u00e0 disposition pour l&rsquo;achat ou le retrait de commandes r\u00e9alis\u00e9s en ligne. Les cartes cadeaux seront aussi g\u00e9n\u00e9ralis\u00e9es et disponible en BtoB. Wait and see !<\/div>","protected":false},"excerpt":{"rendered":"<p>Le leader fran\u00e7ais du march\u00e9 des fleurs, le Groupe Monceau Fleurs deviendra Emova d\u00e8s le 31 mars, sous l&rsquo;impulsion de son nouvel actionnaire Perceva, qui d\u00e9tient \u00a089,5% du capital du groupe depuis d\u00e9cembre 2014, suite au retrait de Laurent Amar, le petit-fils du cr\u00e9ateur de l&rsquo;enseigne. Monceau Fleurs.Emova avec sa &#8230;<\/p>\n","protected":false},"author":1,"featured_media":0,"comment_status":"closed","ping_status":"open","sticky":false,"template":"","format":"standard","meta":{"ngg_post_thumbnail":0,"footnotes":""},"categories":[41],"tags":[],"acf":[],"yoast_head":"<!-- This site is optimized with the Yoast SEO plugin v23.5 - https:\/\/yoast.com\/wordpress\/plugins\/seo\/ -->\n<title>Emova, le nouveau nom du Groupe Monceau - F\u00e9d\u00e9ration Belge de la Franchise<\/title>\n<meta name=\"robots\" content=\"index, follow, max-snippet:-1, max-image-preview:large, max-video-preview:-1\" \/>\n<link rel=\"canonical\" href=\"https:\/\/www.fbf-bff.be\/fr\/emova-le-nouveau-nom-du-groupe-monceau\/\" \/>\n<meta property=\"og:locale\" content=\"fr_FR\" \/>\n<meta property=\"og:type\" content=\"article\" \/>\n<meta property=\"og:title\" content=\"Emova, le nouveau nom du Groupe Monceau - F\u00e9d\u00e9ration Belge de la Franchise\" \/>\n<meta property=\"og:description\" content=\"Le leader fran\u00e7ais du march\u00e9 des fleurs, le Groupe Monceau Fleurs deviendra Emova d\u00e8s le 31 mars, sous l&rsquo;impulsion de son nouvel actionnaire Perceva, qui d\u00e9tient \u00a089,5% du capital du groupe depuis d\u00e9cembre 2014, suite au retrait de Laurent Amar, le petit-fils du cr\u00e9ateur de l&rsquo;enseigne. Monceau Fleurs.Emova avec sa ...\" \/>\n<meta property=\"og:url\" content=\"https:\/\/www.fbf-bff.be\/fr\/emova-le-nouveau-nom-du-groupe-monceau\/\" \/>\n<meta property=\"og:site_name\" content=\"F\u00e9d\u00e9ration Belge de la Franchise\" \/>\n<meta property=\"article:published_time\" content=\"2015-02-19T23:00:00+00:00\" \/>\n<meta property=\"og:image\" content=\"https:\/\/www.fbf-bff.be\/wp-content\/uploads\/2017\/06\/fbf-bff-fb-cover.jpg\" \/>\n\t<meta property=\"og:image:width\" content=\"1200\" \/>\n\t<meta property=\"og:image:height\" content=\"630\" \/>\n\t<meta property=\"og:image:type\" content=\"image\/jpeg\" \/>\n<meta name=\"author\" content=\"fbf_admin\" \/>\n<meta name=\"twitter:card\" content=\"summary_large_image\" \/>\n<meta name=\"twitter:label1\" content=\"\u00c9crit par\" \/>\n\t<meta name=\"twitter:data1\" content=\"fbf_admin\" \/>\n\t<meta name=\"twitter:label2\" content=\"Dur\u00e9e de lecture estim\u00e9e\" \/>\n\t<meta name=\"twitter:data2\" content=\"1 minute\" \/>\n<script type=\"application\/ld+json\" class=\"yoast-schema-graph\">{\"@context\":\"https:\/\/schema.org\",\"@graph\":[{\"@type\":\"WebPage\",\"@id\":\"https:\/\/www.fbf-bff.be\/fr\/emova-le-nouveau-nom-du-groupe-monceau\/\",\"url\":\"https:\/\/www.fbf-bff.be\/fr\/emova-le-nouveau-nom-du-groupe-monceau\/\",\"name\":\"Emova, le nouveau nom du Groupe Monceau - F\u00e9d\u00e9ration Belge de la Franchise\",\"isPartOf\":{\"@id\":\"https:\/\/www.fbf-bff.be\/#website\"},\"datePublished\":\"2015-02-19T23:00:00+00:00\",\"dateModified\":\"2015-02-19T23:00:00+00:00\",\"author\":{\"@id\":\"https:\/\/www.fbf-bff.be\/#\/schema\/person\/73a9cbee87288cba2b06e3fc29244fe7\"},\"breadcrumb\":{\"@id\":\"https:\/\/www.fbf-bff.be\/fr\/emova-le-nouveau-nom-du-groupe-monceau\/#breadcrumb\"},\"inLanguage\":\"fr-FR\",\"potentialAction\":[{\"@type\":\"ReadAction\",\"target\":[\"https:\/\/www.fbf-bff.be\/fr\/emova-le-nouveau-nom-du-groupe-monceau\/\"]}]},{\"@type\":\"BreadcrumbList\",\"@id\":\"https:\/\/www.fbf-bff.be\/fr\/emova-le-nouveau-nom-du-groupe-monceau\/#breadcrumb\",\"itemListElement\":[{\"@type\":\"ListItem\",\"position\":1,\"name\":\"Home\",\"item\":\"https:\/\/www.fbf-bff.be\/fr\/\"},{\"@type\":\"ListItem\",\"position\":2,\"name\":\"Emova, le nouveau nom du Groupe Monceau\"}]},{\"@type\":\"WebSite\",\"@id\":\"https:\/\/www.fbf-bff.be\/#website\",\"url\":\"https:\/\/www.fbf-bff.be\/\",\"name\":\"F\u00e9d\u00e9ration Belge de la Franchise\",\"description\":\"Pour r\u00e9ussir ensemblee\",\"potentialAction\":[{\"@type\":\"SearchAction\",\"target\":{\"@type\":\"EntryPoint\",\"urlTemplate\":\"https:\/\/www.fbf-bff.be\/?s={search_term_string}\"},\"query-input\":{\"@type\":\"PropertyValueSpecification\",\"valueRequired\":true,\"valueName\":\"search_term_string\"}}],\"inLanguage\":\"fr-FR\"},{\"@type\":\"Person\",\"@id\":\"https:\/\/www.fbf-bff.be\/#\/schema\/person\/73a9cbee87288cba2b06e3fc29244fe7\",\"name\":\"fbf_admin\",\"image\":{\"@type\":\"ImageObject\",\"inLanguage\":\"fr-FR\",\"@id\":\"https:\/\/www.fbf-bff.be\/#\/schema\/person\/image\/\",\"url\":\"https:\/\/secure.gravatar.com\/avatar\/20f6483dbe2a69e0999ddcdd1744b7f7?s=96&d=mm&r=g\",\"contentUrl\":\"https:\/\/secure.gravatar.com\/avatar\/20f6483dbe2a69e0999ddcdd1744b7f7?s=96&d=mm&r=g\",\"caption\":\"fbf_admin\"}}]}<\/script>\n<!-- \/ Yoast SEO plugin. -->","yoast_head_json":{"title":"Emova, le nouveau nom du Groupe Monceau - F\u00e9d\u00e9ration Belge de la Franchise","robots":{"index":"index","follow":"follow","max-snippet":"max-snippet:-1","max-image-preview":"max-image-preview:large","max-video-preview":"max-video-preview:-1"},"canonical":"https:\/\/www.fbf-bff.be\/fr\/emova-le-nouveau-nom-du-groupe-monceau\/","og_locale":"fr_FR","og_type":"article","og_title":"Emova, le nouveau nom du Groupe Monceau - F\u00e9d\u00e9ration Belge de la Franchise","og_description":"Le leader fran\u00e7ais du march\u00e9 des fleurs, le Groupe Monceau Fleurs deviendra Emova d\u00e8s le 31 mars, sous l&rsquo;impulsion de son nouvel actionnaire Perceva, qui d\u00e9tient \u00a089,5% du capital du groupe depuis d\u00e9cembre 2014, suite au retrait de Laurent Amar, le petit-fils du cr\u00e9ateur de l&rsquo;enseigne. Monceau Fleurs.Emova avec sa ...","og_url":"https:\/\/www.fbf-bff.be\/fr\/emova-le-nouveau-nom-du-groupe-monceau\/","og_site_name":"F\u00e9d\u00e9ration Belge de la Franchise","article_published_time":"2015-02-19T23:00:00+00:00","og_image":[{"width":1200,"height":630,"url":"https:\/\/www.fbf-bff.be\/wp-content\/uploads\/2017\/06\/fbf-bff-fb-cover.jpg","type":"image\/jpeg"}],"author":"fbf_admin","twitter_card":"summary_large_image","twitter_misc":{"\u00c9crit par":"fbf_admin","Dur\u00e9e de lecture estim\u00e9e":"1 minute"},"schema":{"@context":"https:\/\/schema.org","@graph":[{"@type":"WebPage","@id":"https:\/\/www.fbf-bff.be\/fr\/emova-le-nouveau-nom-du-groupe-monceau\/","url":"https:\/\/www.fbf-bff.be\/fr\/emova-le-nouveau-nom-du-groupe-monceau\/","name":"Emova, le nouveau nom du Groupe Monceau - F\u00e9d\u00e9ration Belge de la Franchise","isPartOf":{"@id":"https:\/\/www.fbf-bff.be\/#website"},"datePublished":"2015-02-19T23:00:00+00:00","dateModified":"2015-02-19T23:00:00+00:00","author":{"@id":"https:\/\/www.fbf-bff.be\/#\/schema\/person\/73a9cbee87288cba2b06e3fc29244fe7"},"breadcrumb":{"@id":"https:\/\/www.fbf-bff.be\/fr\/emova-le-nouveau-nom-du-groupe-monceau\/#breadcrumb"},"inLanguage":"fr-FR","potentialAction":[{"@type":"ReadAction","target":["https:\/\/www.fbf-bff.be\/fr\/emova-le-nouveau-nom-du-groupe-monceau\/"]}]},{"@type":"BreadcrumbList","@id":"https:\/\/www.fbf-bff.be\/fr\/emova-le-nouveau-nom-du-groupe-monceau\/#breadcrumb","itemListElement":[{"@type":"ListItem","position":1,"name":"Home","item":"https:\/\/www.fbf-bff.be\/fr\/"},{"@type":"ListItem","position":2,"name":"Emova, le nouveau nom du Groupe Monceau"}]},{"@type":"WebSite","@id":"https:\/\/www.fbf-bff.be\/#website","url":"https:\/\/www.fbf-bff.be\/","name":"F\u00e9d\u00e9ration Belge de la Franchise","description":"Pour r\u00e9ussir ensemblee","potentialAction":[{"@type":"SearchAction","target":{"@type":"EntryPoint","urlTemplate":"https:\/\/www.fbf-bff.be\/?s={search_term_string}"},"query-input":{"@type":"PropertyValueSpecification","valueRequired":true,"valueName":"search_term_string"}}],"inLanguage":"fr-FR"},{"@type":"Person","@id":"https:\/\/www.fbf-bff.be\/#\/schema\/person\/73a9cbee87288cba2b06e3fc29244fe7","name":"fbf_admin","image":{"@type":"ImageObject","inLanguage":"fr-FR","@id":"https:\/\/www.fbf-bff.be\/#\/schema\/person\/image\/","url":"https:\/\/secure.gravatar.com\/avatar\/20f6483dbe2a69e0999ddcdd1744b7f7?s=96&d=mm&r=g","contentUrl":"https:\/\/secure.gravatar.com\/avatar\/20f6483dbe2a69e0999ddcdd1744b7f7?s=96&d=mm&r=g","caption":"fbf_admin"}}]}},"_links":{"self":[{"href":"https:\/\/www.fbf-bff.be\/fr\/wp-json\/wp\/v2\/posts\/7421"}],"collection":[{"href":"https:\/\/www.fbf-bff.be\/fr\/wp-json\/wp\/v2\/posts"}],"about":[{"href":"https:\/\/www.fbf-bff.be\/fr\/wp-json\/wp\/v2\/types\/post"}],"author":[{"embeddable":true,"href":"https:\/\/www.fbf-bff.be\/fr\/wp-json\/wp\/v2\/users\/1"}],"replies":[{"embeddable":true,"href":"https:\/\/www.fbf-bff.be\/fr\/wp-json\/wp\/v2\/comments?post=7421"}],"version-history":[{"count":0,"href":"https:\/\/www.fbf-bff.be\/fr\/wp-json\/wp\/v2\/posts\/7421\/revisions"}],"wp:attachment":[{"href":"https:\/\/www.fbf-bff.be\/fr\/wp-json\/wp\/v2\/media?parent=7421"}],"wp:term":[{"taxonomy":"category","embeddable":true,"href":"https:\/\/www.fbf-bff.be\/fr\/wp-json\/wp\/v2\/categories?post=7421"},{"taxonomy":"post_tag","embeddable":true,"href":"https:\/\/www.fbf-bff.be\/fr\/wp-json\/wp\/v2\/tags?post=7421"}],"curies":[{"name":"wp","href":"https:\/\/api.w.org\/{rel}","templated":true}]}}