{"id":7396,"date":"2015-02-09T00:00:00","date_gmt":"2015-02-08T23:00:00","guid":{"rendered":"https:\/\/www.fbf-bff.be\/un-nouveau-sushi-daily-dans-lhypermarche-darlon\/"},"modified":"2015-02-09T00:00:00","modified_gmt":"2015-02-08T23:00:00","slug":"un-nouveau-sushi-daily-dans-lhypermarche-darlon","status":"publish","type":"post","link":"https:\/\/www.fbf-bff.be\/fr\/un-nouveau-sushi-daily-dans-lhypermarche-darlon\/","title":{"rendered":"Un nouveau Sushi Daily dans l&#8217;hypermarch\u00e9 d&#8217;Arlon"},"content":{"rendered":"<p><img decoding=\"async\" src=\"https:\/\/ci5.googleusercontent.com\/proxy\/HEniOyayIsTyaJ4a66dO96nrbmGiEGqWJjUTu1HOOWLT8vYE8FNlg2OiJsfMY_qCYz_67KYIejN885L8XqYqQ3FTo3HXPpX59KhjDQZIGVva11qhNgjOyMmV1JcXleyF0ikHMrpO5WEkk9B4I6wD=s0-d-e1-ft#http:\/\/storage.prezly.com\/57\/134e60add111e394113513bce96144\/sushidaily_carrefour-2873.jpg\" alt=\"Kiosque\"><\/p><p style=\"font-family: arial, 'trebuchet MS', tahoma, helvetica, clean, sans-serif;font-size: 13px;margin-bottom: 1em;padding: 0px;line-height: 1.4em\"><span style=\"line-height: 1.4em\">Le 29 juillet 2011, Carrefour ouvrait son premier bar \u00e0 sushis \u00e0 Auderghem (Bruxelles),une v\u00e9ritable innovation dans le monde de la distribution en Belgique. Le succ\u00e8s fut imm\u00e9diat.et depuis, le concept a essaim\u00e9 jusque dans les Carrefour Market. En d\u00e9but de ce mois de f\u00e9vrier 2015, l\u2019hypermarch\u00e9 Carrefour d\u2019Arlon inaugurait le sien.<\/span><br><\/p><p style=\"font-family: arial, 'trebuchet MS', tahoma, helvetica, clean, sans-serif;font-size: 13px;margin-bottom: 1em;padding: 0px;line-height: 1.4em\">\u00abVu le succ\u00e8s des bars \u00e0 sushis partout o\u00f9 Carrefour en a ouverts, nous tenions absolument \u00e0 offrir \u00e0 notre client\u00e8le ce produit ultra frais pr\u00e9par\u00e9 sur place. Nous avons d\u00fb proc\u00e9der \u00e0 quelques r\u00e9am\u00e9nagements dans le d\u00e9partement frais, pour placer le bar \u00e0 sushi bien en vue, dans l\u2019univers poissonnerie\u00bb explique Emeric Jacob, Directeur du magasin. \u00abNous sommes certains que notre public va y faire honneur. Nous comptons beaucoup de navetteurs qui, leur journ\u00e9e de travail au Luxembourg une fois achev\u00e9e, rentrent en Belgique et sont \u00e0 la recherche de solutions repas faciles et saines. Nous avons aussi des bureaux dans le quartier, ainsi qu\u2019un h\u00f4pital et une \u00e9cole. Sur Arlon, l\u2019offre de sushi est tr\u00e8s r\u00e9duite. Nous esp\u00e9rons donc attirer une nouvelle client\u00e8le, \u00e9galement une client\u00e8le jeune tr\u00e8s friande de ce type de mets. \u00bb<\/p><p style=\"font-family: arial, 'trebuchet MS', tahoma, helvetica, clean, sans-serif;font-size: 13px;margin-bottom: 1em;padding: 0px;line-height: 1.4em\"><span style=\"line-height: 1.4em\">Comme pour les autres bars \u00e0 sushis dans ces magasins, Carrefour travaille avec Sushi Daily, le sp\u00e9cialiste des sushis et leader en Europe,<\/span><span style=\"font-size: small;font-family: arial, sans-serif;line-height: normal\">\u00a0il ne s&rsquo;agit pas d&rsquo;un r\u00e9seau de franchises mais bien d&rsquo;une concession accord\u00e9e par le distributeur pour chaque corner qui est une soci\u00e9t\u00e9 ind\u00e9pendante dans laquelle la maison-m\u00e8re de Sushi Daily ( est actionnaire en association avec des managers locaux.<\/span><br><\/p><div style=\"font-size: small;font-family: arial, sans-serif;line-height: normal\">Cette enseigne qui a fait ses d\u00e9buts en France en 2010 conna\u00eet un succ\u00e8s incroyable et compte aujourd&rsquo;hui en France une centaine de corners dans les supermarch\u00e9s Carrefour et une quinzaine dans les supermarch\u00e9s Casino et en Belgique une trentaine chez Carrefour \u00e9galement. On en retrouve \u00e9galement en Espagne, Italie et Allemagne et depuis le mois d&rsquo;octobre 2013 Albert Heijn a h\u00e9berg\u00e9 son premier Sushi Daily dans un de ses supermarch\u00e9s \u00e0 Amsterdam et en compte plusieurs \u00e0 cette date.<\/div>","protected":false},"excerpt":{"rendered":"<p>Le 29 juillet 2011, Carrefour ouvrait son premier bar \u00e0 sushis \u00e0 Auderghem (Bruxelles),une v\u00e9ritable innovation dans le monde de la distribution en Belgique. Le succ\u00e8s fut imm\u00e9diat.et depuis, le concept a essaim\u00e9 jusque dans les Carrefour Market. En d\u00e9but de ce mois de f\u00e9vrier 2015, l\u2019hypermarch\u00e9 Carrefour d\u2019Arlon inaugurait &#8230;<\/p>\n","protected":false},"author":1,"featured_media":0,"comment_status":"closed","ping_status":"open","sticky":false,"template":"","format":"standard","meta":{"ngg_post_thumbnail":0,"footnotes":""},"categories":[41],"tags":[],"acf":[],"yoast_head":"<!-- This site is optimized with the Yoast SEO plugin v23.5 - https:\/\/yoast.com\/wordpress\/plugins\/seo\/ -->\n<title>Un nouveau Sushi Daily dans l&#8217;hypermarch\u00e9 d&#8217;Arlon - F\u00e9d\u00e9ration Belge de la Franchise<\/title>\n<meta name=\"robots\" content=\"index, follow, max-snippet:-1, max-image-preview:large, max-video-preview:-1\" \/>\n<link rel=\"canonical\" href=\"https:\/\/www.fbf-bff.be\/fr\/un-nouveau-sushi-daily-dans-lhypermarche-darlon\/\" \/>\n<meta property=\"og:locale\" content=\"fr_FR\" \/>\n<meta property=\"og:type\" content=\"article\" \/>\n<meta property=\"og:title\" content=\"Un nouveau Sushi Daily dans l&#8217;hypermarch\u00e9 d&#8217;Arlon - F\u00e9d\u00e9ration Belge de la Franchise\" \/>\n<meta property=\"og:description\" content=\"Le 29 juillet 2011, Carrefour ouvrait son premier bar \u00e0 sushis \u00e0 Auderghem (Bruxelles),une v\u00e9ritable innovation dans le monde de la distribution en Belgique. Le succ\u00e8s fut imm\u00e9diat.et depuis, le concept a essaim\u00e9 jusque dans les Carrefour Market. En d\u00e9but de ce mois de f\u00e9vrier 2015, l\u2019hypermarch\u00e9 Carrefour d\u2019Arlon inaugurait ...\" \/>\n<meta property=\"og:url\" content=\"https:\/\/www.fbf-bff.be\/fr\/un-nouveau-sushi-daily-dans-lhypermarche-darlon\/\" \/>\n<meta property=\"og:site_name\" content=\"F\u00e9d\u00e9ration Belge de la Franchise\" \/>\n<meta property=\"article:published_time\" content=\"2015-02-08T23:00:00+00:00\" \/>\n<meta property=\"og:image\" content=\"https:\/\/ci5.googleusercontent.com\/proxy\/HEniOyayIsTyaJ4a66dO96nrbmGiEGqWJjUTu1HOOWLT8vYE8FNlg2OiJsfMY_qCYz_67KYIejN885L8XqYqQ3FTo3HXPpX59KhjDQZIGVva11qhNgjOyMmV1JcXleyF0ikHMrpO5WEkk9B4I6wD=s0-d-e1-ft#http:\/\/storage.prezly.com\/57\/134e60add111e394113513bce96144\/sushidaily_carrefour-2873.jpg\" \/>\n<meta name=\"author\" content=\"fbf_admin\" \/>\n<meta name=\"twitter:card\" content=\"summary_large_image\" \/>\n<meta name=\"twitter:label1\" content=\"\u00c9crit par\" \/>\n\t<meta name=\"twitter:data1\" content=\"fbf_admin\" \/>\n\t<meta name=\"twitter:label2\" content=\"Dur\u00e9e de lecture estim\u00e9e\" \/>\n\t<meta name=\"twitter:data2\" content=\"2 minutes\" \/>\n<script type=\"application\/ld+json\" class=\"yoast-schema-graph\">{\"@context\":\"https:\/\/schema.org\",\"@graph\":[{\"@type\":\"WebPage\",\"@id\":\"https:\/\/www.fbf-bff.be\/fr\/un-nouveau-sushi-daily-dans-lhypermarche-darlon\/\",\"url\":\"https:\/\/www.fbf-bff.be\/fr\/un-nouveau-sushi-daily-dans-lhypermarche-darlon\/\",\"name\":\"Un nouveau Sushi Daily dans l&#8217;hypermarch\u00e9 d&#8217;Arlon - F\u00e9d\u00e9ration Belge de la Franchise\",\"isPartOf\":{\"@id\":\"https:\/\/www.fbf-bff.be\/#website\"},\"primaryImageOfPage\":{\"@id\":\"https:\/\/www.fbf-bff.be\/fr\/un-nouveau-sushi-daily-dans-lhypermarche-darlon\/#primaryimage\"},\"image\":{\"@id\":\"https:\/\/www.fbf-bff.be\/fr\/un-nouveau-sushi-daily-dans-lhypermarche-darlon\/#primaryimage\"},\"thumbnailUrl\":\"https:\/\/ci5.googleusercontent.com\/proxy\/HEniOyayIsTyaJ4a66dO96nrbmGiEGqWJjUTu1HOOWLT8vYE8FNlg2OiJsfMY_qCYz_67KYIejN885L8XqYqQ3FTo3HXPpX59KhjDQZIGVva11qhNgjOyMmV1JcXleyF0ikHMrpO5WEkk9B4I6wD=s0-d-e1-ft#http:\/\/storage.prezly.com\/57\/134e60add111e394113513bce96144\/sushidaily_carrefour-2873.jpg\",\"datePublished\":\"2015-02-08T23:00:00+00:00\",\"dateModified\":\"2015-02-08T23:00:00+00:00\",\"author\":{\"@id\":\"https:\/\/www.fbf-bff.be\/#\/schema\/person\/73a9cbee87288cba2b06e3fc29244fe7\"},\"breadcrumb\":{\"@id\":\"https:\/\/www.fbf-bff.be\/fr\/un-nouveau-sushi-daily-dans-lhypermarche-darlon\/#breadcrumb\"},\"inLanguage\":\"fr-FR\",\"potentialAction\":[{\"@type\":\"ReadAction\",\"target\":[\"https:\/\/www.fbf-bff.be\/fr\/un-nouveau-sushi-daily-dans-lhypermarche-darlon\/\"]}]},{\"@type\":\"ImageObject\",\"inLanguage\":\"fr-FR\",\"@id\":\"https:\/\/www.fbf-bff.be\/fr\/un-nouveau-sushi-daily-dans-lhypermarche-darlon\/#primaryimage\",\"url\":\"https:\/\/ci5.googleusercontent.com\/proxy\/HEniOyayIsTyaJ4a66dO96nrbmGiEGqWJjUTu1HOOWLT8vYE8FNlg2OiJsfMY_qCYz_67KYIejN885L8XqYqQ3FTo3HXPpX59KhjDQZIGVva11qhNgjOyMmV1JcXleyF0ikHMrpO5WEkk9B4I6wD=s0-d-e1-ft#http:\/\/storage.prezly.com\/57\/134e60add111e394113513bce96144\/sushidaily_carrefour-2873.jpg\",\"contentUrl\":\"https:\/\/ci5.googleusercontent.com\/proxy\/HEniOyayIsTyaJ4a66dO96nrbmGiEGqWJjUTu1HOOWLT8vYE8FNlg2OiJsfMY_qCYz_67KYIejN885L8XqYqQ3FTo3HXPpX59KhjDQZIGVva11qhNgjOyMmV1JcXleyF0ikHMrpO5WEkk9B4I6wD=s0-d-e1-ft#http:\/\/storage.prezly.com\/57\/134e60add111e394113513bce96144\/sushidaily_carrefour-2873.jpg\"},{\"@type\":\"BreadcrumbList\",\"@id\":\"https:\/\/www.fbf-bff.be\/fr\/un-nouveau-sushi-daily-dans-lhypermarche-darlon\/#breadcrumb\",\"itemListElement\":[{\"@type\":\"ListItem\",\"position\":1,\"name\":\"Home\",\"item\":\"https:\/\/www.fbf-bff.be\/fr\/\"},{\"@type\":\"ListItem\",\"position\":2,\"name\":\"Un nouveau Sushi Daily dans l&#8217;hypermarch\u00e9 d&#8217;Arlon\"}]},{\"@type\":\"WebSite\",\"@id\":\"https:\/\/www.fbf-bff.be\/#website\",\"url\":\"https:\/\/www.fbf-bff.be\/\",\"name\":\"F\u00e9d\u00e9ration Belge de la Franchise\",\"description\":\"Pour r\u00e9ussir ensemblee\",\"potentialAction\":[{\"@type\":\"SearchAction\",\"target\":{\"@type\":\"EntryPoint\",\"urlTemplate\":\"https:\/\/www.fbf-bff.be\/?s={search_term_string}\"},\"query-input\":{\"@type\":\"PropertyValueSpecification\",\"valueRequired\":true,\"valueName\":\"search_term_string\"}}],\"inLanguage\":\"fr-FR\"},{\"@type\":\"Person\",\"@id\":\"https:\/\/www.fbf-bff.be\/#\/schema\/person\/73a9cbee87288cba2b06e3fc29244fe7\",\"name\":\"fbf_admin\",\"image\":{\"@type\":\"ImageObject\",\"inLanguage\":\"fr-FR\",\"@id\":\"https:\/\/www.fbf-bff.be\/#\/schema\/person\/image\/\",\"url\":\"https:\/\/secure.gravatar.com\/avatar\/20f6483dbe2a69e0999ddcdd1744b7f7?s=96&d=mm&r=g\",\"contentUrl\":\"https:\/\/secure.gravatar.com\/avatar\/20f6483dbe2a69e0999ddcdd1744b7f7?s=96&d=mm&r=g\",\"caption\":\"fbf_admin\"}}]}<\/script>\n<!-- \/ Yoast SEO plugin. -->","yoast_head_json":{"title":"Un nouveau Sushi Daily dans l&#8217;hypermarch\u00e9 d&#8217;Arlon - F\u00e9d\u00e9ration Belge de la Franchise","robots":{"index":"index","follow":"follow","max-snippet":"max-snippet:-1","max-image-preview":"max-image-preview:large","max-video-preview":"max-video-preview:-1"},"canonical":"https:\/\/www.fbf-bff.be\/fr\/un-nouveau-sushi-daily-dans-lhypermarche-darlon\/","og_locale":"fr_FR","og_type":"article","og_title":"Un nouveau Sushi Daily dans l&#8217;hypermarch\u00e9 d&#8217;Arlon - F\u00e9d\u00e9ration Belge de la Franchise","og_description":"Le 29 juillet 2011, Carrefour ouvrait son premier bar \u00e0 sushis \u00e0 Auderghem (Bruxelles),une v\u00e9ritable innovation dans le monde de la distribution en Belgique. Le succ\u00e8s fut imm\u00e9diat.et depuis, le concept a essaim\u00e9 jusque dans les Carrefour Market. En d\u00e9but de ce mois de f\u00e9vrier 2015, l\u2019hypermarch\u00e9 Carrefour d\u2019Arlon inaugurait ...","og_url":"https:\/\/www.fbf-bff.be\/fr\/un-nouveau-sushi-daily-dans-lhypermarche-darlon\/","og_site_name":"F\u00e9d\u00e9ration Belge de la Franchise","article_published_time":"2015-02-08T23:00:00+00:00","og_image":[{"url":"https:\/\/ci5.googleusercontent.com\/proxy\/HEniOyayIsTyaJ4a66dO96nrbmGiEGqWJjUTu1HOOWLT8vYE8FNlg2OiJsfMY_qCYz_67KYIejN885L8XqYqQ3FTo3HXPpX59KhjDQZIGVva11qhNgjOyMmV1JcXleyF0ikHMrpO5WEkk9B4I6wD=s0-d-e1-ft#http:\/\/storage.prezly.com\/57\/134e60add111e394113513bce96144\/sushidaily_carrefour-2873.jpg"}],"author":"fbf_admin","twitter_card":"summary_large_image","twitter_misc":{"\u00c9crit par":"fbf_admin","Dur\u00e9e de lecture estim\u00e9e":"2 minutes"},"schema":{"@context":"https:\/\/schema.org","@graph":[{"@type":"WebPage","@id":"https:\/\/www.fbf-bff.be\/fr\/un-nouveau-sushi-daily-dans-lhypermarche-darlon\/","url":"https:\/\/www.fbf-bff.be\/fr\/un-nouveau-sushi-daily-dans-lhypermarche-darlon\/","name":"Un nouveau Sushi Daily dans l&#8217;hypermarch\u00e9 d&#8217;Arlon - F\u00e9d\u00e9ration Belge de la Franchise","isPartOf":{"@id":"https:\/\/www.fbf-bff.be\/#website"},"primaryImageOfPage":{"@id":"https:\/\/www.fbf-bff.be\/fr\/un-nouveau-sushi-daily-dans-lhypermarche-darlon\/#primaryimage"},"image":{"@id":"https:\/\/www.fbf-bff.be\/fr\/un-nouveau-sushi-daily-dans-lhypermarche-darlon\/#primaryimage"},"thumbnailUrl":"https:\/\/ci5.googleusercontent.com\/proxy\/HEniOyayIsTyaJ4a66dO96nrbmGiEGqWJjUTu1HOOWLT8vYE8FNlg2OiJsfMY_qCYz_67KYIejN885L8XqYqQ3FTo3HXPpX59KhjDQZIGVva11qhNgjOyMmV1JcXleyF0ikHMrpO5WEkk9B4I6wD=s0-d-e1-ft#http:\/\/storage.prezly.com\/57\/134e60add111e394113513bce96144\/sushidaily_carrefour-2873.jpg","datePublished":"2015-02-08T23:00:00+00:00","dateModified":"2015-02-08T23:00:00+00:00","author":{"@id":"https:\/\/www.fbf-bff.be\/#\/schema\/person\/73a9cbee87288cba2b06e3fc29244fe7"},"breadcrumb":{"@id":"https:\/\/www.fbf-bff.be\/fr\/un-nouveau-sushi-daily-dans-lhypermarche-darlon\/#breadcrumb"},"inLanguage":"fr-FR","potentialAction":[{"@type":"ReadAction","target":["https:\/\/www.fbf-bff.be\/fr\/un-nouveau-sushi-daily-dans-lhypermarche-darlon\/"]}]},{"@type":"ImageObject","inLanguage":"fr-FR","@id":"https:\/\/www.fbf-bff.be\/fr\/un-nouveau-sushi-daily-dans-lhypermarche-darlon\/#primaryimage","url":"https:\/\/ci5.googleusercontent.com\/proxy\/HEniOyayIsTyaJ4a66dO96nrbmGiEGqWJjUTu1HOOWLT8vYE8FNlg2OiJsfMY_qCYz_67KYIejN885L8XqYqQ3FTo3HXPpX59KhjDQZIGVva11qhNgjOyMmV1JcXleyF0ikHMrpO5WEkk9B4I6wD=s0-d-e1-ft#http:\/\/storage.prezly.com\/57\/134e60add111e394113513bce96144\/sushidaily_carrefour-2873.jpg","contentUrl":"https:\/\/ci5.googleusercontent.com\/proxy\/HEniOyayIsTyaJ4a66dO96nrbmGiEGqWJjUTu1HOOWLT8vYE8FNlg2OiJsfMY_qCYz_67KYIejN885L8XqYqQ3FTo3HXPpX59KhjDQZIGVva11qhNgjOyMmV1JcXleyF0ikHMrpO5WEkk9B4I6wD=s0-d-e1-ft#http:\/\/storage.prezly.com\/57\/134e60add111e394113513bce96144\/sushidaily_carrefour-2873.jpg"},{"@type":"BreadcrumbList","@id":"https:\/\/www.fbf-bff.be\/fr\/un-nouveau-sushi-daily-dans-lhypermarche-darlon\/#breadcrumb","itemListElement":[{"@type":"ListItem","position":1,"name":"Home","item":"https:\/\/www.fbf-bff.be\/fr\/"},{"@type":"ListItem","position":2,"name":"Un nouveau Sushi Daily dans l&#8217;hypermarch\u00e9 d&#8217;Arlon"}]},{"@type":"WebSite","@id":"https:\/\/www.fbf-bff.be\/#website","url":"https:\/\/www.fbf-bff.be\/","name":"F\u00e9d\u00e9ration Belge de la Franchise","description":"Pour r\u00e9ussir ensemblee","potentialAction":[{"@type":"SearchAction","target":{"@type":"EntryPoint","urlTemplate":"https:\/\/www.fbf-bff.be\/?s={search_term_string}"},"query-input":{"@type":"PropertyValueSpecification","valueRequired":true,"valueName":"search_term_string"}}],"inLanguage":"fr-FR"},{"@type":"Person","@id":"https:\/\/www.fbf-bff.be\/#\/schema\/person\/73a9cbee87288cba2b06e3fc29244fe7","name":"fbf_admin","image":{"@type":"ImageObject","inLanguage":"fr-FR","@id":"https:\/\/www.fbf-bff.be\/#\/schema\/person\/image\/","url":"https:\/\/secure.gravatar.com\/avatar\/20f6483dbe2a69e0999ddcdd1744b7f7?s=96&d=mm&r=g","contentUrl":"https:\/\/secure.gravatar.com\/avatar\/20f6483dbe2a69e0999ddcdd1744b7f7?s=96&d=mm&r=g","caption":"fbf_admin"}}]}},"_links":{"self":[{"href":"https:\/\/www.fbf-bff.be\/fr\/wp-json\/wp\/v2\/posts\/7396"}],"collection":[{"href":"https:\/\/www.fbf-bff.be\/fr\/wp-json\/wp\/v2\/posts"}],"about":[{"href":"https:\/\/www.fbf-bff.be\/fr\/wp-json\/wp\/v2\/types\/post"}],"author":[{"embeddable":true,"href":"https:\/\/www.fbf-bff.be\/fr\/wp-json\/wp\/v2\/users\/1"}],"replies":[{"embeddable":true,"href":"https:\/\/www.fbf-bff.be\/fr\/wp-json\/wp\/v2\/comments?post=7396"}],"version-history":[{"count":0,"href":"https:\/\/www.fbf-bff.be\/fr\/wp-json\/wp\/v2\/posts\/7396\/revisions"}],"wp:attachment":[{"href":"https:\/\/www.fbf-bff.be\/fr\/wp-json\/wp\/v2\/media?parent=7396"}],"wp:term":[{"taxonomy":"category","embeddable":true,"href":"https:\/\/www.fbf-bff.be\/fr\/wp-json\/wp\/v2\/categories?post=7396"},{"taxonomy":"post_tag","embeddable":true,"href":"https:\/\/www.fbf-bff.be\/fr\/wp-json\/wp\/v2\/tags?post=7396"}],"curies":[{"name":"wp","href":"https:\/\/api.w.org\/{rel}","templated":true}]}}