{"id":7388,"date":"2015-02-01T00:00:00","date_gmt":"2015-01-31T23:00:00","guid":{"rendered":"https:\/\/www.fbf-bff.be\/table-ronde-sur-linternationalisation-le-26-fevrier-2015-a-berlin\/"},"modified":"2015-02-01T00:00:00","modified_gmt":"2015-01-31T23:00:00","slug":"table-ronde-sur-linternationalisation-le-26-fevrier-2015-a-berlin","status":"publish","type":"post","link":"https:\/\/www.fbf-bff.be\/fr\/table-ronde-sur-linternationalisation-le-26-fevrier-2015-a-berlin\/","title":{"rendered":"Table Ronde sur l\u2019internationalisation le 26 f\u00e9vrier 2015 \u00e0 Berlin."},"content":{"rendered":"<p><!--[if gte mso 9]&gt;        &lt;![endif]--><\/p><!--[if gte mso 9]&gt;        &lt;![endif]-->  <p class=\"MsoNormal\"><font style=\"font-size: 14px\"><span style=\"font-family: Arial\"><span lang=\"FR-BE\">La F\u00e9d\u00e9ration Allemande de la Franchise organise une <span style=\"font-weight: bold\">table ronde<\/span> pour tous les franchiseurs souhaitant se d\u00e9velopper en Allemagne. Tout r\u00e9seau souhaitant se d\u00e9velopper en Allemagne est le bienvenu. <\/span><\/span><\/font><\/p><p class=\"MsoNormal\"><font style=\"font-size: 14px\"><span style=\"font-family: Arial\"><span lang=\"FR-BE\">Les participants auront la possibilit\u00e9 de recevoir de la documentation sur le savoir-faire d\u2019autres experts et franchiseurs \u00e0 propos du march\u00e9 allemand. Le meeting sera pris en charge par un de leur membres prestigieux\u00a0: <span style=\"font-weight: bold\">Mail Boxes Etc<\/span>. (MBE)<\/span><\/span><\/font><\/p><p class=\"MsoNormal\"><font style=\"font-size: 14px\"><span style=\"font-family: Arial\"><span lang=\"FR-BE\"><br><\/span><\/span><\/font><\/p><p class=\"MsoNormal\"><span style=\"font-weight: bold\"><font style=\"font-size: 14px\"><span style=\"font-family: Arial\"><span lang=\"FR-BE\">Information Pratiques: <\/span><\/span><\/font><\/span><br><!--[if gte mso 9]&gt;        &lt;![endif]--><\/p><p class=\"MsoNormal\"><!--[if gte mso 9]&gt;     Normal   0         21         false   false   false      NL-BE   X-NONE   X-NONE                                                                                             &lt;![endif]--><!--[if gte mso 9]&gt;                                                                                                                                                                                                                                                                                                                                                                                                                                &lt;![endif]--><!--[if gte mso 10]&gt;   \/* Style Definitions *\/  table.MsoNormalTable \t{mso-style-name:\"Tableau Normal\"; \tmso-tstyle-rowband-size:0; \tmso-tstyle-colband-size:0; \tmso-style-noshow:yes; \tmso-style-priority:99; \tmso-style-parent:\"\"; \tmso-padding-alt:0cm 5.4pt 0cm 5.4pt; \tmso-para-margin:0cm; \tmso-para-margin-bottom:.0001pt; \tmso-pagination:widow-orphan; \tfont-size:10.0pt; \tfont-family:\"Times New Roman\",\"serif\";}  &lt;![endif]--><font style=\"font-size: 14px\"><span style=\"font-family: Arial\"><span style=\"font-weight: bold\"><span style=\"font-size: 9pt;color: black\">Jeudi 26 f\u00e9vrier de 10h30 \u00e0 16h30<\/span><\/span><span style=\"font-size: 9pt;color: black\"><br> Adresse: the\u00a0Mail Boxes Etc. (MBE) system headquarters<br> Grolmanstrasse 40<br> 10623 Berlin, Allemagne<\/span><\/span><\/font><span><br> \u00a0<\/span><\/p><p class=\"MsoNormal\"><span><span style=\"font-weight: bold\">Inscription:<\/span><br> <font style=\"font-size: 14px\"><font style=\"font-size: 14px\"><span style=\"font-family: Arial\"><font style=\"font-size: 14px\"><strong>Veuillez vous inscrire via ce <a target=\"_blank\" href=\"http:\/\/www.franchiseverband.com\/interner-bereich\/franchise-barometer-umfrage\/registration-2nd-rt-international\/questionaire\/1\/\" rel=\"noopener\">lien<\/a> avant le 18 f\u00e9vrier 2015<\/strong><\/font><\/span><\/font> au plus tard. Le nombre de places est limit\u00e9 \u00e0 25 participants.<br><\/font><\/span><\/p>  <!--[if gte mso 9]&gt;     Normal   0         21         false   false   false      NL-BE   X-NONE   X-NONE                                                                                             &lt;![endif]--><!--[if gte mso 9]&gt;                                                                                                                                                                                                                                                                                                                                                                                                                                &lt;![endif]--><!--[if gte mso 10]&gt;   \/* Style Definitions *\/  table.MsoNormalTable \t{mso-style-name:\"Tableau Normal\"; \tmso-tstyle-rowband-size:0; \tmso-tstyle-colband-size:0; \tmso-style-noshow:yes; \tmso-style-priority:99; \tmso-style-parent:\"\"; \tmso-padding-alt:0cm 5.4pt 0cm 5.4pt; \tmso-para-margin-top:0cm; \tmso-para-margin-right:0cm; \tmso-para-margin-bottom:10.0pt; \tmso-para-margin-left:0cm; \tline-height:115%; \tmso-pagination:widow-orphan; \tfont-size:11.0pt; \tfont-family:\"Calibri\",\"sans-serif\"; \tmso-ascii-font-family:Calibri; \tmso-ascii-theme-font:minor-latin; \tmso-hansi-font-family:Calibri; \tmso-hansi-theme-font:minor-latin; \tmso-fareast-language:EN-US;}  &lt;![endif]-->","protected":false},"excerpt":{"rendered":"<p>  La F\u00e9d\u00e9ration Allemande de la Franchise organise une table ronde pour tous les franchiseurs souhaitant se d\u00e9velopper en Allemagne. Tout r\u00e9seau souhaitant se d\u00e9velopper en Allemagne est le bienvenu. Les participants auront la possibilit\u00e9 de recevoir de la documentation sur le savoir-faire d\u2019autres experts et franchiseurs \u00e0 propos &#8230;<\/p>\n","protected":false},"author":1,"featured_media":0,"comment_status":"closed","ping_status":"open","sticky":false,"template":"","format":"standard","meta":{"ngg_post_thumbnail":0,"footnotes":""},"categories":[41],"tags":[],"acf":[],"yoast_head":"<!-- This site is optimized with the Yoast SEO plugin v23.5 - https:\/\/yoast.com\/wordpress\/plugins\/seo\/ -->\n<title>Table Ronde sur l\u2019internationalisation le 26 f\u00e9vrier 2015 \u00e0 Berlin. - F\u00e9d\u00e9ration Belge de la Franchise<\/title>\n<meta name=\"robots\" content=\"index, follow, max-snippet:-1, max-image-preview:large, max-video-preview:-1\" \/>\n<link rel=\"canonical\" href=\"https:\/\/www.fbf-bff.be\/fr\/table-ronde-sur-linternationalisation-le-26-fevrier-2015-a-berlin\/\" \/>\n<meta property=\"og:locale\" content=\"fr_FR\" \/>\n<meta property=\"og:type\" content=\"article\" \/>\n<meta property=\"og:title\" content=\"Table Ronde sur l\u2019internationalisation le 26 f\u00e9vrier 2015 \u00e0 Berlin. - F\u00e9d\u00e9ration Belge de la Franchise\" \/>\n<meta property=\"og:description\" content=\"La F\u00e9d\u00e9ration Allemande de la Franchise organise une table ronde pour tous les franchiseurs souhaitant se d\u00e9velopper en Allemagne. Tout r\u00e9seau souhaitant se d\u00e9velopper en Allemagne est le bienvenu. Les participants auront la possibilit\u00e9 de recevoir de la documentation sur le savoir-faire d\u2019autres experts et franchiseurs \u00e0 propos ...\" \/>\n<meta property=\"og:url\" content=\"https:\/\/www.fbf-bff.be\/fr\/table-ronde-sur-linternationalisation-le-26-fevrier-2015-a-berlin\/\" \/>\n<meta property=\"og:site_name\" content=\"F\u00e9d\u00e9ration Belge de la Franchise\" \/>\n<meta property=\"article:published_time\" content=\"2015-01-31T23:00:00+00:00\" \/>\n<meta property=\"og:image\" content=\"https:\/\/www.fbf-bff.be\/wp-content\/uploads\/2017\/06\/fbf-bff-fb-cover.jpg\" \/>\n\t<meta property=\"og:image:width\" content=\"1200\" \/>\n\t<meta property=\"og:image:height\" content=\"630\" \/>\n\t<meta property=\"og:image:type\" content=\"image\/jpeg\" \/>\n<meta name=\"author\" content=\"fbf_admin\" \/>\n<meta name=\"twitter:card\" content=\"summary_large_image\" \/>\n<meta name=\"twitter:label1\" content=\"\u00c9crit par\" \/>\n\t<meta name=\"twitter:data1\" content=\"fbf_admin\" \/>\n\t<meta name=\"twitter:label2\" content=\"Dur\u00e9e de lecture estim\u00e9e\" \/>\n\t<meta name=\"twitter:data2\" content=\"1 minute\" \/>\n<script type=\"application\/ld+json\" class=\"yoast-schema-graph\">{\"@context\":\"https:\/\/schema.org\",\"@graph\":[{\"@type\":\"WebPage\",\"@id\":\"https:\/\/www.fbf-bff.be\/fr\/table-ronde-sur-linternationalisation-le-26-fevrier-2015-a-berlin\/\",\"url\":\"https:\/\/www.fbf-bff.be\/fr\/table-ronde-sur-linternationalisation-le-26-fevrier-2015-a-berlin\/\",\"name\":\"Table Ronde sur l\u2019internationalisation le 26 f\u00e9vrier 2015 \u00e0 Berlin. - F\u00e9d\u00e9ration Belge de la Franchise\",\"isPartOf\":{\"@id\":\"https:\/\/www.fbf-bff.be\/#website\"},\"datePublished\":\"2015-01-31T23:00:00+00:00\",\"dateModified\":\"2015-01-31T23:00:00+00:00\",\"author\":{\"@id\":\"https:\/\/www.fbf-bff.be\/#\/schema\/person\/73a9cbee87288cba2b06e3fc29244fe7\"},\"breadcrumb\":{\"@id\":\"https:\/\/www.fbf-bff.be\/fr\/table-ronde-sur-linternationalisation-le-26-fevrier-2015-a-berlin\/#breadcrumb\"},\"inLanguage\":\"fr-FR\",\"potentialAction\":[{\"@type\":\"ReadAction\",\"target\":[\"https:\/\/www.fbf-bff.be\/fr\/table-ronde-sur-linternationalisation-le-26-fevrier-2015-a-berlin\/\"]}]},{\"@type\":\"BreadcrumbList\",\"@id\":\"https:\/\/www.fbf-bff.be\/fr\/table-ronde-sur-linternationalisation-le-26-fevrier-2015-a-berlin\/#breadcrumb\",\"itemListElement\":[{\"@type\":\"ListItem\",\"position\":1,\"name\":\"Home\",\"item\":\"https:\/\/www.fbf-bff.be\/fr\/\"},{\"@type\":\"ListItem\",\"position\":2,\"name\":\"Table Ronde sur l\u2019internationalisation le 26 f\u00e9vrier 2015 \u00e0 Berlin.\"}]},{\"@type\":\"WebSite\",\"@id\":\"https:\/\/www.fbf-bff.be\/#website\",\"url\":\"https:\/\/www.fbf-bff.be\/\",\"name\":\"F\u00e9d\u00e9ration Belge de la Franchise\",\"description\":\"Pour r\u00e9ussir ensemblee\",\"potentialAction\":[{\"@type\":\"SearchAction\",\"target\":{\"@type\":\"EntryPoint\",\"urlTemplate\":\"https:\/\/www.fbf-bff.be\/?s={search_term_string}\"},\"query-input\":{\"@type\":\"PropertyValueSpecification\",\"valueRequired\":true,\"valueName\":\"search_term_string\"}}],\"inLanguage\":\"fr-FR\"},{\"@type\":\"Person\",\"@id\":\"https:\/\/www.fbf-bff.be\/#\/schema\/person\/73a9cbee87288cba2b06e3fc29244fe7\",\"name\":\"fbf_admin\",\"image\":{\"@type\":\"ImageObject\",\"inLanguage\":\"fr-FR\",\"@id\":\"https:\/\/www.fbf-bff.be\/#\/schema\/person\/image\/\",\"url\":\"https:\/\/secure.gravatar.com\/avatar\/20f6483dbe2a69e0999ddcdd1744b7f7?s=96&d=mm&r=g\",\"contentUrl\":\"https:\/\/secure.gravatar.com\/avatar\/20f6483dbe2a69e0999ddcdd1744b7f7?s=96&d=mm&r=g\",\"caption\":\"fbf_admin\"}}]}<\/script>\n<!-- \/ Yoast SEO plugin. -->","yoast_head_json":{"title":"Table Ronde sur l\u2019internationalisation le 26 f\u00e9vrier 2015 \u00e0 Berlin. - F\u00e9d\u00e9ration Belge de la Franchise","robots":{"index":"index","follow":"follow","max-snippet":"max-snippet:-1","max-image-preview":"max-image-preview:large","max-video-preview":"max-video-preview:-1"},"canonical":"https:\/\/www.fbf-bff.be\/fr\/table-ronde-sur-linternationalisation-le-26-fevrier-2015-a-berlin\/","og_locale":"fr_FR","og_type":"article","og_title":"Table Ronde sur l\u2019internationalisation le 26 f\u00e9vrier 2015 \u00e0 Berlin. - F\u00e9d\u00e9ration Belge de la Franchise","og_description":"La F\u00e9d\u00e9ration Allemande de la Franchise organise une table ronde pour tous les franchiseurs souhaitant se d\u00e9velopper en Allemagne. Tout r\u00e9seau souhaitant se d\u00e9velopper en Allemagne est le bienvenu. Les participants auront la possibilit\u00e9 de recevoir de la documentation sur le savoir-faire d\u2019autres experts et franchiseurs \u00e0 propos ...","og_url":"https:\/\/www.fbf-bff.be\/fr\/table-ronde-sur-linternationalisation-le-26-fevrier-2015-a-berlin\/","og_site_name":"F\u00e9d\u00e9ration Belge de la Franchise","article_published_time":"2015-01-31T23:00:00+00:00","og_image":[{"width":1200,"height":630,"url":"https:\/\/www.fbf-bff.be\/wp-content\/uploads\/2017\/06\/fbf-bff-fb-cover.jpg","type":"image\/jpeg"}],"author":"fbf_admin","twitter_card":"summary_large_image","twitter_misc":{"\u00c9crit par":"fbf_admin","Dur\u00e9e de lecture estim\u00e9e":"1 minute"},"schema":{"@context":"https:\/\/schema.org","@graph":[{"@type":"WebPage","@id":"https:\/\/www.fbf-bff.be\/fr\/table-ronde-sur-linternationalisation-le-26-fevrier-2015-a-berlin\/","url":"https:\/\/www.fbf-bff.be\/fr\/table-ronde-sur-linternationalisation-le-26-fevrier-2015-a-berlin\/","name":"Table Ronde sur l\u2019internationalisation le 26 f\u00e9vrier 2015 \u00e0 Berlin. - F\u00e9d\u00e9ration Belge de la Franchise","isPartOf":{"@id":"https:\/\/www.fbf-bff.be\/#website"},"datePublished":"2015-01-31T23:00:00+00:00","dateModified":"2015-01-31T23:00:00+00:00","author":{"@id":"https:\/\/www.fbf-bff.be\/#\/schema\/person\/73a9cbee87288cba2b06e3fc29244fe7"},"breadcrumb":{"@id":"https:\/\/www.fbf-bff.be\/fr\/table-ronde-sur-linternationalisation-le-26-fevrier-2015-a-berlin\/#breadcrumb"},"inLanguage":"fr-FR","potentialAction":[{"@type":"ReadAction","target":["https:\/\/www.fbf-bff.be\/fr\/table-ronde-sur-linternationalisation-le-26-fevrier-2015-a-berlin\/"]}]},{"@type":"BreadcrumbList","@id":"https:\/\/www.fbf-bff.be\/fr\/table-ronde-sur-linternationalisation-le-26-fevrier-2015-a-berlin\/#breadcrumb","itemListElement":[{"@type":"ListItem","position":1,"name":"Home","item":"https:\/\/www.fbf-bff.be\/fr\/"},{"@type":"ListItem","position":2,"name":"Table Ronde sur l\u2019internationalisation le 26 f\u00e9vrier 2015 \u00e0 Berlin."}]},{"@type":"WebSite","@id":"https:\/\/www.fbf-bff.be\/#website","url":"https:\/\/www.fbf-bff.be\/","name":"F\u00e9d\u00e9ration Belge de la Franchise","description":"Pour r\u00e9ussir ensemblee","potentialAction":[{"@type":"SearchAction","target":{"@type":"EntryPoint","urlTemplate":"https:\/\/www.fbf-bff.be\/?s={search_term_string}"},"query-input":{"@type":"PropertyValueSpecification","valueRequired":true,"valueName":"search_term_string"}}],"inLanguage":"fr-FR"},{"@type":"Person","@id":"https:\/\/www.fbf-bff.be\/#\/schema\/person\/73a9cbee87288cba2b06e3fc29244fe7","name":"fbf_admin","image":{"@type":"ImageObject","inLanguage":"fr-FR","@id":"https:\/\/www.fbf-bff.be\/#\/schema\/person\/image\/","url":"https:\/\/secure.gravatar.com\/avatar\/20f6483dbe2a69e0999ddcdd1744b7f7?s=96&d=mm&r=g","contentUrl":"https:\/\/secure.gravatar.com\/avatar\/20f6483dbe2a69e0999ddcdd1744b7f7?s=96&d=mm&r=g","caption":"fbf_admin"}}]}},"_links":{"self":[{"href":"https:\/\/www.fbf-bff.be\/fr\/wp-json\/wp\/v2\/posts\/7388"}],"collection":[{"href":"https:\/\/www.fbf-bff.be\/fr\/wp-json\/wp\/v2\/posts"}],"about":[{"href":"https:\/\/www.fbf-bff.be\/fr\/wp-json\/wp\/v2\/types\/post"}],"author":[{"embeddable":true,"href":"https:\/\/www.fbf-bff.be\/fr\/wp-json\/wp\/v2\/users\/1"}],"replies":[{"embeddable":true,"href":"https:\/\/www.fbf-bff.be\/fr\/wp-json\/wp\/v2\/comments?post=7388"}],"version-history":[{"count":0,"href":"https:\/\/www.fbf-bff.be\/fr\/wp-json\/wp\/v2\/posts\/7388\/revisions"}],"wp:attachment":[{"href":"https:\/\/www.fbf-bff.be\/fr\/wp-json\/wp\/v2\/media?parent=7388"}],"wp:term":[{"taxonomy":"category","embeddable":true,"href":"https:\/\/www.fbf-bff.be\/fr\/wp-json\/wp\/v2\/categories?post=7388"},{"taxonomy":"post_tag","embeddable":true,"href":"https:\/\/www.fbf-bff.be\/fr\/wp-json\/wp\/v2\/tags?post=7388"}],"curies":[{"name":"wp","href":"https:\/\/api.w.org\/{rel}","templated":true}]}}