{"id":7318,"date":"2015-01-05T00:00:00","date_gmt":"2015-01-04T23:00:00","guid":{"rendered":"https:\/\/www.fbf-bff.be\/bilan-2014-positif-pour-le-reseau-daniel-moquet-signe-vos-allees\/"},"modified":"2015-01-05T00:00:00","modified_gmt":"2015-01-04T23:00:00","slug":"bilan-2014-positif-pour-le-reseau-daniel-moquet-signe-vos-allees","status":"publish","type":"post","link":"https:\/\/www.fbf-bff.be\/fr\/bilan-2014-positif-pour-le-reseau-daniel-moquet-signe-vos-allees\/","title":{"rendered":"Bilan 2014 positif pour le r\u00e9seau Daniel Moquet signe vos all\u00e9es"},"content":{"rendered":"<p class=\"MsoNormal\" style=\"margin: 0cm 0cm 0.0001pt;line-height: normal;font-size: 11pt;font-family: Calibri, sans-serif;text-align: justify\"><span style=\"font-size: 11pt\">L\u2019ann\u00e9e 2014 a \u00e9t\u00e9 marquante pour le r\u00e9seau Daniel Moquet signe vos all\u00e9es.<\/span><br><\/p><p class=\"MsoNormal\" style=\"margin: 0cm 0cm 0.0001pt;line-height: normal;font-size: 11pt;font-family: Calibri, sans-serif;text-align: justify\"><br><\/p><p class=\"MsoNormal\" style=\"margin: 0cm 0cm 0.0001pt;line-height: normal;font-size: 11pt;font-family: Calibri, sans-serif;text-align: justify\">Voici une petite r\u00e9trospective: en tout d\u00e9but d\u2019ann\u00e9e, les franchis\u00e9s ont \u00e9t\u00e9 \u00e9quip\u00e9s d\u2019un nouvel outil de commercialisation\u00a0: une application, exclusive au r\u00e9seau, leur permettant d\u2019effectuer des visualisations 3D de l\u2019am\u00e9nagement ext\u00e9rieur de leurs clients. Une belle campagne de communication nationale a \u00e9t\u00e9 r\u00e9alis\u00e9e avec notamment le parrainage t\u00e9l\u00e9 du Loto sur TF1 et la mise en place du nouveau site internet \u00e0 destination des clients. Plusieurs caps ont \u00e9t\u00e9 franchis, et plusieurs anniversaires f\u00eat\u00e9s en 2014\u00a0: les 10 ans du r\u00e9seau et les 60 du cr\u00e9ateur de la franchise Daniel Moquet ont \u00e9t\u00e9 f\u00eat\u00e9s, le 100<sup>\u00e8me<\/sup>\u00a0franchis\u00e9 est \u00e9galement arriv\u00e9 dans le r\u00e9seau. Toujours dans les caps pass\u00e9s, le r\u00e9seau s\u2019est ouvert \u00e0 l\u2019international avec\u00a0<b>l\u2019ouverture de la premi\u00e8re franchise en Belgique en mars<\/b>.\u00a0<\/p><p class=\"MsoNormal\" style=\"margin: 0cm 0cm 0.0001pt;line-height: normal;font-size: 11pt;font-family: Calibri, sans-serif;text-align: justify\"><br><\/p><p class=\"MsoNormal\" style=\"margin: 0cm 0cm 0.0001pt;line-height: normal;font-size: 11pt;font-family: Calibri, sans-serif;text-align: justify\">Du point de vue du d\u00e9veloppement, 12 entreprises ont vues le jour, ce qui correspondait aux objectifs du r\u00e9seau. Tous ces \u00e9v\u00e8nements marquants ne sont pas anodins dans l\u2019\u00e9volution du chiffre d\u2019affaires du r\u00e9seau qui a progress\u00e9 de 15.5% pour atteindre \u20ac 52 millions.<u><\/u><u><\/u><\/p><p class=\"MsoNormal\" style=\"margin: 0cm 0cm 0.0001pt;line-height: normal;font-size: 11pt;font-family: Calibri, sans-serif;text-align: justify\"><br><\/p><p class=\"MsoNormal\" style=\"margin: 0cm 0cm 0.0001pt;line-height: normal;font-size: 11pt;font-family: Calibri, sans-serif;text-align: justify\">Le r\u00e9seau Daniel Moquet signe vos all\u00e9es compte donc continuer sur cette lanc\u00e9e pour les ann\u00e9es \u00e0 venir.<\/p><p class=\"MsoNormal\" style=\"margin: 0cm 0cm 0.0001pt;line-height: normal;font-size: 11pt;font-family: Calibri, sans-serif;text-align: justify\"><br><\/p><p class=\"MsoNormal\" style=\"margin: 0cm 0cm 0.0001pt;line-height: normal;font-size: 11pt;font-family: Calibri, sans-serif;text-align: justify\">Source : Daniel Moquet<\/p>","protected":false},"excerpt":{"rendered":"<p>L\u2019ann\u00e9e 2014 a \u00e9t\u00e9 marquante pour le r\u00e9seau Daniel Moquet signe vos all\u00e9es.Voici une petite r\u00e9trospective: en tout d\u00e9but d\u2019ann\u00e9e, les franchis\u00e9s ont \u00e9t\u00e9 \u00e9quip\u00e9s d\u2019un nouvel outil de commercialisation\u00a0: une application, exclusive au r\u00e9seau, leur permettant d\u2019effectuer des visualisations 3D de l\u2019am\u00e9nagement ext\u00e9rieur de leurs clients. Une belle campagne &#8230;<\/p>\n","protected":false},"author":1,"featured_media":0,"comment_status":"closed","ping_status":"open","sticky":false,"template":"","format":"standard","meta":{"ngg_post_thumbnail":0,"footnotes":""},"categories":[41],"tags":[],"acf":[],"yoast_head":"<!-- This site is optimized with the Yoast SEO plugin v23.5 - https:\/\/yoast.com\/wordpress\/plugins\/seo\/ -->\n<title>Bilan 2014 positif pour le r\u00e9seau Daniel Moquet signe vos all\u00e9es - F\u00e9d\u00e9ration Belge de la Franchise<\/title>\n<meta name=\"robots\" content=\"index, follow, max-snippet:-1, max-image-preview:large, max-video-preview:-1\" \/>\n<link rel=\"canonical\" href=\"https:\/\/www.fbf-bff.be\/fr\/bilan-2014-positif-pour-le-reseau-daniel-moquet-signe-vos-allees\/\" \/>\n<meta property=\"og:locale\" content=\"fr_FR\" \/>\n<meta property=\"og:type\" content=\"article\" \/>\n<meta property=\"og:title\" content=\"Bilan 2014 positif pour le r\u00e9seau Daniel Moquet signe vos all\u00e9es - F\u00e9d\u00e9ration Belge de la Franchise\" \/>\n<meta property=\"og:description\" content=\"L\u2019ann\u00e9e 2014 a \u00e9t\u00e9 marquante pour le r\u00e9seau Daniel Moquet signe vos all\u00e9es.Voici une petite r\u00e9trospective: en tout d\u00e9but d\u2019ann\u00e9e, les franchis\u00e9s ont \u00e9t\u00e9 \u00e9quip\u00e9s d\u2019un nouvel outil de commercialisation\u00a0: une application, exclusive au r\u00e9seau, leur permettant d\u2019effectuer des visualisations 3D de l\u2019am\u00e9nagement ext\u00e9rieur de leurs clients. Une belle campagne ...\" \/>\n<meta property=\"og:url\" content=\"https:\/\/www.fbf-bff.be\/fr\/bilan-2014-positif-pour-le-reseau-daniel-moquet-signe-vos-allees\/\" \/>\n<meta property=\"og:site_name\" content=\"F\u00e9d\u00e9ration Belge de la Franchise\" \/>\n<meta property=\"article:published_time\" content=\"2015-01-04T23:00:00+00:00\" \/>\n<meta property=\"og:image\" content=\"https:\/\/www.fbf-bff.be\/wp-content\/uploads\/2017\/06\/fbf-bff-fb-cover.jpg\" \/>\n\t<meta property=\"og:image:width\" content=\"1200\" \/>\n\t<meta property=\"og:image:height\" content=\"630\" \/>\n\t<meta property=\"og:image:type\" content=\"image\/jpeg\" \/>\n<meta name=\"author\" content=\"fbf_admin\" \/>\n<meta name=\"twitter:card\" content=\"summary_large_image\" \/>\n<meta name=\"twitter:label1\" content=\"\u00c9crit par\" \/>\n\t<meta name=\"twitter:data1\" content=\"fbf_admin\" \/>\n\t<meta name=\"twitter:label2\" content=\"Dur\u00e9e de lecture estim\u00e9e\" \/>\n\t<meta name=\"twitter:data2\" content=\"1 minute\" \/>\n<script type=\"application\/ld+json\" class=\"yoast-schema-graph\">{\"@context\":\"https:\/\/schema.org\",\"@graph\":[{\"@type\":\"WebPage\",\"@id\":\"https:\/\/www.fbf-bff.be\/fr\/bilan-2014-positif-pour-le-reseau-daniel-moquet-signe-vos-allees\/\",\"url\":\"https:\/\/www.fbf-bff.be\/fr\/bilan-2014-positif-pour-le-reseau-daniel-moquet-signe-vos-allees\/\",\"name\":\"Bilan 2014 positif pour le r\u00e9seau Daniel Moquet signe vos all\u00e9es - F\u00e9d\u00e9ration Belge de la Franchise\",\"isPartOf\":{\"@id\":\"https:\/\/www.fbf-bff.be\/#website\"},\"datePublished\":\"2015-01-04T23:00:00+00:00\",\"dateModified\":\"2015-01-04T23:00:00+00:00\",\"author\":{\"@id\":\"https:\/\/www.fbf-bff.be\/#\/schema\/person\/73a9cbee87288cba2b06e3fc29244fe7\"},\"breadcrumb\":{\"@id\":\"https:\/\/www.fbf-bff.be\/fr\/bilan-2014-positif-pour-le-reseau-daniel-moquet-signe-vos-allees\/#breadcrumb\"},\"inLanguage\":\"fr-FR\",\"potentialAction\":[{\"@type\":\"ReadAction\",\"target\":[\"https:\/\/www.fbf-bff.be\/fr\/bilan-2014-positif-pour-le-reseau-daniel-moquet-signe-vos-allees\/\"]}]},{\"@type\":\"BreadcrumbList\",\"@id\":\"https:\/\/www.fbf-bff.be\/fr\/bilan-2014-positif-pour-le-reseau-daniel-moquet-signe-vos-allees\/#breadcrumb\",\"itemListElement\":[{\"@type\":\"ListItem\",\"position\":1,\"name\":\"Home\",\"item\":\"https:\/\/www.fbf-bff.be\/fr\/\"},{\"@type\":\"ListItem\",\"position\":2,\"name\":\"Bilan 2014 positif pour le r\u00e9seau Daniel Moquet signe vos all\u00e9es\"}]},{\"@type\":\"WebSite\",\"@id\":\"https:\/\/www.fbf-bff.be\/#website\",\"url\":\"https:\/\/www.fbf-bff.be\/\",\"name\":\"F\u00e9d\u00e9ration Belge de la Franchise\",\"description\":\"Pour r\u00e9ussir ensemblee\",\"potentialAction\":[{\"@type\":\"SearchAction\",\"target\":{\"@type\":\"EntryPoint\",\"urlTemplate\":\"https:\/\/www.fbf-bff.be\/?s={search_term_string}\"},\"query-input\":{\"@type\":\"PropertyValueSpecification\",\"valueRequired\":true,\"valueName\":\"search_term_string\"}}],\"inLanguage\":\"fr-FR\"},{\"@type\":\"Person\",\"@id\":\"https:\/\/www.fbf-bff.be\/#\/schema\/person\/73a9cbee87288cba2b06e3fc29244fe7\",\"name\":\"fbf_admin\",\"image\":{\"@type\":\"ImageObject\",\"inLanguage\":\"fr-FR\",\"@id\":\"https:\/\/www.fbf-bff.be\/#\/schema\/person\/image\/\",\"url\":\"https:\/\/secure.gravatar.com\/avatar\/20f6483dbe2a69e0999ddcdd1744b7f7?s=96&d=mm&r=g\",\"contentUrl\":\"https:\/\/secure.gravatar.com\/avatar\/20f6483dbe2a69e0999ddcdd1744b7f7?s=96&d=mm&r=g\",\"caption\":\"fbf_admin\"}}]}<\/script>\n<!-- \/ Yoast SEO plugin. -->","yoast_head_json":{"title":"Bilan 2014 positif pour le r\u00e9seau Daniel Moquet signe vos all\u00e9es - F\u00e9d\u00e9ration Belge de la Franchise","robots":{"index":"index","follow":"follow","max-snippet":"max-snippet:-1","max-image-preview":"max-image-preview:large","max-video-preview":"max-video-preview:-1"},"canonical":"https:\/\/www.fbf-bff.be\/fr\/bilan-2014-positif-pour-le-reseau-daniel-moquet-signe-vos-allees\/","og_locale":"fr_FR","og_type":"article","og_title":"Bilan 2014 positif pour le r\u00e9seau Daniel Moquet signe vos all\u00e9es - F\u00e9d\u00e9ration Belge de la Franchise","og_description":"L\u2019ann\u00e9e 2014 a \u00e9t\u00e9 marquante pour le r\u00e9seau Daniel Moquet signe vos all\u00e9es.Voici une petite r\u00e9trospective: en tout d\u00e9but d\u2019ann\u00e9e, les franchis\u00e9s ont \u00e9t\u00e9 \u00e9quip\u00e9s d\u2019un nouvel outil de commercialisation\u00a0: une application, exclusive au r\u00e9seau, leur permettant d\u2019effectuer des visualisations 3D de l\u2019am\u00e9nagement ext\u00e9rieur de leurs clients. Une belle campagne ...","og_url":"https:\/\/www.fbf-bff.be\/fr\/bilan-2014-positif-pour-le-reseau-daniel-moquet-signe-vos-allees\/","og_site_name":"F\u00e9d\u00e9ration Belge de la Franchise","article_published_time":"2015-01-04T23:00:00+00:00","og_image":[{"width":1200,"height":630,"url":"https:\/\/www.fbf-bff.be\/wp-content\/uploads\/2017\/06\/fbf-bff-fb-cover.jpg","type":"image\/jpeg"}],"author":"fbf_admin","twitter_card":"summary_large_image","twitter_misc":{"\u00c9crit par":"fbf_admin","Dur\u00e9e de lecture estim\u00e9e":"1 minute"},"schema":{"@context":"https:\/\/schema.org","@graph":[{"@type":"WebPage","@id":"https:\/\/www.fbf-bff.be\/fr\/bilan-2014-positif-pour-le-reseau-daniel-moquet-signe-vos-allees\/","url":"https:\/\/www.fbf-bff.be\/fr\/bilan-2014-positif-pour-le-reseau-daniel-moquet-signe-vos-allees\/","name":"Bilan 2014 positif pour le r\u00e9seau Daniel Moquet signe vos all\u00e9es - F\u00e9d\u00e9ration Belge de la Franchise","isPartOf":{"@id":"https:\/\/www.fbf-bff.be\/#website"},"datePublished":"2015-01-04T23:00:00+00:00","dateModified":"2015-01-04T23:00:00+00:00","author":{"@id":"https:\/\/www.fbf-bff.be\/#\/schema\/person\/73a9cbee87288cba2b06e3fc29244fe7"},"breadcrumb":{"@id":"https:\/\/www.fbf-bff.be\/fr\/bilan-2014-positif-pour-le-reseau-daniel-moquet-signe-vos-allees\/#breadcrumb"},"inLanguage":"fr-FR","potentialAction":[{"@type":"ReadAction","target":["https:\/\/www.fbf-bff.be\/fr\/bilan-2014-positif-pour-le-reseau-daniel-moquet-signe-vos-allees\/"]}]},{"@type":"BreadcrumbList","@id":"https:\/\/www.fbf-bff.be\/fr\/bilan-2014-positif-pour-le-reseau-daniel-moquet-signe-vos-allees\/#breadcrumb","itemListElement":[{"@type":"ListItem","position":1,"name":"Home","item":"https:\/\/www.fbf-bff.be\/fr\/"},{"@type":"ListItem","position":2,"name":"Bilan 2014 positif pour le r\u00e9seau Daniel Moquet signe vos all\u00e9es"}]},{"@type":"WebSite","@id":"https:\/\/www.fbf-bff.be\/#website","url":"https:\/\/www.fbf-bff.be\/","name":"F\u00e9d\u00e9ration Belge de la Franchise","description":"Pour r\u00e9ussir ensemblee","potentialAction":[{"@type":"SearchAction","target":{"@type":"EntryPoint","urlTemplate":"https:\/\/www.fbf-bff.be\/?s={search_term_string}"},"query-input":{"@type":"PropertyValueSpecification","valueRequired":true,"valueName":"search_term_string"}}],"inLanguage":"fr-FR"},{"@type":"Person","@id":"https:\/\/www.fbf-bff.be\/#\/schema\/person\/73a9cbee87288cba2b06e3fc29244fe7","name":"fbf_admin","image":{"@type":"ImageObject","inLanguage":"fr-FR","@id":"https:\/\/www.fbf-bff.be\/#\/schema\/person\/image\/","url":"https:\/\/secure.gravatar.com\/avatar\/20f6483dbe2a69e0999ddcdd1744b7f7?s=96&d=mm&r=g","contentUrl":"https:\/\/secure.gravatar.com\/avatar\/20f6483dbe2a69e0999ddcdd1744b7f7?s=96&d=mm&r=g","caption":"fbf_admin"}}]}},"_links":{"self":[{"href":"https:\/\/www.fbf-bff.be\/fr\/wp-json\/wp\/v2\/posts\/7318"}],"collection":[{"href":"https:\/\/www.fbf-bff.be\/fr\/wp-json\/wp\/v2\/posts"}],"about":[{"href":"https:\/\/www.fbf-bff.be\/fr\/wp-json\/wp\/v2\/types\/post"}],"author":[{"embeddable":true,"href":"https:\/\/www.fbf-bff.be\/fr\/wp-json\/wp\/v2\/users\/1"}],"replies":[{"embeddable":true,"href":"https:\/\/www.fbf-bff.be\/fr\/wp-json\/wp\/v2\/comments?post=7318"}],"version-history":[{"count":0,"href":"https:\/\/www.fbf-bff.be\/fr\/wp-json\/wp\/v2\/posts\/7318\/revisions"}],"wp:attachment":[{"href":"https:\/\/www.fbf-bff.be\/fr\/wp-json\/wp\/v2\/media?parent=7318"}],"wp:term":[{"taxonomy":"category","embeddable":true,"href":"https:\/\/www.fbf-bff.be\/fr\/wp-json\/wp\/v2\/categories?post=7318"},{"taxonomy":"post_tag","embeddable":true,"href":"https:\/\/www.fbf-bff.be\/fr\/wp-json\/wp\/v2\/tags?post=7318"}],"curies":[{"name":"wp","href":"https:\/\/api.w.org\/{rel}","templated":true}]}}