{"id":7309,"date":"2014-12-29T00:00:00","date_gmt":"2014-12-28T23:00:00","guid":{"rendered":"https:\/\/www.fbf-bff.be\/retour-des-frites-dans-les-mcdonalds-japonais\/"},"modified":"2014-12-29T00:00:00","modified_gmt":"2014-12-28T23:00:00","slug":"retour-des-frites-dans-les-mcdonalds-japonais","status":"publish","type":"post","link":"https:\/\/www.fbf-bff.be\/fr\/retour-des-frites-dans-les-mcdonalds-japonais\/","title":{"rendered":"Retour des frites dans les McDonald&#8217;s japonais"},"content":{"rendered":"<div style=\"font-family: arial, sans-serif;font-size: small;line-height: normal\">Dans notre newsletter du 23 d\u00e9cembre nous vous d\u00e9crivions le probl\u00e8me face auquel McDonald&rsquo;s s&rsquo;\u00e9tait trouv\u00e9 confront\u00e9 au Japon, une p\u00e9nurie de frites dans ses 3.100 restaurants suite \u00e0 un conflit entre les dockers et les compagnies de navigation sur la c\u00f4te ouest.<br><\/div><div style=\"font-family: arial, sans-serif;font-size: small;line-height: normal\"><br><\/div><div style=\"font-family: arial, sans-serif;font-size: small;line-height: normal\">La filiale de McDonald&rsquo;s au Japon vient d&rsquo;annoncer qu&rsquo;\u00e0 partir du 5 janvier 2015, la cha\u00eene pourra \u00e0 nouveau r\u00e9pondre \u00e0 la demande de sa client\u00e8le et servir des portions de frites (moyennes et grandes). Au d\u00e9but du mois, pour faire face \u00e0 cette situation McDonald&rsquo;s avait import\u00e9 plus de 1.000 tonnes de frites congel\u00e9es par avion et plus de 1.600 tonnes par bateau depuis la c\u00f4te est des Etats-Unis pour r\u00e9pondre \u00e0 la demande.<\/div>","protected":false},"excerpt":{"rendered":"<p>Dans notre newsletter du 23 d\u00e9cembre nous vous d\u00e9crivions le probl\u00e8me face auquel McDonald&rsquo;s s&rsquo;\u00e9tait trouv\u00e9 confront\u00e9 au Japon, une p\u00e9nurie de frites dans ses 3.100 restaurants suite \u00e0 un conflit entre les dockers et les compagnies de navigation sur la c\u00f4te ouest.La filiale de McDonald&rsquo;s au Japon vient d&rsquo;annoncer &#8230;<\/p>\n","protected":false},"author":1,"featured_media":0,"comment_status":"closed","ping_status":"open","sticky":false,"template":"","format":"standard","meta":{"ngg_post_thumbnail":0,"footnotes":""},"categories":[37],"tags":[],"acf":[],"yoast_head":"<!-- This site is optimized with the Yoast SEO plugin v23.5 - https:\/\/yoast.com\/wordpress\/plugins\/seo\/ -->\n<title>Retour des frites dans les McDonald&#8217;s japonais - F\u00e9d\u00e9ration Belge de la Franchise<\/title>\n<meta name=\"robots\" content=\"index, follow, max-snippet:-1, max-image-preview:large, max-video-preview:-1\" \/>\n<link rel=\"canonical\" href=\"https:\/\/www.fbf-bff.be\/fr\/retour-des-frites-dans-les-mcdonalds-japonais\/\" \/>\n<meta property=\"og:locale\" content=\"fr_FR\" \/>\n<meta property=\"og:type\" content=\"article\" \/>\n<meta property=\"og:title\" content=\"Retour des frites dans les McDonald&#8217;s japonais - F\u00e9d\u00e9ration Belge de la Franchise\" \/>\n<meta property=\"og:description\" content=\"Dans notre newsletter du 23 d\u00e9cembre nous vous d\u00e9crivions le probl\u00e8me face auquel McDonald&rsquo;s s&rsquo;\u00e9tait trouv\u00e9 confront\u00e9 au Japon, une p\u00e9nurie de frites dans ses 3.100 restaurants suite \u00e0 un conflit entre les dockers et les compagnies de navigation sur la c\u00f4te ouest.La filiale de McDonald&rsquo;s au Japon vient d&rsquo;annoncer ...\" \/>\n<meta property=\"og:url\" content=\"https:\/\/www.fbf-bff.be\/fr\/retour-des-frites-dans-les-mcdonalds-japonais\/\" \/>\n<meta property=\"og:site_name\" content=\"F\u00e9d\u00e9ration Belge de la Franchise\" \/>\n<meta property=\"article:published_time\" content=\"2014-12-28T23:00:00+00:00\" \/>\n<meta property=\"og:image\" content=\"https:\/\/www.fbf-bff.be\/wp-content\/uploads\/2017\/06\/fbf-bff-fb-cover.jpg\" \/>\n\t<meta property=\"og:image:width\" content=\"1200\" \/>\n\t<meta property=\"og:image:height\" content=\"630\" \/>\n\t<meta property=\"og:image:type\" content=\"image\/jpeg\" \/>\n<meta name=\"author\" content=\"fbf_admin\" \/>\n<meta name=\"twitter:card\" content=\"summary_large_image\" \/>\n<meta name=\"twitter:label1\" content=\"\u00c9crit par\" \/>\n\t<meta name=\"twitter:data1\" content=\"fbf_admin\" \/>\n\t<meta name=\"twitter:label2\" content=\"Dur\u00e9e de lecture estim\u00e9e\" \/>\n\t<meta name=\"twitter:data2\" content=\"1 minute\" \/>\n<script type=\"application\/ld+json\" class=\"yoast-schema-graph\">{\"@context\":\"https:\/\/schema.org\",\"@graph\":[{\"@type\":\"WebPage\",\"@id\":\"https:\/\/www.fbf-bff.be\/fr\/retour-des-frites-dans-les-mcdonalds-japonais\/\",\"url\":\"https:\/\/www.fbf-bff.be\/fr\/retour-des-frites-dans-les-mcdonalds-japonais\/\",\"name\":\"Retour des frites dans les McDonald&#8217;s japonais - F\u00e9d\u00e9ration Belge de la Franchise\",\"isPartOf\":{\"@id\":\"https:\/\/www.fbf-bff.be\/#website\"},\"datePublished\":\"2014-12-28T23:00:00+00:00\",\"dateModified\":\"2014-12-28T23:00:00+00:00\",\"author\":{\"@id\":\"https:\/\/www.fbf-bff.be\/#\/schema\/person\/73a9cbee87288cba2b06e3fc29244fe7\"},\"breadcrumb\":{\"@id\":\"https:\/\/www.fbf-bff.be\/fr\/retour-des-frites-dans-les-mcdonalds-japonais\/#breadcrumb\"},\"inLanguage\":\"fr-FR\",\"potentialAction\":[{\"@type\":\"ReadAction\",\"target\":[\"https:\/\/www.fbf-bff.be\/fr\/retour-des-frites-dans-les-mcdonalds-japonais\/\"]}]},{\"@type\":\"BreadcrumbList\",\"@id\":\"https:\/\/www.fbf-bff.be\/fr\/retour-des-frites-dans-les-mcdonalds-japonais\/#breadcrumb\",\"itemListElement\":[{\"@type\":\"ListItem\",\"position\":1,\"name\":\"Home\",\"item\":\"https:\/\/www.fbf-bff.be\/fr\/\"},{\"@type\":\"ListItem\",\"position\":2,\"name\":\"Retour des frites dans les McDonald&#8217;s japonais\"}]},{\"@type\":\"WebSite\",\"@id\":\"https:\/\/www.fbf-bff.be\/#website\",\"url\":\"https:\/\/www.fbf-bff.be\/\",\"name\":\"F\u00e9d\u00e9ration Belge de la Franchise\",\"description\":\"Pour r\u00e9ussir ensemblee\",\"potentialAction\":[{\"@type\":\"SearchAction\",\"target\":{\"@type\":\"EntryPoint\",\"urlTemplate\":\"https:\/\/www.fbf-bff.be\/?s={search_term_string}\"},\"query-input\":{\"@type\":\"PropertyValueSpecification\",\"valueRequired\":true,\"valueName\":\"search_term_string\"}}],\"inLanguage\":\"fr-FR\"},{\"@type\":\"Person\",\"@id\":\"https:\/\/www.fbf-bff.be\/#\/schema\/person\/73a9cbee87288cba2b06e3fc29244fe7\",\"name\":\"fbf_admin\",\"image\":{\"@type\":\"ImageObject\",\"inLanguage\":\"fr-FR\",\"@id\":\"https:\/\/www.fbf-bff.be\/#\/schema\/person\/image\/\",\"url\":\"https:\/\/secure.gravatar.com\/avatar\/20f6483dbe2a69e0999ddcdd1744b7f7?s=96&d=mm&r=g\",\"contentUrl\":\"https:\/\/secure.gravatar.com\/avatar\/20f6483dbe2a69e0999ddcdd1744b7f7?s=96&d=mm&r=g\",\"caption\":\"fbf_admin\"}}]}<\/script>\n<!-- \/ Yoast SEO plugin. -->","yoast_head_json":{"title":"Retour des frites dans les McDonald&#8217;s japonais - F\u00e9d\u00e9ration Belge de la Franchise","robots":{"index":"index","follow":"follow","max-snippet":"max-snippet:-1","max-image-preview":"max-image-preview:large","max-video-preview":"max-video-preview:-1"},"canonical":"https:\/\/www.fbf-bff.be\/fr\/retour-des-frites-dans-les-mcdonalds-japonais\/","og_locale":"fr_FR","og_type":"article","og_title":"Retour des frites dans les McDonald&#8217;s japonais - F\u00e9d\u00e9ration Belge de la Franchise","og_description":"Dans notre newsletter du 23 d\u00e9cembre nous vous d\u00e9crivions le probl\u00e8me face auquel McDonald&rsquo;s s&rsquo;\u00e9tait trouv\u00e9 confront\u00e9 au Japon, une p\u00e9nurie de frites dans ses 3.100 restaurants suite \u00e0 un conflit entre les dockers et les compagnies de navigation sur la c\u00f4te ouest.La filiale de McDonald&rsquo;s au Japon vient d&rsquo;annoncer ...","og_url":"https:\/\/www.fbf-bff.be\/fr\/retour-des-frites-dans-les-mcdonalds-japonais\/","og_site_name":"F\u00e9d\u00e9ration Belge de la Franchise","article_published_time":"2014-12-28T23:00:00+00:00","og_image":[{"width":1200,"height":630,"url":"https:\/\/www.fbf-bff.be\/wp-content\/uploads\/2017\/06\/fbf-bff-fb-cover.jpg","type":"image\/jpeg"}],"author":"fbf_admin","twitter_card":"summary_large_image","twitter_misc":{"\u00c9crit par":"fbf_admin","Dur\u00e9e de lecture estim\u00e9e":"1 minute"},"schema":{"@context":"https:\/\/schema.org","@graph":[{"@type":"WebPage","@id":"https:\/\/www.fbf-bff.be\/fr\/retour-des-frites-dans-les-mcdonalds-japonais\/","url":"https:\/\/www.fbf-bff.be\/fr\/retour-des-frites-dans-les-mcdonalds-japonais\/","name":"Retour des frites dans les McDonald&#8217;s japonais - F\u00e9d\u00e9ration Belge de la Franchise","isPartOf":{"@id":"https:\/\/www.fbf-bff.be\/#website"},"datePublished":"2014-12-28T23:00:00+00:00","dateModified":"2014-12-28T23:00:00+00:00","author":{"@id":"https:\/\/www.fbf-bff.be\/#\/schema\/person\/73a9cbee87288cba2b06e3fc29244fe7"},"breadcrumb":{"@id":"https:\/\/www.fbf-bff.be\/fr\/retour-des-frites-dans-les-mcdonalds-japonais\/#breadcrumb"},"inLanguage":"fr-FR","potentialAction":[{"@type":"ReadAction","target":["https:\/\/www.fbf-bff.be\/fr\/retour-des-frites-dans-les-mcdonalds-japonais\/"]}]},{"@type":"BreadcrumbList","@id":"https:\/\/www.fbf-bff.be\/fr\/retour-des-frites-dans-les-mcdonalds-japonais\/#breadcrumb","itemListElement":[{"@type":"ListItem","position":1,"name":"Home","item":"https:\/\/www.fbf-bff.be\/fr\/"},{"@type":"ListItem","position":2,"name":"Retour des frites dans les McDonald&#8217;s japonais"}]},{"@type":"WebSite","@id":"https:\/\/www.fbf-bff.be\/#website","url":"https:\/\/www.fbf-bff.be\/","name":"F\u00e9d\u00e9ration Belge de la Franchise","description":"Pour r\u00e9ussir ensemblee","potentialAction":[{"@type":"SearchAction","target":{"@type":"EntryPoint","urlTemplate":"https:\/\/www.fbf-bff.be\/?s={search_term_string}"},"query-input":{"@type":"PropertyValueSpecification","valueRequired":true,"valueName":"search_term_string"}}],"inLanguage":"fr-FR"},{"@type":"Person","@id":"https:\/\/www.fbf-bff.be\/#\/schema\/person\/73a9cbee87288cba2b06e3fc29244fe7","name":"fbf_admin","image":{"@type":"ImageObject","inLanguage":"fr-FR","@id":"https:\/\/www.fbf-bff.be\/#\/schema\/person\/image\/","url":"https:\/\/secure.gravatar.com\/avatar\/20f6483dbe2a69e0999ddcdd1744b7f7?s=96&d=mm&r=g","contentUrl":"https:\/\/secure.gravatar.com\/avatar\/20f6483dbe2a69e0999ddcdd1744b7f7?s=96&d=mm&r=g","caption":"fbf_admin"}}]}},"_links":{"self":[{"href":"https:\/\/www.fbf-bff.be\/fr\/wp-json\/wp\/v2\/posts\/7309"}],"collection":[{"href":"https:\/\/www.fbf-bff.be\/fr\/wp-json\/wp\/v2\/posts"}],"about":[{"href":"https:\/\/www.fbf-bff.be\/fr\/wp-json\/wp\/v2\/types\/post"}],"author":[{"embeddable":true,"href":"https:\/\/www.fbf-bff.be\/fr\/wp-json\/wp\/v2\/users\/1"}],"replies":[{"embeddable":true,"href":"https:\/\/www.fbf-bff.be\/fr\/wp-json\/wp\/v2\/comments?post=7309"}],"version-history":[{"count":0,"href":"https:\/\/www.fbf-bff.be\/fr\/wp-json\/wp\/v2\/posts\/7309\/revisions"}],"wp:attachment":[{"href":"https:\/\/www.fbf-bff.be\/fr\/wp-json\/wp\/v2\/media?parent=7309"}],"wp:term":[{"taxonomy":"category","embeddable":true,"href":"https:\/\/www.fbf-bff.be\/fr\/wp-json\/wp\/v2\/categories?post=7309"},{"taxonomy":"post_tag","embeddable":true,"href":"https:\/\/www.fbf-bff.be\/fr\/wp-json\/wp\/v2\/tags?post=7309"}],"curies":[{"name":"wp","href":"https:\/\/api.w.org\/{rel}","templated":true}]}}