{"id":7244,"date":"2014-11-27T00:00:00","date_gmt":"2014-11-26T23:00:00","guid":{"rendered":"https:\/\/www.fbf-bff.be\/carrefour-rachete-17-magasins-de-la-chaine-il-centro-en-italie\/"},"modified":"2014-11-27T00:00:00","modified_gmt":"2014-11-26T23:00:00","slug":"carrefour-rachete-17-magasins-de-la-chaine-il-centro-en-italie","status":"publish","type":"post","link":"https:\/\/www.fbf-bff.be\/fr\/carrefour-rachete-17-magasins-de-la-chaine-il-centro-en-italie\/","title":{"rendered":"Carrefour rach\u00e8te 17 magasins de la cha\u00eene \u00ab Il Centro \u00bb en Italie"},"content":{"rendered":"<p style=\"font-family: Arial;line-height: 14px;margin-bottom: 20px;font-size: 1.4em\">Carrefour annonce le rachat de 16 magasins \u201cIl Centro\u201d situ\u00e9s dans les provinces de Florence et Arezzo et d\u2019un magasin de la m\u00eame enseigne situ\u00e9 dans la province de La Spezia repr\u00e9sentant une surface de vente de plus de 4000 m\u00b2.<br><br><br>Ces magasins \u00e0 l\u2019enseigne Carrefour Express, qui compte d\u00e9j\u00e0 plus de 600 points de vente en Italie, seront r\u00e9nov\u00e9s et rouvriront leurs portes d\u2019ici la fin de l\u2019ann\u00e9e.<\/p><p style=\"font-family: Arial;line-height: 14px;margin-bottom: 20px;font-size: 1.4em\"><span style=\"font-size: 14.3999996185303px\">Ce rachat, qui s\u2019inscrit dans la strat\u00e9gie multiformat de Carrefour, permettra au groupe de renforcer sa pr\u00e9sence dans le centre-nord de l\u2019Italie.<\/span><\/p>","protected":false},"excerpt":{"rendered":"<p>Carrefour annonce le rachat de 16 magasins \u201cIl Centro\u201d situ\u00e9s dans les provinces de Florence et Arezzo et d\u2019un magasin de la m\u00eame enseigne situ\u00e9 dans la province de La Spezia repr\u00e9sentant une surface de vente de plus de 4000 m\u00b2.Ces magasins \u00e0 l\u2019enseigne Carrefour Express, qui compte d\u00e9j\u00e0 plus &#8230;<\/p>\n","protected":false},"author":1,"featured_media":0,"comment_status":"closed","ping_status":"open","sticky":false,"template":"","format":"standard","meta":{"ngg_post_thumbnail":0,"footnotes":""},"categories":[37],"tags":[],"acf":[],"yoast_head":"<!-- This site is optimized with the Yoast SEO plugin v23.5 - https:\/\/yoast.com\/wordpress\/plugins\/seo\/ -->\n<title>Carrefour rach\u00e8te 17 magasins de la cha\u00eene \u00ab Il Centro \u00bb en Italie - F\u00e9d\u00e9ration Belge de la Franchise<\/title>\n<meta name=\"robots\" content=\"index, follow, max-snippet:-1, max-image-preview:large, max-video-preview:-1\" \/>\n<link rel=\"canonical\" href=\"https:\/\/www.fbf-bff.be\/fr\/carrefour-rachete-17-magasins-de-la-chaine-il-centro-en-italie\/\" \/>\n<meta property=\"og:locale\" content=\"fr_FR\" \/>\n<meta property=\"og:type\" content=\"article\" \/>\n<meta property=\"og:title\" content=\"Carrefour rach\u00e8te 17 magasins de la cha\u00eene \u00ab Il Centro \u00bb en Italie - F\u00e9d\u00e9ration Belge de la Franchise\" \/>\n<meta property=\"og:description\" content=\"Carrefour annonce le rachat de 16 magasins \u201cIl Centro\u201d situ\u00e9s dans les provinces de Florence et Arezzo et d\u2019un magasin de la m\u00eame enseigne situ\u00e9 dans la province de La Spezia repr\u00e9sentant une surface de vente de plus de 4000 m\u00b2.Ces magasins \u00e0 l\u2019enseigne Carrefour Express, qui compte d\u00e9j\u00e0 plus ...\" \/>\n<meta property=\"og:url\" content=\"https:\/\/www.fbf-bff.be\/fr\/carrefour-rachete-17-magasins-de-la-chaine-il-centro-en-italie\/\" \/>\n<meta property=\"og:site_name\" content=\"F\u00e9d\u00e9ration Belge de la Franchise\" \/>\n<meta property=\"article:published_time\" content=\"2014-11-26T23:00:00+00:00\" \/>\n<meta property=\"og:image\" content=\"https:\/\/www.fbf-bff.be\/wp-content\/uploads\/2017\/06\/fbf-bff-fb-cover.jpg\" \/>\n\t<meta property=\"og:image:width\" content=\"1200\" \/>\n\t<meta property=\"og:image:height\" content=\"630\" \/>\n\t<meta property=\"og:image:type\" content=\"image\/jpeg\" \/>\n<meta name=\"author\" content=\"fbf_admin\" \/>\n<meta name=\"twitter:card\" content=\"summary_large_image\" \/>\n<meta name=\"twitter:label1\" content=\"\u00c9crit par\" \/>\n\t<meta name=\"twitter:data1\" content=\"fbf_admin\" \/>\n\t<meta name=\"twitter:label2\" content=\"Dur\u00e9e de lecture estim\u00e9e\" \/>\n\t<meta name=\"twitter:data2\" content=\"1 minute\" \/>\n<script type=\"application\/ld+json\" class=\"yoast-schema-graph\">{\"@context\":\"https:\/\/schema.org\",\"@graph\":[{\"@type\":\"WebPage\",\"@id\":\"https:\/\/www.fbf-bff.be\/fr\/carrefour-rachete-17-magasins-de-la-chaine-il-centro-en-italie\/\",\"url\":\"https:\/\/www.fbf-bff.be\/fr\/carrefour-rachete-17-magasins-de-la-chaine-il-centro-en-italie\/\",\"name\":\"Carrefour rach\u00e8te 17 magasins de la cha\u00eene \u00ab Il Centro \u00bb en Italie - F\u00e9d\u00e9ration Belge de la Franchise\",\"isPartOf\":{\"@id\":\"https:\/\/www.fbf-bff.be\/#website\"},\"datePublished\":\"2014-11-26T23:00:00+00:00\",\"dateModified\":\"2014-11-26T23:00:00+00:00\",\"author\":{\"@id\":\"https:\/\/www.fbf-bff.be\/#\/schema\/person\/73a9cbee87288cba2b06e3fc29244fe7\"},\"breadcrumb\":{\"@id\":\"https:\/\/www.fbf-bff.be\/fr\/carrefour-rachete-17-magasins-de-la-chaine-il-centro-en-italie\/#breadcrumb\"},\"inLanguage\":\"fr-FR\",\"potentialAction\":[{\"@type\":\"ReadAction\",\"target\":[\"https:\/\/www.fbf-bff.be\/fr\/carrefour-rachete-17-magasins-de-la-chaine-il-centro-en-italie\/\"]}]},{\"@type\":\"BreadcrumbList\",\"@id\":\"https:\/\/www.fbf-bff.be\/fr\/carrefour-rachete-17-magasins-de-la-chaine-il-centro-en-italie\/#breadcrumb\",\"itemListElement\":[{\"@type\":\"ListItem\",\"position\":1,\"name\":\"Home\",\"item\":\"https:\/\/www.fbf-bff.be\/fr\/\"},{\"@type\":\"ListItem\",\"position\":2,\"name\":\"Carrefour rach\u00e8te 17 magasins de la cha\u00eene \u00ab Il Centro \u00bb en Italie\"}]},{\"@type\":\"WebSite\",\"@id\":\"https:\/\/www.fbf-bff.be\/#website\",\"url\":\"https:\/\/www.fbf-bff.be\/\",\"name\":\"F\u00e9d\u00e9ration Belge de la Franchise\",\"description\":\"Pour r\u00e9ussir ensemblee\",\"potentialAction\":[{\"@type\":\"SearchAction\",\"target\":{\"@type\":\"EntryPoint\",\"urlTemplate\":\"https:\/\/www.fbf-bff.be\/?s={search_term_string}\"},\"query-input\":{\"@type\":\"PropertyValueSpecification\",\"valueRequired\":true,\"valueName\":\"search_term_string\"}}],\"inLanguage\":\"fr-FR\"},{\"@type\":\"Person\",\"@id\":\"https:\/\/www.fbf-bff.be\/#\/schema\/person\/73a9cbee87288cba2b06e3fc29244fe7\",\"name\":\"fbf_admin\",\"image\":{\"@type\":\"ImageObject\",\"inLanguage\":\"fr-FR\",\"@id\":\"https:\/\/www.fbf-bff.be\/#\/schema\/person\/image\/\",\"url\":\"https:\/\/secure.gravatar.com\/avatar\/20f6483dbe2a69e0999ddcdd1744b7f7?s=96&d=mm&r=g\",\"contentUrl\":\"https:\/\/secure.gravatar.com\/avatar\/20f6483dbe2a69e0999ddcdd1744b7f7?s=96&d=mm&r=g\",\"caption\":\"fbf_admin\"}}]}<\/script>\n<!-- \/ Yoast SEO plugin. -->","yoast_head_json":{"title":"Carrefour rach\u00e8te 17 magasins de la cha\u00eene \u00ab Il Centro \u00bb en Italie - F\u00e9d\u00e9ration Belge de la Franchise","robots":{"index":"index","follow":"follow","max-snippet":"max-snippet:-1","max-image-preview":"max-image-preview:large","max-video-preview":"max-video-preview:-1"},"canonical":"https:\/\/www.fbf-bff.be\/fr\/carrefour-rachete-17-magasins-de-la-chaine-il-centro-en-italie\/","og_locale":"fr_FR","og_type":"article","og_title":"Carrefour rach\u00e8te 17 magasins de la cha\u00eene \u00ab Il Centro \u00bb en Italie - F\u00e9d\u00e9ration Belge de la Franchise","og_description":"Carrefour annonce le rachat de 16 magasins \u201cIl Centro\u201d situ\u00e9s dans les provinces de Florence et Arezzo et d\u2019un magasin de la m\u00eame enseigne situ\u00e9 dans la province de La Spezia repr\u00e9sentant une surface de vente de plus de 4000 m\u00b2.Ces magasins \u00e0 l\u2019enseigne Carrefour Express, qui compte d\u00e9j\u00e0 plus ...","og_url":"https:\/\/www.fbf-bff.be\/fr\/carrefour-rachete-17-magasins-de-la-chaine-il-centro-en-italie\/","og_site_name":"F\u00e9d\u00e9ration Belge de la Franchise","article_published_time":"2014-11-26T23:00:00+00:00","og_image":[{"width":1200,"height":630,"url":"https:\/\/www.fbf-bff.be\/wp-content\/uploads\/2017\/06\/fbf-bff-fb-cover.jpg","type":"image\/jpeg"}],"author":"fbf_admin","twitter_card":"summary_large_image","twitter_misc":{"\u00c9crit par":"fbf_admin","Dur\u00e9e de lecture estim\u00e9e":"1 minute"},"schema":{"@context":"https:\/\/schema.org","@graph":[{"@type":"WebPage","@id":"https:\/\/www.fbf-bff.be\/fr\/carrefour-rachete-17-magasins-de-la-chaine-il-centro-en-italie\/","url":"https:\/\/www.fbf-bff.be\/fr\/carrefour-rachete-17-magasins-de-la-chaine-il-centro-en-italie\/","name":"Carrefour rach\u00e8te 17 magasins de la cha\u00eene \u00ab Il Centro \u00bb en Italie - F\u00e9d\u00e9ration Belge de la Franchise","isPartOf":{"@id":"https:\/\/www.fbf-bff.be\/#website"},"datePublished":"2014-11-26T23:00:00+00:00","dateModified":"2014-11-26T23:00:00+00:00","author":{"@id":"https:\/\/www.fbf-bff.be\/#\/schema\/person\/73a9cbee87288cba2b06e3fc29244fe7"},"breadcrumb":{"@id":"https:\/\/www.fbf-bff.be\/fr\/carrefour-rachete-17-magasins-de-la-chaine-il-centro-en-italie\/#breadcrumb"},"inLanguage":"fr-FR","potentialAction":[{"@type":"ReadAction","target":["https:\/\/www.fbf-bff.be\/fr\/carrefour-rachete-17-magasins-de-la-chaine-il-centro-en-italie\/"]}]},{"@type":"BreadcrumbList","@id":"https:\/\/www.fbf-bff.be\/fr\/carrefour-rachete-17-magasins-de-la-chaine-il-centro-en-italie\/#breadcrumb","itemListElement":[{"@type":"ListItem","position":1,"name":"Home","item":"https:\/\/www.fbf-bff.be\/fr\/"},{"@type":"ListItem","position":2,"name":"Carrefour rach\u00e8te 17 magasins de la cha\u00eene \u00ab Il Centro \u00bb en Italie"}]},{"@type":"WebSite","@id":"https:\/\/www.fbf-bff.be\/#website","url":"https:\/\/www.fbf-bff.be\/","name":"F\u00e9d\u00e9ration Belge de la Franchise","description":"Pour r\u00e9ussir ensemblee","potentialAction":[{"@type":"SearchAction","target":{"@type":"EntryPoint","urlTemplate":"https:\/\/www.fbf-bff.be\/?s={search_term_string}"},"query-input":{"@type":"PropertyValueSpecification","valueRequired":true,"valueName":"search_term_string"}}],"inLanguage":"fr-FR"},{"@type":"Person","@id":"https:\/\/www.fbf-bff.be\/#\/schema\/person\/73a9cbee87288cba2b06e3fc29244fe7","name":"fbf_admin","image":{"@type":"ImageObject","inLanguage":"fr-FR","@id":"https:\/\/www.fbf-bff.be\/#\/schema\/person\/image\/","url":"https:\/\/secure.gravatar.com\/avatar\/20f6483dbe2a69e0999ddcdd1744b7f7?s=96&d=mm&r=g","contentUrl":"https:\/\/secure.gravatar.com\/avatar\/20f6483dbe2a69e0999ddcdd1744b7f7?s=96&d=mm&r=g","caption":"fbf_admin"}}]}},"_links":{"self":[{"href":"https:\/\/www.fbf-bff.be\/fr\/wp-json\/wp\/v2\/posts\/7244"}],"collection":[{"href":"https:\/\/www.fbf-bff.be\/fr\/wp-json\/wp\/v2\/posts"}],"about":[{"href":"https:\/\/www.fbf-bff.be\/fr\/wp-json\/wp\/v2\/types\/post"}],"author":[{"embeddable":true,"href":"https:\/\/www.fbf-bff.be\/fr\/wp-json\/wp\/v2\/users\/1"}],"replies":[{"embeddable":true,"href":"https:\/\/www.fbf-bff.be\/fr\/wp-json\/wp\/v2\/comments?post=7244"}],"version-history":[{"count":0,"href":"https:\/\/www.fbf-bff.be\/fr\/wp-json\/wp\/v2\/posts\/7244\/revisions"}],"wp:attachment":[{"href":"https:\/\/www.fbf-bff.be\/fr\/wp-json\/wp\/v2\/media?parent=7244"}],"wp:term":[{"taxonomy":"category","embeddable":true,"href":"https:\/\/www.fbf-bff.be\/fr\/wp-json\/wp\/v2\/categories?post=7244"},{"taxonomy":"post_tag","embeddable":true,"href":"https:\/\/www.fbf-bff.be\/fr\/wp-json\/wp\/v2\/tags?post=7244"}],"curies":[{"name":"wp","href":"https:\/\/api.w.org\/{rel}","templated":true}]}}